{"id":5611,"date":"2022-11-11T09:42:36","date_gmt":"2022-11-11T12:42:36","guid":{"rendered":"https:\/\/www.reportedeprensa.utalca.cl\/?p=5611"},"modified":"2022-11-11T09:53:22","modified_gmt":"2022-11-11T12:53:22","slug":"11-de-noviembre-de-2022","status":"publish","type":"post","link":"https:\/\/www.reportedeprensa.utalca.cl\/?p=5611","title":{"rendered":"11 de noviembre de 2022"},"content":{"rendered":"\t\t<div data-elementor-type=\"wp-post\" data-elementor-id=\"5611\" class=\"elementor elementor-5611\" data-elementor-settings=\"[]\">\n\t\t\t\t\t\t\t<div class=\"elementor-section-wrap\">\n\t\t\t\t\t\t\t<section class=\"elementor-section elementor-top-section elementor-element elementor-element-2a4b4b83 elementor-section-boxed elementor-section-height-default elementor-section-height-default\" data-id=\"2a4b4b83\" data-element_type=\"section\">\n\t\t\t\t\t\t<div class=\"elementor-container elementor-column-gap-default\">\n\t\t\t\t\t<div class=\"elementor-column elementor-col-100 elementor-top-column elementor-element elementor-element-24a78540\" data-id=\"24a78540\" data-element_type=\"column\">\n\t\t\t<div class=\"elementor-widget-wrap elementor-element-populated\">\n\t\t\t\t\t\t\t\t<div class=\"elementor-element elementor-element-55b07e54 elementor-widget elementor-widget-text-editor\" data-id=\"55b07e54\" data-element_type=\"widget\" data-widget_type=\"text-editor.default\">\n\t\t\t\t<div class=\"elementor-widget-container\">\n\t\t\t\t\t\t\t\t<p><strong>EL MERCURIO<\/strong><\/p><p><a href=\"https:\/\/www.litoralpress.cl\/paginaconsultas\/Servicios_NClipSitio\/Get_Imagen_Nota.aspx?LPKey=H5R7SG5XOOSSCN273Q2TRZM24PGPE66BYUVBL7SML6BIK2PL77SFLYQAGBR6TEV5QR4LC2ZNYQBTU\">Pr\u00f3ximo fiscal nacional. Carta al director firmada por Carlos Torres, rector de la UTalca; Isabel Hern\u00e1ndez, secretaria General; Rodrigo Palomo, decano de la Facultad de Ciencias Jur\u00eddicas y Sociales; y los acad\u00e9micos de dicha Facultad Soledad Jofr\u00e9; Fabiola Vergara; Diego Palomo; Domingo Hern\u00e1ndez; Rodrigo Biel; y Christian Su\u00e1rez.<\/a><\/p><p>\u00a0<\/p><p><strong>ELMOSTRADOR.CL<\/strong><\/p><p><a href=\"https:\/\/m.elmostrador.cl\/destacado\/2022\/11\/10\/academicos-de-facultades-de-derecho-cuestionan-falta-de-transparencia-en-seleccion-de-fiscal-nacional-esta-resultando-mas-opaco-de-lo-deseable\/\">Acad\u00e9micos de Derecho cuestionan &#8220;falta de transparencia&#8221; en selecci\u00f3n de Fiscal Nacional: &#8220;Est\u00e1 resultando m\u00e1s opaco de lo deseable&#8221;. Carta al editor firmada por Christian Su\u00e1rez; Diego Palomo, Francisco Maldonado;<\/a><\/p><p>\u00a0<\/p><p><strong>UESTATALES.CL<\/strong><\/p><p><a href=\"http:\/\/uestatales.cl\/cue\/?q=node\/9697\">Admisi\u00f3n Especial: UTalca entrega oportunidades a alumnos con destacado compromiso social. Se refieren Carlos Contreras, coordinador de la Unidad de Admisi\u00f3n y Mat\u00edas D\u00edaz, estudiante de Kinesiolog\u00eda.<\/a><\/p><p>\u00a0<\/p><p><strong>EL LECTOR<\/strong><\/p><p><a href=\"https:\/\/www.litoralpress.cl\/paginaconsultas\/Servicios_NClipSitio\/Get_Imagen_Nota.aspx?LPKey=E6MZIII4UWCT4WTM3HMARUKGUUNIPGWMLYEYK2WCV2HG45HZWMUSTAOCUVGACRHNMS7LBBTUETFDC\">Admisi\u00f3n Especial: UTalca entrega oportunidades a alumnos con destacado compromiso social. Se refieren Carlos Contreras, coordinador de la Unidad de Admisi\u00f3n y Mat\u00edas D\u00edaz, estudiante de Kinesiolog\u00eda.<\/a><\/p><p>\u00a0<\/p><p><strong>EL HERALDO<\/strong><\/p><p><a href=\"https:\/\/www.litoralpress.cl\/paginaconsultas\/Servicios_NClipSitio\/Get_Imagen_Nota.aspx?LPKey=6SFTCMBG5Q5E4NVJIPCK5Q4XESYOLREICVXPZCVIJUIGDAFJWNTVPV3ZZ2INX37MTBUVBZNB5LPJC\">A partir de 2039: Gobierno prev\u00e9 altas temperaturas sostenidas en m\u00e1s de 100 comunas. Se refiere Patricio Gonz\u00e1lez, acad\u00e9mico del Centro de Investigaci\u00f3n y Transferencia en Riego y Agroclimatolog\u00eda (CITRA).<\/a><\/p><p>\u00a0<\/p><p><strong>CANAL CNN CHILE<\/strong><\/p><p><a href=\"https:\/\/www.litoralpress.cl\/sitio\/RadioTV_Detalles.cshtml?LPKey=H5OMCEEXZHSGXOPE2ZMZNSWHAXKJAC6HSUVA3LRUETE6DGRBEEPQ5M56F4RPKXYKBU3L3R2LNW4SS\">Se estima un descenso en la inversi\u00f3n para la construcci\u00f3n en 2023. Se menciona estudio de la UTalca.<\/a><\/p><p>\u00a0<\/p><p><strong>CANAL TVN RED MAULE<\/strong><\/p><p><a href=\"https:\/\/www.litoralpress.cl\/sitio\/RadioTV_Detalles.cshtml?LPKey=R4LFKPOKO2SWCGNNKR4GXKFMNA3XLJH2KZLJYVMAFFMNVCMONTNQQCSB5IUEUCJH6N6MIOVEOGWWK\">Tras aumento de ingresos piden evitar deudas y ahorrar. Se refiere Jorge Navarrete, director del Mag\u00edster en Pol\u00edticas P\u00fablicas.<\/a><\/p><p>\u00a0<\/p><p><strong>ELMAULEINFORMA.CL<\/strong><\/p><p><a href=\"https:\/\/elmauleinforma.cl\/banco-central-presento-resultados-de-encuesta-financiera-de-hogares-en-jornada-organizada-por-utalca-y-junta-de-adelanto-del-maule\/\">Banco Central present\u00f3 resultados de Encuesta Financiera de Hogares en jornada organizada por UTalca y Junta de Adelanto del Maule. Se refiere Jorge Navarrete, director del Mag\u00edster en Pol\u00edticas P\u00fablicas.<\/a><\/p><p>\u00a0<\/p><p><strong>RADIO INFINITA<\/strong><\/p><p><a href=\"https:\/\/www.litoralpress.cl\/sitio\/RadioTV_Detalles.cshtml?LPKey=7OPGV6OSSEVUKUGENP7L5QIKTG6IZCP66ZBWLEXE4G5BV54WVNGUCDPXUU53KGTVX4L5P4QZQYB66\">Comentario de Mauricio Morales, director del Centro de An\u00e1lisis Pol\u00edtico (CAP).<\/a><\/p><p>\u00a0<\/p><p><strong>CANAL TVN RED MAULE<\/strong><\/p><p><a href=\"https:\/\/www.litoralpress.cl\/sitio\/RadioTV_Detalles.cshtml?LPKey=2ZBDVFGXZS6IC7RO7MAX2GAXIZUKAH7XSQPHL6VOAKOYZCN427WY2RRCHELBUKAGCS5B5KNKCKKXI\">Encuentro vuelve la presencialidad el 17 de noviembre. -Agrotech Maule 2022. Se refiere Paula Gajardo, gerenta de ThinkAgro UTalca.<\/a><\/p><p>\u00a0<\/p><p><strong>CANAL CONTIVISI\u00d3N<\/strong><\/p><p><a href=\"https:\/\/www.litoralpress.cl\/sitio\/RadioTV_Detalles.cshtml?LPKey=G4MZMTAONLTHZBHPOS3N5M65OVZHSBMY4ZZ375O6U3N2Q4UQDPGDQNHUO352HPABRCVSIRBJMVR54\">Curic\u00f3: Se llevar\u00e1 a cabo la Agrotech 2022. Se refiere Paula Gajardo, gerenta de ThinkAgro UTalca.<\/a><\/p><p>\u00a0<\/p>\t\t\t\t\t\t<\/div>\n\t\t\t\t<\/div>\n\t\t\t\t\t<\/div>\n\t\t<\/div>\n\t\t\t\t\t\t\t<\/div>\n\t\t<\/section>\n\t\t\t\t\t\t<\/div>\n\t\t\t\t\t<\/div>\n\t\t","protected":false},"excerpt":{"rendered":"<p>EL MERCURIO Pr\u00f3ximo fiscal nacional. Carta al director firmada por Carlos Torres, rector de la UTalca; Isabel Hern\u00e1ndez, secretaria General; Rodrigo Palomo, decano de la Facultad de Ciencias Jur\u00eddicas y Sociales; y los acad\u00e9micos de dicha Facultad Soledad Jofr\u00e9; Fabiola Vergara; Diego Palomo; Domingo Hern\u00e1ndez; Rodrigo Biel; y Christian Su\u00e1rez. \u00a0 ELMOSTRADOR.CL Acad\u00e9micos de Derecho &hellip;<\/p>\n<p class=\"read-more\"> <a class=\"\" href=\"https:\/\/www.reportedeprensa.utalca.cl\/?p=5611\"> <span class=\"screen-reader-text\">11 de noviembre de 2022<\/span> Read More &raquo;<\/a><\/p>\n","protected":false},"author":1,"featured_media":0,"comment_status":"closed","ping_status":"open","sticky":false,"template":"","format":"standard","meta":{"_monsterinsights_skip_tracking":false,"_monsterinsights_sitenote_active":false,"_monsterinsights_sitenote_note":"","_monsterinsights_sitenote_category":0},"categories":[27],"tags":[],"_links":{"self":[{"href":"https:\/\/www.reportedeprensa.utalca.cl\/index.php?rest_route=\/wp\/v2\/posts\/5611"}],"collection":[{"href":"https:\/\/www.reportedeprensa.utalca.cl\/index.php?rest_route=\/wp\/v2\/posts"}],"about":[{"href":"https:\/\/www.reportedeprensa.utalca.cl\/index.php?rest_route=\/wp\/v2\/types\/post"}],"author":[{"embeddable":true,"href":"https:\/\/www.reportedeprensa.utalca.cl\/index.php?rest_route=\/wp\/v2\/users\/1"}],"replies":[{"embeddable":true,"href":"https:\/\/www.reportedeprensa.utalca.cl\/index.php?rest_route=%2Fwp%2Fv2%2Fcomments&post=5611"}],"version-history":[{"count":7,"href":"https:\/\/www.reportedeprensa.utalca.cl\/index.php?rest_route=\/wp\/v2\/posts\/5611\/revisions"}],"predecessor-version":[{"id":5628,"href":"https:\/\/www.reportedeprensa.utalca.cl\/index.php?rest_route=\/wp\/v2\/posts\/5611\/revisions\/5628"}],"wp:attachment":[{"href":"https:\/\/www.reportedeprensa.utalca.cl\/index.php?rest_route=%2Fwp%2Fv2%2Fmedia&parent=5611"}],"wp:term":[{"taxonomy":"category","embeddable":true,"href":"https:\/\/www.reportedeprensa.utalca.cl\/index.php?rest_route=%2Fwp%2Fv2%2Fcategories&post=5611"},{"taxonomy":"post_tag","embeddable":true,"href":"https:\/\/www.reportedeprensa.utalca.cl\/index.php?rest_route=%2Fwp%2Fv2%2Ftags&post=5611"}],"curies":[{"name":"wp","href":"https:\/\/api.w.org\/{rel}","templated":true}]}}