{"id":5629,"date":"2022-11-14T09:01:33","date_gmt":"2022-11-14T12:01:33","guid":{"rendered":"https:\/\/www.reportedeprensa.utalca.cl\/?p=5629"},"modified":"2022-11-14T10:00:31","modified_gmt":"2022-11-14T13:00:31","slug":"14-de-noviembre-de-2022","status":"publish","type":"post","link":"https:\/\/www.reportedeprensa.utalca.cl\/?p=5629","title":{"rendered":"14 de noviembre de 2022"},"content":{"rendered":"\t\t<div data-elementor-type=\"wp-post\" data-elementor-id=\"5629\" class=\"elementor elementor-5629\" data-elementor-settings=\"[]\">\n\t\t\t\t\t\t\t<div class=\"elementor-section-wrap\">\n\t\t\t\t\t\t\t<section class=\"elementor-section elementor-top-section elementor-element elementor-element-2a4b4b83 elementor-section-boxed elementor-section-height-default elementor-section-height-default\" data-id=\"2a4b4b83\" data-element_type=\"section\">\n\t\t\t\t\t\t<div class=\"elementor-container elementor-column-gap-default\">\n\t\t\t\t\t<div class=\"elementor-column elementor-col-100 elementor-top-column elementor-element elementor-element-24a78540\" data-id=\"24a78540\" data-element_type=\"column\">\n\t\t\t<div class=\"elementor-widget-wrap elementor-element-populated\">\n\t\t\t\t\t\t\t\t<div class=\"elementor-element elementor-element-55b07e54 elementor-widget elementor-widget-text-editor\" data-id=\"55b07e54\" data-element_type=\"widget\" data-widget_type=\"text-editor.default\">\n\t\t\t\t<div class=\"elementor-widget-container\">\n\t\t\t\t\t\t\t\t<p><strong>EL LECTOR<\/strong><\/p><p><a href=\"https:\/\/www.litoralpress.cl\/paginaconsultas\/Servicios_NClipSitio\/Get_Imagen_Nota.aspx?LPKey=Z63JK3PILU5DRFLO2BXHU5K7NUFF6O2ZZTREDEC664G7K6D76JGCXEANIJLI7NMKDWMXMXAD4SRUM\">UTalca crea nueva oferta de becas y apoyos a estudiantes. Se refiere Paula Caballero, vicerrectora de Desarrollo Estudiantil.<\/a><\/p><p>\u00a0<\/p><p><strong>ELMAULEINFORMA.CL<\/strong><\/p><p><a href=\"https:\/\/elmauleinforma.cl\/utalca-crea-nueva-oferta-de-becas-y-apoyos-a-estudiantes\/\">UTalca crea nueva oferta de becas y apoyos a estudiantes. Se refiere Paula Caballero, vicerrectora de Desarrollo Estudiantil.<\/a><\/p><p>\u00a0<\/p><p><strong>ATENTOSCHILE.CL<\/strong><\/p><p><a href=\"https:\/\/www.litoralpress.cl\/sitio\/RadioTV_Detalles.cshtml?LPKey=WRJEOV3VZ2PMQE7KGGRYKB5245G4V4EH3VYBWSWBIGF7WN4D345AZKB7K3PDUX3UNCO6LYN5LCFK6\">Universidad de Talca cre\u00f3 una nueva oferta de becas y apoyos a estudiantes. Se refiere Paula Caballero, vicerrectora de Desarrollo Estudiantil.<\/a><\/p><p>\u00a0<\/p><p><strong>LA PRENSA<\/strong><\/p><p><a href=\"https:\/\/www.litoralpress.cl\/paginaconsultas\/Servicios_NClipSitio\/Get_Imagen_Nota.aspx?LPKey=LU6CUHTB2WKT3IXJQESR6N2EPTDCOKAUPJM5PNUXTSCYPTDWCK6YJZAEQUHXS6F4J3IRKGZ3KWQG6\">Rector de la UTalca valor\u00f3 la labor period\u00edstica de La Prensa.<\/a><\/p><p>\u00a0<\/p><p><strong>LA ESTRELLA DE ANTOFAGASTA<\/strong><\/p><p><a href=\"https:\/\/www.litoralpress.cl\/paginaconsultas\/Servicios_NClipSitio\/Get_Imagen_Nota.aspx?LPKey=XJV6MGPF3GQUJRSXV2XPC5B4PQTFIOVMS5DMJ6XEZIQ6XB65VYYHWXDKGWSQIBYHFVCVUFOIGOEGS\">Hicieron jornadas de apoyo a la docencia en la UCN. Se menciona charla magistral del rector de la UTalca, Carlos Torres.<\/a><\/p><p>\u00a0<\/p><p><strong>ELDIARIOSANTIAGO.CL<\/strong><\/p><p><a href=\"https:\/\/eldiariosantiago.cl\/2022\/11\/13\/utalca-graduo-a-47-nuevos-doctores-que-contribuiran-al-desarrollo-del-pais\/\">UTalca gradu\u00f3 a 47 nuevos doctores que contribuir\u00e1n al desarrollo del pa\u00eds.<\/a><\/p><p>\u00a0<\/p><p><strong>PUBLIMICRO.CL<\/strong><\/p><p><a href=\"https:\/\/publimicro.cl\/universidad-de-talca-graduo-a-47-nuevos-doctores-de-distintas-disciplinas-que-contribuiran-al-desarrollo-del-maule-y-del-pais\/\">Universidad de Talca gradu\u00f3 a 47 nuevos doctores, de distintas disciplinas, que contribuir\u00e1n al desarrollo del Maule y del pa\u00eds.<\/a><\/p><p>\u00a0<\/p><p><strong>RADIO GUAYAC\u00c1N<\/strong><\/p><p><a href=\"https:\/\/www.litoralpress.cl\/sitio\/RadioTV_Detalles.cshtml?LPKey=UVK62ABRCDU6USJBSWA7C2LZTGQZADC6USIJJGPIBAQT2PI6PSMO6ARN6QBNPR22K3ERVZE57HWKY\">Entrevista a Sandra Chamorro, directora de Bienestar Estudiantil.<\/a><\/p><p>\u00a0<\/p><p><strong>RADIO VLN<\/strong><\/p><p><a href=\"https:\/\/www.litoralpress.cl\/sitio\/RadioTV_Detalles.cshtml?LPKey=BE6JDNUC24OZN4VCWQYRWXABU2NVIYLG6O3PENUSIIRHSIJQYGZCBHCAQHEV3BUXRC5GBH7DMQQUY\">Entrevista a Ruth Garrido, directora de la Escuela de Ingenier\u00eda Civil en Computaci\u00f3n.<\/a><\/p><p>\u00a0<\/p><p><strong>LA TERCERA \u2013 PORTADA PULSO<\/strong><\/p><p><a href=\"https:\/\/www.litoralpress.cl\/paginaconsultas\/Servicios_NClipSitio\/Get_Imagen_Nota.aspx?LPKey=LNSJJ47GQVILHDMWEFMIILM6ZNYSQTDLTNGDBJRSG3SYNP6BVUVAKTCIPGNUEZVFUC4SLY3XU72MW\">Estudio: Principal barrera para regularizaci\u00f3n de inmigrantes en Chile es demora en tr\u00e1mites. Se menciona al Centro Nacional de Estudios Migratorios (CENEM).<\/a><\/p><p>\u00a0<\/p><p><strong>LA TERCERA<\/strong><\/p><p><a href=\"https:\/\/www.litoralpress.cl\/sitio\/Prensa_PaginaCompleta.cshtml?LPKey=6IPOF7L7EVI6B4LEFPPPZ2TZHKPWZ7QK7UUJYCGIQK2N7DYFXD2Q\">Inmigrantes: Estudio revela que la principal barrera que tienen los extranjeros para regularizarse es la demora en los tr\u00e1mites. Se refiere Medardo Aguirre, director del Centro Nacional de Estudios Migrantes (CENEM).<\/a><\/p><p>\u00a0<\/p><p><strong>LATERCERA.COM<\/strong><\/p><p><a href=\"https:\/\/www.latercera.com\/pulso\/noticia\/inmigrantes-estudio-revela-que-la-principal-barrera-que-tienen-los-extranjeros-para-regularizarse-es-la-demora-en-los-tramites\/HIZJWGY4MRCHPNG3XAW47IZZXU\/\">Inmigrantes: Estudio revela que la principal barrera que tienen los extranjeros para regularizarse es la demora en los tr\u00e1mites. Se refiere Medardo Aguirre, director del Centro Nacional de Estudios Migrantes (CENEM).<\/a><\/p><p>\u00a0<\/p><p><strong>RADIO ADN<\/strong><\/p><p><a href=\"https:\/\/www.litoralpress.cl\/sitio\/RadioTV_Detalles.cshtml?LPKey=AUDMUTI6TPKDGNUYTNMMM57O6ZZS4NBL3KG7MQNT77MS7L4LB4YW2J7STXVEM3Y27RUTCLJNUQPYU\">Preocupa impacto de la pandemia en aprendizajes previo a la PAES. Se refiere Tania Mascar\u00f3, coordinadora de la Unidad de Vinculaci\u00f3n con el Sistema Escolar.<\/a><\/p><p>\u00a0<\/p><p><strong>EL LECTOR<\/strong><\/p><p><a href=\"https:\/\/www.litoralpress.cl\/paginaconsultas\/Servicios_NClipSitio\/Get_Imagen_Nota.aspx?LPKey=G6WYLE6P5O4MNCSGD2M777H3SN5MUV7CATCGHGNAFVK2BB6KO7CQTY2NRMLAXCGC62M72CKMT2RYM\">Explican los cambios que trae la nueva Prueba de Acceso a la Educaci\u00f3n Superior. Se refiere Tania Mascar\u00f3, coordinadora de la Unidad de Vinculaci\u00f3n con el Sistema Escolar.<\/a><\/p><p>\u00a0<\/p><p><strong>G5NOTICIAS.CL<\/strong><\/p><p><a href=\"https:\/\/g5noticias.cl\/2022\/11\/12\/explican-los-cambios-que-trae-la-nueva-prueba-de-acceso-a-la-educacion-superior\/\">Explican los cambios que trae la nueva Prueba de Acceso a la Educaci\u00f3n Superior. Se refiere Tania Mascar\u00f3, coordinadora de la Unidad de Vinculaci\u00f3n con el Sistema Escolar.<\/a><\/p><p>\u00a0<\/p><p><strong>PUBLIMICRO.CL<\/strong><\/p><p><a href=\"https:\/\/publimicro.cl\/experta-de-la-universidad-de-talca-explica-cambios-que-trae-la-nueva-prueba-de-acceso-a-la-educacion-superior\/\">Experta de la Universidad de Talca explica cambios que trae la nueva Prueba de Acceso a la Educaci\u00f3n Superior. Se refiere Tania Mascar\u00f3, coordinadora de la Unidad de Vinculaci\u00f3n con el Sistema Escolar.<\/a><\/p><p>\u00a0<\/p><p><strong>RADIOPOLAR.COM<\/strong><\/p><p><a href=\"https:\/\/radiopolar.com\/noticia_181109.html\">Explican los cambios que trae la nueva Prueba de Acceso a la Educaci\u00f3n Superior. Se refiere Tania Mascar\u00f3, coordinadora de la Unidad de Vinculaci\u00f3n con el Sistema Escolar.<\/a><\/p><p>\u00a0<\/p><p><strong>CANAL TVN<\/strong><\/p><p><a href=\"https:\/\/www.litoralpress.cl\/sitio\/RadioTV_Detalles.cshtml?LPKey=UKCFF7AEQD4L6YN3BBNALNS2SUWOFXVPRPSJNKRBMFDZBYZWEGP4IOO3XBGKOJF4OTKC7E2K6ICXO\">De la lluvia y granizos a m\u00e1ximas sobre 30 grados. Se refiere Patricio Gonz\u00e1lez, acad\u00e9mico del Centro de Investigaci\u00f3n y Transferencia en Riego y Agroclimatolog\u00eda (CITRA).<\/a><\/p><p>\u00a0<\/p><p><strong>CANAL 24 HORAS<\/strong><\/p><p><a href=\"https:\/\/www.litoralpress.cl\/sitio\/RadioTV_Detalles.cshtml?LPKey=L6S25YGDL2Y2SGEK2MLKJQPXUB273HEYXTH2COL45H324R4EEAH5QMNTZJDFRRIA2WTVJTTHAZUQI\">De la lluvia y granizos a m\u00e1ximas sobre 30 grados. Se refiere Patricio Gonz\u00e1lez, acad\u00e9mico del Centro de Investigaci\u00f3n y Transferencia en Riego y Agroclimatolog\u00eda (CITRA).<\/a><\/p><p>\u00a0<\/p><p><strong>CANAL CNN CHILE<\/strong><\/p><p><a href=\"https:\/\/www.litoralpress.cl\/sitio\/RadioTV_Detalles.cshtml?LPKey=H5OMCEEXZHSGXOPE2ZMZNSWHAXKJAC6HSUVA3LRUETE6DGRBEEPQ5M56F4RPKXYKBU3L3R2LNW4SS\">Se estima un descenso en la inversi\u00f3n para la construcci\u00f3n en 2023. Se menciona estudio de la UTalca.<\/a><\/p><p>\u00a0<\/p><p><strong>CANAL TVN RED MAULE<\/strong><\/p><p><a href=\"https:\/\/www.litoralpress.cl\/sitio\/RadioTV_Detalles.cshtml?LPKey=WIV6V2HADNGAJ7HRL2NO3UA5PDTFPI3OH54I3XZTHNID73V7KLNK6WBIHESAVVITPURRTHS4YFCNQ\">U. de Talca lanza el primer queso vegetal en base a trigo. Se refieren Sof\u00eda Pinochet, egresada de la Universidad y \u00c1ngela S\u00e1nchez, directora de la Escuela de Nutrici\u00f3n y Diet\u00e9tica.<\/a><\/p><p>\u00a0<\/p><p><strong>LA PRENSA<\/strong><\/p><p><a href=\"https:\/\/www.litoralpress.cl\/paginaconsultas\/Servicios_NClipSitio\/Get_Imagen_Nota.aspx?LPKey=MJPMVMKIHODJHC7Q2YJORJN2TIQYUC33RH2FTEJJ3W2CNPVMLMTCRCUAMVVWXKOI22JV4WR4R3JFU\">Bonos entregados en pandemia ayudaron a ahorrar y pagar deudas en hogares maulinos. Se refiere Jorge Navarrete, director del Mag\u00edster en Pol\u00edticas P\u00fablicas.<\/a><\/p><p>\u00a0<\/p><p><strong>RADIO AMIGA<\/strong><\/p><p><a href=\"https:\/\/www.litoralpress.cl\/sitio\/RadioTV_Detalles.cshtml?LPKey=BYP3JUCQ65KYWQGIWHCV4VK7CICX237F4VR7U7I42FHA37MLIY7DDJPZXDHRAMBMOHV7ZAFGNIM7C\">Lanzamiento regional de los resultados de la encuesta financiera de hogares realizado por el Banco Central. Se refiere Jorge Navarrete, director del Mag\u00edster en Pol\u00edticas P\u00fablicas.<\/a><\/p><p>\u00a0<\/p><p><strong>TVMAULE.CL<\/strong><\/p><p><a href=\"https:\/\/www.tvmaule.cl\/banco-central-presento-resultados-de-encuesta-financiera-de-hogares\/\">Banco Central present\u00f3 resultados de Encuesta Financiera de Hogares. Se refiere Jorge Navarrete, director del Mag\u00edster en Pol\u00edticas P\u00fablicas.<\/a><\/p><p>\u00a0<\/p><p><strong>ENLINEAMAULE.CL<\/strong><\/p><p><a href=\"https:\/\/enlineamaule.cl\/archivo\/50096\">Encuesta financiera de hogares del banco central: mostr\u00f3 t\u00e9rmino de deudas y aumento de ahorro en las familias. Se refiere Jorge Navarrete, director del Mag\u00edster en Pol\u00edticas P\u00fablicas.<\/a><\/p><p>\u00a0<\/p><p><strong>ELMAULEINFORMA.CL<\/strong><\/p><p><a href=\"https:\/\/elmauleinforma.cl\/cluster-en-turismo-de-montana\/\">Cl\u00faster en turismo de monta\u00f1a. Columna de opini\u00f3n de Jorge Navarrete, director del Mag\u00edster en Pol\u00edticas P\u00fablicas.<\/a><\/p><p>\u00a0<\/p><p><strong>LA TERCERA<\/strong><\/p><p><a href=\"https:\/\/www.litoralpress.cl\/paginaconsultas\/Servicios_NClipSitio\/Get_Imagen_Nota.aspx?LPKey=5PHC7WNIBHDCQ3MIWX7XWERXDWGVXD5267CAMH3ZEVH6I2PMVNQEWVTOZFNE7N35EUPQ56AYLY744\">Nombramiento de fiscal nacional. Carta al director de Diego Palomo, acad\u00e9mico de la Facultad de Ciencias Jur\u00eddicas y Sociales.<\/a><\/p><p>\u00a0<\/p><p><strong>LA SEGUNDA<\/strong><\/p><p><a href=\"https:\/\/www.litoralpress.cl\/paginaconsultas\/Servicios_NClipSitio\/Get_Imagen_Nota.aspx?LPKey=5JIIPAF5YWIDP5UFVBAXMLILUXXA6X6TIRWEMIDUVTIPCJMD6FX66DYSWUA3YRDPEA5IWL5R6W5DU\">Nombramiento de fiscal nacional. Carta al director de Diego Palomo, acad\u00e9mico de la Facultad de Ciencias Jur\u00eddicas y Sociales.<\/a><\/p><p>\u00a0<\/p><p><strong>LATERCERA.COM<\/strong><\/p><p><a href=\"https:\/\/www.latercera.com\/opinion\/noticia\/nombramiento-de-fiscal-nacional\/YEIU6JHE5BBWZN72NQHSDE7BTA\/\">Nombramiento de fiscal nacional. Carta al director de Diego Palomo, acad\u00e9mico de la Facultad de Ciencias Jur\u00eddicas y Sociales.<\/a><\/p><p>\u00a0<\/p><p><strong>LA TERCERA<\/strong><\/p><p><a href=\"https:\/\/www.litoralpress.cl\/sitio\/Prensa_Detalles.cshtml?LPKey=ZXMMFHUD2ZVVBBNIDWYAJKPAWBDHHROXRQSKI75DVWFZ62KMIGSQ\">Golazo. Columna de opini\u00f3n de Mauricio Morales, director del Centro de An\u00e1lisis Pol\u00edtico (CAP).<\/a><\/p><p>\u00a0<\/p><p><strong>LA SEGUNDA<\/strong><\/p><p><a href=\"https:\/\/www.litoralpress.cl\/sitio\/Prensa_PaginaCompleta.cshtml?LPKey=G7KUYKGDXYYQY57FNU4246FM4MOWFFHLQDY3KGFCHYD2FVULKKZA\">Boric cuenta la historia que lo conmovi\u00f3 en La Araucan\u00eda. Se refiere Mauricio Morales, director del Centro de An\u00e1lisis Pol\u00edtico (CAP).<\/a><\/p><p>\u00a0<\/p><p><strong>PUBLIMETRO<\/strong><\/p><p><a href=\"https:\/\/www.litoralpress.cl\/paginaconsultas\/Servicios_NClipSitio\/Get_Imagen_Nota.aspx?LPKey=H22MT75GT4JSTNFBLLY23ZCMTTFL4EP2TOILPJH6NWF2SXYYGR5M6BUUKMVYX42722R65C3QQTZ3U\">La oportunidad que dej\u00f3 ir el PDG y el futuro que podr\u00eda enfrentar. Se refiere Mauricio Morales, director del Centro de An\u00e1lisis Pol\u00edtico (CAP).<\/a><\/p><p>\u00a0<\/p><p><strong>PUBLIMETRO<\/strong><\/p><p><a href=\"https:\/\/www.litoralpress.cl\/paginaconsultas\/Servicios_NClipSitio\/Get_Imagen_Nota.aspx?LPKey=DVGERTU7HTYHHDWNZRO4SLAVT7DEQ3QQP424LZO7IJC3O3S5PUMHVPM34GSSYKBDJS4A34NI36CQG\">El rol de Franco Parisi y una dependencia mutua. Se refiere Mauricio Morales, director del Centro de An\u00e1lisis Pol\u00edtico (CAP).<\/a><\/p><p>\u00a0<\/p><p><strong>CANAL CHILEVISI\u00d3N<\/strong><\/p><p><a href=\"https:\/\/www.litoralpress.cl\/sitio\/RadioTV_Detalles.cshtml?LPKey=OVYUG72EVPI4K7CTHJNLZ6GV4ZLPJXYYIXJ5UYPC3JUW6XLNXOEIHEBE4KGKEXPURTHDDTMJYWV2I\">Elecciones en medio de crisis de la DC. Se refiere Mauricio Morales, director del Centro de An\u00e1lisis Pol\u00edtico (CAP).<\/a><\/p><p>\u00a0<\/p><p><strong>LATERCERA.COM<\/strong><\/p><p><a href=\"https:\/\/www.latercera.com\/la-tercera-sabado\/noticia\/columna-de-mauricio-morales-golazo\/FCAQCSBUK5A43IDALWE5DBSP4U\/\">Golazo. Columna de opini\u00f3n de Mauricio Morales, director del Centro de An\u00e1lisis Pol\u00edtico (CAP).<\/a><\/p><p>\u00a0<\/p><p><strong>EMOL.COM<\/strong><\/p><p><a href=\"https:\/\/www.emol.com\/noticias\/Nacional\/2022\/11\/14\/1078228\/cambio-tono-presidente-boric-terrorismo.html\">&#8220;Realismo pol\u00edtico&#8221; y &#8220;necesita gobernar&#8221;: Las razones del &#8220;cambio de tono&#8221; del Presidente Boric bajo la mirada de analistas. Se refiere Mauricio Morales, director del Centro de An\u00e1lisis Pol\u00edtico (CAP).<\/a><\/p><p>\u00a0<\/p><p><strong>EMOL.COM<\/strong><\/p><p><a href=\"https:\/\/www.emol.com\/noticias\/Nacional\/2022\/11\/11\/1078008\/analisis-cambio-tono-boric-araucania.html\">Efecto del c\u00f3nclave y b\u00fasqueda de una mayor\u00eda pol\u00edtica: An\u00e1lisis al cambio de tono de Boric sobre el terrorismo en La Araucan\u00eda. Se refiere Mauricio Morales, director del Centro de An\u00e1lisis Pol\u00edtico (CAP).<\/a><\/p><p>\u00a0<\/p><p><strong>MEGANOTICIAS.CL<\/strong><\/p><p><a href=\"https:\/\/www.meganoticias.cl\/nacional\/396071-mauricio-morales-cadem-analisis-alza-presidente-boric-programa-de-gobierno-13-11-2022.html\">Mauricio Morales tras alza del Presidente Boric en encuesta Cadem: &#8220;Matar el programa original es la clave del \u00e9xito&#8221;. Se refiere Mauricio Morales, director del Centro de An\u00e1lisis Pol\u00edtico (CAP).<\/a><\/p><p>\u00a0<\/p><p><strong>ELCENTRO.CL<\/strong><\/p><p><a href=\"https:\/\/elcentro.cl\/2022\/11\/11\/entrevista-carlos-alberto-palma-guerra-abogado-exalumno-de-la-utalca\/\">Entrevista a Carlos Alberto Palma, abogado exalumno de la UTalca.<\/a><\/p><p>\u00a0<\/p><p><strong>ELMOSTRADOR.CL<\/strong><\/p><p><a href=\"https:\/\/www.elmostrador.cl\/revista-jengibre\/2022\/11\/12\/tecnologia-con-inteligencia-artificial-busca-optimizar-el-proceso-productivo-de-vinos-y-destilados-chilenos\/\">Tecnolog\u00eda con inteligencia artificial busca optimizar el proceso productivo de vinos y destilados chilenos. Se menciona al Centro Tecnol\u00f3gico de la Vid y el Vino.<\/a><\/p><p>\u00a0<\/p><p><strong>LA PRENSA<\/strong><\/p><p><a href=\"https:\/\/www.litoralpress.cl\/paginaconsultas\/Servicios_NClipSitio\/Get_Imagen_Nota.aspx?LPKey=XKY3424O7TCC2JUF2WPXK4263HMJHGC2TMVB7HKY2DEDTYKGXCVKOEJ5DLRKSJUB2KH5WX5LIESTG\">Adultos mayores se capacitan digitalmente. Se menciona al Campus Santiago de la UTalca.<\/a><\/p><p>\u00a0<\/p><p><strong>CANAL TVN RED MAULE<\/strong><\/p><p><a href=\"https:\/\/www.litoralpress.cl\/sitio\/RadioTV_Detalles.cshtml?LPKey=XKWMCJZDQW2434P7VCTCPB7MQLJGWIWOGIDKAQTPJ64SXBPSXXOQFN6MO3WB43LKDVHKJF43GTXMO\">Liceos t\u00e9cnicos entregan innovaciones agrarias en la U de Talca.<\/a><\/p><p>\u00a0<\/p><p><strong>LA PRENSA<\/strong><\/p><p><a href=\"https:\/\/www.litoralpress.cl\/paginaconsultas\/Servicios_NClipSitio\/Get_Imagen_Nota.aspx?LPKey=YLU2N7O6MS7E2K4CB726G5Z5E5NCLTLIPEHV67XYUC7EQRILWUWY5T7PENR572WZ3XW3ILFGQW4WQ\">DGA expuso sobre la reforma al C\u00f3digo de Aguas a estudiantes de la UTalca.<\/a><\/p><p>\u00a0<\/p><p><strong>LA PRENSA<\/strong><\/p><p><a href=\"https:\/\/www.litoralpress.cl\/paginaconsultas\/Servicios_NClipSitio\/Get_Imagen_Nota.aspx?LPKey=WKFFCE4U6YUROSJG2KNPOUHNULLAZJCGZCV5G5E6AKMR4VGEE3M3CPJWZ2Y6Y4EK4HYELYR3EHDZ4\">Estos son los principales puntos en los que se trabaja de cara a la apertura del nuevo hospital. Se menciona a la UTalca.<\/a><\/p><p>\u00a0<\/p><p><strong>EL HERALDO<\/strong><\/p><p><a href=\"https:\/\/www.litoralpress.cl\/paginaconsultas\/Servicios_NClipSitio\/Get_Imagen_Nota.aspx?LPKey=3HYTDUPZUCWFMJUBEROMUU4ZCQ7TQTELV3KFAIW6G6FUIVTSWTL323FMGWVLGQZTAGYADXJZS7YWO\">Encuentro Agrotech Maule 2022 acerca soluciones tecnol\u00f3gicas a la agroindustria regional. Se menciona a la UTalca.<\/a><\/p><p>\u00a0<\/p><p><strong>TVMAULE.CL<\/strong><\/p><p><a href=\"https:\/\/www.tvmaule.cl\/universitarios-emprendedores-conozcamos-un-emprendimiento-audiovisual-y-hermosos-accesorios\/\">Universitarios emprendedores: conozcamos un emprendimiento audiovisual y hermosos accesorios. Se refieren los estudiantes Luis Lobos y Thiare Valladares.<\/a><\/p><p>\u00a0<\/p>\t\t\t\t\t\t<\/div>\n\t\t\t\t<\/div>\n\t\t\t\t\t<\/div>\n\t\t<\/div>\n\t\t\t\t\t\t\t<\/div>\n\t\t<\/section>\n\t\t\t\t\t\t<\/div>\n\t\t\t\t\t<\/div>\n\t\t","protected":false},"excerpt":{"rendered":"<p>EL LECTOR UTalca crea nueva oferta de becas y apoyos a estudiantes. Se refiere Paula Caballero, vicerrectora de Desarrollo Estudiantil. \u00a0 ELMAULEINFORMA.CL UTalca crea nueva oferta de becas y apoyos a estudiantes. Se refiere Paula Caballero, vicerrectora de Desarrollo Estudiantil. \u00a0 ATENTOSCHILE.CL Universidad de Talca cre\u00f3 una nueva oferta de becas y apoyos a estudiantes. &hellip;<\/p>\n<p class=\"read-more\"> <a class=\"\" href=\"https:\/\/www.reportedeprensa.utalca.cl\/?p=5629\"> <span class=\"screen-reader-text\">14 de noviembre de 2022<\/span> Read More &raquo;<\/a><\/p>\n","protected":false},"author":1,"featured_media":0,"comment_status":"closed","ping_status":"open","sticky":false,"template":"","format":"standard","meta":{"_monsterinsights_skip_tracking":false,"_monsterinsights_sitenote_active":false,"_monsterinsights_sitenote_note":"","_monsterinsights_sitenote_category":0},"categories":[27],"tags":[],"_links":{"self":[{"href":"https:\/\/www.reportedeprensa.utalca.cl\/index.php?rest_route=\/wp\/v2\/posts\/5629"}],"collection":[{"href":"https:\/\/www.reportedeprensa.utalca.cl\/index.php?rest_route=\/wp\/v2\/posts"}],"about":[{"href":"https:\/\/www.reportedeprensa.utalca.cl\/index.php?rest_route=\/wp\/v2\/types\/post"}],"author":[{"embeddable":true,"href":"https:\/\/www.reportedeprensa.utalca.cl\/index.php?rest_route=\/wp\/v2\/users\/1"}],"replies":[{"embeddable":true,"href":"https:\/\/www.reportedeprensa.utalca.cl\/index.php?rest_route=%2Fwp%2Fv2%2Fcomments&post=5629"}],"version-history":[{"count":7,"href":"https:\/\/www.reportedeprensa.utalca.cl\/index.php?rest_route=\/wp\/v2\/posts\/5629\/revisions"}],"predecessor-version":[{"id":5646,"href":"https:\/\/www.reportedeprensa.utalca.cl\/index.php?rest_route=\/wp\/v2\/posts\/5629\/revisions\/5646"}],"wp:attachment":[{"href":"https:\/\/www.reportedeprensa.utalca.cl\/index.php?rest_route=%2Fwp%2Fv2%2Fmedia&parent=5629"}],"wp:term":[{"taxonomy":"category","embeddable":true,"href":"https:\/\/www.reportedeprensa.utalca.cl\/index.php?rest_route=%2Fwp%2Fv2%2Fcategories&post=5629"},{"taxonomy":"post_tag","embeddable":true,"href":"https:\/\/www.reportedeprensa.utalca.cl\/index.php?rest_route=%2Fwp%2Fv2%2Ftags&post=5629"}],"curies":[{"name":"wp","href":"https:\/\/api.w.org\/{rel}","templated":true}]}}