{"id":5648,"date":"2022-11-15T11:48:31","date_gmt":"2022-11-15T14:48:31","guid":{"rendered":"https:\/\/www.reportedeprensa.utalca.cl\/?p=5648"},"modified":"2022-11-15T12:02:53","modified_gmt":"2022-11-15T15:02:53","slug":"15-de-noviembre-de-2022","status":"publish","type":"post","link":"https:\/\/www.reportedeprensa.utalca.cl\/?p=5648","title":{"rendered":"15 de noviembre de 2022"},"content":{"rendered":"\t\t<div data-elementor-type=\"wp-post\" data-elementor-id=\"5648\" class=\"elementor elementor-5648\" data-elementor-settings=\"[]\">\n\t\t\t\t\t\t\t<div class=\"elementor-section-wrap\">\n\t\t\t\t\t\t\t<section class=\"elementor-section elementor-top-section elementor-element elementor-element-2a4b4b83 elementor-section-boxed elementor-section-height-default elementor-section-height-default\" data-id=\"2a4b4b83\" data-element_type=\"section\">\n\t\t\t\t\t\t<div class=\"elementor-container elementor-column-gap-default\">\n\t\t\t\t\t<div class=\"elementor-column elementor-col-100 elementor-top-column elementor-element elementor-element-24a78540\" data-id=\"24a78540\" data-element_type=\"column\">\n\t\t\t<div class=\"elementor-widget-wrap elementor-element-populated\">\n\t\t\t\t\t\t\t\t<div class=\"elementor-element elementor-element-55b07e54 elementor-widget elementor-widget-text-editor\" data-id=\"55b07e54\" data-element_type=\"widget\" data-widget_type=\"text-editor.default\">\n\t\t\t\t<div class=\"elementor-widget-container\">\n\t\t\t\t\t\t\t\t<p><strong>LATERCERA.COM<\/strong><\/p><p><a href=\"https:\/\/www.latercera.com\/laboratoriodecontenidos\/noticia\/estas-son-las-13-universidades-acreditadas-en-nivel-de-excelencia-en-chile\/6IMKQYE5EFC2HNQSC42WV5U2UA\/\">Estas son las 13 Universidades acreditadas en nivel de excelencia en Chile. Se refiere Carlos Torres, rector de la UTalca.<\/a><\/p><p>\u00a0<\/p><p><strong>LA PRENSA<\/strong><\/p><p><a href=\"https:\/\/www.litoralpress.cl\/paginaconsultas\/Servicios_NClipSitio\/Get_Imagen_Nota.aspx?LPKey=EK3R2LI6S4JEHTIJVV7IZEXX7ATO7WUB2A474IKH2KZBKOQSLUTABGJVRKHUNCCMSNP6T4EBDXMF2\">UTalca gradu\u00f3 a 47 nuevos doctores que contribuir\u00e1n al desarrollo del pa\u00eds.<\/a><\/p><p>\u00a0<\/p><p><strong>ADPRENSA.CL<\/strong><\/p><p><a href=\"https:\/\/www.adprensa.cl\/cronica\/utalca-graduo-a-47-nuevos-doctores-que-contribuiran-al-desarrollo-del-pais\/\">UTalca gradu\u00f3 a 47 nuevos doctores que contribuir\u00e1n al desarrollo del pa\u00eds.<\/a><\/p><p>\u00a0<\/p><p><strong>RADIO GUAYAC\u00c1N<\/strong><\/p><p><a href=\"https:\/\/www.litoralpress.cl\/sitio\/RadioTV_Detalles.cshtml?LPKey=3WQRR3UBHMRMC2SFPSQCCZU4UZSZP66TDWKQME6U3BPTAW2GM3THCLCZRI6ZDCDYDRYSTHEIWBKTI\">Entrevista a Tania Mascar\u00f3, coordinadora de la Unidad de Vinculaci\u00f3n con el Sistema Escolar.<\/a><\/p><p>\u00a0<\/p><p><strong>ELMAULEINFORMA.CL<\/strong><\/p><p><a href=\"https:\/\/elmauleinforma.cl\/utalca-explican-los-cambios-que-trae-la-nueva-prueba-de-acceso-a-la-educacion-superior\/\">UTalca: Explican los cambios que trae la nueva Prueba de Acceso a la Educaci\u00f3n Superior. Se refiere Tania Mascar\u00f3, coordinadora de la Unidad de Vinculaci\u00f3n con el Sistema Escolar.<\/a><\/p><p>\u00a0<\/p><p><strong>ELMOSTRADOR.CL<\/strong><\/p><p><a href=\"https:\/\/www.elmostrador.cl\/agenda-pais\/2022\/11\/14\/nuevo-nucleo-milenio-innovara-en-investigacion-del-aprendizaje\/\">Nuevo N\u00facleo Milenio innovar\u00e1 en investigaci\u00f3n del aprendizaje. Se menciona a Cristi\u00e1n Rojas, vicerrector Acad\u00e9mico.<\/a><\/p><p>\u00a0<\/p><p><strong>CANAL TVN<\/strong><\/p><p><a href=\"https:\/\/www.litoralpress.cl\/sitio\/RadioTV_Detalles.cshtml?LPKey=IHXL7HVTBKZT6SGG32U5PSRUG46UOWGBD5LX5QGI7XQKNK6SRJLZR6Z4UDK3I2RE3ACX7TS2MKUIM\">Granizos destruyeron frutas: Hortalizas podr\u00edan subir de precio. Se refiere Patricio Gonz\u00e1lez, acad\u00e9mico del Centro de Investigaci\u00f3n y Transferencia en Riego y Agroclimatolog\u00eda.<\/a><\/p><p>\u00a0<\/p><p><strong>CANAL 24 HORAS<\/strong><\/p><p><a href=\"https:\/\/www.litoralpress.cl\/sitio\/RadioTV_Detalles.cshtml?LPKey=KYJSNV5GFNYONNMQ7WIN24YQN5RIBVI5G6WYUFAF4YPSAUV76RP7QDSP5UULXSPWFIZ2WXCXIXIEG\">Granizos destruyeron frutas: Hortalizas podr\u00edan subir de precio. Se refiere Patricio Gonz\u00e1lez, acad\u00e9mico del Centro de Investigaci\u00f3n y Transferencia en Riego y Agroclimatolog\u00eda.<\/a><\/p><p>\u00a0<\/p><p><strong>RADIO BIO-B\u00cdO<\/strong><\/p><p><a href=\"https:\/\/www.litoralpress.cl\/sitio\/RadioTV_Detalles.cshtml?LPKey=W5QOZAFGHVMAHCBRLTTQOZXMQSGHWIL3N5UZSI34OA4TOWFXEF6JGKS2U3XBIAVTTVSH4HEY3CBH6\">Hasta un 20% de p\u00e9rdidas estiman los productores frut\u00edcolas a causa de las precipitaciones que afectaron la zona central este fin de semana. Se refiere Patricio Gonz\u00e1lez, acad\u00e9mico del Centro de Investigaci\u00f3n y Transferencia en Riego y Agroclimatolog\u00eda.<\/a><\/p><p>\u00a0<\/p><p><strong>BIOBIOCHILE.CL<\/strong><\/p><p><a href=\"https:\/\/www.biobiochile.cl\/noticias\/economia\/actualidad-economica\/2022\/11\/14\/november-rain-sector-fruticola-estima-hasta-20-de-perdidas-por-precipitaciones-del-fin-de-semana.shtml\">&#8220;November rain&#8221;: sector frut\u00edcola estima hasta 20% de p\u00e9rdidas por precipitaciones del fin de semana. Se refiere Patricio Gonz\u00e1lez, acad\u00e9mico del Centro de Investigaci\u00f3n y Transferencia en Riego y Agroclimatolog\u00eda.<\/a><\/p><p>\u00a0<\/p><p><strong>RADIO RTL DE CURIC\u00d3<\/strong><\/p><p><a href=\"https:\/\/www.litoralpress.cl\/sitio\/RadioTV_Detalles.cshtml?LPKey=FCZ5HSQEDKANWOGQ2HI3UQU7YBTPT45BN2VQR7X7N5EKLHO6FGRXMWXXCNHZELCYYXZOFIZWGAORM\">Entrevista a \u00c9rika Retamal, directora del Departamento de Salud P\u00fablica.<\/a><\/p><p>\u00a0<\/p><p><strong>DIARIODELAEDUCACION.CL<\/strong><\/p><p><a href=\"https:\/\/diariodelaeducacion.cl\/Nacional\/5649-2\/\">Se inicia vacunaci\u00f3n contra Covid-19 con vacuna bivalente en enfermos cr\u00f3nicos desde los 12 a\u00f1os y adultos mayores de 60. Se refiere Sergio Wehinger, director del Mag\u00edster en Ciencias Biom\u00e9dicas.<\/a><\/p><p>\u00a0<\/p><p><strong>ELMOSTRADOR.CL<\/strong><\/p><p><a href=\"https:\/\/www.elmostrador.cl\/revista-jengibre\/gastronomia\/2022\/11\/14\/crean-el-primer-queso-vegetal-a-base-de-trigo-en-chile\/\">Crean el primer queso vegetal a base de trigo en Chile. Se refieren Sof\u00eda Pinochet, egresada de la Universidad y \u00c1ngela S\u00e1nchez, directora de la Escuela de Nutrici\u00f3n y Diet\u00e9tica.<\/a><\/p><p>\u00a0<\/p><p><strong>ADPRENSA.CL<\/strong><\/p><p><a href=\"https:\/\/www.adprensa.cl\/cronica\/burgol-fermented-chese-el-primer-queso-vegetal-a-base-de-trigo-en-chile\/\">Burgol fermented che**se: El primer queso vegetal a base de trigo en Chile. Se refieren Sof\u00eda Pinochet, egresada de la Universidad; Ariela Vergara, vicerrector de Innovaci\u00f3n; y \u00c1ngela S\u00e1nchez, directora de la Escuela de Nutrici\u00f3n y Diet\u00e9tica.<\/a><\/p><p>\u00a0<\/p><p><strong>MEDIABANCO.COM<\/strong><\/p><p><a href=\"https:\/\/www.mediabanco.com\/burgol-fermented-chese-el-primer-queso-vegetal-a-base-de-trigo-en-chile\/\">Burgol fermented che**se: El primer queso vegetal a base de trigo en Chile. Se refieren Sof\u00eda Pinochet, egresada de la Universidad; Ariela Vergara, vicerrector de Innovaci\u00f3n; y \u00c1ngela S\u00e1nchez, directora de la Escuela de Nutrici\u00f3n y Diet\u00e9tica.<\/a><\/p><p>\u00a0<\/p><p><strong>DIARIOSENRED.COM<\/strong><\/p><p><a href=\"https:\/\/diariosenred.com\/regional\/maulina-presento-el-primer-queso-vegetal-en-base-a-trigo-de-chile\">Maulina present\u00f3 el primer queso vegetal en base a trigo de Chile. Se refieren Sof\u00eda Pinochet, egresada de la Universidad; Ariela Vergara, vicerrector de Innovaci\u00f3n; y \u00c1ngela S\u00e1nchez, directora de la Escuela de Nutrici\u00f3n y Diet\u00e9tica.<\/a><\/p><p>\u00a0<\/p><p><strong>REDMAULE.COM<\/strong><\/p><p><a href=\"https:\/\/www.redmaule.com\/regional\/maulina-presento-el-primer-queso-vegetal-en-base-a-trigo-de-chile\">Maulina present\u00f3 el primer queso vegetal en base a trigo de Chile. Se refieren Sof\u00eda Pinochet, egresada de la Universidad; Ariela Vergara, vicerrector de Innovaci\u00f3n; y \u00c1ngela S\u00e1nchez, directora de la Escuela de Nutrici\u00f3n y Diet\u00e9tica.<\/a><\/p><p>\u00a0<\/p><p><strong>ELCENTRO.CL<\/strong><\/p><p><a href=\"https:\/\/elcentro.cl\/2022\/11\/14\/nutricionista-maulina-creo-el-primer-queso-vegano-a-base-de-trigo-en-chile\/\">Nutricionista maulina cre\u00f3 el primer queso vegano a base de trigo en Chile. Se refieren Sof\u00eda Pinochet, egresada de la Universidad; Ariela Vergara, vicerrector de Innovaci\u00f3n; y \u00c1ngela S\u00e1nchez, directora de la Escuela de Nutrici\u00f3n y Diet\u00e9tica.<\/a><\/p><p>\u00a0<\/p><p><strong>ELMAULEINFORMA.CL<\/strong><\/p><p><a href=\"https:\/\/elmauleinforma.cl\/burgol-fermented-chese-el-primer-queso-vegetal-a-base-de-trigo-en-chile\/\">Burgol fermented che**se: El primer queso vegetal a base de trigo en Chile. Se refieren Sof\u00eda Pinochet, egresada de la Universidad; Ariela Vergara, vicerrector de Innovaci\u00f3n; y \u00c1ngela S\u00e1nchez, directora de la Escuela de Nutrici\u00f3n y Diet\u00e9tica.<\/a><\/p><p>\u00a0<\/p><p><strong>CANAL CNN CHILE<\/strong><\/p><p><a href=\"https:\/\/www.litoralpress.cl\/sitio\/RadioTV_Detalles.cshtml?LPKey=2CVUSOFGLPUUD65I7CCSUDOB3B4LQHAJEMH35PKPI4JCV5C3NQDWGGAXACBTYK4WHFGHOVF5Z6QD2\">Inversi\u00f3n en obras p\u00fablicas bajar\u00edan cerca de 20% en 2023. Se menciona estudio de la UTalca.<\/a><\/p><p>\u00a0<\/p><p><strong>ELCENTRO.CL<\/strong><\/p><p><a href=\"https:\/\/elcentro.cl\/2022\/11\/14\/investigacion-detecto-quiebra-de-casi-250-constructoras-en-ultimos-semestres\/\">Investigaci\u00f3n detect\u00f3 quiebra de casi 250 constructoras en \u00faltimos semestres. Se refiere Armando Dur\u00e1n, acad\u00e9mico de la Facultad de Ingenier\u00eda.<\/a><\/p><p>\u00a0<\/p><p><strong>PORTALDELCAMPO.CL<\/strong><\/p><p><a href=\"https:\/\/portaldelcampo.cl\/Noticias\/90520_Cambio-clim%C3%A1tico--tecnolog%C3%ADa-y-seguridad-alimentaria-fueron-tem%C3%A1ticas-de-la-VII-Reuni%C3%B3n-de-Fisiolog%C3%ADa-y-Tecnolog%C3%ADa-de-Postcosecha--.html\">Cambio clim\u00e1tico, tecnolog\u00eda y seguridad alimentaria fueron tem\u00e1ticas de la VII Reuni\u00f3n de Fisiolog\u00eda y Tecnolog\u00eda de Postcosecha. Se refiere Claudia Moggia, acad\u00e9mica de la Facultad de Ciencias Agrarias.<\/a><\/p><p>\u00a0<\/p><p><strong>DIARIOTALCA.CL<\/strong><\/p><p><a href=\"https:\/\/diariotalca.cl\/encuesta-del-banco-central-constato-saneamiento-de-deudas-durante-la-pandemia\/\">Encuesta del Banco Central constat\u00f3 saneamiento de deudas durante la pandemia. Se refiere Jorge Navarrete, director del Mag\u00edster en Pol\u00edticas P\u00fablicas.<\/a><\/p><p>\u00a0<\/p><p><strong>IMPACTOREGIONAL.CL<\/strong><\/p><p><a href=\"http:\/\/www.impactoregional.cl\/?p=5203\">Comentario de Juan Andr\u00e9s Riquelme, director del Mag\u00edster en Econom\u00eda.<\/a><\/p><p>\u00a0<\/p><p><strong>CANAL CNN CHILE<\/strong><\/p><p><a href=\"https:\/\/www.litoralpress.cl\/sitio\/RadioTV_Detalles.cshtml?LPKey=SNGOJPIIHV6QNPACHBTVFALTLUEEMJMAO73GV5QATGAEUDQ3BMZHUIBLDD5JBI5FJXUAVERFQHUDM\">Entrevista Mauricio Morales, director del Centro de An\u00e1lisis Pol\u00edtico (CAP).<\/a><\/p><p>\u00a0<\/p><p><strong>CNNCHILE.COM<\/strong><\/p><p><a href=\"https:\/\/www.cnnchile.com\/lodijeronencnn\/entrevista-mauricio-morales-gobiernos-meter-cajon-programa-transformaciones_20221114\/\">Mauricio Morales: \u201cLos gobiernos en alg\u00fan minuto deben meter en un caj\u00f3n con llave su programa original de transformaciones\u201d. Se refiere el director del Centro de An\u00e1lisis Pol\u00edtico (CAP).<\/a><\/p><p>\u00a0<\/p><p><strong>INFINITA.CL<\/strong><\/p><p><a href=\"https:\/\/www.infinita.cl\/columnas\/2022\/11\/14\/bravo-morales-acuerdo-constituyente.html\">Rodrigo Bravo y Mauricio Morales: \u201cEl acuerdo constituyente est\u00e1 en nada\u201d. Se refiere el director del Centro de An\u00e1lisis Pol\u00edtico (CAP).<\/a><\/p><p>\u00a0<\/p><p><strong>DIARIOELHERALDO.CL<\/strong><\/p><p><a href=\"https:\/\/www.diarioelheraldo.cl\/noticia\/dga-del-mop-maule-expuso-sobre-la-reforma-al-codigo-de-agua-a-estudiantes-de-la-utal\">DGA del MOP Maule expuso sobre la reforma al c\u00f3digo de agua a estudiantes de la UTalca.<\/a><\/p><p>\u00a0<\/p><p><strong>DIARIOLAPRENSA.CL<\/strong><\/p><p><a href=\"https:\/\/new.diariolaprensa.cl\/index.php\/2022\/11\/14\/manana-martes-se-realizara-el-primer-encuentro-del-proyecto-denominado-arte-poesia-del-maule\/\">Ma\u00f1ana martes se realizar\u00e1 el primer encuentro del proyecto denominado \u201cArte-Poes\u00eda del Maule\u201d. Se menciona al Centro de Extensi\u00f3n Curic\u00f3.<\/a><\/p><p>\u00a0<\/p>\t\t\t\t\t\t<\/div>\n\t\t\t\t<\/div>\n\t\t\t\t\t<\/div>\n\t\t<\/div>\n\t\t\t\t\t\t\t<\/div>\n\t\t<\/section>\n\t\t\t\t\t\t<\/div>\n\t\t\t\t\t<\/div>\n\t\t","protected":false},"excerpt":{"rendered":"<p>LATERCERA.COM Estas son las 13 Universidades acreditadas en nivel de excelencia en Chile. Se refiere Carlos Torres, rector de la UTalca. \u00a0 LA PRENSA UTalca gradu\u00f3 a 47 nuevos doctores que contribuir\u00e1n al desarrollo del pa\u00eds. \u00a0 ADPRENSA.CL UTalca gradu\u00f3 a 47 nuevos doctores que contribuir\u00e1n al desarrollo del pa\u00eds. \u00a0 RADIO GUAYAC\u00c1N Entrevista a &hellip;<\/p>\n<p class=\"read-more\"> <a class=\"\" href=\"https:\/\/www.reportedeprensa.utalca.cl\/?p=5648\"> <span class=\"screen-reader-text\">15 de noviembre de 2022<\/span> Read More &raquo;<\/a><\/p>\n","protected":false},"author":1,"featured_media":0,"comment_status":"closed","ping_status":"open","sticky":false,"template":"","format":"standard","meta":{"_monsterinsights_skip_tracking":false,"_monsterinsights_sitenote_active":false,"_monsterinsights_sitenote_note":"","_monsterinsights_sitenote_category":0},"categories":[27],"tags":[],"_links":{"self":[{"href":"https:\/\/www.reportedeprensa.utalca.cl\/index.php?rest_route=\/wp\/v2\/posts\/5648"}],"collection":[{"href":"https:\/\/www.reportedeprensa.utalca.cl\/index.php?rest_route=\/wp\/v2\/posts"}],"about":[{"href":"https:\/\/www.reportedeprensa.utalca.cl\/index.php?rest_route=\/wp\/v2\/types\/post"}],"author":[{"embeddable":true,"href":"https:\/\/www.reportedeprensa.utalca.cl\/index.php?rest_route=\/wp\/v2\/users\/1"}],"replies":[{"embeddable":true,"href":"https:\/\/www.reportedeprensa.utalca.cl\/index.php?rest_route=%2Fwp%2Fv2%2Fcomments&post=5648"}],"version-history":[{"count":7,"href":"https:\/\/www.reportedeprensa.utalca.cl\/index.php?rest_route=\/wp\/v2\/posts\/5648\/revisions"}],"predecessor-version":[{"id":5666,"href":"https:\/\/www.reportedeprensa.utalca.cl\/index.php?rest_route=\/wp\/v2\/posts\/5648\/revisions\/5666"}],"wp:attachment":[{"href":"https:\/\/www.reportedeprensa.utalca.cl\/index.php?rest_route=%2Fwp%2Fv2%2Fmedia&parent=5648"}],"wp:term":[{"taxonomy":"category","embeddable":true,"href":"https:\/\/www.reportedeprensa.utalca.cl\/index.php?rest_route=%2Fwp%2Fv2%2Fcategories&post=5648"},{"taxonomy":"post_tag","embeddable":true,"href":"https:\/\/www.reportedeprensa.utalca.cl\/index.php?rest_route=%2Fwp%2Fv2%2Ftags&post=5648"}],"curies":[{"name":"wp","href":"https:\/\/api.w.org\/{rel}","templated":true}]}}