{"id":5667,"date":"2022-11-16T09:17:35","date_gmt":"2022-11-16T12:17:35","guid":{"rendered":"https:\/\/www.reportedeprensa.utalca.cl\/?p=5667"},"modified":"2022-11-16T09:50:08","modified_gmt":"2022-11-16T12:50:08","slug":"16-de-noviembre-de-2022","status":"publish","type":"post","link":"https:\/\/www.reportedeprensa.utalca.cl\/?p=5667","title":{"rendered":"16 de noviembre de 2022"},"content":{"rendered":"\t\t<div data-elementor-type=\"wp-post\" data-elementor-id=\"5667\" class=\"elementor elementor-5667\" data-elementor-settings=\"[]\">\n\t\t\t\t\t\t\t<div class=\"elementor-section-wrap\">\n\t\t\t\t\t\t\t<section class=\"elementor-section elementor-top-section elementor-element elementor-element-2a4b4b83 elementor-section-boxed elementor-section-height-default elementor-section-height-default\" data-id=\"2a4b4b83\" data-element_type=\"section\">\n\t\t\t\t\t\t<div class=\"elementor-container elementor-column-gap-default\">\n\t\t\t\t\t<div class=\"elementor-column elementor-col-100 elementor-top-column elementor-element elementor-element-24a78540\" data-id=\"24a78540\" data-element_type=\"column\">\n\t\t\t<div class=\"elementor-widget-wrap elementor-element-populated\">\n\t\t\t\t\t\t\t\t<div class=\"elementor-element elementor-element-55b07e54 elementor-widget elementor-widget-text-editor\" data-id=\"55b07e54\" data-element_type=\"widget\" data-widget_type=\"text-editor.default\">\n\t\t\t\t<div class=\"elementor-widget-container\">\n\t\t\t\t\t\t\t\t<p><strong>EL LECTOR<\/strong><\/p><p><a href=\"https:\/\/www.litoralpress.cl\/paginaconsultas\/Servicios_NClipSitio\/Get_Imagen_Nota.aspx?LPKey=TZHVJPZNUKVESDHUWNQMXRX7QRDLK3HHVEVBZQIWULBAWD6LJTV7ZZMJLDUX7IQNC66FDLLZKAB4M\">UTalca gradu\u00f3 a 47 nuevos doctores que contribuir\u00e1n al desarrollo del pa\u00eds.<\/a><\/p><p>\u00a0<\/p><p><strong>EL MERCURIO<\/strong><\/p><p><a href=\"https:\/\/www.litoralpress.cl\/paginaconsultas\/Servicios_NClipSitio\/Get_Imagen_Nota.aspx?LPKey=PPW2JJVQ6EN63GNLMJBX65AARPDO3HRCSJMYSNYWE7HNLSFA6VJTMLDSJCGJP3KT6HWSJWGG7SNMG\">Los molestos ronquidos pueden esconder un problema de salud que es clave detectar. Se refiere Jos\u00e9 Gregorio Ledezma, acad\u00e9mico de la Facultad de Ciencias de la Salud y de la Escuela de Medicina.<\/a><\/p><p>\u00a0<\/p><p><strong>EMOL.COM<\/strong><\/p><p><a href=\"https:\/\/www.emol.com\/noticias\/Economia\/2022\/11\/15\/1078409\/startup-crea-queso-vegano-trigo.html\">Startup desarrolla el primer queso vegetal a base de trigo en Chile. Se refieren Sof\u00eda Pinochet, creadora y exalumna de la UTalca y \u00c1ngela S\u00e1nchez, directora de la Escuela de Nutrici\u00f3n y Diet\u00e9tica.<\/a><\/p><p>\u00a0<\/p><p><strong>LAVOZENLINEA.CL<\/strong><\/p><p><a href=\"https:\/\/lavozenlinea.cl\/2022\/11\/burgol-fermented-chese-el-primer-queso-vegetal-a-base-de-trigo-en-chile\/\">Burgol fermented che**se: El primer queso vegetal a base de trigo en Chile. Se refieren Sof\u00eda Pinochet, creadora y exalumna de la UTalca; Ariela Vergara, vicerrectora de Innovaci\u00f3n; y \u00c1ngela S\u00e1nchez, directora de la Escuela de Nutrici\u00f3n y Diet\u00e9tica.<\/a><\/p><p>\u00a0<\/p><p><strong>PORTALDELCAMPO.CL<\/strong><\/p><p><a href=\"https:\/\/portaldelcampo.cl\/Noticias\/90529_Crean-el-primer-queso-vegetal-a-base-de-trigo-en-Chile.html\">Crean el primer queso vegetal a base de trigo en Chile. Se refieren Sof\u00eda Pinochet, creadora y exalumna de la UTalca; Ariela Vergara, vicerrectora de Innovaci\u00f3n; y \u00c1ngela S\u00e1nchez, directora de la Escuela de Nutrici\u00f3n y Diet\u00e9tica.<\/a><\/p><p>\u00a0<\/p><p><strong>CANAL CONTIVISI\u00d3N<\/strong><\/p><p><a href=\"https:\/\/www.litoralpress.cl\/sitio\/RadioTV_Detalles.cshtml?LPKey=6HFAWZFY5ST3V7IYHC2VS3OJCZR4SRYGKVEEU6TGRP4K263YVCC7FQRJ5SL5I4ACCTMC5AD5EENXM\">Primer queso vegetal fue creado en la regi\u00f3n. Se refieren Sof\u00eda Pinochet, creadora y exalumna de la UTalca; Ariela Vergara, vicerrectora de Innovaci\u00f3n; y \u00c1ngela S\u00e1nchez, directora de la Escuela de Nutrici\u00f3n y Diet\u00e9tica.<\/a><\/p><p>\u00a0<\/p><p><strong>ELDIARIOSANTIAGO.CL<\/strong><\/p><p><a href=\"https:\/\/eldiariosantiago.cl\/2022\/11\/15\/burgol-fermented-chese-el-primer-queso-vegetal-a-base-de-trigo-en-chile\/\">Burgol fermented che**se: El primer queso vegetal a base de trigo en Chile. Se refieren Sof\u00eda Pinochet, creadora y exalumna de la UTalca; Ariela Vergara, vicerrectora de Innovaci\u00f3n; y \u00c1ngela S\u00e1nchez, directora de la Escuela de Nutrici\u00f3n y Diet\u00e9tica.<\/a><\/p><p>\u00a0<\/p><p><strong>ELCIUDADANO.COM<\/strong><\/p><p><a href=\"https:\/\/www.elciudadano.com\/chile\/covid-19-epidemiologos-llaman-a-aplicarse-vacuna-bivalente-frente-a-llegada-de-nueva-subvariante-de-omicron-a-chile\/11\/15\/\">Covid-19: Epidemi\u00f3logos llaman a aplicarse vacuna bivalente frente a llegada de nueva subvariante de \u00d3micron a Chile. Se refieren \u00c9rika Retamal, directora del Departamento de Salud P\u00fablica y Daniel Jim\u00e9nez, director de Salud del Estudiante.<\/a><\/p><p>\u00a0<\/p><p><strong>ELPERIODISTA.CL<\/strong><\/p><p><a href=\"https:\/\/www.elperiodista.cl\/2022\/11\/epidemiologos-llaman-a-vacunarse-frente-a-la-llegada-de-nueva-subvariante-de-omicron-al-pais\/\">Epidemi\u00f3logos llaman a vacunarse frente a la llegada de nueva subvariante de \u00d3micron al pa\u00eds. Se refieren \u00c9rika Retamal, directora del Departamento de Salud P\u00fablica y Daniel Jim\u00e9nez, director de Salud del Estudiante.<\/a><\/p><p>\u00a0<\/p><p><strong>ADPRENSA.CL<\/strong><\/p><p><a href=\"https:\/\/www.adprensa.cl\/cronica\/epidemiologos-llaman-a-vacunarse-frente-a-la-llegada-de-nueva-subvariante-de-omicron-al-pais\/\">Epidemi\u00f3logos llaman a vacunarse frente a la llegada de nueva subvariante de \u00d3micron al pa\u00eds. Se refieren \u00c9rika Retamal, directora del Departamento de Salud P\u00fablica y Daniel Jim\u00e9nez, director de Salud del Estudiante.<\/a><\/p><p>\u00a0<\/p><p><strong>MEDIABANCO.COM<\/strong><\/p><p><a href=\"https:\/\/www.mediabanco.com\/epidemiologos-llaman-a-vacunarse-frente-a-la-llegada-de-nueva-subvariante-de-omicron-al-pais\/\">Epidemi\u00f3logos llaman a vacunarse frente a la llegada de nueva subvariante de \u00d3micron al pa\u00eds. Se refieren \u00c9rika Retamal, directora del Departamento de Salud P\u00fablica y Daniel Jim\u00e9nez, director de Salud del Estudiante.<\/a><\/p><p>\u00a0<\/p><p><strong>MASQUENOTICIAS.CL<\/strong><\/p><p><a href=\"https:\/\/masquenoticias.cl\/2022\/11\/15\/epidemiologos-llaman-a-vacunarse-frente-a-la-llegada-de-nueva-subvariante-de-omicron-al-pais\/\">Epidemi\u00f3logos llaman a vacunarse frente a la llegada de nueva subvariante de \u00d3micron al pa\u00eds. Se refieren \u00c9rika Retamal, directora del Departamento de Salud P\u00fablica y Daniel Jim\u00e9nez, director de Salud del Estudiante.<\/a><\/p><p>\u00a0<\/p><p><strong>RADIO AMIGA<\/strong><\/p><p><a href=\"https:\/\/www.litoralpress.cl\/sitio\/RadioTV_Detalles.cshtml?LPKey=S5W3EERK7SNS3TXU4BWFJLYVPEMBC75WQMCMUUNTFTKFNMFQ44YU2AO3MJCSF7CKA726AB4WYWAXG\">Alertan de nuevas variantes de Covid-19. Se refieren \u00c9rika Retamal y Marcelo Alarc\u00f3n, acad\u00e9micos de la Facultad de Ciencias de la Salud.<\/a><\/p><p>\u00a0<\/p><p><strong>REDMAULE.COM<\/strong><\/p><p><a href=\"https:\/\/www.redmaule.com\/regional\/epidemiologos-de-la-utalca-llaman-a-vacunarse-frente-a-la-llegada-de\">Epidemi\u00f3logos de la UTalca llaman a vacunarse frente a la llegada de nueva subvariante de \u00d3micron al pa\u00eds. Se refieren \u00c9rika Retamal, directora del Departamento de Salud P\u00fablica y Daniel Jim\u00e9nez, director de Salud del Estudiante.<\/a><\/p><p>\u00a0<\/p><p><strong>RADIO GUAYAC\u00c1N<\/strong><\/p><p><a href=\"https:\/\/www.litoralpress.cl\/sitio\/RadioTV_Detalles.cshtml?LPKey=UMHWFLSEUYJ2DF5CFKPOHMDYORTZBM2V545FAOLYRUS2UXE5XYQLI4RXV7LTDGHUDAIM3DNN5JCBM\">Entrevista a \u00c9rika Retamal, directora del Departamento de Salud P\u00fablica.<\/a><\/p><p>\u00a0<\/p><p><strong>TVMAULE.CL<\/strong><\/p><p><a href=\"https:\/\/www.tvmaule.cl\/epidemiologos-llaman-a-vacunarse-frente-a-la-llegada-de-nueva-subvariante-de-omicron-al-pais\/\">Epidemi\u00f3logos llaman a vacunarse frente a la llegada de nueva subvariante de \u00d3micron al pa\u00eds. Se refieren \u00c9rika Retamal, directora del Departamento de Salud P\u00fablica y Daniel Jim\u00e9nez, director de Salud del Estudiante.<\/a><\/p><p>\u00a0<\/p><p>\u00a0<\/p><p><strong>ELMAULEINFORMA.CL<\/strong><\/p><p><a href=\"https:\/\/elmauleinforma.cl\/epidemiologos-llaman-a-vacunarse-frente-a-la-llegada-de-nueva-subvariante-de-omicron-al-pais\/\">Epidemi\u00f3logos llaman a vacunarse frente a la llegada de nueva subvariante de \u00d3micron al pa\u00eds. Se refieren \u00c9rika Retamal, directora del Departamento de Salud P\u00fablica y Daniel Jim\u00e9nez, director de Salud del Estudiante.<\/a><\/p><p>\u00a0<\/p><p><strong>SEPTIMAPAGINANOTICIAS.CL<\/strong><\/p><p><a href=\"https:\/\/www.septimapaginanoticias.cl\/epidemiologos-llaman-a-vacunarse-frente-a-la-llegada-de-nueva-subvariante-de-omicron-al-pais\">Epidemi\u00f3logos llaman a vacunarse frente a la llegada de nueva subvariante de \u00d3micron al pa\u00eds. Se refieren \u00c9rika Retamal, directora del Departamento de Salud P\u00fablica y Daniel Jim\u00e9nez, director de Salud del Estudiante.<\/a><\/p><p>\u00a0<\/p><p><strong>PUBLIMETRO<\/strong><\/p><p><a href=\"https:\/\/www.litoralpress.cl\/paginaconsultas\/Servicios_NClipSitio\/Get_Imagen_Nota.aspx?LPKey=DUKTXLWRZHLQLPEQYYWR6PXDDFQ2W6PYNA5KPJ6GATH6PKSGYBJ7KAWGRIYC76VIVPQWYTXPDXUIU\">Lo que necesita la ley antiterrorista para ser aplicable. Se refiere Francisco Maldonado, acad\u00e9mico de la Facultad de Ciencias Jur\u00eddicas y Sociales.<\/a><\/p><p>\u00a0<\/p><p><strong>\u00a0<\/strong><strong>CANAL CONTIVISI\u00d3N<\/strong><\/p><p><a href=\"https:\/\/www.litoralpress.cl\/sitio\/RadioTV_Detalles.cshtml?LPKey=KPG3IDGCZCXEAKYE6EKOUSMHFN7QV3P5VP2MXM44XIE4IYWKOYXDUNXFSER5R5QNZ6T4ICBENBZ2M\">Hay cambios en la prueba de acceso universitaria. Se refiere Tania Mascar\u00f3, coordinadora de la Unidad de Vinculaci\u00f3n con el Sistema Escolar.<\/a><\/p><p>\u00a0<\/p><p><strong>CANAL TVN RED MAULE<\/strong><\/p><p><a href=\"https:\/\/www.litoralpress.cl\/sitio\/RadioTV_Detalles.cshtml?LPKey=JT3ZBGR5QOYI3V6E3OI5LJD625JYH2VYQGCCMUX2PEOWIBLLG7RJ2BHSXDDTGN4344PWGYBQ4SZEC\">Granizos dejaron una estela de p\u00e9rdidas y desastre en cerezos, manzanas, peras y ar\u00e1ndanos en Linares. Se refiere Patricio Gonz\u00e1lez, acad\u00e9mico del Centro de Investigaci\u00f3n y Transferencia en Riego y Agroclimatolog\u00eda (CITRA).<\/a><\/p><p>\u00a0<\/p><p><strong>EL OBSERVADOR<\/strong><\/p><p><a href=\"https:\/\/www.litoralpress.cl\/paginaconsultas\/Servicios_NClipSitio\/Get_Imagen_Nota.aspx?LPKey=BDXGZRSQAJOJ6F4BGRIFZAXZQMAWEH5BLKKQY7JE4CFHS2ZULMDBW6ILWXFRSYXTFDYLN4SF4CB2C\">Gobierno prev\u00e9 altas temperaturas sostenidas en m\u00e1s de 100 comunas a partir de 2035. Se refiere Patricio Gonz\u00e1lez, acad\u00e9mico del Centro de Investigaci\u00f3n y Transferencia en Riego y Agroclimatolog\u00eda (CITRA).<\/a><\/p><p>\u00a0<\/p><p><strong>CANAL TVR<\/strong><\/p><p><a href=\"https:\/\/www.litoralpress.cl\/sitio\/RadioTV_Detalles.cshtml?LPKey=5G7ZG6NRSSUAS7Z5N7T5ASVTXAOMPD5ATJRAQ35J527YGXDJVHWVWUEV3FPOF47B7EMDOW3SYZ5SC\">MOP anuncia reajuste de contratos que est\u00e1n en curso con constructoras. Se menciona estudio de la Universidad de Talca.<\/a><\/p><p>\u00a0<\/p><p><strong>RADIO AMIGA<\/strong><\/p><p><a href=\"https:\/\/www.litoralpress.cl\/sitio\/RadioTV_Detalles.cshtml?LPKey=TXCVO6ZAEVYLCETG5H2KBSXUHQI54GCS4WX4NLCPHEJNOXFFKEXVKCD7ZMWMSKNT4L4XXLZKQIDB4\">244 empresas constructoras han quebrado en los \u00faltimos tres meses, revel\u00f3 una investigaci\u00f3n de la UTalca. Se refiere Armando Dur\u00e1n, acad\u00e9mico de la Facultad de Ingenier\u00eda.<\/a><\/p><p>\u00a0<\/p><p><strong>ENLINEAMAULE.CL<\/strong><\/p><p><a href=\"https:\/\/enlineamaule.cl\/archivo\/50129\">Investigaci\u00f3n de la UTalca reflej\u00f3 que hay 244 empresas constructoras en quiebra, por su parte el Minvu tiene una meta de 20 mil viviendas en el Maule. Se refiere Armando Dur\u00e1n, acad\u00e9mico de la Facultad de Ingenier\u00eda.<\/a><\/p><p>\u00a0<\/p><p><strong>CANAL 24 HORAS<\/strong><\/p><p><a href=\"https:\/\/www.litoralpress.cl\/sitio\/RadioTV_Detalles.cshtml?LPKey=LTCDM3KK7SK4O57GWWTDW4CJO53W7QZFH7RQWTMYSGTH6AZABNSNFSAK3OGECTGDGF6XICD67HFZK\">Entrevista a Mauricio Morales, director del Centro de An\u00e1lisis Pol\u00edtico (CAP).<\/a><\/p><p>\u00a0<\/p><p><strong>RADIO INFINITA<\/strong><\/p><p><a href=\"https:\/\/www.litoralpress.cl\/sitio\/RadioTV_Detalles.cshtml?LPKey=YHRQ3CPRZJEUXQZAXXGGG7PAUCK7F6H7I7O7E2LV4DDIWFKXLB7GQFAPYURC3G2T5SFG3BEMKVNFA\">Comentario de Mauricio Morales, director del Centro de An\u00e1lisis Pol\u00edtico (CAP).<\/a><\/p><p>\u00a0<\/p><p><strong>RADIO NUEVO MUNDO<\/strong><\/p><p><a href=\"https:\/\/www.litoralpress.cl\/sitio\/RadioTV_Detalles.cshtml?LPKey=3OQIUPY7OTM4TRNWHVT5VRKS3B75XUEPZQMHJEIW67L7TZ3KTMJYXCCDQMUNSCK2LHCXZ67NG6KTO\">Entrevista a Mario Herrera, acad\u00e9mico del Centro de An\u00e1lisis Pol\u00edtico (CAP).<\/a><\/p><p>\u00a0<\/p><p><strong>DIARIO TALCA<\/strong><\/p><p><a href=\"https:\/\/www.litoralpress.cl\/sitio\/Prensa_PaginaCompleta.cshtml?LPKey=YFVHOESRLKVGFCU53CR3ZT324CYOQY5IJEVSUQKGXGKPUZY7V3RQ\">Francisco Orrego competir\u00e1 en el Mundial de Downhill Longboard. Se refiere el estudiante de la carrera de Arquitectura.<\/a><\/p><p>\u00a0<\/p><p><strong>EL HERALDO<\/strong><\/p><p><a href=\"https:\/\/www.litoralpress.cl\/paginaconsultas\/Servicios_NClipSitio\/Get_Imagen_Nota.aspx?LPKey=ROFSNMNBKEF6IZ5SSQY3Z4XGNFBF3QTW4R2YYGYWCZAE5WPI5ZXALUDXMEEBASHFQO67YVNUM3HOO\">DGA del MOP Maule expuso sobre la reforma al c\u00f3digo de agua a estudiantes de la UTalca.<\/a><\/p><p>\u00a0<\/p><p><strong>LA PRENSA<\/strong><\/p><p><a href=\"https:\/\/www.litoralpress.cl\/paginaconsultas\/Servicios_NClipSitio\/Get_Imagen_Nota.aspx?LPKey=4SPG6WUY3X7TNDNS7OK4E3QVJVQGIIVEKQETTFILFJC64GRE23B4433HRF3UM6H6CDOY6HQEBXNKI\">Hoy se realizar\u00e1 el primer encuentro del proyecto \u201cArte-Poes\u00eda del Maule\u201d. Se menciona al Centro de Extensi\u00f3n Curic\u00f3.<\/a><\/p><p>\u00a0<\/p>\t\t\t\t\t\t<\/div>\n\t\t\t\t<\/div>\n\t\t\t\t\t<\/div>\n\t\t<\/div>\n\t\t\t\t\t\t\t<\/div>\n\t\t<\/section>\n\t\t\t\t\t\t<\/div>\n\t\t\t\t\t<\/div>\n\t\t","protected":false},"excerpt":{"rendered":"<p>EL LECTOR UTalca gradu\u00f3 a 47 nuevos doctores que contribuir\u00e1n al desarrollo del pa\u00eds. \u00a0 EL MERCURIO Los molestos ronquidos pueden esconder un problema de salud que es clave detectar. Se refiere Jos\u00e9 Gregorio Ledezma, acad\u00e9mico de la Facultad de Ciencias de la Salud y de la Escuela de Medicina. \u00a0 EMOL.COM Startup desarrolla el &hellip;<\/p>\n<p class=\"read-more\"> <a class=\"\" href=\"https:\/\/www.reportedeprensa.utalca.cl\/?p=5667\"> <span class=\"screen-reader-text\">16 de noviembre de 2022<\/span> Read More &raquo;<\/a><\/p>\n","protected":false},"author":1,"featured_media":0,"comment_status":"closed","ping_status":"open","sticky":false,"template":"","format":"standard","meta":{"_monsterinsights_skip_tracking":false,"_monsterinsights_sitenote_active":false,"_monsterinsights_sitenote_note":"","_monsterinsights_sitenote_category":0},"categories":[27],"tags":[],"_links":{"self":[{"href":"https:\/\/www.reportedeprensa.utalca.cl\/index.php?rest_route=\/wp\/v2\/posts\/5667"}],"collection":[{"href":"https:\/\/www.reportedeprensa.utalca.cl\/index.php?rest_route=\/wp\/v2\/posts"}],"about":[{"href":"https:\/\/www.reportedeprensa.utalca.cl\/index.php?rest_route=\/wp\/v2\/types\/post"}],"author":[{"embeddable":true,"href":"https:\/\/www.reportedeprensa.utalca.cl\/index.php?rest_route=\/wp\/v2\/users\/1"}],"replies":[{"embeddable":true,"href":"https:\/\/www.reportedeprensa.utalca.cl\/index.php?rest_route=%2Fwp%2Fv2%2Fcomments&post=5667"}],"version-history":[{"count":7,"href":"https:\/\/www.reportedeprensa.utalca.cl\/index.php?rest_route=\/wp\/v2\/posts\/5667\/revisions"}],"predecessor-version":[{"id":5684,"href":"https:\/\/www.reportedeprensa.utalca.cl\/index.php?rest_route=\/wp\/v2\/posts\/5667\/revisions\/5684"}],"wp:attachment":[{"href":"https:\/\/www.reportedeprensa.utalca.cl\/index.php?rest_route=%2Fwp%2Fv2%2Fmedia&parent=5667"}],"wp:term":[{"taxonomy":"category","embeddable":true,"href":"https:\/\/www.reportedeprensa.utalca.cl\/index.php?rest_route=%2Fwp%2Fv2%2Fcategories&post=5667"},{"taxonomy":"post_tag","embeddable":true,"href":"https:\/\/www.reportedeprensa.utalca.cl\/index.php?rest_route=%2Fwp%2Fv2%2Ftags&post=5667"}],"curies":[{"name":"wp","href":"https:\/\/api.w.org\/{rel}","templated":true}]}}