{"id":5685,"date":"2022-11-17T10:24:28","date_gmt":"2022-11-17T13:24:28","guid":{"rendered":"https:\/\/www.reportedeprensa.utalca.cl\/?p=5685"},"modified":"2022-11-17T10:47:13","modified_gmt":"2022-11-17T13:47:13","slug":"17-de-noviembre-de-2022","status":"publish","type":"post","link":"https:\/\/www.reportedeprensa.utalca.cl\/?p=5685","title":{"rendered":"17 de noviembre de 2022"},"content":{"rendered":"\t\t<div data-elementor-type=\"wp-post\" data-elementor-id=\"5685\" class=\"elementor elementor-5685\" data-elementor-settings=\"[]\">\n\t\t\t\t\t\t\t<div class=\"elementor-section-wrap\">\n\t\t\t\t\t\t\t<section class=\"elementor-section elementor-top-section elementor-element elementor-element-2a4b4b83 elementor-section-boxed elementor-section-height-default elementor-section-height-default\" data-id=\"2a4b4b83\" data-element_type=\"section\">\n\t\t\t\t\t\t<div class=\"elementor-container elementor-column-gap-default\">\n\t\t\t\t\t<div class=\"elementor-column elementor-col-100 elementor-top-column elementor-element elementor-element-24a78540\" data-id=\"24a78540\" data-element_type=\"column\">\n\t\t\t<div class=\"elementor-widget-wrap elementor-element-populated\">\n\t\t\t\t\t\t\t\t<div class=\"elementor-element elementor-element-55b07e54 elementor-widget elementor-widget-text-editor\" data-id=\"55b07e54\" data-element_type=\"widget\" data-widget_type=\"text-editor.default\">\n\t\t\t\t<div class=\"elementor-widget-container\">\n\t\t\t\t\t\t\t\t<p><strong>ADPRENSA.CL<\/strong><\/p><p><a href=\"https:\/\/www.adprensa.cl\/cronica\/interesados-en-estudiar-pedagogias-utalca-amplia-apoyos-y-becas-para-sus-futuros-estudiantes\/\">Interesados en estudiar pedagog\u00edas: UTalca ampl\u00eda apoyos y becas para sus futuros estudiantes. Se refieren Mauricio V\u00e9liz, decano de la Facultad de Ciencias de la Educaci\u00f3n y Sandra Chamorro, directora de Bienestar Estudiantil.<\/a><\/p><p>\u00a0<\/p><p><strong>MEDIABANCO.COM<\/strong><\/p><p><a href=\"https:\/\/www.mediabanco.com\/interesados-en-estudiar-pedagogias-utalca-amplia-apoyos-y-becas-para-sus-futuros-estudiantes\/\">Interesados en estudiar pedagog\u00edas: UTalca ampl\u00eda apoyos y becas para sus futuros estudiantes. Se refieren Mauricio V\u00e9liz, decano de la Facultad de Ciencias de la Educaci\u00f3n y Sandra Chamorro, directora de Bienestar Estudiantil.<\/a><\/p><p>\u00a0<\/p><p><strong>EL MERCURIO<\/strong><\/p><p><a href=\"https:\/\/www.litoralpress.cl\/paginaconsultas\/Servicios_NClipSitio\/Get_Imagen_Nota.aspx?LPKey=WK4Q7EHDW2HBWAYK4QRQDWYZ6GLPWCRSONC5GJMXCNKGOWZ4AF27JPUQ4S2QVU3RUU67R5NTHSHKG\">Comunicaci\u00f3n con holograma inaugura primer Laboratorio 5G del Maule. Se refiere Ariela Vergara, vicerrectora de Innovaci\u00f3n.<\/a><\/p><p>\u00a0<\/p><p><strong>COOPERATIVA.CL<\/strong><\/p><p><a href=\"https:\/\/www.cooperativa.cl\/noticias\/pais\/educacion\/universidades\/universidad-de-talca-estreno-un-laboratorio-5g\/2022-11-16\/222951.html\">Universidad de Talca estren\u00f3 un &#8220;laboratorio 5G&#8221;. Se refiere Carlos Torres, rector de la UTalca.<\/a><\/p><p>\u00a0<\/p><p><strong>ELMOSTRADOR.CL<\/strong><\/p><p><a href=\"https:\/\/www.elmostrador.cl\/agenda-pais\/2022\/11\/17\/holograma-5g-lanzan-primer-laboratorio-del-maule-con-esta-tecnologia-y-establecen-polo-tecnologico-en-la-region\/\">Holograma 5G: lanzan primer laboratorio del Maule con esta tecnolog\u00eda y establecen polo tecnol\u00f3gico en la regi\u00f3n. Se refieren Carlos Torres, rector de la UTalca y Ariela Vergara, vicerrectora de Innovaci\u00f3n.<\/a><\/p><p>\u00a0<\/p><p><strong>EMB.CL<\/strong><\/p><p><a href=\"http:\/\/www.emb.cl\/gerencia\/noticia.mvc?nid=20221116w31&amp;ni=u-de-talca-y-movistar-empresas-lanzan-el-primer-laboratorio-del-maule-con-tecnologia-5g\">U. de Talca y Movistar Empresas lanzan el primer laboratorio del Maule con tecnolog\u00eda 5G.<\/a><\/p><p>\u00a0<\/p><p><strong>PRESSLATAM.CL<\/strong><\/p><p><a href=\"https:\/\/presslatam.cl\/2022\/11\/holograma-5g-universidad-de-talca-y-movistar-empresas-lanzan-primer-laboratorio-del-maule-con-esta-tecnologia-y-establecen-polo-tecnologico-en-la-region\/\">Holograma 5G: Universidad de Talca y Movistar Empresas lanzan primer laboratorio del Maule con esta tecnolog\u00eda y establecen polo tecnol\u00f3gico en la regi\u00f3n. Se refieren Carlos Torres, rector de la UTalca y Ariela Vergara, vicerrectora de Innovaci\u00f3n.<\/a><\/p><p>\u00a0<\/p><p><strong>ADPRENSA.CL<\/strong><\/p><p><a href=\"https:\/\/www.adprensa.cl\/cronica\/holograma-5g-utalca-y-movistar-empresas-lanzan-primer-laboratorio-del-maule-con-esta-tecnologia-y-establecen-polo-tecnologico-en-la-region\/\">Holograma 5G: Universidad de Talca y Movistar Empresas lanzan primer laboratorio del Maule con esta tecnolog\u00eda y establecen polo tecnol\u00f3gico en la regi\u00f3n. Se refieren Carlos Torres, rector de la UTalca y Ariela Vergara, vicerrectora de Innovaci\u00f3n.<\/a><\/p><p>\u00a0<\/p><p><strong>MEDIABANCO.COM<\/strong><\/p><p><a href=\"https:\/\/www.mediabanco.com\/holograma-5g-universidad-de-talca-y-movistar-empresas-lanzan-primer-laboratorio-del-maule-con-esta-tecnologia-y-establecen-polo-tecnologico-en-la-region\/\">Holograma 5G: Universidad de Talca y Movistar Empresas lanzan primer laboratorio del Maule con esta tecnolog\u00eda y establecen polo tecnol\u00f3gico en la regi\u00f3n. Se refieren Carlos Torres, rector de la UTalca y Ariela Vergara, vicerrectora de Innovaci\u00f3n.<\/a><\/p><p>\u00a0<\/p><p><strong>DIARIOELHERALDO.CL<\/strong><\/p><p><a href=\"https:\/\/www.diarioelheraldo.cl\/noticia\/holograma-5g-universidad-de-talca-y-movistar-lanzan-primer-laboratorio-del-maule-con-esta-tecnologia-y-establecen-polo-tecnologico-en-la-region-\">Holograma 5G: Universidad de Talca y Movistar lanzan primer laboratorio del Maule con esta tecnolog\u00eda y establecen polo tecnol\u00f3gico en la regi\u00f3n. Se refieren Carlos Torres, rector de la UTalca y Ariela Vergara, vicerrectora de Innovaci\u00f3n.<\/a><\/p><p>\u00a0<\/p><p><strong>DIARIOSENRED.COM<\/strong><\/p><p><a href=\"https:\/\/diariosenred.com\/regional\/utalca-y-movistar-empresas-lanzan-el-primer-laboratorio-basado-en-5g-del\">UTalca y Movistar empresas lanzan el primer laboratorio basado en 5G del Maule. Se refieren Carlos Torres, rector de la UTalca y Ariela Vergara, vicerrectora de Innovaci\u00f3n.<\/a><\/p><p>\u00a0<\/p><p><strong>PUBLIMICRO.CL<\/strong><\/p><p><a href=\"https:\/\/publimicro.cl\/holograma-5g-utalca-y-movistar-empresas-lanzan-primer-laboratorio-del-maule-con-esta-tecnologia-y-establecen-polo-tecnologico-en-la-region\/\">Holograma 5G: UTalca y Movistar Empresas, lanzan primer laboratorio del Maule con esta tecnolog\u00eda y establecen polo tecnol\u00f3gico en la regi\u00f3n.<\/a><\/p><p>\u00a0<\/p><p><strong>PORTALINNOVA.CL<\/strong><\/p><p><a href=\"https:\/\/portalinnova.cl\/holograma-5g-universidad-de-talca-y-movistar-empresas-lanzan-primer-laboratorio-del-maule-con-esta-tecnologia-y-establecen-polo-tecnologico-en-la-region\/\">Holograma 5G: Universidad de Talca y Movistar Empresas lanzan primer laboratorio del Maule con esta tecnolog\u00eda y establecen polo tecnol\u00f3gico en la regi\u00f3n. Se refieren Carlos Torres, rector de la UTalca y Ariela Vergara, vicerrectora de Innovaci\u00f3n.<\/a><\/p><p>\u00a0<\/p><p><strong>REDMAULE.COM<\/strong><\/p><p><a href=\"https:\/\/www.redmaule.com\/regional\/utalca-y-movistar-empresas-lanzan-el-primer-laboratorio-basado-en-5g-del\">UTalca y Movistar empresas lanzan el primer laboratorio basado en 5G del Maule. Se refieren Carlos Torres, rector de la UTalca y Ariela Vergara, vicerrectora de Innovaci\u00f3n.<\/a><\/p><p>\u00a0<\/p><p><strong>ELMAULEINFORMA.CL<\/strong><\/p><p><a href=\"https:\/\/elmauleinforma.cl\/holograma-5g-utalca-y-movistar-empresas-lanzan-primer-laboratorio-del-maule-con-esta-tecnologia-y-establecen-polo-tecnologico-en-la-region\/\">Holograma 5G: Universidad de Talca y Movistar Empresas lanzan primer laboratorio del Maule con esta tecnolog\u00eda y establecen polo tecnol\u00f3gico en la regi\u00f3n. Se refieren Carlos Torres, rector de la UTalca y Ariela Vergara, vicerrectora de Innovaci\u00f3n.<\/a><\/p><p>\u00a0<\/p><p><strong>ELMOSTRADOR.CL<\/strong><\/p><p><a href=\"https:\/\/www.elmostrador.cl\/agenda-pais\/2022\/11\/16\/epidemiologos-llaman-a-vacunarse-frente-a-la-llegada-de-nueva-subvariante-de-omicron-al-pais\/\">Epidemi\u00f3logos llaman a vacunarse frente a la llegada de nueva subvariante de \u00d3micron al pa\u00eds. Se refieren \u00c9rika Retamal, directora del Departamento de Salud P\u00fablica y Daniel Jim\u00e9nez, director de Salud del Estudiante.<\/a><\/p><p>\u00a0<\/p><p><strong>LA PRENSA<\/strong><\/p><p><a href=\"https:\/\/www.litoralpress.cl\/paginaconsultas\/Servicios_NClipSitio\/Get_Imagen_Nota.aspx?LPKey=DEX3NJENNP44J2JDL3CIMEAXBN62ZPPRQPHOMWOOUKDM7HRFP3FI3EB6UCRZ2IFCOALH26HMXZAYA\">Expertos llaman a vacunarse tras llegada de variante de Covid-19.\u00a0 Se refieren \u00c9rika Retamal, directora del Departamento de Salud P\u00fablica y Daniel Jim\u00e9nez, director de Salud del Estudiante.<\/a><\/p><p>\u00a0<\/p><p><strong>EL LECTOR<\/strong><\/p><p><a href=\"https:\/\/www.litoralpress.cl\/paginaconsultas\/Servicios_NClipSitio\/Get_Imagen_Nota.aspx?LPKey=OJJQC6MVL47R2TBE4EBAC5KI4MTPEXTMZXFQWNGLH2RA5LVRTONHOWEDV4EVZ376B4L7E77HJUW6I\">Epidemi\u00f3logos llaman a vacunarse frente a la llegada de nueva subvariante de \u00d3micron al pa\u00eds. Se refieren \u00c9rika Retamal, directora del Departamento de Salud P\u00fablica y Daniel Jim\u00e9nez, director de Salud del Estudiante.<\/a><\/p><p>\u00a0<\/p><p><strong>CANAL CONTIVISI\u00d3N<\/strong><\/p><p><a href=\"https:\/\/www.litoralpress.cl\/sitio\/RadioTV_Detalles.cshtml?LPKey=JPIYGKCDCUMTUGZMSQCCLWRVIUHVSR2KT5LRABVN33NYYMVWHPVXM5PPGNSG73BUL5WX2J67AMCZM\">Llaman a vacunarse contra el Covid. Se refieren \u00c9rika Retamal, directora del Departamento de Salud P\u00fablica y Daniel Jim\u00e9nez, director de Salud del Estudiante.<\/a><\/p><p>\u00a0<\/p><p><strong>RADIO PRESIDENTE IB\u00c1\u00d1EZ DE PUNTA ARENAS<\/strong><\/p><p><a href=\"https:\/\/www.litoralpress.cl\/sitio\/RadioTV_Detalles.cshtml?LPKey=377Q537DN5MWBYFOCZVNANCAGHETRXPTRK75D44CZLJCRUZEFYMO5N3WFKC66GBXN25U73VWG6EQS\">Entrevista a Daniel Jim\u00e9nez, director de Salud del Estudiante.<\/a><\/p><p>\u00a0<\/p><p><strong>G5NOTICIAS.CL<\/strong><\/p><p><a href=\"https:\/\/g5noticias.cl\/2022\/11\/16\/epidemiologos-llaman-a-vacunarse-frente-a-la-llegada-de-nueva-subvariante-de-omicron-al-pais\/\">Epidemi\u00f3logos llaman a vacunarse frente a la llegada de nueva subvariante de \u00d3micron al pa\u00eds. Se refieren \u00c9rika Retamal, directora del Departamento de Salud P\u00fablica y Daniel Jim\u00e9nez, director de Salud del Estudiante.<\/a><\/p><p>\u00a0<\/p><p><strong>CLINICASDECHILE.CL<\/strong><\/p><p><a href=\"https:\/\/www.clinicasdechile.cl\/noticias\/los-molestos-ronquidos-pueden-esconder-un-problema-de-salud-que-es-clave-detectar\/\">Los molestos ronquidos pueden esconder un problema de salud que es clave detectar. Se refiere\u00a0 Jos\u00e9 Gregorio Ledezma, acad\u00e9mico de la Facultad de Ciencias de la Salud y la Escuela de Medicina.<\/a><\/p><p>\u00a0<\/p><p><strong>CANAL TVN RED MAULE<\/strong><\/p><p><a href=\"https:\/\/www.litoralpress.cl\/sitio\/RadioTV_Detalles.cshtml?LPKey=RV7WX65ETSVOBZIO5POXZDE6OCNIFMJULW3IZICJ2SVNLWWT3OT5UO2IXXEIYZCTIGPWQAEH2TMMW\">Inversi\u00f3n inmobiliaria de la zona se concentrar\u00e1 en Talca. Se refiere Blanca Z\u00fa\u00f1iga, directora de la Escuela de Arquitectura.<\/a><\/p><p>\u00a0<\/p><p><strong>ELMAULEINFORMA.CL<\/strong><\/p><p><a href=\"https:\/\/elmauleinforma.cl\/destacan-trabajo-en-hidrologia-de-la-catedra-unesco-de-la-u-de-talca\/\">Destacan trabajo en hidrolog\u00eda de la c\u00e1tedra UNESCO de la U. de Talca. Se refiere Roberto Pizarro, acad\u00e9mico de dicha c\u00e1tedra.<\/a><\/p><p>\u00a0<\/p><p><strong>LA SEGUNDA<\/strong><\/p><p><a href=\"https:\/\/www.litoralpress.cl\/sitio\/Prensa_PaginaCompleta.cshtml?LPKey=WXFLWR7BSAMJQ6G2S5KQGTE3GUC5YKCP2ONILUW3HK4DE47DX4PA\">Presupuesto: Ahora le toca a Marcel la indisciplina fiscal del Congreso. Se refiere Mauricio Morales, director del Centro de An\u00e1lisis Pol\u00edtico (CAP).<\/a><\/p><p>\u00a0<\/p><p><strong>CANAL 24 HORAS<\/strong><\/p><p><a href=\"https:\/\/www.litoralpress.cl\/sitio\/RadioTV_Detalles.cshtml?LPKey=LTCDM3KK7SK4O57GWWTDW4CJO53W7QZFH7RQWTMYSGTH6AZABNSNFSAK3OGECTGDGF6XICD67HFZK\">Entrevista a Mauricio Morales, director del Centro de An\u00e1lisis Pol\u00edtico (CAP).<\/a><\/p><p>\u00a0<\/p><p><strong>CANAL MEGA<\/strong><\/p><p><a href=\"https:\/\/www.litoralpress.cl\/sitio\/RadioTV_Detalles.cshtml?LPKey=JY7JYCI7IOI544VNDRVAKM22OLUO4ZGB66CO6FPUGHU62LZFY7C5V5GAV3U7QLYNRTHBR322WY6BO\">Oficialismo y la DC alinean contrapropuesta de mecanismos para el proceso constituyente. Se refiere Mauricio Morales, director del Centro de An\u00e1lisis Pol\u00edtico (CAP).<\/a><\/p><p>\u00a0<\/p><p><strong>CANAL MEGA PLUS<\/strong><\/p><p><a href=\"https:\/\/www.litoralpress.cl\/sitio\/RadioTV_Detalles.cshtml?LPKey=YMHUNQR5QVYGAD4PZYA5XJI5PWIGERBNJUU4EZDCAUUBJRQ45Z3FUM6YAAYDUGRE5L5I42LFLGXTM\">Oficialismo y la DC alinean contrapropuesta de mecanismos para el proceso constituyente. Se refiere Mauricio Morales, director del Centro de An\u00e1lisis Pol\u00edtico (CAP).<\/a><\/p><p>\u00a0<\/p><p><strong>RADIO INFINITA<\/strong><\/p><p><a href=\"https:\/\/www.litoralpress.cl\/sitio\/RadioTV_Detalles.cshtml?LPKey=53GQEV7HIYUTO5PKGMXY6RODIBZZS6TL4RKQQVAFLFECPPA6PLSI4TXRU6K7UCYGC7M5RVMSRCVRS\">Comentario de Mauricio Morales, director del Centro de An\u00e1lisis Pol\u00edtico (CAP).<\/a><\/p><p>\u00a0<\/p><p><strong>24HORAS.CL<\/strong><\/p><p><a href=\"https:\/\/www.24horas.cl\/programas\/via-publica\/via-publica-martes-15-de-noviembre\">Entrevista a Mauricio Morales, director del Centro de An\u00e1lisis Pol\u00edtico (CAP).<\/a><\/p><p>\u00a0<\/p><p><strong>ELMOSTRADOR.CL<\/strong><\/p><p><a href=\"https:\/\/www.elmostrador.cl\/noticias\/pais\/2022\/11\/17\/la-picazon-de-la-udi-proceso-constituyente-tensa-la-campana-de-reeleccion-de-javier-macaya-como-presidente-del-partido\/\">La picaz\u00f3n de la UDI: proceso constituyente tensa la campa\u00f1a de reelecci\u00f3n de Javier Macaya como presidente del partido. Se refiere Mauricio Morales, director del Centro de An\u00e1lisis Pol\u00edtico (CAP).<\/a><\/p><p>\u00a0<\/p><p><strong>INFINITA.CL<\/strong><\/p><p><a href=\"https:\/\/www.infinita.cl\/columnas\/2022\/11\/16\/mauricio-morales-gobierno-constituyente.html\">Mauricio Morales: \u201cEl gobierno se desacopl\u00f3 del proceso constituyente y se ha dedicado a gobernar\u201d. Se refiere el director del Centro de An\u00e1lisis Pol\u00edtico (CAP).<\/a><\/p><p>\u00a0<\/p><p><strong>SOYCHILE.CL<\/strong><\/p><p><a href=\"https:\/\/www.soychile.cl\/Chillan\/Politica\/2022\/11\/16\/786202\/gore-nuble-anuncio-financiamiento-once.html\">Gore \u00d1uble anunci\u00f3 financiamiento para once iniciativas a trav\u00e9s del concurso FIC 2022. Se menciona a proyecto de la UTalca.<\/a><\/p><p>\u00a0<\/p><p><strong>CHILLANONLINE.CL<\/strong><\/p><p><a href=\"https:\/\/www.chillanonline.cl\/V6\/once-iniciativas-de-innovacion-financiara-el-gobierno-regional-a-traves-del-concurso-fic-2022\/\">Once iniciativas de innovaci\u00f3n financiar\u00e1 el Gobierno Regional a trav\u00e9s del concurso FIC 2022. Se menciona proyecto de la UTalca.<\/a><\/p><p>\u00a0<\/p><p><strong>TVMAULE.CL<\/strong><\/p><p><a href=\"https:\/\/www.tvmaule.cl\/universitarios-emprendedores-conozcamos-hermosas-joyas-y-anillados-a-domicilio\/\">Universitarios emprendedores: conozcamos hermosas joyas y anillados a domicilio. Se refieren los estudiantes Maylin Moya, Franco Aravena y Denis Cabrera.<\/a><\/p>\t\t\t\t\t\t<\/div>\n\t\t\t\t<\/div>\n\t\t\t\t\t<\/div>\n\t\t<\/div>\n\t\t\t\t\t\t\t<\/div>\n\t\t<\/section>\n\t\t\t\t\t\t<\/div>\n\t\t\t\t\t<\/div>\n\t\t","protected":false},"excerpt":{"rendered":"<p>ADPRENSA.CL Interesados en estudiar pedagog\u00edas: UTalca ampl\u00eda apoyos y becas para sus futuros estudiantes. Se refieren Mauricio V\u00e9liz, decano de la Facultad de Ciencias de la Educaci\u00f3n y Sandra Chamorro, directora de Bienestar Estudiantil. \u00a0 MEDIABANCO.COM Interesados en estudiar pedagog\u00edas: UTalca ampl\u00eda apoyos y becas para sus futuros estudiantes. Se refieren Mauricio V\u00e9liz, decano de &hellip;<\/p>\n<p class=\"read-more\"> <a class=\"\" href=\"https:\/\/www.reportedeprensa.utalca.cl\/?p=5685\"> <span class=\"screen-reader-text\">17 de noviembre de 2022<\/span> Read More &raquo;<\/a><\/p>\n","protected":false},"author":1,"featured_media":0,"comment_status":"closed","ping_status":"open","sticky":false,"template":"","format":"standard","meta":{"_monsterinsights_skip_tracking":false,"_monsterinsights_sitenote_active":false,"_monsterinsights_sitenote_note":"","_monsterinsights_sitenote_category":0},"categories":[27],"tags":[],"_links":{"self":[{"href":"https:\/\/www.reportedeprensa.utalca.cl\/index.php?rest_route=\/wp\/v2\/posts\/5685"}],"collection":[{"href":"https:\/\/www.reportedeprensa.utalca.cl\/index.php?rest_route=\/wp\/v2\/posts"}],"about":[{"href":"https:\/\/www.reportedeprensa.utalca.cl\/index.php?rest_route=\/wp\/v2\/types\/post"}],"author":[{"embeddable":true,"href":"https:\/\/www.reportedeprensa.utalca.cl\/index.php?rest_route=\/wp\/v2\/users\/1"}],"replies":[{"embeddable":true,"href":"https:\/\/www.reportedeprensa.utalca.cl\/index.php?rest_route=%2Fwp%2Fv2%2Fcomments&post=5685"}],"version-history":[{"count":10,"href":"https:\/\/www.reportedeprensa.utalca.cl\/index.php?rest_route=\/wp\/v2\/posts\/5685\/revisions"}],"predecessor-version":[{"id":5705,"href":"https:\/\/www.reportedeprensa.utalca.cl\/index.php?rest_route=\/wp\/v2\/posts\/5685\/revisions\/5705"}],"wp:attachment":[{"href":"https:\/\/www.reportedeprensa.utalca.cl\/index.php?rest_route=%2Fwp%2Fv2%2Fmedia&parent=5685"}],"wp:term":[{"taxonomy":"category","embeddable":true,"href":"https:\/\/www.reportedeprensa.utalca.cl\/index.php?rest_route=%2Fwp%2Fv2%2Fcategories&post=5685"},{"taxonomy":"post_tag","embeddable":true,"href":"https:\/\/www.reportedeprensa.utalca.cl\/index.php?rest_route=%2Fwp%2Fv2%2Ftags&post=5685"}],"curies":[{"name":"wp","href":"https:\/\/api.w.org\/{rel}","templated":true}]}}