{"id":5709,"date":"2022-11-18T09:47:23","date_gmt":"2022-11-18T12:47:23","guid":{"rendered":"https:\/\/www.reportedeprensa.utalca.cl\/?p=5709"},"modified":"2022-11-18T12:23:24","modified_gmt":"2022-11-18T15:23:24","slug":"18-de-noviembre-de-2022","status":"publish","type":"post","link":"https:\/\/www.reportedeprensa.utalca.cl\/?p=5709","title":{"rendered":"18 de noviembre de 2022"},"content":{"rendered":"\t\t<div data-elementor-type=\"wp-post\" data-elementor-id=\"5709\" class=\"elementor elementor-5709\" data-elementor-settings=\"[]\">\n\t\t\t\t\t\t\t<div class=\"elementor-section-wrap\">\n\t\t\t\t\t\t\t<section class=\"elementor-section elementor-top-section elementor-element elementor-element-2a4b4b83 elementor-section-boxed elementor-section-height-default elementor-section-height-default\" data-id=\"2a4b4b83\" data-element_type=\"section\">\n\t\t\t\t\t\t<div class=\"elementor-container elementor-column-gap-default\">\n\t\t\t\t\t<div class=\"elementor-column elementor-col-100 elementor-top-column elementor-element elementor-element-24a78540\" data-id=\"24a78540\" data-element_type=\"column\">\n\t\t\t<div class=\"elementor-widget-wrap elementor-element-populated\">\n\t\t\t\t\t\t\t\t<div class=\"elementor-element elementor-element-55b07e54 elementor-widget elementor-widget-text-editor\" data-id=\"55b07e54\" data-element_type=\"widget\" data-widget_type=\"text-editor.default\">\n\t\t\t\t<div class=\"elementor-widget-container\">\n\t\t\t\t\t\t\t\t<p><strong>DIARIOTALCA.CL<\/strong><\/p><p><a href=\"https:\/\/diariotalca.cl\/rector-utalca-preocupa-baja-asignacion-presupuestaria-para-universidades-estatales\/\">Rector UTalca: preocupa baja asignaci\u00f3n presupuestaria para universidades estatales.<\/a><\/p><p>\u00a0<\/p><p><strong>EL LECTOR<\/strong><\/p><p><a href=\"https:\/\/www.litoralpress.cl\/paginaconsultas\/Servicios_NClipSitio\/Get_Imagen_Nota.aspx?LPKey=C65TFWUDUHXA7XCEKWEZCVYKQF2NECA5KJZBFUVGVET2HX4RHEKD4DCUF3DNNZD3TDXEZ5BAREID4\">Interesados en estudiar pedagog\u00edas: UTalca ampl\u00eda apoyos y becas para sus futuros estudiantes. Se refiere Mauricio V\u00e9liz, decano de la Facultad de Ciencias de la Educaci\u00f3n y Sandra Chamorro, directora de Bienestar Estudiantil.<\/a><\/p><p>\u00a0<\/p><p><strong>LAS \u00daLTIMAS NOTICIAS<\/strong><\/p><p><a href=\"https:\/\/www.litoralpress.cl\/paginaconsultas\/Servicios_NClipSitio\/Get_Imagen_Nota.aspx?LPKey=6X7HQPLG2VMCPDS7HMO2G2WOER5W52ANQMYYTZ7EGZGA5KWFAOAEH7DBDX4YLAG5LSJQPRHWNTB3K\">Listado: todas las instituciones donde se podr\u00e1 estudiar con gratuidad en 2023. Se menciona a la UTalca.<\/a><\/p><p>\u00a0<\/p><p><strong>RADIO BUENA NUEVA<\/strong><\/p><p><a href=\"https:\/\/www.litoralpress.cl\/sitio\/RadioTV_Detalles.cshtml?LPKey=XUNNQ67OZ6HREZLKQ2BMY53FMAGHQWXWHTPNZ7XE5IYAGLL6CWOA4R4MNGAQGAUASMBXSLY6SQ67M\">Entrevista a Sandra Chamorro, directora de Bienestar Estudiantil.<\/a><\/p><p>\u00a0<\/p><p><strong>UESTATALES.CL<\/strong><\/p><p><a href=\"http:\/\/uestatales.cl\/cue\/?q=node\/9706\">UTalca gradu\u00f3 a 47 nuevos doctores que contribuir\u00e1n al desarrollo del pa\u00eds.<\/a><\/p><p>\u00a0<\/p><p><strong>LA PRENSA<\/strong><\/p><p><a href=\"https:\/\/www.litoralpress.cl\/paginaconsultas\/Servicios_NClipSitio\/Get_Imagen_Nota.aspx?LPKey=BKPMZBRS7IMUE7YD5BOOGY47VTJN3IJISRNLX33W4PVVLRSAIJM2LEIHP4MXR5K4M43JFO437RSRG\">Holograma 5G: Universidad de Talca y Movistar lanzan primer laboratorio del Maule con esta tecnolog\u00eda.\u00a0 Se refieren Carlos Torres, rector de la UTalca y Ariela Vergara, vicerrectora de Innovaci\u00f3n.<\/a><\/p><p>\u00a0<\/p><p><strong>EL HERALDO<\/strong><\/p><p><a href=\"https:\/\/www.litoralpress.cl\/paginaconsultas\/Servicios_NClipSitio\/Get_Imagen_Nota.aspx?LPKey=TCFMDZFGHGX44QLVL45WCWEUKLZK4IAX75IRKCYQG6DX3Y7DRRTFOCTEOXFHHGBXB2WEEXFXNYNXU\">Holograma 5G: Universidad de Talca y Movistar lanzan primer laboratorio del Maule con esta tecnolog\u00eda y establecen polo tecnol\u00f3gico en la regi\u00f3n. Se refieren Carlos Torres, rector de la UTalca y Ariela Vergara, vicerrectora de Innovaci\u00f3n.<\/a><\/p><p>\u00a0<\/p><p><strong>CANAL TVN RED MAULE<\/strong><\/p><p><a href=\"https:\/\/www.litoralpress.cl\/sitio\/RadioTV_Detalles.cshtml?LPKey=OJPENTSKVNP5CS7AM5OCJMNBGCEZAMNUZIENIXIFK34VH6DAL2S2BSJKHVXNGSFXHLTLPMXB6POYU\">Incorporar\u00e1n hologramas en atenciones presenciales. Laboratorio 5G instalado en dependencias de la U. de Talca. Se refiere Ariela Vergara, vicerrectora de Innovaci\u00f3n.<\/a><\/p><p>\u00a0<\/p><p><strong>CANAL CONTIVISI\u00d3N<\/strong><\/p><p><a href=\"https:\/\/www.litoralpress.cl\/sitio\/RadioTV_Detalles.cshtml?LPKey=HL3MVZEWROCOIXJROL3OYFSAUL3W6LEQGP7W3SJTRFHIZ75XC4M7DERESBIROP3U3ZGYOJXBFPEBS\">Movistar Empresas y la Universidad de Talca inauguraron el primer y \u00fanico laboratorio basado en Quinta Generaci\u00f3n M\u00f3vil en la Regi\u00f3n del Maule. Se refiere Carlos Torres, rector de la UTalca.<\/a><\/p><p>\u00a0<\/p><p><strong>FUTURO360.COM<\/strong><\/p><p><a href=\"https:\/\/www.futuro360.com\/futuro\/laboratorio-holograma-5g-universidad-talca_20221117\/\">Inauguran laboratorio 5G con hologramas interactivos en la Universidad de Talca. Se refiere Ariela Vergara, vicerrectora de Innovaci\u00f3n.<\/a><\/p><p>\u00a0<\/p><p><strong>SUPERGEEK.CL<\/strong><\/p><p><a href=\"https:\/\/www.supergeek.cl\/noticias\/tecnologia\/interactuando-con-un-holograma-u-de-talca-y-movistar-inauguran-primer\/2022-11-17\/220325.html\">Interactuando con un holograma: U. de Talca y Movistar inauguran primer laboratorio 5G del Maule.<\/a><\/p><p>\u00a0<\/p><p><strong>TRANSMEDIA.CL<\/strong><\/p><p><a href=\"https:\/\/www.transmedia.cl\/blog\/2022\/11\/17\/holograma-5g-universidad-de-talca-y-movistar-empresas-lanzan-primer-laboratorio-del-maule\/\">Holograma 5G: Universidad de Talca y Movistar Empresas lanzan primer laboratorio del Maule. Se refiere Carlos Torres, rector de la UTalca.<\/a><\/p><p>\u00a0<\/p><p><strong>PISAPAPELES.NET<\/strong><\/p><p><a href=\"https:\/\/pisapapeles.net\/u-de-talca-movistar-y-nokia-lanzan-el-primer-laboratorio-5g-del-maule\/\">U. de Talca, Movistar y Nokia, lanzan el primer laboratorio 5G del Maule. Se refiere Carlos Torres, rector de la UTalca.<\/a><\/p><p>\u00a0<\/p><p><strong>DIARIOTALCA.CL<\/strong><\/p><p><a href=\"https:\/\/diariotalca.cl\/en-talca-lanzan-primer-laboratorio-digital-del-maule-con-tecnologia-5g\/\">En Talca lanzan primer laboratorio digital del Maule con tecnolog\u00eda 5G. Se refieren Carlos Torres, rector de la UTalca y Ariela Vergara, vicerrectora de Innovaci\u00f3n.<\/a><\/p><p>\u00a0<\/p><p><strong>DIARIOLAPRENSA.CL<\/strong><\/p><p><a href=\"https:\/\/new.diariolaprensa.cl\/index.php\/2022\/11\/17\/holograma-5g-utalca-y-movistar-empresas-lanzan-el-primer-laboratorio-con-esta-tecnologia-en-el-maule\/\">Holograma 5G: Universidad de Talca y Movistar lanzan primer laboratorio del Maule con esta tecnolog\u00eda.\u00a0 Se refieren Carlos Torres, rector de la UTalca y Ariela Vergara, vicerrectora de Innovaci\u00f3n.<\/a><\/p><p>\u00a0<\/p><p><strong>ELCENTRO.CL<\/strong><\/p><p><a href=\"https:\/\/elcentro.cl\/2022\/11\/17\/holograma-5g-utalca-y-movistar-empresas-lanzan-primer-laboratorio-del-maule-con-esta-tecnologia\/\">Holograma 5G: Universidad de Talca y Movistar lanzan primer laboratorio del Maule con esta tecnolog\u00eda.\u00a0 Se refieren Carlos Torres, rector de la UTalca y Ariela Vergara, vicerrectora de Innovaci\u00f3n.<\/a><\/p><p>\u00a0<\/p><p><strong>PODERYLIDERAZGO.CL<\/strong><\/p><p><a href=\"https:\/\/www.poderyliderazgo.cl\/region-del-maule-universidad-de-talca-y-movistar-empresas-lanzan-primer-laboratorio-holograma-5g\/\">Regi\u00f3n del Maule: Universidad de Talca y Movistar Empresas lanzan primer laboratorio Holograma 5G. Se refieren Carlos Torres, rector de la UTalca y Ariela Vergara, vicerrectora de Innovaci\u00f3n.<\/a><\/p><p>\u00a0<\/p><p><strong>RADIO COOPERATIVA<\/strong><\/p><p><a href=\"https:\/\/www.litoralpress.cl\/sitio\/RadioTV_Detalles.cshtml?LPKey=L77Y2QUQSYHK5ZTYVFIY2JCQ5AXQC6FYN2W3V7L4ENSUUEYQ3CAUXDCO2AV5HKW43HTLFWUYTZK3Q\">Entrevista a Valeska Gatica, directora del Centro Tecnol\u00f3gico de Telerrehabilitaci\u00f3n y Neurociencias en el Movimiento Humano (CTTN).<\/a><\/p><p>\u00a0<\/p><p><strong>ADPRENSA.CL<\/strong><\/p><p><a href=\"https:\/\/www.adprensa.cl\/cronica\/utalca-inaugura-el-primer-centro-especializado-en-nanomedicina-del-pais\/\">UTalca inaugura el primer centro especializado en nanomedicina del pa\u00eds. Se refieren Carlos Torres, rector de la UTalca y Cristian Vilos, director del Centro de Nanomedicina, Diagn\u00f3stico y Desarrollo de F\u00e1rmacos (ND3).<\/a><\/p><p>\u00a0<\/p><p><strong>MEDIABANCO.COM<\/strong><\/p><p><a href=\"https:\/\/www.mediabanco.com\/utalca-inaugura-el-primer-centro-especializado-en-nanomedicina-del-pais\/\">UTalca inaugura el primer centro especializado en nanomedicina del pa\u00eds. Se refieren Carlos Torres, rector de la UTalca y Cristian Vilos, director del Centro de Nanomedicina, Diagn\u00f3stico y Desarrollo de F\u00e1rmacos (ND3).<\/a><\/p><p>\u00a0<\/p><p><strong>DIARIOSENRED.COM<\/strong><\/p><p><a href=\"https:\/\/www.diariosenred.com\/regional\/utalca-inaugura-el-primer-centro-especializado-en-nanomedicina-del-pais\">UTalca inaugura el primer centro especializado en nanomedicina del pa\u00eds. Se refieren Carlos Torres, rector de la UTalca y Cristian Vilos, director del Centro de Nanomedicina, Diagn\u00f3stico y Desarrollo de F\u00e1rmacos (ND3).<\/a><\/p><p>\u00a0<\/p><p><strong>REDMAULE.COM<\/strong><\/p><p><a href=\"https:\/\/www.redmaule.com\/regional\/utalca-inaugura-el-primer-centro-especializado-en-nanomedicina-del-pais\">UTalca inaugura el primer centro especializado en nanomedicina del pa\u00eds. Se refieren Carlos Torres, rector de la UTalca y Cristian Vilos, director del Centro de Nanomedicina, Diagn\u00f3stico y Desarrollo de F\u00e1rmacos (ND3).<\/a><\/p><p>\u00a0<\/p><p><strong>ELCENTRO.CL<\/strong><\/p><p><a href=\"https:\/\/elcentro.cl\/2022\/11\/17\/utalca-inaugura-el-primer-centro-especializado-en-nanomedicina-del-pais\/\">UTalca inaugura el primer centro especializado en nanomedicina del pa\u00eds. Se refieren Carlos Torres, rector de la UTalca y Cristian Vilos, director del Centro de Nanomedicina, Diagn\u00f3stico y Desarrollo de F\u00e1rmacos (ND3).<\/a><\/p><p>\u00a0<\/p><p><strong>G5NOTICIAS.CL<\/strong><\/p><p><a href=\"https:\/\/g5noticias.cl\/2022\/11\/17\/utalca-inaugura-el-primer-centro-especializado-en-nanomedicina-del-pais\/\">UTalca inaugura el primer centro especializado en nanomedicina del pa\u00eds. Se refieren Carlos Torres, rector de la UTalca y Cristian Vilos, director del Centro de Nanomedicina, Diagn\u00f3stico y Desarrollo de F\u00e1rmacos (ND3).<\/a><\/p><p>\u00a0<\/p><p><strong>MUSICAYNOTICIAS.CL<\/strong><\/p><p><a href=\"https:\/\/www.musicaynoticias.cl\/tecnologia\/en-la-region-del-maule-fue-inaugurado-el-primer-centro-especializado-en-nanomedicina-del-pais\">En la regi\u00f3n del Maule fue inaugurado el primer centro especializado en nanomedicina del pa\u00eds. Se refieren Carlos Torres, rector de la UTalca y Cristian Vilos, director del Centro de Nanomedicina, Diagn\u00f3stico y Desarrollo de F\u00e1rmacos (ND3).<\/a><\/p><p>\u00a0<\/p><p><strong>LATERCERA.COM<\/strong><\/p><p><a href=\"https:\/\/www.latercera.com\/que-pasa\/noticia\/estudio-muestra-el-crudo-impacto-de-la-pandemia-en-la-salud-mental-de-las-personas-mayores\/HH3EGHSLBFDIJMPAJRH5PVASTM\/\">Estudio muestra el crudo impacto de la pandemia en la salud mental de las personas mayores. Se refiere Germ\u00e1n Lobos, acad\u00e9mico de la Facultad de Econom\u00eda y Negocios (FEN).<\/a><\/p><p>\u00a0<\/p><p><strong>EL C\u00d3NDOR<\/strong><\/p><p><a href=\"https:\/\/www.litoralpress.cl\/paginaconsultas\/Servicios_NClipSitio\/Get_Imagen_Nota.aspx?LPKey=UWCUC6FZ2TX6DE532XR7KJCV5ILG3FVDDEXWU4YBGRGEOTHH6LLO3CRPJTI6JEUGMOJPWLQTOBZ42\">Epidemi\u00f3logos llaman a vacunarse frente a la llegada de nueva subvariante de \u00d3micron al pa\u00eds. Se refieren \u00c9rika Retamal, directora del Departamento de Salud P\u00fablica y Daniel Jim\u00e9nez, director de Salud del Estudiante.<\/a><\/p><p>\u00a0<\/p><p><strong>ATENTOSCHILE.CL<\/strong><\/p><p><a href=\"https:\/\/www.litoralpress.cl\/sitio\/RadioTV_Detalles.cshtml?LPKey=HTHFN44EWIKFI72VZ5FHL42O7GBN6VAG5EUBDPVEUHCE2VDZEXCEGCXV4IYDGGN7GIHSOYXGKFVAS\">Epidemi\u00f3logos llaman a vacunarse frente a nuevas cepas. Se refiere \u00c9rika Retamal, directora del Departamento Salud P\u00fablica.<\/a><\/p><p>\u00a0<\/p><p><strong>DIARIOSENRED.COM<\/strong><\/p><p><a href=\"https:\/\/diariosenred.com\/regional\/encuentro-agrotech-maule-2022-acerca-soluciones-tecnologicas-a-la\">Encuentro Agrotech Maule 2022 acerca soluciones tecnol\u00f3gicas a la agroindustria Regional. Se refiere Javier Mu\u00f1oz, decano de la Facultad de Ingenier\u00eda.<\/a><\/p><p>\u00a0<\/p><p><strong>REDMAULE.COM<\/strong><\/p><p><a href=\"https:\/\/www.redmaule.com\/regional\/encuentro-agrotech-maule-2022-acerca-soluciones-tecnologicas-a-la\">Encuentro Agrotech Maule 2022 acerca soluciones tecnol\u00f3gicas a la agroindustria Regional. Se refiere Javier Mu\u00f1oz, decano de la Facultad de Ingenier\u00eda.<\/a><\/p><p>\u00a0<\/p><p><strong>EL L\u00cdDER<\/strong><\/p><p><a href=\"https:\/\/www.litoralpress.cl\/paginaconsultas\/Servicios_NClipSitio\/Get_Imagen_Nota.aspx?LPKey=5GUBPDG3QUVH7Y5AGWXWXT6YDKM4FY4HON6M3CW2SDA5XJEPI5FDX4IAT7ACCH27WECYUBPVW7Q3C\">San Antonio esquivar\u00e1 el calor, pero habr\u00e1 niveles extremos de radiaci\u00f3n. Se refiere Patricio Gonz\u00e1lez, acad\u00e9mico del Centro de Investigaci\u00f3n y Transferencia en Riego y Agroclimatolog\u00eda (CITRA).<\/a><\/p><p>\u00a0<\/p><p><strong>VERITASCAPITUR.CL<\/strong><\/p><p><a href=\"https:\/\/www.litoralpress.cl\/sitio\/RadioTV_Detalles.cshtml?LPKey=FIYQ7JMSRK4KJSTLKRMM5REQROMJLPML2ZROINWXOHEK5N4H6WFE45ZOTKW2S7OYYEFXOB3BXJGCY\">Precio de la Canasta B\u00e1sica de Alimentos crece en l\u00ednea con los \u00faltimos datos del IPC y muestra una menor variaci\u00f3n en Octubre. Se refiere Juan Andr\u00e9s Riquelme, acad\u00e9mico de la Facultad de Econom\u00eda y Negocios (FEN). \u00a0<\/a><\/p><p>\u00a0<\/p><p><strong>RADIO INFINITA<\/strong><\/p><p><a href=\"https:\/\/www.litoralpress.cl\/sitio\/RadioTV_Detalles.cshtml?LPKey=ORU2DGOJLHXYIK2TJCVJDGOOJS3N6IUXQL23Z74GJY4TIQJMFQ2WHXV52RROY2YEHGBO2O4EDEJ4E\">Comentario de Mauricio Morales, director del Centro de An\u00e1lisis Pol\u00edtico (CAP).<\/a><\/p><p>\u00a0<\/p><p><strong>RADIO INICIA<\/strong><\/p><p><a href=\"https:\/\/www.litoralpress.cl\/sitio\/RadioTV_Detalles.cshtml?LPKey=M7GNS3RMJHB574F3VZTI53SH2FXSA2VPRGH3GDBB7LQVQ7XEHZBECJEBDMAGWOXWTCQXTHCQERWZA\">Entrevista a Mario Herrera, acad\u00e9mico del Centro de An\u00e1lisis Pol\u00edtico (CAP).<\/a><\/p><p>\u00a0<\/p><p><strong>INFINITA.CL<\/strong><\/p><p><a href=\"https:\/\/www.infinita.cl\/columnas\/2022\/11\/17\/democracia-cristiana-bravo-morales.html\">Comentario de Mauricio Morales, director del Centro de An\u00e1lisis Pol\u00edtico (CAP).<\/a><\/p><p>\u00a0<\/p><p><strong>CR\u00d3NICA DE CHILL\u00c1N<\/strong><\/p><p><a href=\"https:\/\/www.litoralpress.cl\/paginaconsultas\/Servicios_NClipSitio\/Get_Imagen_Nota.aspx?LPKey=MNDTZEUXXL3EHRH3SIFWEZSE7Z54M55Z24RZIN3VS5I5EI2HSEOD4H4LSECMYTEAINFZSVN7FVPAC\">Once proyectos de innovaci\u00f3n ser\u00e1n financiados para aportar sustentabilidad. Se menciona a un proyecto de la UTalca.<\/a><\/p><p>\u00a0<\/p><p><strong>ELMAULEINFORMA.CL<\/strong><\/p><p><a href=\"https:\/\/elmauleinforma.cl\/festival-de-cine-felina-presenta-su-octava-edicion-con-dos-aclamados-estrenos-nacionales\/\">Festival de Cine FELINA presenta su octava edici\u00f3n con dos aclamados estrenos nacionales. Se menciona a la UTalca.<\/a><\/p><p>\u00a0<\/p>\t\t\t\t\t\t<\/div>\n\t\t\t\t<\/div>\n\t\t\t\t\t<\/div>\n\t\t<\/div>\n\t\t\t\t\t\t\t<\/div>\n\t\t<\/section>\n\t\t\t\t\t\t<\/div>\n\t\t\t\t\t<\/div>\n\t\t","protected":false},"excerpt":{"rendered":"<p>DIARIOTALCA.CL Rector UTalca: preocupa baja asignaci\u00f3n presupuestaria para universidades estatales. \u00a0 EL LECTOR Interesados en estudiar pedagog\u00edas: UTalca ampl\u00eda apoyos y becas para sus futuros estudiantes. Se refiere Mauricio V\u00e9liz, decano de la Facultad de Ciencias de la Educaci\u00f3n y Sandra Chamorro, directora de Bienestar Estudiantil. \u00a0 LAS \u00daLTIMAS NOTICIAS Listado: todas las instituciones donde &hellip;<\/p>\n<p class=\"read-more\"> <a class=\"\" href=\"https:\/\/www.reportedeprensa.utalca.cl\/?p=5709\"> <span class=\"screen-reader-text\">18 de noviembre de 2022<\/span> Read More &raquo;<\/a><\/p>\n","protected":false},"author":1,"featured_media":0,"comment_status":"closed","ping_status":"open","sticky":false,"template":"","format":"standard","meta":{"_monsterinsights_skip_tracking":false,"_monsterinsights_sitenote_active":false,"_monsterinsights_sitenote_note":"","_monsterinsights_sitenote_category":0},"categories":[27],"tags":[],"_links":{"self":[{"href":"https:\/\/www.reportedeprensa.utalca.cl\/index.php?rest_route=\/wp\/v2\/posts\/5709"}],"collection":[{"href":"https:\/\/www.reportedeprensa.utalca.cl\/index.php?rest_route=\/wp\/v2\/posts"}],"about":[{"href":"https:\/\/www.reportedeprensa.utalca.cl\/index.php?rest_route=\/wp\/v2\/types\/post"}],"author":[{"embeddable":true,"href":"https:\/\/www.reportedeprensa.utalca.cl\/index.php?rest_route=\/wp\/v2\/users\/1"}],"replies":[{"embeddable":true,"href":"https:\/\/www.reportedeprensa.utalca.cl\/index.php?rest_route=%2Fwp%2Fv2%2Fcomments&post=5709"}],"version-history":[{"count":7,"href":"https:\/\/www.reportedeprensa.utalca.cl\/index.php?rest_route=\/wp\/v2\/posts\/5709\/revisions"}],"predecessor-version":[{"id":5719,"href":"https:\/\/www.reportedeprensa.utalca.cl\/index.php?rest_route=\/wp\/v2\/posts\/5709\/revisions\/5719"}],"wp:attachment":[{"href":"https:\/\/www.reportedeprensa.utalca.cl\/index.php?rest_route=%2Fwp%2Fv2%2Fmedia&parent=5709"}],"wp:term":[{"taxonomy":"category","embeddable":true,"href":"https:\/\/www.reportedeprensa.utalca.cl\/index.php?rest_route=%2Fwp%2Fv2%2Fcategories&post=5709"},{"taxonomy":"post_tag","embeddable":true,"href":"https:\/\/www.reportedeprensa.utalca.cl\/index.php?rest_route=%2Fwp%2Fv2%2Ftags&post=5709"}],"curies":[{"name":"wp","href":"https:\/\/api.w.org\/{rel}","templated":true}]}}