{"id":5727,"date":"2022-11-21T09:55:32","date_gmt":"2022-11-21T12:55:32","guid":{"rendered":"https:\/\/www.reportedeprensa.utalca.cl\/?p=5727"},"modified":"2022-11-21T10:04:43","modified_gmt":"2022-11-21T13:04:43","slug":"21-de-noviembre-de-2022","status":"publish","type":"post","link":"https:\/\/www.reportedeprensa.utalca.cl\/?p=5727","title":{"rendered":"21 de noviembre de 2022"},"content":{"rendered":"\t\t<div data-elementor-type=\"wp-post\" data-elementor-id=\"5727\" class=\"elementor elementor-5727\" data-elementor-settings=\"[]\">\n\t\t\t\t\t\t\t<div class=\"elementor-section-wrap\">\n\t\t\t\t\t\t\t<section class=\"elementor-section elementor-top-section elementor-element elementor-element-2a4b4b83 elementor-section-boxed elementor-section-height-default elementor-section-height-default\" data-id=\"2a4b4b83\" data-element_type=\"section\">\n\t\t\t\t\t\t<div class=\"elementor-container elementor-column-gap-default\">\n\t\t\t\t\t<div class=\"elementor-column elementor-col-100 elementor-top-column elementor-element elementor-element-24a78540\" data-id=\"24a78540\" data-element_type=\"column\">\n\t\t\t<div class=\"elementor-widget-wrap elementor-element-populated\">\n\t\t\t\t\t\t\t\t<div class=\"elementor-element elementor-element-55b07e54 elementor-widget elementor-widget-text-editor\" data-id=\"55b07e54\" data-element_type=\"widget\" data-widget_type=\"text-editor.default\">\n\t\t\t\t<div class=\"elementor-widget-container\">\n\t\t\t\t\t\t\t\t<p><strong>UESTATALES.CL<\/strong><\/p><p><a href=\"http:\/\/uestatales.cl\/cue\/?q=node\/9707\">Rector UTalca: preocupa baja asignaci\u00f3n presupuestaria para universidades estatales.<\/a><\/p><p>\u00a0<\/p><p><strong>NOTICIAS.UNAB.CL<\/strong><\/p><p><a href=\"https:\/\/noticias.unab.cl\/universidad-andres-bello-reconocera-con-el-premio-al-merito-2022-a-ricardo-lagos-y-manuel-pellegrini\/\">Universidad Andr\u00e9s Bello reconocer\u00e1 con el premio al m\u00e9rito 2022 a Ricardo Lagos y Manuel Pellegrini. Se menciona a \u00c1lvaro Rojas, ex rector de la UTalca.<\/a><\/p><p>\u00a0<\/p><p><strong>LA PRENSA<\/strong><\/p><p><a href=\"https:\/\/www.litoralpress.cl\/paginaconsultas\/Servicios_NClipSitio\/Get_Imagen_Nota.aspx?LPKey=22DQTFJ7P5XKPVEVGMKXNKQQLXI6WOLTBKGPXPKS3YXC75V6HJXUDWKGMLYNK25ION3MAY2GR4VAG\">UTalca inaugura el primer Centro en Nanomedicina del pa\u00eds. Se refieren Carlos Torres, rector de la UTalca y Cristian Vilos, director del Centro de Nanomedicina, Diagn\u00f3stico y Desarrollo de F\u00e1rmacos (ND3).<\/a><\/p><p>\u00a0<\/p><p><strong>EL LECTOR<\/strong><\/p><p><a href=\"https:\/\/www.litoralpress.cl\/paginaconsultas\/Servicios_NClipSitio\/Get_Imagen_Nota.aspx?LPKey=U6GJXKZ4GMRPTHOEEB55F2S5ZEO4KUYS55K4TCNJYOHJMHS5NSQAUMDAVD7GYPBGOVWXF3VWE7G24\">UTalca inaugura el primer centro especializado en nanomedicina del pa\u00eds. Se refieren Carlos Torres, rector de la UTalca y Cristian Vilos, director del Centro de Nanomedicina, Diagn\u00f3stico y Desarrollo de F\u00e1rmacos (ND3).<\/a><\/p><p>\u00a0<\/p><p><strong>CANAL CONTIVISI\u00d3N<\/strong><\/p><p><a href=\"https:\/\/www.litoralpress.cl\/sitio\/RadioTV_Detalles.cshtml?LPKey=FO562VCI2FFNP2XGCWR55FZXGK2ENHNDMQBVQJX4QLXW32TBLGHYAL64L4PC53UR6W5APXXHZU4TY\">UTalca inaugur\u00f3 el primer centro especializado en nanomedicina del pa\u00eds. Se refieren Carlos Torres, rector de la UTalca y Cristian Vilos, director del Centro de Nanomedicina, Diagn\u00f3stico y Desarrollo de F\u00e1rmacos (ND3).<\/a><\/p><p>\u00a0<\/p><p><strong>ADPRENSA.CL<\/strong><\/p><p><a href=\"https:\/\/www.adprensa.cl\/cronica\/cientificos-utalinos-son-parte-de-ranking-mundial-de-investigadores-mas-citados-en-ciencias\/\">Cient\u00edficos utalinos son parte de ranking mundial de investigadores m\u00e1s citados en ciencias. Se refieren los profesores Guillermo Schmeda y Leonardo Silva Santos, del Instituto de Qu\u00edmica de Recursos Naturales, y Julio Caballero, Ingo Dreyer y Marco Rivera de la Facultad de Ingenier\u00eda.<\/a><\/p><p>\u00a0<\/p><p><strong>MEDIABANCO.COM<\/strong><\/p><p><a href=\"https:\/\/www.mediabanco.com\/cientificos-utalinos-son-parte-de-ranking-mundial-de-investigadores-mas-citados-en-ciencias\/\">Cient\u00edficos utalinos son parte de ranking mundial de investigadores m\u00e1s citados en ciencias. Se refieren los profesores Guillermo Schmeda y Leonardo Silva Santos, del Instituto de Qu\u00edmica de Recursos Naturales, y Julio Caballero, Ingo Dreyer y Marco Rivera de la Facultad de Ingenier\u00eda.<\/a><\/p><p>\u00a0<\/p><p><strong>PUBLIMICRO.CL<\/strong><\/p><p><a href=\"https:\/\/publimicro.cl\/cientificos-utalinos-son-parte-de-ranking-mundial-de-investigadores-mas-citados-en-ciencias\/\">Cient\u00edficos utalinos son parte de ranking mundial de investigadores m\u00e1s citados en ciencias. Se mencionan los profesores Guillermo Schmeda y Leonardo Silva Santos, del Instituto de Qu\u00edmica de Recursos Naturales, y Julio Caballero, Ingo Dreyer y Marco Rivera de la Facultad de Ingenier\u00eda.<\/a><\/p><p>\u00a0<\/p><p><strong>ELCIUDADANO.COM<\/strong><\/p><p><a href=\"https:\/\/www.elciudadano.com\/chile\/cuidandome-u-de-talca-lanzo-aplicacion-para-educar-sobre-el-cuidado-de-la-salud-mental\/11\/19\/\">\u00abCuid\u00e1ndome\u00bb: U. de Talca lanz\u00f3 aplicaci\u00f3n para educar sobre el cuidado de la salud mental. Se refieren Cristi\u00e1n Rojas, vicerrector Acad\u00e9mico; Nadia Ramos, directora del Centro Psicolog\u00eda Aplicada (CEPA); y Felipe Besoa\u00edn, acad\u00e9mico de la Facultad de Ingenier\u00eda.<\/a><\/p><p>\u00a0<\/p><p><strong>ADPRENSA.CL<\/strong><\/p><p><a href=\"https:\/\/www.adprensa.cl\/cronica\/utalca-lanza-aplicacion-para-educar-sobre-el-cuidado-de-la-salud-mental\/\">UTalca lanza aplicaci\u00f3n para educar sobre el cuidado de la salud mental. Se refieren Cristi\u00e1n Rojas, vicerrector Acad\u00e9mico; Nadia Ramos, directora del Centro Psicolog\u00eda Aplicada (CEPA); y Felipe Besoa\u00edn, acad\u00e9mico de la Facultad de Ingenier\u00eda.<\/a><\/p><p>\u00a0<\/p><p><strong>MEDIABANCO.COM<\/strong><\/p><p><a href=\"https:\/\/www.mediabanco.com\/utalca-lanza-aplicacion-para-educar-sobre-el-cuidado-de-la-salud-mental\/\">UTalca lanza aplicaci\u00f3n para educar sobre el cuidado de la salud mental. Se refieren Cristi\u00e1n Rojas, vicerrector Acad\u00e9mico; Nadia Ramos, directora del Centro Psicolog\u00eda Aplicada (CEPA); y Felipe Besoa\u00edn, acad\u00e9mico de la Facultad de Ingenier\u00eda.<\/a><\/p><p>\u00a0<\/p><p><strong>EL LECTOR<\/strong><\/p><p><a href=\"https:\/\/www.litoralpress.cl\/paginaconsultas\/Servicios_NClipSitio\/Get_Imagen_Nota.aspx?LPKey=BTFJ3ELJQ4BVZ5AD5Y4ARE56275NF4XX4C4Q4UNOFC5MYGLFFZUOUFVHJ74CO5WVDZ24ZRC55KFEI\">UTalca lanza aplicaci\u00f3n para educar sobre el cuidado de la salud mental. Se refieren Cristi\u00e1n Rojas, vicerrector Acad\u00e9mico; Nadia Ramos, directora del Centro Psicolog\u00eda Aplicada (CEPA); y Felipe Besoa\u00edn, acad\u00e9mico de la Facultad de Ingenier\u00eda.<\/a><\/p><p>\u00a0<\/p><p><strong>CANAL TVN RED MAULE<\/strong><\/p><p><a href=\"https:\/\/www.litoralpress.cl\/sitio\/RadioTV_Detalles.cshtml?LPKey=M2C2X6TVMJT6B2MNJXGGTJ4IB2LB7SRERCHPLZ3GT3IP67G6WFTUVMR73Y4Z4TS5TVVKZX3TK6Q4W\">Aplicaci\u00f3n m\u00f3vil ense\u00f1a a mejorar la salud mental &#8220;Cuid\u00e1ndome&#8221;. Se refieren Nadia Ramos, directora del Centro Psicolog\u00eda Aplicada (CEPA) y Felipe Besoa\u00edn, acad\u00e9mico de la Facultad de Ingenier\u00eda.<\/a><\/p><p>\u00a0<\/p><p><strong>ELDIARIOSANTIAGO.CL<\/strong><\/p><p><a href=\"https:\/\/eldiariosantiago.cl\/2022\/11\/19\/utalca-lanza-aplicacion-para-educar-sobre-el-cuidado-de-la-salud-mental\/\">UTalca lanza aplicaci\u00f3n para educar sobre el cuidado de la salud mental. Se refieren Cristi\u00e1n Rojas, vicerrector Acad\u00e9mico; Nadia Ramos, directora del Centro Psicolog\u00eda Aplicada (CEPA); y Felipe Besoa\u00edn, acad\u00e9mico de la Facultad de Ingenier\u00eda.<\/a><\/p><p>\u00a0<\/p><p><strong>ADPRENSA.CL<\/strong><\/p><p><a href=\"https:\/\/www.adprensa.cl\/cronica\/centro-tecnologico-de-la-utalca-extiende-sus-terapias-de-telerrehabilitacion-a-centroamerica\/\">Centro Tecnol\u00f3gico de la UTalca extiende sus terapias de telerrehabilitaci\u00f3n a Centroam\u00e9rica. Se refieren Valeska Gatica, directora del Centro Tecnol\u00f3gico de Telerrehabilitaci\u00f3n y Neurociencias en el Movimiento Humano (CTTN) y Jorge Ayala, kinesi\u00f3logo del Centro.<\/a><\/p><p>\u00a0<\/p><p><strong>MEDIABANCO.COM<\/strong><\/p><p><a href=\"https:\/\/www.mediabanco.com\/centro-tecnologico-de-la-utalca-extiende-sus-terapias-de-telerrehabilitacion-a-centroamerica\/\">Centro Tecnol\u00f3gico de la UTalca extiende sus terapias de telerrehabilitaci\u00f3n a Centroam\u00e9rica. Se refieren Valeska Gatica, directora del Centro Tecnol\u00f3gico de Telerrehabilitaci\u00f3n y Neurociencias en el Movimiento Humano (CTTN) y Jorge Ayala, kinesi\u00f3logo del Centro.<\/a><\/p><p>\u00a0<\/p><p><strong>LAS \u00daLTIMAS NOTICIAS<\/strong><\/p><p><a href=\"https:\/\/www.litoralpress.cl\/sitio\/Prensa_Detalles.cshtml?LPKey=MZ3U4WHXJXZWBR6L5YZQ2HZ6JZAU5ESMO7NNED3YIO7NBYW2YQDQ\">Al estilo \u201cStar Wars\u201d: laboratorio 5G transmite proyecciones de hologramas. Se refiere Ariela Vergara, vicerrectora de Innovaci\u00f3n y Jorge Hinojosa, director de Campus Virtual.<\/a><\/p><p>\u00a0<\/p><p><strong>BIOBIOCHILE.CL<\/strong><\/p><p><a href=\"https:\/\/www.biobiochile.cl\/noticias\/ciencia-y-tecnologia\/ciencia\/2022\/11\/18\/chile-inaugura-en-talca-un-nuevo-laboratorio-5g-permitira-desarrollar-y-usar-hologramas.shtml\">Chile inaugura en Talca un nuevo laboratorio 5G: permitir\u00e1 desarrollar y usar hologramas. Se refiere Ariela Vergara, vicerrectora de innovaci\u00f3n.<\/a><\/p><p>\u00a0<\/p><p><strong>CHOCALE.CL<\/strong><\/p><p><a href=\"https:\/\/chocale.cl\/2022\/11\/universidad-de-talca-y-movistar-empresas-lanzan-primer-laboratorio-5g-del-maule\/\">Universidad de Talca y Movistar Empresas lanzan primer laboratorio 5G del Maule. Se refiere Carlos Torres, rector de la UTalca.<\/a><\/p><p>\u00a0<\/p><p><strong>AGN.GT<\/strong><\/p><p><a href=\"https:\/\/agn.gt\/chile-inaugura-laboratorio-5g-con-primer-holograma-en-esta-red\/\">Chile inaugura laboratorio 5G con primer holograma en esta red. Se refiere Ariela Vergara, vicerrectora de Innovaci\u00f3n.<\/a><\/p><p>\u00a0<\/p><p><strong>ELTIEMPOMX.COM<\/strong><\/p><p><a href=\"https:\/\/eltiempomx.com\/noticia\/2022\/movistar-y-la-universidad-de-talca-inauguran-nuevo-laboratorio-5g-con-hologram-en-chilea-interactivo.html\">Movistar y la Universidad de Talca inauguran nuevo laboratorio 5G con holograma interactivo en Chile.\u00a0 Se refiere Ariela Vergara, vicerrectora de Innovaci\u00f3n.<\/a><\/p><p>\u00a0<\/p><p><strong>PERIFERIA.COM.AR<\/strong><\/p><p><a href=\"https:\/\/periferia.com.ar\/latinoamerica\/chile-inauguro-laboratorio-5g-con-proyeccion-holografica-interactiva\/\">Chile inaugur\u00f3 laboratorio 5G con proyecci\u00f3n hologr\u00e1fica interactiva. Se refiere Ariela Vergara, vicerrectora de Innovaci\u00f3n.<\/a><\/p><p>\u00a0<\/p><p><strong>SWISSINFO.CH<\/strong><\/p><p><a href=\"https:\/\/www.swissinfo.ch\/spa\/chile-innovaci%C3%B3n_chile-inaugura-nuevo-laboratorio-5g-con-primer-holograma-en-esta-red\/48066924\">Chile inaugura nuevo laboratorio 5G con primer holograma en esta red. Se refiere Ariela Vergara, vicerrectora de Innovaci\u00f3n.<\/a><\/p><p>\u00a0<\/p><p><strong>CANAL TVN RED MAULE<\/strong><\/p><p><a href=\"https:\/\/www.litoralpress.cl\/sitio\/RadioTV_Detalles.cshtml?LPKey=5PXFFQRS4JG5EUCK56VSMOTBXA6K7OSD2SXYWPZQFGCH6QQBXAXWJHDO4ICKJ42C6LJAYAH7OKR6M\">Preparan la llegada de 10 nuevas cepas de vino. Se refiere Yerko Moreno, director del Centro Tecnol\u00f3gico de la Vid y el Vino (CTVV).<\/a><\/p><p>\u00a0<\/p><p><strong>CANAL CNN CHILE<\/strong><\/p><p><a href=\"https:\/\/www.litoralpress.cl\/sitio\/RadioTV_Detalles.cshtml?LPKey=VF3O2ZB6SKNCVKYSMAYPKG2YXYUZTICRI7GBNMATRN66KIGGIYP2N3RI6AUMFC65ZV2YGN6PZNZEQ\">Altas temperaturas han batido r\u00e9cords para el mes de noviembre. Se refiere Patricio Gonz\u00e1lez, acad\u00e9mico del Centro de Investigaci\u00f3n y Transferencia en Riego y Agroclimatolog\u00eda.<\/a><\/p><p>\u00a0<\/p><p><strong>RADIO DE CARABINEROS DE CHILE<\/strong><\/p><p><a href=\"https:\/\/www.litoralpress.cl\/sitio\/RadioTV_Detalles.cshtml?LPKey=4Q7YVP3W4PGZT2CPQOKVELWJZUNAN4XEEYAXBLOWTVGXL4DVKEPD3QYDY7WFMFUY5RPP2OORI6SBK\">Entrevista a Patricio Gonz\u00e1lez, acad\u00e9mico del Centro de Investigaci\u00f3n y Transferencia en Riego y Agroclimatolog\u00eda.<\/a><\/p><p>\u00a0<\/p><p><strong>DIARIODELAEDUCACI\u00d3N.CL<\/strong><\/p><p><a href=\"https:\/\/diariodelaeducacion.cl\/Nacional\/ante-la-llegada-de-nueva-subvariante-de-omicron-al-pais-epidemiologos-llaman-a-vacunarse\/\">Ante la llegada de nueva subvariante de \u00d3micron al pa\u00eds epidemi\u00f3logos llaman a vacunarse. Se refieren \u00c9rika Retamal, director del Departamento de Salud P\u00fablica y Daniel Jim\u00e9nez, director de Salud del Estudiante.<\/a><\/p><p>\u00a0<\/p><p><strong>DIARIOTALCA.CL<\/strong><\/p><p><a href=\"https:\/\/diariotalca.cl\/atencion-escolares-expertos-utalca-detallan-los-cambios-que-trae-la-nueva-paes\/\">\u00a1Atenci\u00f3n escolares! Expertos UTalca detallan los cambios que trae la nueva PAES. Se refiere Tania Mascar\u00f3, coordinadora de la Unidad de Vinculaci\u00f3n con el Sistema Escolar.<\/a><\/p><p>\u00a0<\/p><p><strong>ELAMAULE.CL<\/strong><\/p><p><a href=\"https:\/\/www.elamaule.cl\/noticia\/rankings\/cuales-son-las-mejores-universidades-de-regiones\">\u00bfCu\u00e1les son las mejores universidades de regiones? Se menciona a la UTalca.<\/a><\/p><p>\u00a0<\/p><p><strong>ELOBSERVATODO.CL<\/strong><\/p><p><a href=\"https:\/\/www.elobservatodo.cl\/noticia\/lucy-lighthouse\/cuales-son-las-mejores-universidades-de-regiones\">\u00bfCu\u00e1les son las mejores universidades de regiones? Se menciona a la UTalca.<\/a><\/p><p>\u00a0<\/p><p><strong>ELCENTRO.CL<\/strong><\/p><p><a href=\"https:\/\/elcentro.cl\/2022\/11\/18\/explican-los-cambios-que-trae-la-nueva-prueba-de-acceso-a-la-educacion-superior-paes\/\">Explican los cambios que trae la nueva Prueba de Acceso a la Educaci\u00f3n Superior (PAES). Se refiere Tania Mascar\u00f3, coordinadora de la Unidad de Vinculaci\u00f3n con el Sistema Escolar.<\/a><\/p><p>\u00a0<\/p><p><strong>EL HERALDO<\/strong><\/p><p><a href=\"https:\/\/www.litoralpress.cl\/paginaconsultas\/Servicios_NClipSitio\/Get_Imagen_Nota.aspx?LPKey=BBJ6M3EXQWBDWLI2TVDWD7MHJZJAG4CIY3GUZ4PDETEESRSABWPYRVJPATAPZQAVFTMITUNRH6IOW\">Con \u00e9xito se desarroll\u00f3 feria AgroTech punto de encuentro para el sector agr\u00edcola y agroindustrial. Se refiere Javier Mu\u00f1oz, decano de la Facultad de Ingenier\u00eda.<\/a><\/p><p>\u00a0<\/p><p><strong>EL LECTOR<\/strong><\/p><p><a href=\"https:\/\/www.litoralpress.cl\/paginaconsultas\/Servicios_NClipSitio\/Get_Imagen_Nota.aspx?LPKey=QOBVH2RR4JF5XCDYTL3UNQYPSB4ZWTRPJ4KUOWMGOVNBJN6X7TFD47KON7RTX4V4W6D2HQFIQO7HW\">Con \u00e9xito se desarroll\u00f3 feria AgroTech punto de encuentro para el sector agr\u00edcola y agroindustrial. Se refiere Javier Mu\u00f1oz, decano de la Facultad de Ingenier\u00eda.<\/a><\/p><p>\u00a0<\/p><p><strong>DIARIOSENRED.COM<\/strong><\/p><p><a href=\"https:\/\/diariosenred.com\/regional\/deterioro-durante-pandemia-una-de-cada-cuatro-personas-mayores-presenta\">Deterioro durante pandemia: Una de cada cuatro personas mayores presenta sintomatolog\u00eda depresiva. Se refiere Germ\u00e1n Lobos, acad\u00e9mico de la Facultad de Econom\u00eda y Negocios (FEN).<\/a><\/p><p>\u00a0<\/p><p><strong>REDMAULE.COM<\/strong><\/p><p><a href=\"https:\/\/www.redmaule.com\/regional\/deterioro-durante-pandemia-una-de-cada-cuatro-personas-mayores-presenta\">Deterioro durante pandemia: Una de cada cuatro personas mayores presenta sintomatolog\u00eda depresiva. Se refiere Germ\u00e1n Lobos, acad\u00e9mico de la Facultad de Econom\u00eda y Negocios (FEN).<\/a><\/p><p>\u00a0<\/p><p><strong>RADIO AMIGA<\/strong><\/p><p><a href=\"https:\/\/www.litoralpress.cl\/sitio\/RadioTV_Detalles.cshtml?LPKey=NB72SNHNBSHBP7TCGCYONZ7WPB4VWUC7DKWIX5XPQYIZNIDHNC6765S7XMMZC5OV6VMZDLHCVCXLQ\">Comentario de Clara Lorca, psic\u00f3loga del Programa PACE UTalca.<\/a><\/p><p>\u00a0<\/p><p><strong>RADIO GUAYAC\u00c1N<\/strong><\/p><p><a href=\"https:\/\/www.litoralpress.cl\/sitio\/RadioTV_Detalles.cshtml?LPKey=Y7ZD5AGDMOZR7CVKQ7FD3WDRSORFFIFXZT2PXTO4ZXK2IR4RRYYS2C6FEWZLUXT6FWAFCQFX6ESYG\">Entrevista a Rodrigo Saens, acad\u00e9mico de la Facultad de Econom\u00eda y Negocios (FEN).<\/a><\/p><p>\u00a0<\/p><p><strong>CANAL MEGA<\/strong><\/p><p><a href=\"https:\/\/www.litoralpress.cl\/sitio\/RadioTV_Detalles.cshtml?LPKey=6W74VBS43EQWKJZYZFFB5ZHYSG45J77RGC2BKSTMT4S6R656VVXJW3ZIDSCZ2CRIUECIUWS7R6ECS\">Comentario de Mauricio Morales, director del Centro de An\u00e1lisis Pol\u00edtico (CAP).<\/a><\/p><p>\u00a0<\/p><p><strong>CANAL MEGA<\/strong><\/p><p><a href=\"https:\/\/www.litoralpress.cl\/sitio\/RadioTV_Detalles.cshtml?LPKey=VW6E72EFMCKLPS5OZVDLWPMVR4YDGQSZWML24BTMH3NO2A7SVD6KRH2TWCRR5VXLILZQBQP6FC3HC\">Comentario de Mauricio Morales, director del Centro de An\u00e1lisis Pol\u00edtico (CAP).<\/a><\/p><p>\u00a0<\/p><p><strong>CANAL MEGA<\/strong><\/p><p><a href=\"https:\/\/www.litoralpress.cl\/sitio\/RadioTV_Detalles.cshtml?LPKey=HOY6LXQQNFED5LMEXJVFQGBCPZXVYGV7ACUREJYDD34QAQ3NGIU3XSL5FX2DGAYBCD3ETZPUXZDZM\">Proceso Constitucional: Negociaciones por un acuerdo. Se refiere Mauricio Morales, director del Centro de An\u00e1lisis Pol\u00edtico (CAP).<\/a><\/p><p>\u00a0<\/p><p><strong>MEGANOTICIAS.CL<\/strong><\/p><p><a href=\"https:\/\/www.meganoticias.cl\/nacional\/396837-mauricio-morales-cadem-analisis-noviembre-negro-gobierno-aliados-oposicion-20-11-2022.html\">Mauricio Morales tras encuesta Cadem: Habla de &#8220;noviembre negro&#8221; para el Gobierno, sus aliados y tambi\u00e9n la oposici\u00f3n. Se refiere director del Centro de An\u00e1lisis Pol\u00edtico (CAP).<\/a><\/p><p>\u00a0<\/p><p><strong>ELDESCONCIERTO.CL<\/strong><\/p><p><a href=\"https:\/\/www.eldesconcierto.cl\/reportajes\/2022\/11\/19\/juntos-pero-no-revueltos-por-que-amarillos-y-democratas-no-son-un-solo-partido.html\">Juntos, pero no revueltos: Por qu\u00e9 Amarillos y Dem\u00f3cratas no son un solo partido. Se refiere Mauricio Morales, director del Centro de An\u00e1lisis Pol\u00edtico (CAP).<\/a><\/p><p>\u00a0<\/p><p><strong>EUROEFE.EURACTIV.ES<\/strong><\/p><p><a href=\"https:\/\/www.litoralpress.cl\/sitio\/Prensa_PaginaCompleta.cshtml?LPKey=3YFRYFKF3K4EV7QBTDAFJWUWGGEIWF5Z47WEOMS3A2TFDBDRHMZQ\">Chile-UE, 20 a\u00f1os de un exitoso acuerdo de asociaci\u00f3n en v\u00eda de modernizaci\u00f3n. Se refiere Alejandra M\u00e1rquez, acad\u00e9mica del Centro de An\u00e1lisis Pol\u00edtico (CAP).<\/a><\/p><p>\u00a0<\/p><p><strong>ES.INVESTING.COM<\/strong><\/p><p><a href=\"https:\/\/es.investing.com\/news\/stock-market-news\/chileue-20-anos-de-exitoso-acuerdo-de-asociacion-en-vias-de-modernizacion-2323439\">Chile-UE, 20 a\u00f1os de exitoso acuerdo de asociaci\u00f3n en v\u00edas de modernizaci\u00f3n. Se refiere Alejandra M\u00e1rquez, acad\u00e9mica del Centro de An\u00e1lisis Pol\u00edtico (CAP).<\/a><\/p><p>\u00a0<\/p><p><strong>SWISSINFO.CH<\/strong><\/p><p><a href=\"https:\/\/www.swissinfo.ch\/spa\/chile-ue_chile-ue--20-a%C3%B1os-de-un-exitoso-acuerdo-de-asociaci%C3%B3n-en-v%C3%ADa-de-modernizaci%C3%B3n\/48066814\">Chile-UE, 20 a\u00f1os de un exitoso acuerdo de asociaci\u00f3n en v\u00eda de modernizaci\u00f3n. Se refiere Alejandra M\u00e1rquez, acad\u00e9mica del Centro de An\u00e1lisis Pol\u00edtico (CAP).<\/a><\/p><p>\u00a0<\/p><p><strong>DIARIOTALCA.CL<\/strong><\/p><p><a href=\"https:\/\/diariotalca.cl\/deportes-francisco-orrego-competira-en-el-mundial-de-downhill-longboard\/\">Francisco Orrego competir\u00e1 en el Mundial de Downhill Longboard. Se refiere estudiante de Arquitectura.<\/a><\/p><p>\u00a0<\/p><p><strong>EL HERALDO<\/strong><\/p><p><a href=\"https:\/\/www.litoralpress.cl\/paginaconsultas\/Servicios_NClipSitio\/Get_Imagen_Nota.aspx?LPKey=TEPJ6WGX3NQCIFSZ52FW6LDJAUCN74IMY6RMJK3WQ57INFMIS6H4YQKMG4VIGTUOGDME4AU6F4O32\">Linares: Festival de Cine FELINA presenta su octava edici\u00f3n con dos aclamados estrenos nacionales. Se menciona a la UTalca.<\/a><\/p><p>\u00a0<\/p><p><strong>EL LECTOR<\/strong><\/p><p><a href=\"https:\/\/www.litoralpress.cl\/paginaconsultas\/Servicios_NClipSitio\/Get_Imagen_Nota.aspx?LPKey=3GD6A62RZQGN3FD2JHOFBTQ3TPLQRGQL6UQKOBGRQFWLCEXNQSJMEATJKWU5SY4XN3BYVBXUMN7FQ\">Festival de Cine FELINA presenta su octava edici\u00f3n con dos aclamados estrenos nacionales. Se menciona a la UTalca.<\/a><\/p><p>\u00a0<\/p>\t\t\t\t\t\t<\/div>\n\t\t\t\t<\/div>\n\t\t\t\t\t<\/div>\n\t\t<\/div>\n\t\t\t\t\t\t\t<\/div>\n\t\t<\/section>\n\t\t\t\t\t\t<\/div>\n\t\t\t\t\t<\/div>\n\t\t","protected":false},"excerpt":{"rendered":"<p>UESTATALES.CL Rector UTalca: preocupa baja asignaci\u00f3n presupuestaria para universidades estatales. \u00a0 NOTICIAS.UNAB.CL Universidad Andr\u00e9s Bello reconocer\u00e1 con el premio al m\u00e9rito 2022 a Ricardo Lagos y Manuel Pellegrini. Se menciona a \u00c1lvaro Rojas, ex rector de la UTalca. \u00a0 LA PRENSA UTalca inaugura el primer Centro en Nanomedicina del pa\u00eds. Se refieren Carlos Torres, rector &hellip;<\/p>\n<p class=\"read-more\"> <a class=\"\" href=\"https:\/\/www.reportedeprensa.utalca.cl\/?p=5727\"> <span class=\"screen-reader-text\">21 de noviembre de 2022<\/span> Read More &raquo;<\/a><\/p>\n","protected":false},"author":1,"featured_media":0,"comment_status":"closed","ping_status":"open","sticky":false,"template":"","format":"standard","meta":{"_monsterinsights_skip_tracking":false,"_monsterinsights_sitenote_active":false,"_monsterinsights_sitenote_note":"","_monsterinsights_sitenote_category":0},"categories":[27],"tags":[],"_links":{"self":[{"href":"https:\/\/www.reportedeprensa.utalca.cl\/index.php?rest_route=\/wp\/v2\/posts\/5727"}],"collection":[{"href":"https:\/\/www.reportedeprensa.utalca.cl\/index.php?rest_route=\/wp\/v2\/posts"}],"about":[{"href":"https:\/\/www.reportedeprensa.utalca.cl\/index.php?rest_route=\/wp\/v2\/types\/post"}],"author":[{"embeddable":true,"href":"https:\/\/www.reportedeprensa.utalca.cl\/index.php?rest_route=\/wp\/v2\/users\/1"}],"replies":[{"embeddable":true,"href":"https:\/\/www.reportedeprensa.utalca.cl\/index.php?rest_route=%2Fwp%2Fv2%2Fcomments&post=5727"}],"version-history":[{"count":7,"href":"https:\/\/www.reportedeprensa.utalca.cl\/index.php?rest_route=\/wp\/v2\/posts\/5727\/revisions"}],"predecessor-version":[{"id":5744,"href":"https:\/\/www.reportedeprensa.utalca.cl\/index.php?rest_route=\/wp\/v2\/posts\/5727\/revisions\/5744"}],"wp:attachment":[{"href":"https:\/\/www.reportedeprensa.utalca.cl\/index.php?rest_route=%2Fwp%2Fv2%2Fmedia&parent=5727"}],"wp:term":[{"taxonomy":"category","embeddable":true,"href":"https:\/\/www.reportedeprensa.utalca.cl\/index.php?rest_route=%2Fwp%2Fv2%2Fcategories&post=5727"},{"taxonomy":"post_tag","embeddable":true,"href":"https:\/\/www.reportedeprensa.utalca.cl\/index.php?rest_route=%2Fwp%2Fv2%2Ftags&post=5727"}],"curies":[{"name":"wp","href":"https:\/\/api.w.org\/{rel}","templated":true}]}}