{"id":573,"date":"2021-03-29T09:06:16","date_gmt":"2021-03-29T12:06:16","guid":{"rendered":"https:\/\/www.reportedeprensa.utalca.cl\/?p=573"},"modified":"2021-03-29T09:17:25","modified_gmt":"2021-03-29T12:17:25","slug":"29-de-marzo-de-2021","status":"publish","type":"post","link":"https:\/\/www.reportedeprensa.utalca.cl\/?p=573","title":{"rendered":"29 de marzo de 2021"},"content":{"rendered":"\t\t<div data-elementor-type=\"wp-post\" data-elementor-id=\"573\" class=\"elementor elementor-573\" data-elementor-settings=\"[]\">\n\t\t\t\t\t\t\t<div class=\"elementor-section-wrap\">\n\t\t\t\t\t\t\t<section class=\"elementor-section elementor-top-section elementor-element elementor-element-a06ca45 elementor-section-boxed elementor-section-height-default elementor-section-height-default\" data-id=\"a06ca45\" data-element_type=\"section\">\n\t\t\t\t\t\t<div class=\"elementor-container elementor-column-gap-default\">\n\t\t\t\t\t<div class=\"elementor-column elementor-col-100 elementor-top-column elementor-element elementor-element-1486c35\" data-id=\"1486c35\" data-element_type=\"column\">\n\t\t\t<div class=\"elementor-widget-wrap elementor-element-populated\">\n\t\t\t\t\t\t\t\t<div class=\"elementor-element elementor-element-42b145e elementor-widget elementor-widget-text-editor\" data-id=\"42b145e\" data-element_type=\"widget\" data-widget_type=\"text-editor.default\">\n\t\t\t\t<div class=\"elementor-widget-container\">\n\t\t\t\t\t\t\t\t<p><b>ADPRENSA.CL<\/b><\/p><p><a style=\"font-style: inherit; font-weight: inherit; background-color: #ffffff; font-family: -apple-system, BlinkMacSystemFont,;\" href=\"https:\/\/www.adprensa.cl\/cronica\/investigacion-destaca-a-la-utalca-entre-las-universidades-que-mas-miden-su-propia-huella-de-carbono-2\/\" target=\"_blank\" rel=\"noopener\">Investigaci\u00f3n destaca a la UTalca entre las universidades que m\u00e1s miden su propia huella de carbono.<\/a><\/p>\t\t\t\t\t\t<\/div>\n\t\t\t\t<\/div>\n\t\t\t\t<div class=\"elementor-element elementor-element-922d785 elementor-widget elementor-widget-text-editor\" data-id=\"922d785\" data-element_type=\"widget\" data-widget_type=\"text-editor.default\">\n\t\t\t\t<div class=\"elementor-widget-container\">\n\t\t\t\t\t\t\t\t<p><b>PORTALEDUCACION.CL<\/b><\/p><p><a style=\"font-style: inherit; font-weight: inherit; background-color: #ffffff; font-family: -apple-system, BlinkMacSystemFont,;\" href=\"https:\/\/portaleducacion.cl\/index.php\/2021\/03\/26\/investigacion-destaca-a-la-utalca-entre-las-universidades-que-mas-miden-su-propia-huella-de-carbono\/\" target=\"_blank\" rel=\"noopener\">Investigaci\u00f3n destaca a la UTalca entre las universidades que m\u00e1s miden su propia huella de carbono.<\/a><\/p>\t\t\t\t\t\t<\/div>\n\t\t\t\t<\/div>\n\t\t\t\t<div class=\"elementor-element elementor-element-22a5298 elementor-widget elementor-widget-text-editor\" data-id=\"22a5298\" data-element_type=\"widget\" data-widget_type=\"text-editor.default\">\n\t\t\t\t<div class=\"elementor-widget-container\">\n\t\t\t\t\t\t\t\t<p><b>MAULEE.CL<\/b><\/p><p><a style=\"font-style: inherit; font-weight: inherit; background-color: #ffffff; font-family: -apple-system, BlinkMacSystemFont,;\" href=\"https:\/\/www.maulee.cl\/investigacion-destaca-a-la-utalca-entre-las-universidades-que-mas-miden-su-propia-huella-de-carbono\/\" target=\"_blank\" rel=\"noopener\">Investigaci\u00f3n destaca a la UTalca entre las universidades que m\u00e1s miden su propia huella de carbono.<\/a><\/p>\t\t\t\t\t\t<\/div>\n\t\t\t\t<\/div>\n\t\t\t\t<div class=\"elementor-element elementor-element-a3c2c7f elementor-widget elementor-widget-text-editor\" data-id=\"a3c2c7f\" data-element_type=\"widget\" data-widget_type=\"text-editor.default\">\n\t\t\t\t<div class=\"elementor-widget-container\">\n\t\t\t\t\t\t\t\t<p><b>SEXTANOTICIAS.CL<\/b><\/p><p><a style=\"font-style: inherit; font-weight: inherit; background-color: #ffffff; font-family: -apple-system, BlinkMacSystemFont,;\" href=\"https:\/\/www.sextanoticias.cl\/investigacion-destaca-a-la-utalca-entre-las-universidades-que-mas-miden-su-propia-huella-de-carbono\/\" target=\"_blank\" rel=\"noopener\">Investigaci\u00f3n destaca a la UTalca entre las universidades que m\u00e1s miden su propia huella de carbono.<\/a><\/p>\t\t\t\t\t\t<\/div>\n\t\t\t\t<\/div>\n\t\t\t\t<div class=\"elementor-element elementor-element-9c0a827 elementor-widget elementor-widget-text-editor\" data-id=\"9c0a827\" data-element_type=\"widget\" data-widget_type=\"text-editor.default\">\n\t\t\t\t<div class=\"elementor-widget-container\">\n\t\t\t\t\t\t\t\t<p><b>ADPRENSA.CL<\/b><\/p><p><a style=\"font-style: inherit; font-weight: inherit; background-color: #ffffff; font-family: -apple-system, BlinkMacSystemFont,;\" href=\"https:\/\/www.adprensa.cl\/cronica\/programa-cieplan-utalca-se-renueva-e-incorpora-nuevos-temas-de-estudio-2\/\" target=\"_blank\" rel=\"noopener\">Programa Cieplan-UTalca se renueva e incorpora nuevos temas de estudio.<\/a><\/p>\t\t\t\t\t\t<\/div>\n\t\t\t\t<\/div>\n\t\t\t\t<div class=\"elementor-element elementor-element-3f4a52c elementor-widget elementor-widget-text-editor\" data-id=\"3f4a52c\" data-element_type=\"widget\" data-widget_type=\"text-editor.default\">\n\t\t\t\t<div class=\"elementor-widget-container\">\n\t\t\t\t\t\t\t\t<p><b>PORTALEDUCACION.CL<\/b><\/p><p><a style=\"font-style: inherit; font-weight: inherit; background-color: #ffffff; font-family: -apple-system, BlinkMacSystemFont,;\" href=\"https:\/\/portaleducacion.cl\/index.php\/2021\/03\/26\/programa-cieplan-utalca-se-renueva-e-incorpora-nuevos-temas-de-estudio\/\" target=\"_blank\" rel=\"noopener\">Programa Cieplan-UTalca se renueva e incorpora nuevos temas de estudio.<\/a><\/p>\t\t\t\t\t\t<\/div>\n\t\t\t\t<\/div>\n\t\t\t\t<div class=\"elementor-element elementor-element-fabe3bb elementor-widget elementor-widget-text-editor\" data-id=\"fabe3bb\" data-element_type=\"widget\" data-widget_type=\"text-editor.default\">\n\t\t\t\t<div class=\"elementor-widget-container\">\n\t\t\t\t\t\t\t\t<p><b>CANAL CNN CHILE<\/b><\/p><p><a style=\"font-style: inherit; font-weight: inherit; background-color: #ffffff; font-family: -apple-system, BlinkMacSystemFont,;\" href=\"https:\/\/www.litoralpress.cl\/Archivos\/.Lvjy4aabu.Z.D3z.It.N46d5b.Q.%c3%96.%c3%96.mp4\" target=\"_blank\" rel=\"noopener\">Entrevista a Iv\u00e1n Palomo, investigador y acad\u00e9mico de la Facultad de Ciencias de la Salud de la UTalca y coordinador de la Mesa T\u00e9cnica de Envejecimiento de las Universidades del Estado de Chile.<\/a><\/p>\t\t\t\t\t\t<\/div>\n\t\t\t\t<\/div>\n\t\t\t\t<div class=\"elementor-element elementor-element-6c6bb5f elementor-widget elementor-widget-text-editor\" data-id=\"6c6bb5f\" data-element_type=\"widget\" data-widget_type=\"text-editor.default\">\n\t\t\t\t<div class=\"elementor-widget-container\">\n\t\t\t\t\t\t\t\t<p><b>RADIO LA CLAVE<\/b><\/p><p><a style=\"font-style: inherit; font-weight: inherit; background-color: #ffffff; font-family: -apple-system, BlinkMacSystemFont,;\" href=\"https:\/\/www.litoralpress.cl\/Archivos\/.Vno45z.Cjkr.T6.%c3%9cx8z.Vds1yg.%c3%96.%c3%96.mp3\" target=\"_blank\" rel=\"noopener\">Panel de actualidad. Se refiere Daniel Jim\u00e9nez, director de Salud del Estudiante de la UTalca.<\/a><\/p>\t\t\t\t\t\t<\/div>\n\t\t\t\t<\/div>\n\t\t\t\t<div class=\"elementor-element elementor-element-43bf74e elementor-widget elementor-widget-text-editor\" data-id=\"43bf74e\" data-element_type=\"widget\" data-widget_type=\"text-editor.default\">\n\t\t\t\t<div class=\"elementor-widget-container\">\n\t\t\t\t\t\t\t\t<p><b>RADIO IMAGEN<\/b><\/p><p><a style=\"font-style: inherit; font-weight: inherit; background-color: #ffffff; font-family: -apple-system, BlinkMacSystemFont,;\" href=\"https:\/\/www.litoralpress.cl\/Archivos\/8pah.X.U14.Nrto.K.V.Vt.N.F.Z8jw.%c3%96.%c3%96.mp3\" target=\"_blank\" rel=\"noopener\">Entrevista a Daniel Jim\u00e9nez, director de Salud del Estudiante de la UTalca.<\/a><\/p>\t\t\t\t\t\t<\/div>\n\t\t\t\t<\/div>\n\t\t\t\t<div class=\"elementor-element elementor-element-d7b49d0 elementor-widget elementor-widget-text-editor\" data-id=\"d7b49d0\" data-element_type=\"widget\" data-widget_type=\"text-editor.default\">\n\t\t\t\t<div class=\"elementor-widget-container\">\n\t\t\t\t\t\t\t\t<p><b>CLINICASDECHILE.CL<\/b><\/p><p><a style=\"font-style: inherit; font-weight: inherit; background-color: #ffffff; font-family: -apple-system, BlinkMacSystemFont,;\" href=\"https:\/\/www.clinicasdechile.cl\/noticias\/vacunacion-para-menores-de-16-anos-podria-aprobarse-en-junio-tras-resultados-clinicos\/\" target=\"_blank\" rel=\"noopener\">Vacunaci\u00f3n para menores de 16 a\u00f1os podr\u00eda aprobarse en junio tras resultados cl\u00ednicos. Se refiere Marcelo Alarc\u00f3n, acad\u00e9mico de la Facultad de Ciencias de la Salud de la UTalca.<\/a><\/p>\t\t\t\t\t\t<\/div>\n\t\t\t\t<\/div>\n\t\t\t\t<div class=\"elementor-element elementor-element-a073d31 elementor-widget elementor-widget-text-editor\" data-id=\"a073d31\" data-element_type=\"widget\" data-widget_type=\"text-editor.default\">\n\t\t\t\t<div class=\"elementor-widget-container\">\n\t\t\t\t\t\t\t\t<p><b>EL MERCURIO (Revista del Campo)<\/b><\/p><p><a style=\"font-style: inherit; font-weight: inherit; background-color: #ffffff; font-family: -apple-system, BlinkMacSystemFont,;\" href=\"https:\/\/www.litoralpress.cl\/paginaconsultas\/Servicios_NClip\/Get_Imagen_Pagina.aspx?LPKey=.X.O.O.E0a.W.Ft.H\/.P.K.I.Ri.S.Y\/.T.C.N7xue.Ldh.R.Dlyw0s.X.%C3%9C.B.B.Rmw.%C3%96\" target=\"_blank\" rel=\"noopener\">Mejora el color, pero caen los calibres. Se refiere Jos\u00e9 Antonio Yuri, director del Centro de Pom\u00e1ceas de la UTalca.<\/a><\/p>\t\t\t\t\t\t<\/div>\n\t\t\t\t<\/div>\n\t\t\t\t<div class=\"elementor-element elementor-element-7d916ef elementor-widget elementor-widget-text-editor\" data-id=\"7d916ef\" data-element_type=\"widget\" data-widget_type=\"text-editor.default\">\n\t\t\t\t<div class=\"elementor-widget-container\">\n\t\t\t\t\t\t\t\t<p><b>EL HERALDO<\/b><\/p><p><a style=\"font-style: inherit; font-weight: inherit; background-color: #ffffff; font-family: -apple-system, BlinkMacSystemFont,;\" href=\"https:\/\/www.litoralpress.cl\/paginaconsultas\/Servicios_NClip\/Get_Imagen_Pagina.aspx?LPKey=u.%C3%9C.B.Tqjg.Muw1.Yfq.Wpl.Ot.Pp.S.W.L6o2l.Eqph.Y9.Zud7r.I.Dls.%C3%96\" target=\"_blank\" rel=\"noopener\">Acad\u00e9mica UTalca expuso en seminario sobre desaf\u00edos econ\u00f3micos de la nueva Constituci\u00f3n.<\/a><\/p>\t\t\t\t\t\t<\/div>\n\t\t\t\t<\/div>\n\t\t\t\t<div class=\"elementor-element elementor-element-dae9cfe elementor-widget elementor-widget-text-editor\" data-id=\"dae9cfe\" data-element_type=\"widget\" data-widget_type=\"text-editor.default\">\n\t\t\t\t<div class=\"elementor-widget-container\">\n\t\t\t\t\t\t\t\t<p><b>RADIO IMAGEN<\/b><\/p><p><a style=\"font-style: inherit; font-weight: inherit; background-color: #ffffff; font-family: -apple-system, BlinkMacSystemFont,;\" href=\"https:\/\/www.litoralpress.cl\/Archivos\/6.%c3%9cz.H-.Y3.X65.F.G7.Jpo.T.Xk.R.Ow.%c3%96.%c3%96.mp3\" target=\"_blank\" rel=\"noopener\">Entrevista a Rodrigo Bustamante, acad\u00e9mico de la Escuela de Ingenier\u00eda Civil en Computaci\u00f3n de la UTalca.<\/a><\/p>\t\t\t\t\t\t<\/div>\n\t\t\t\t<\/div>\n\t\t\t\t<div class=\"elementor-element elementor-element-3f1df9b elementor-widget elementor-widget-text-editor\" data-id=\"3f1df9b\" data-element_type=\"widget\" data-widget_type=\"text-editor.default\">\n\t\t\t\t<div class=\"elementor-widget-container\">\n\t\t\t\t\t\t\t\t<p><b>CANAL TVN<\/b><\/p><p><a style=\"font-style: inherit; font-weight: inherit; background-color: #ffffff; font-family: -apple-system, BlinkMacSystemFont,;\" href=\"https:\/\/www.litoralpress.cl\/Archivos\/.Uv.G4.Rc.Q.R.Tv.C.Fh.Gjc.Mgv.%c3%9c.Mg.%c3%96.%c3%96.mp4\" target=\"_blank\" rel=\"noopener\">Consejo asesor COVID recomend\u00f3 postergar las elecciones. Se refiere Mauricio Morales, acad\u00e9mico del Centro de An\u00e1lisis Pol\u00edtico (CAP) de la UTalca.<\/a><\/p>\t\t\t\t\t\t<\/div>\n\t\t\t\t<\/div>\n\t\t\t\t<div class=\"elementor-element elementor-element-232fea0 elementor-widget elementor-widget-text-editor\" data-id=\"232fea0\" data-element_type=\"widget\" data-widget_type=\"text-editor.default\">\n\t\t\t\t<div class=\"elementor-widget-container\">\n\t\t\t\t\t\t\t\t<p><b>CANAL 24 HORAS<\/b><\/p><p><a style=\"font-style: inherit; font-weight: inherit; background-color: #ffffff; font-family: -apple-system, BlinkMacSystemFont,;\" href=\"https:\/\/www.litoralpress.cl\/Archivos\/d.Ialgi.U6.F0bx.Kqb.Bk.Hc.Ez.A.%c3%96.%c3%96.mp4\" target=\"_blank\" rel=\"noopener\">Consejo asesor COVID recomend\u00f3 postergar las elecciones. Se refiere Mauricio Morales, acad\u00e9mico del Centro de An\u00e1lisis Pol\u00edtico (CAP) de la UTalca.<\/a><\/p>\t\t\t\t\t\t<\/div>\n\t\t\t\t<\/div>\n\t\t\t\t<div class=\"elementor-element elementor-element-1a28bc0 elementor-widget elementor-widget-text-editor\" data-id=\"1a28bc0\" data-element_type=\"widget\" data-widget_type=\"text-editor.default\">\n\t\t\t\t<div class=\"elementor-widget-container\">\n\t\t\t\t\t\t\t\t<p><b>RADIO DUNA<\/b><\/p><p><a style=\"font-style: inherit; font-weight: inherit; background-color: #ffffff; font-family: -apple-system, BlinkMacSystemFont,;\" href=\"https:\/\/www.litoralpress.cl\/Archivos\/.Iz.T7p.R.Rk.K.Bex-ygjx.Gm.Jww.%c3%96.%c3%96.mp3\" target=\"_blank\" rel=\"noopener\">Entrevista a Mauricio Morales, acad\u00e9mico del Centro de An\u00e1lisis Pol\u00edtico (CAP) de la UTalca.<\/a><\/p>\t\t\t\t\t\t<\/div>\n\t\t\t\t<\/div>\n\t\t\t\t<div class=\"elementor-element elementor-element-725a9d2 elementor-widget elementor-widget-text-editor\" data-id=\"725a9d2\" data-element_type=\"widget\" data-widget_type=\"text-editor.default\">\n\t\t\t\t<div class=\"elementor-widget-container\">\n\t\t\t\t\t\t\t\t<p><b>RADIO BIOB\u00cdO<\/b><\/p><p><a style=\"font-style: inherit; font-weight: inherit; background-color: #ffffff; font-family: -apple-system, BlinkMacSystemFont,;\" href=\"https:\/\/www.litoralpress.cl\/Archivos\/0.Waso.T2.H.Rapmq.K.Cfx.%c3%9c3qy.Q.%c3%96.%c3%96.mp3\" target=\"_blank\" rel=\"noopener\">Surge debate sobre postergar las presidenciales tras cambio de fecha de elecciones de abril. Se refiere Mauricio Morales, acad\u00e9mico del Centro de An\u00e1lisis Pol\u00edtico (CAP) de la UTalca.<\/a><\/p>\t\t\t\t\t\t<\/div>\n\t\t\t\t<\/div>\n\t\t\t\t<div class=\"elementor-element elementor-element-204c324 elementor-widget elementor-widget-text-editor\" data-id=\"204c324\" data-element_type=\"widget\" data-widget_type=\"text-editor.default\">\n\t\t\t\t<div class=\"elementor-widget-container\">\n\t\t\t\t\t\t\t\t<p><b>RADIO ADN<\/b><\/p><p><a style=\"font-style: inherit; font-weight: inherit; background-color: #ffffff; font-family: -apple-system, BlinkMacSystemFont,;\" href=\"https:\/\/www.litoralpress.cl\/Archivos\/90-.E.Pv7.P.Ov.R9.U.Cxkxir.O.Bg.%c3%96.%c3%96.mp3\" target=\"_blank\" rel=\"noopener\">Este lunes se determinar\u00e1 la postergaci\u00f3n de las elecciones de abril. Se refiere Mauricio Morales, acad\u00e9mico del Centro de An\u00e1lisis Pol\u00edtico (CAP) de la UTalca.<\/a><\/p>\t\t\t\t\t\t<\/div>\n\t\t\t\t<\/div>\n\t\t\t\t<div class=\"elementor-element elementor-element-8754aea elementor-widget elementor-widget-text-editor\" data-id=\"8754aea\" data-element_type=\"widget\" data-widget_type=\"text-editor.default\">\n\t\t\t\t<div class=\"elementor-widget-container\">\n\t\t\t\t\t\t\t\t<p><b>EMOL.COM<\/b><\/p><p><a style=\"font-style: inherit; font-weight: inherit; background-color: #ffffff; font-family: -apple-system, BlinkMacSystemFont,;\" href=\"https:\/\/www.emol.com\/noticias\/Nacional\/2021\/03\/27\/1016119\/Elecciones-Municipales-Batallas.html\" target=\"_blank\" rel=\"noopener\">Caciques en retirada, zonas presidencializadas e incumbentes en problemas: Las batallas a seguir en las municipales. Se refiere Mauricio Morales, acad\u00e9mico del Centro de An\u00e1lisis Pol\u00edtico (CAP) de la UTalca.<\/a><\/p>\t\t\t\t\t\t<\/div>\n\t\t\t\t<\/div>\n\t\t\t\t<div class=\"elementor-element elementor-element-3411030 elementor-widget elementor-widget-text-editor\" data-id=\"3411030\" data-element_type=\"widget\" data-widget_type=\"text-editor.default\">\n\t\t\t\t<div class=\"elementor-widget-container\">\n\t\t\t\t\t\t\t\t<p><b>EL MERCURIO DE VALPARA\u00cdSO<\/b><\/p><p><a style=\"font-style: inherit; font-weight: inherit; background-color: #ffffff; font-family: -apple-system, BlinkMacSystemFont,;\" href=\"https:\/\/www.litoralpress.cl\/paginaconsultas\/Servicios_NClip\/Get_Imagen_Pagina.aspx?LPKey=.M.Cbh.Bfgsn.Dx.X6tf.Dw.N.M48.Cdpliqqjpi9.Y04icm.Eyh.S.M.%C3%96\" target=\"_blank\" rel=\"noopener\">Nuevo escenario electoral con el surgimiento de Boric. Se refiere Mauricio Morales, acad\u00e9mico del Centro de An\u00e1lisis Pol\u00edtico (CAP) de la UTalca.<\/a><\/p>\t\t\t\t\t\t<\/div>\n\t\t\t\t<\/div>\n\t\t\t\t<div class=\"elementor-element elementor-element-e39a6b9 elementor-widget elementor-widget-text-editor\" data-id=\"e39a6b9\" data-element_type=\"widget\" data-widget_type=\"text-editor.default\">\n\t\t\t\t<div class=\"elementor-widget-container\">\n\t\t\t\t\t\t\t\t<p><b>MARAY.CL<\/b><\/p><p><a style=\"font-style: inherit; font-weight: inherit; background-color: #ffffff; font-family: -apple-system, BlinkMacSystemFont,;\" href=\"https:\/\/www.maray.cl\/2021\/03\/28\/inminente-postergacion-de-las-elecciones-presidente-pinera-tendra-reunion-clave-este-domingo\/\" target=\"_blank\" rel=\"noopener\">Inminente postergaci\u00f3n de las elecciones: Presidente Pi\u00f1era tendr\u00e1 reuni\u00f3n clave este domingo. Se refiere Mauricio Morales, acad\u00e9mico del Centro de An\u00e1lisis Pol\u00edtico (CAP) de la UTalca.<\/a><\/p>\t\t\t\t\t\t<\/div>\n\t\t\t\t<\/div>\n\t\t\t\t<div class=\"elementor-element elementor-element-dd17840 elementor-widget elementor-widget-text-editor\" data-id=\"dd17840\" data-element_type=\"widget\" data-widget_type=\"text-editor.default\">\n\t\t\t\t<div class=\"elementor-widget-container\">\n\t\t\t\t\t\t\t\t<p><b>LINARESENLINEA.CL<\/b><\/p><p><a style=\"font-style: inherit; font-weight: inherit; background-color: #ffffff; font-family: -apple-system, BlinkMacSystemFont,;\" href=\"https:\/\/www.linaresenlinea.cl\/2021\/03\/26\/elecciones-en-dos-jornadas-como-se-resguardaran-los-votos\/\" target=\"_blank\" rel=\"noopener\">Elecciones en dos jornadas: \u00bfC\u00f3mo se resguardar\u00e1n los votos? Se refiere Mario Herrera, acad\u00e9mico del Centro de An\u00e1lisis Pol\u00edtico (CAP) de la UTalca.<\/a><\/p>\t\t\t\t\t\t<\/div>\n\t\t\t\t<\/div>\n\t\t\t\t<div class=\"elementor-element elementor-element-8b0529b elementor-widget elementor-widget-text-editor\" data-id=\"8b0529b\" data-element_type=\"widget\" data-widget_type=\"text-editor.default\">\n\t\t\t\t<div class=\"elementor-widget-container\">\n\t\t\t\t\t\t\t\t<p><b>PORTALEDUCACION.CL<\/b><\/p><p><a style=\"font-style: inherit; font-weight: inherit; background-color: #ffffff; font-family: -apple-system, BlinkMacSystemFont,;\" href=\"https:\/\/portaleducacion.cl\/index.php\/2021\/03\/26\/chile-y-finlandia-cooperan-para-la-mejora-de-la-educacion-en-bioeconomia\/\" target=\"_blank\" rel=\"noopener\">Chile y Finlandia cooperan para la mejora de la educaci\u00f3n en bioeconom\u00eda. Se menciona a la UTalca.<\/a><\/p>\t\t\t\t\t\t<\/div>\n\t\t\t\t<\/div>\n\t\t\t\t<div class=\"elementor-element elementor-element-b3bfbb4 elementor-widget elementor-widget-text-editor\" data-id=\"b3bfbb4\" data-element_type=\"widget\" data-widget_type=\"text-editor.default\">\n\t\t\t\t<div class=\"elementor-widget-container\">\n\t\t\t\t\t\t\t\t<p><b>LANOTICIAONLINE.CL<\/b><\/p><p><a style=\"font-style: inherit; font-weight: inherit; background-color: #ffffff; font-family: -apple-system, BlinkMacSystemFont,;\" href=\"http:\/\/lanoticiaonline.cl\/educacion\/chile-y-finlandia-cooperan-para-la-mejora-de-la-educacion-en-bioeconomia\/\" target=\"_blank\" rel=\"noopener\">Chile y Finlandia cooperan para la mejora de la educaci\u00f3n en bioeconom\u00eda. Se menciona a la UTalca.<\/a><\/p>\t\t\t\t\t\t<\/div>\n\t\t\t\t<\/div>\n\t\t\t\t<div class=\"elementor-element elementor-element-6ec6872 elementor-widget elementor-widget-text-editor\" data-id=\"6ec6872\" data-element_type=\"widget\" data-widget_type=\"text-editor.default\">\n\t\t\t\t<div class=\"elementor-widget-container\">\n\t\t\t\t\t\t\t\t<p><b>ADPRENSA.CL<\/b><\/p><p><a style=\"font-style: inherit; font-weight: inherit; background-color: #ffffff; font-family: -apple-system, BlinkMacSystemFont,;\" href=\"https:\/\/www.adprensa.cl\/cronica\/editorial-utalca-presenta-libro-de-sonia-montecino-que-rescata-desde-la-oralidad-la-cosmovision-y-cultura-del-pueblo-mapuche\/\" target=\"_blank\" rel=\"noopener\">Editorial UTalca presenta libro de Sonia Montecino que rescata desde la oralidad, la cosmovisi\u00f3n y cultura del pueblo mapuche.<\/a><\/p>\t\t\t\t\t\t<\/div>\n\t\t\t\t<\/div>\n\t\t\t\t<div class=\"elementor-element elementor-element-3d58cbb elementor-widget elementor-widget-text-editor\" data-id=\"3d58cbb\" data-element_type=\"widget\" data-widget_type=\"text-editor.default\">\n\t\t\t\t<div class=\"elementor-widget-container\">\n\t\t\t\t\t\t\t\t<p><b>PORTALEDUCACION.CL<\/b><\/p><p><a style=\"font-style: inherit; font-weight: inherit; background-color: #ffffff; font-family: -apple-system, BlinkMacSystemFont,;\" href=\"https:\/\/portaleducacion.cl\/index.php\/2021\/03\/26\/editorial-utalca-presenta-libro-de-sonia-montecino-que-rescata-desde-la-oralidad-la-cosmovision-y-cultura-del-pueblo-mapuche\/\" target=\"_blank\" rel=\"noopener\">Editorial UTalca presenta libro de Sonia Montecino que rescata desde la oralidad, la cosmovisi\u00f3n y cultura del pueblo mapuche.<\/a><\/p>\t\t\t\t\t\t<\/div>\n\t\t\t\t<\/div>\n\t\t\t\t<div class=\"elementor-element elementor-element-e8b051c elementor-widget elementor-widget-text-editor\" data-id=\"e8b051c\" data-element_type=\"widget\" data-widget_type=\"text-editor.default\">\n\t\t\t\t<div class=\"elementor-widget-container\">\n\t\t\t\t\t\t\t\t<p><b>EL HERALDO<\/b><\/p><p><a style=\"font-style: inherit; font-weight: inherit; background-color: #ffffff; font-family: -apple-system, BlinkMacSystemFont,;\" href=\"https:\/\/www.litoralpress.cl\/paginaconsultas\/Servicios_NClip\/Get_Imagen_Pagina.aspx?LPKey=.A.Tma8.V.P85s.F.Vqd.I1.B3e.%C3%9C4.Pwf.E.L4m.Y2t.Dbhq.Qdph.D.V80.%C3%96\" target=\"_blank\" rel=\"noopener\">Editorial UTalca presenta libro de Sonia Montecino que rescata desde la oralidad, la cosmovisi\u00f3n y cultura del pueblo mapuche.<\/a><\/p>\t\t\t\t\t\t<\/div>\n\t\t\t\t<\/div>\n\t\t\t\t<div class=\"elementor-element elementor-element-0460135 elementor-widget elementor-widget-text-editor\" data-id=\"0460135\" data-element_type=\"widget\" data-widget_type=\"text-editor.default\">\n\t\t\t\t<div class=\"elementor-widget-container\">\n\t\t\t\t\t\t\t\t<p><b>TVN RED MAULE<\/b><\/p><p><a style=\"font-style: inherit; font-weight: inherit; background-color: #ffffff; font-family: -apple-system, BlinkMacSystemFont,;\" href=\"https:\/\/www.litoralpress.cl\/Archivos\/.W2.Vd2f.W.Ko.Gm.W.M0.%c3%9cik8.Vy.Rw.%c3%96.%c3%96.mp4\" target=\"_blank\" rel=\"noopener\">Panoramas culturales para el fin de semana. Se menciona Centro de Extensi\u00f3n de la UTalca.<\/a><\/p>\t\t\t\t\t\t<\/div>\n\t\t\t\t<\/div>\n\t\t\t\t\t<\/div>\n\t\t<\/div>\n\t\t\t\t\t\t\t<\/div>\n\t\t<\/section>\n\t\t\t\t\t\t<\/div>\n\t\t\t\t\t<\/div>\n\t\t","protected":false},"excerpt":{"rendered":"<p>ADPRENSA.CL Investigaci\u00f3n destaca a la UTalca entre las universidades que m\u00e1s miden su propia huella de carbono. PORTALEDUCACION.CL Investigaci\u00f3n destaca a la UTalca entre las universidades que m\u00e1s miden su propia huella de carbono. MAULEE.CL Investigaci\u00f3n destaca a la UTalca entre las universidades que m\u00e1s miden su propia huella de carbono. SEXTANOTICIAS.CL Investigaci\u00f3n destaca a &hellip;<\/p>\n<p class=\"read-more\"> <a class=\"\" href=\"https:\/\/www.reportedeprensa.utalca.cl\/?p=573\"> <span class=\"screen-reader-text\">29 de marzo de 2021<\/span> Read More &raquo;<\/a><\/p>\n","protected":false},"author":1,"featured_media":0,"comment_status":"closed","ping_status":"open","sticky":false,"template":"elementor_theme","format":"standard","meta":{"_monsterinsights_skip_tracking":false,"_monsterinsights_sitenote_active":false,"_monsterinsights_sitenote_note":"","_monsterinsights_sitenote_category":0},"categories":[4],"tags":[],"_links":{"self":[{"href":"https:\/\/www.reportedeprensa.utalca.cl\/index.php?rest_route=\/wp\/v2\/posts\/573"}],"collection":[{"href":"https:\/\/www.reportedeprensa.utalca.cl\/index.php?rest_route=\/wp\/v2\/posts"}],"about":[{"href":"https:\/\/www.reportedeprensa.utalca.cl\/index.php?rest_route=\/wp\/v2\/types\/post"}],"author":[{"embeddable":true,"href":"https:\/\/www.reportedeprensa.utalca.cl\/index.php?rest_route=\/wp\/v2\/users\/1"}],"replies":[{"embeddable":true,"href":"https:\/\/www.reportedeprensa.utalca.cl\/index.php?rest_route=%2Fwp%2Fv2%2Fcomments&post=573"}],"version-history":[{"count":4,"href":"https:\/\/www.reportedeprensa.utalca.cl\/index.php?rest_route=\/wp\/v2\/posts\/573\/revisions"}],"predecessor-version":[{"id":577,"href":"https:\/\/www.reportedeprensa.utalca.cl\/index.php?rest_route=\/wp\/v2\/posts\/573\/revisions\/577"}],"wp:attachment":[{"href":"https:\/\/www.reportedeprensa.utalca.cl\/index.php?rest_route=%2Fwp%2Fv2%2Fmedia&parent=573"}],"wp:term":[{"taxonomy":"category","embeddable":true,"href":"https:\/\/www.reportedeprensa.utalca.cl\/index.php?rest_route=%2Fwp%2Fv2%2Fcategories&post=573"},{"taxonomy":"post_tag","embeddable":true,"href":"https:\/\/www.reportedeprensa.utalca.cl\/index.php?rest_route=%2Fwp%2Fv2%2Ftags&post=573"}],"curies":[{"name":"wp","href":"https:\/\/api.w.org\/{rel}","templated":true}]}}