{"id":5745,"date":"2022-11-22T10:11:39","date_gmt":"2022-11-22T13:11:39","guid":{"rendered":"https:\/\/www.reportedeprensa.utalca.cl\/?p=5745"},"modified":"2022-11-22T10:20:34","modified_gmt":"2022-11-22T13:20:34","slug":"22-de-noviembre-de-2022","status":"publish","type":"post","link":"https:\/\/www.reportedeprensa.utalca.cl\/?p=5745","title":{"rendered":"22 de noviembre de 2022"},"content":{"rendered":"\t\t<div data-elementor-type=\"wp-post\" data-elementor-id=\"5745\" class=\"elementor elementor-5745\" data-elementor-settings=\"[]\">\n\t\t\t\t\t\t\t<div class=\"elementor-section-wrap\">\n\t\t\t\t\t\t\t<section class=\"elementor-section elementor-top-section elementor-element elementor-element-2a4b4b83 elementor-section-boxed elementor-section-height-default elementor-section-height-default\" data-id=\"2a4b4b83\" data-element_type=\"section\">\n\t\t\t\t\t\t<div class=\"elementor-container elementor-column-gap-default\">\n\t\t\t\t\t<div class=\"elementor-column elementor-col-100 elementor-top-column elementor-element elementor-element-24a78540\" data-id=\"24a78540\" data-element_type=\"column\">\n\t\t\t<div class=\"elementor-widget-wrap elementor-element-populated\">\n\t\t\t\t\t\t\t\t<div class=\"elementor-element elementor-element-55b07e54 elementor-widget elementor-widget-text-editor\" data-id=\"55b07e54\" data-element_type=\"widget\" data-widget_type=\"text-editor.default\">\n\t\t\t\t<div class=\"elementor-widget-container\">\n\t\t\t\t\t\t\t\t<p><strong>DIARIOTALCA.CL<\/strong><\/p><p><a href=\"https:\/\/diariotalca.cl\/universidad-de-talca-anuncia-nueva-oferta-de-becas-y-apoyos-a-estudiantes\/\">Universidad de Talca anuncia nueva oferta de becas y apoyos a estudiantes. Se refiere Paula Caballero, vicerrectora de Desarrollo Estudiantil.<\/a><\/p><p>\u00a0<\/p><p><strong>ELMOSTRADOR.CL<\/strong><\/p><p><a href=\"https:\/\/www.elmostrador.cl\/agenda-pais\/2022\/11\/21\/lanzan-aplicacion-para-educar-sobre-el-cuidado-de-la-salud-mental\/\">Lanzan aplicaci\u00f3n para educar sobre el cuidado de la salud mental. Se refieren Cristi\u00e1n Rojas, vicerrector Acad\u00e9mico; Nadia Ramos, directora del Centro Psicolog\u00eda Aplicada (CEPA); y Felipe Besoa\u00edn, acad\u00e9mico de la Facultad de Ingenier\u00eda.<\/a><\/p><p>\u00a0<\/p><p><strong>DIARIOELHERALDO.CL<\/strong><\/p><p><a href=\"https:\/\/www.diarioelheraldo.cl\/noticia\/centro-tecnologico-de-la-utalca-extiende-sus-terapias-de-telerrehabilitacion-a-centroamerica-\">Centro Tecnol\u00f3gico de la UTalca extiende sus terapias de telerrehabilitaci\u00f3n a Centroam\u00e9rica.\u00a0 Se refieren Valeska Gatica, directora del Centro Tecnol\u00f3gico de Telerrehabilitaci\u00f3n y Neurociencias en el Movimiento Humano (CTTN) y Jorge Ayala, kinesi\u00f3logo del Centro.<\/a><\/p><p>\u00a0<\/p><p><strong>ELCENTRO.CL<\/strong><\/p><p><a href=\"https:\/\/elcentro.cl\/2022\/11\/21\/centro-tecnologico-de-la-utalca-extiende-sus-terapias-de-telerrehabilitacion-a-centroamerica\/\">Centro Tecnol\u00f3gico de la UTalca extiende sus terapias de telerrehabilitaci\u00f3n a Centroam\u00e9rica.\u00a0 Se refieren Valeska Gatica, directora del Centro Tecnol\u00f3gico de Telerrehabilitaci\u00f3n y Neurociencias en el Movimiento Humano (CTTN) y Jorge Ayala, kinesi\u00f3logo del Centro.<\/a><\/p><p>\u00a0<\/p><p><strong>NOVACIENCIA.ES<\/strong><\/p><p><a href=\"https:\/\/www.litoralpress.cl\/sitio\/Prensa_PaginaCompleta.cshtml?LPKey=AM52D5PMEU5ECHRB5CDT3Y3WUMSOZOHQQ62Z5U4FGHYA34EPDWGA\">UTalca y Movistar Empresas lanzan el primer laboratorio Holograma 5G para convertir a Chile en un polo tecnol\u00f3gico en la regi\u00f3n. Se refieren Carlos Torres, rector de la UTalca y Ariela Vergara, vicerrectora de Innovaci\u00f3n.<\/a><\/p><p>\u00a0<\/p><p><strong>ZOOMTECNOL\u00d3GICO.COM<\/strong><\/p><p><a href=\"https:\/\/www.zoomtecnologico.com\/2022\/11\/21\/polo-tecnologico-maule\/\">Movistar Empresas establece polo tecnol\u00f3gico en la regi\u00f3n del Maule. Se refieren Carlos Torres, rector de la UTalca y Ariela Vergara, vicerrectora de Innovaci\u00f3n.<\/a><\/p><p>\u00a0<\/p><p><strong>ATENTOS.CL<\/strong><\/p><p><a href=\"https:\/\/www.atentos.cl\/profesora-de-la-universidad-de-talca-detallo-que-se-estima-que-alrededor-de-un-50-de-las-personas-que-tengan-covid-19-en-los-proximos-meses-seran-por-la-nueva-subvariante\/\">Profesora de la UTalca detall\u00f3 que se estima que alrededor de un %0% de las personas que tengan Covid-19 en los pr\u00f3ximos meses ser\u00e1n por la nueva subvariante. Se refiere Mar\u00eda Ester Mu\u00f1oz, acad\u00e9mica de la Escuela de Enfermer\u00eda.<\/a><\/p><p>\u00a0<\/p><p><strong>ELMOSTRADOR.CL<\/strong><\/p><p><a href=\"https:\/\/www.elmostrador.cl\/agenda-pais\/2022\/11\/21\/detectan-aumento-de-obesidad-y-sobrepeso-infantil-en-escolares\/\">Detectan aumento de obesidad y sobrepeso infantil en escolares. Se refiere Francisco Monsalve, acad\u00e9mico de la Facultad de Ciencias de la Salud.<\/a><\/p><p>\u00a0<\/p><p><strong>ADPRENSA.CL<\/strong><\/p><p><a href=\"https:\/\/www.adprensa.cl\/cronica\/utalca-detectan-aumento-de-obesidad-y-sobrepeso-infantil-en-escolares\/\">UTalca: Detectan aumento de obesidad y sobrepeso infantil en escolares. Se refiere Francisco Monsalve, acad\u00e9mico de la Facultad de Ciencias de la Salud.<\/a><\/p><p>\u00a0<\/p><p><strong>DIARIOSENRED.COM<\/strong><\/p><p><a href=\"https:\/\/diariosenred.com\/regional\/investigadores-de-utalca-detectaron-aumento-de-obesidad-y-sobrepeso\">Investigadores de la UTalca detectaron aumento de obesidad y sobrepeso infantil en escolares. Se refiere Francisco Monsalve, acad\u00e9mico de la Facultad de Ciencias de la Salud.<\/a><\/p><p>\u00a0<\/p><p><strong>MEDIABANCO.COM<\/strong><\/p><p><a href=\"https:\/\/www.mediabanco.com\/detectan-aumento-de-obesidad-y-sobrepeso-infantil-en-escolares\/\">Detectan aumento de obesidad y sobrepeso infantil en escolares. Se refiere Francisco Monsalve, acad\u00e9mico de la Facultad de Ciencias de la Salud.<\/a><\/p><p>\u00a0<\/p><p><strong>REDMAULE.COM<\/strong><\/p><p><a href=\"https:\/\/www.redmaule.com\/regional\/investigadores-de-utalca-detectaron-aumento-de-obesidad-y-sobrepeso\">Investigadores de la UTalca detectaron aumento de obesidad y sobrepeso infantil en escolares. Se refiere Francisco Monsalve, acad\u00e9mico de la Facultad de Ciencias de la Salud.<\/a><\/p><p>\u00a0<\/p><p><strong>TVMAULE.CL<\/strong><\/p><p><a href=\"https:\/\/www.tvmaule.cl\/detectan-aumento-de-obesidad-y-sobrepeso-infantil-en-escolares\/\">Detectan aumento de obesidad y sobrepeso infantil en escolares. Se refiere Francisco Monsalve, acad\u00e9mico de la Facultad de Ciencias de la Salud.<\/a><\/p><p>\u00a0<\/p><p><strong>ELMAULEINFORMA.CL<\/strong><\/p><p><a href=\"https:\/\/elmauleinforma.cl\/detectan-alarmante-aumento-de-obesidad-y-sobrepeso-infantil-en-escolares\/\">Detectan aumento de obesidad y sobrepeso infantil en escolares. Se refiere Francisco Monsalve, acad\u00e9mico de la Facultad de Ciencias de la Salud.<\/a><\/p><p>\u00a0<\/p><p><strong>ELCACHAPOAL.CL<\/strong><\/p><p><a href=\"https:\/\/elcachapoal.cl\/2022\/11\/21\/detectan-aumento-de-obesidad-y-sobrepeso-infantil-en-escolares-%ef%bf%bc\/\">Detectan aumento de obesidad y sobrepeso infantil en escolares. Se refiere Francisco Monsalve, acad\u00e9mico de la Facultad de Ciencias de la Salud.<\/a><\/p><p>\u00a0<\/p><p><strong>ELDIARIOSANTIAGO.CL<\/strong><\/p><p><a href=\"https:\/\/eldiariosantiago.cl\/2022\/11\/21\/detectan-aumento-de-obesidad-y-sobrepeso-infantil-en-escolares\/\">Detectan aumento de obesidad y sobrepeso infantil en escolares. Se refiere Francisco Monsalve, acad\u00e9mico de la Facultad de Ciencias de la Salud.<\/a><\/p><p>\u00a0<\/p><p><strong>VGR\u00c1FICO.CL<\/strong><\/p><p><a href=\"https:\/\/vgrafico.cl\/2022\/11\/21\/estudio-2\/\">Detectan aumento de obesidad y sobrepeso infantil en escolares. Se refiere Francisco Monsalve, acad\u00e9mico de la Facultad de Ciencias de la Salud.<\/a><\/p><p>\u00a0<\/p><p><strong>RADIO BIO-B\u00cdO DE VALPARA\u00cdSO<\/strong><\/p><p><a href=\"https:\/\/www.litoralpress.cl\/sitio\/RadioTV_Detalles.cshtml?LPKey=4RUSOFLICGQA3IAODP4ORQCD6BRGZZRHI73LXFWP2VDUBTPQ7VJTVZ7WLMCRKCOEMOLU5ZEGODTGY\">Entrevista a Omar Fuentes, acad\u00e9mico de la Escuela de Enfermer\u00eda.<\/a><\/p><p>\u00a0<\/p><p><strong>ELMAULEINFORMA.CL<\/strong><\/p><p><a href=\"https:\/\/elmauleinforma.cl\/con-exito-se-desarrollo-feria-agrotech-punto-de-encuentro-para-el-sector-agricola-y-agroindustrial\/\">Con \u00e9xito se desarroll\u00f3 feria AgroTech punto de encuentro para el sector agr\u00edcola y agroindustrial. Se refiere Javier Mu\u00f1oz, decano de la Facultad de Ingenier\u00eda.<\/a><\/p><p>\u00a0<\/p><p><strong>ENERGIA.GOB.CL<\/strong><\/p><p><a href=\"https:\/\/energia.gob.cl\/noticias\/maule\/conversatorio-busca-motivar-alumnas-de-ensenanza-media-estudiar-carreras-del-area-cientifica\">Conversatorio busca motivar a alumnas de ense\u00f1anza media a estudiar carreras del \u00e1rea cient\u00edfica. Se refiere Karin Saavedra, directora de Vinculaci\u00f3n con el Medio.<\/a><\/p><p>\u00a0<\/p><p><strong>AMERICAECONOMIA.COM<\/strong><\/p><p><a href=\"https:\/\/www.americaeconomia.com\/negocios-industrias\/tecnologia-innovacion\/chilena-partner-proyecta-cerrar-2022-con-un-crecimiento-de\">Chilena Partner proyecta cerrar 2022 con un crecimiento de 30% en sus ventas. Se menciona al Centro Tecnol\u00f3gico de la Vid y el Vino (CTVV).<\/a><\/p><p>\u00a0<\/p><p><strong>LA SEGUNDA<\/strong><\/p><p><a href=\"https:\/\/www.litoralpress.cl\/sitio\/Prensa_PaginaCompleta.cshtml?LPKey=JZO24G45UCJHYYXJK6SLJHB2OQFUDNVGBENC465HZVLHR235375A\">Ministros PS y PPD, los mejor evaluados del gabinete. Se refiere Mauricio Morales, director del Centro de An\u00e1lisis Pol\u00edtico (CAP).<\/a><\/p><p>\u00a0<\/p><p><strong>PUBLIMETRO<\/strong><\/p><p><a href=\"https:\/\/www.litoralpress.cl\/paginaconsultas\/Servicios_NClipSitio\/Get_Imagen_Nota.aspx?LPKey=MKZPFSCR7OYLD63XDSYAVRPPDSUTUMO3JJCPX4KOBAWYWRWKPALFRQ3SUBV37IWE7OJJZQMMHX6KI\">Negociaci\u00f3n por la Nueva Constituci\u00f3n llega a su plazo fatal. Se refiere Mauricio Morales, director del Centro de An\u00e1lisis Pol\u00edtico (CAP).<\/a><\/p><p>\u00a0<\/p><p><strong>PUBLIMETRO<\/strong><\/p><p><a href=\"https:\/\/www.litoralpress.cl\/paginaconsultas\/Servicios_NClipSitio\/Get_Imagen_Nota.aspx?LPKey=66XFHVIRFPZD6I5M763MJ2JNXVU46RVDAP57NCDNXJB2VRAFAHXMPTSYCRF3K5LQRLEYDGS7LICKW\">Que la ciudadan\u00eda pierda inter\u00e9s es un peligro real. Se refiere Mauricio Morales, director del Centro de An\u00e1lisis Pol\u00edtico (CAP).<\/a><\/p><p>\u00a0<\/p><p><strong>RADIO INFINITA<\/strong><\/p><p><a href=\"https:\/\/www.litoralpress.cl\/sitio\/RadioTV_Detalles.cshtml?LPKey=W3OSDBGGCDDAN4M3NRMXW7VNFPCUJEF34GYIN3DKJWY3ZYHVNMYA6NGAYVYC7Y2RXKZZPVCBQIXAO\">Comentario de Mauricio Morales, director del Centro de An\u00e1lisis Pol\u00edtico (CAP).<\/a><\/p><p>\u00a0<\/p><p><strong>INFINITA.CL<\/strong><\/p><p><a href=\"https:\/\/www.infinita.cl\/columnas\/2022\/11\/21\/rodrigo-bravo-mauricio-morales-fiscal-nacional.html\">Comentario de Mauricio Morales, director del Centro de An\u00e1lisis Pol\u00edtico (CAP).<\/a><\/p><p>\u00a0<\/p><p><strong>MINAGRI.GOB.CL<\/strong><\/p><p><a href=\"https:\/\/www.minagri.gob.cl\/noticia\/alumnos-del-instituto-juan-terrier-recibieron-premios-de-concurso-fia-savialab\/\">Alumnos del Instituto Juan Terrier recibieron premios de concurso FIA SaviaLab. Se menciona a la UTalca.<\/a><\/p><p>\u00a0<\/p><p><strong>MASQUENOTICIAS.CL<\/strong><\/p><p><a href=\"https:\/\/masquenoticias.cl\/2022\/11\/21\/festival-de-cine-felina-presenta-su-octava-edicion-con-dos-aclamados-estrenos-nacionales\/\">Festival de Cine FELINA presenta su octava edici\u00f3n con dos aclamados estrenos nacionales. Se menciona a la UTalca.<\/a><\/p><p>\u00a0<\/p>\t\t\t\t\t\t<\/div>\n\t\t\t\t<\/div>\n\t\t\t\t\t<\/div>\n\t\t<\/div>\n\t\t\t\t\t\t\t<\/div>\n\t\t<\/section>\n\t\t\t\t\t\t<\/div>\n\t\t\t\t\t<\/div>\n\t\t","protected":false},"excerpt":{"rendered":"<p>DIARIOTALCA.CL Universidad de Talca anuncia nueva oferta de becas y apoyos a estudiantes. Se refiere Paula Caballero, vicerrectora de Desarrollo Estudiantil. \u00a0 ELMOSTRADOR.CL Lanzan aplicaci\u00f3n para educar sobre el cuidado de la salud mental. Se refieren Cristi\u00e1n Rojas, vicerrector Acad\u00e9mico; Nadia Ramos, directora del Centro Psicolog\u00eda Aplicada (CEPA); y Felipe Besoa\u00edn, acad\u00e9mico de la Facultad &hellip;<\/p>\n<p class=\"read-more\"> <a class=\"\" href=\"https:\/\/www.reportedeprensa.utalca.cl\/?p=5745\"> <span class=\"screen-reader-text\">22 de noviembre de 2022<\/span> Read More &raquo;<\/a><\/p>\n","protected":false},"author":1,"featured_media":0,"comment_status":"closed","ping_status":"open","sticky":false,"template":"","format":"standard","meta":{"_monsterinsights_skip_tracking":false,"_monsterinsights_sitenote_active":false,"_monsterinsights_sitenote_note":"","_monsterinsights_sitenote_category":0},"categories":[27],"tags":[],"_links":{"self":[{"href":"https:\/\/www.reportedeprensa.utalca.cl\/index.php?rest_route=\/wp\/v2\/posts\/5745"}],"collection":[{"href":"https:\/\/www.reportedeprensa.utalca.cl\/index.php?rest_route=\/wp\/v2\/posts"}],"about":[{"href":"https:\/\/www.reportedeprensa.utalca.cl\/index.php?rest_route=\/wp\/v2\/types\/post"}],"author":[{"embeddable":true,"href":"https:\/\/www.reportedeprensa.utalca.cl\/index.php?rest_route=\/wp\/v2\/users\/1"}],"replies":[{"embeddable":true,"href":"https:\/\/www.reportedeprensa.utalca.cl\/index.php?rest_route=%2Fwp%2Fv2%2Fcomments&post=5745"}],"version-history":[{"count":7,"href":"https:\/\/www.reportedeprensa.utalca.cl\/index.php?rest_route=\/wp\/v2\/posts\/5745\/revisions"}],"predecessor-version":[{"id":5755,"href":"https:\/\/www.reportedeprensa.utalca.cl\/index.php?rest_route=\/wp\/v2\/posts\/5745\/revisions\/5755"}],"wp:attachment":[{"href":"https:\/\/www.reportedeprensa.utalca.cl\/index.php?rest_route=%2Fwp%2Fv2%2Fmedia&parent=5745"}],"wp:term":[{"taxonomy":"category","embeddable":true,"href":"https:\/\/www.reportedeprensa.utalca.cl\/index.php?rest_route=%2Fwp%2Fv2%2Fcategories&post=5745"},{"taxonomy":"post_tag","embeddable":true,"href":"https:\/\/www.reportedeprensa.utalca.cl\/index.php?rest_route=%2Fwp%2Fv2%2Ftags&post=5745"}],"curies":[{"name":"wp","href":"https:\/\/api.w.org\/{rel}","templated":true}]}}