{"id":5763,"date":"2022-11-23T08:46:59","date_gmt":"2022-11-23T11:46:59","guid":{"rendered":"https:\/\/www.reportedeprensa.utalca.cl\/?p=5763"},"modified":"2022-11-23T09:27:12","modified_gmt":"2022-11-23T12:27:12","slug":"23-de-noviembre-de-2022","status":"publish","type":"post","link":"https:\/\/www.reportedeprensa.utalca.cl\/?p=5763","title":{"rendered":"23 de noviembre de 2022"},"content":{"rendered":"\t\t<div data-elementor-type=\"wp-post\" data-elementor-id=\"5763\" class=\"elementor elementor-5763\" data-elementor-settings=\"[]\">\n\t\t\t\t\t\t\t<div class=\"elementor-section-wrap\">\n\t\t\t\t\t\t\t<section class=\"elementor-section elementor-top-section elementor-element elementor-element-2a4b4b83 elementor-section-boxed elementor-section-height-default elementor-section-height-default\" data-id=\"2a4b4b83\" data-element_type=\"section\">\n\t\t\t\t\t\t<div class=\"elementor-container elementor-column-gap-default\">\n\t\t\t\t\t<div class=\"elementor-column elementor-col-100 elementor-top-column elementor-element elementor-element-24a78540\" data-id=\"24a78540\" data-element_type=\"column\">\n\t\t\t<div class=\"elementor-widget-wrap elementor-element-populated\">\n\t\t\t\t\t\t\t\t<div class=\"elementor-element elementor-element-55b07e54 elementor-widget elementor-widget-text-editor\" data-id=\"55b07e54\" data-element_type=\"widget\" data-widget_type=\"text-editor.default\">\n\t\t\t\t<div class=\"elementor-widget-container\">\n\t\t\t\t\t\t\t\t<p><strong>LATERCERA.COM<\/strong><\/p><p><a href=\"https:\/\/www.latercera.com\/servicios\/noticia\/admision-2023-conoce-el-listado-de-universidades-adscritas-a-gratuidad\/INABUZSKLFCHVM7ZAIMSNU3HMU\/\">Admisi\u00f3n 2023: conoce el listado de universidades adscritas a gratuidad.<\/a><\/p><p>\u00a0<\/p><p><strong>EMOL.COM<\/strong><\/p><p><a href=\"https:\/\/www.emol.com\/noticias\/Economia\/2022\/11\/21\/1078949\/laboratorio-5g-maule-movistar-empresas.html\">Inauguran avanzado laboratorio en el Maule con tecnolog\u00eda hologr\u00e1fica 5G. Se refieren Carlos Torres, rector de la UTalca y Ariela Vergara, vicerrectora de Innovaci\u00f3n.<\/a><\/p><p>\u00a0<\/p><p><strong>DCONSTRUCCION.CL<\/strong><\/p><p><a href=\"http:\/\/www.dconstruccion.cl\/?p=40553\">Chile inaugura en Talca un nuevo laboratorio 5G: permitir\u00e1 desarrollar y usar hologramas. Se refiere Ariela Vergara, vicerrectora de Innovaci\u00f3n.<\/a><\/p><p>\u00a0<\/p><p><strong>REVISTA GERENCIA<\/strong><\/p><p><a href=\"https:\/\/www.litoralpress.cl\/paginaconsultas\/Servicios_NClipSitio\/Get_Imagen_Nota.aspx?LPKey=2DSIDN7TH3QOS2YCGN7HWUAIPLMKA5XM7QLCABZUDTQDKK4X53G2NUT3UCIN7JHJURYTHQW57ESEM\">U. de Talca y Movistar Empresas lanzan el primer laboratorio del Maule con tecnolog\u00eda 5G.<\/a><\/p><p>\u00a0<\/p><p><strong>ELMOSTRADOR.CL<\/strong><\/p><p><a href=\"https:\/\/www.elmostrador.cl\/agenda-pais\/2022\/11\/22\/como-llegaron-y-que-hacer-frente-a-ellos-la-introduccion-de-platano-oriental-en-chile-y-los-cuidados-frente-a-las-alergias\/\">\u00bfC\u00f3mo llegaron y qu\u00e9 hacer frente a ellos? La introducci\u00f3n de pl\u00e1tano oriental en Chile y los cuidados frente a las alergias. Se refieren Fernando Carrasco, acad\u00e9mico del Instituto de Ciencias Biol\u00f3gicas y Dayana Machado, directora del Programa de Especializaci\u00f3n en Medicina Interna.<\/a><\/p><p>\u00a0<\/p><p><strong>ENLINEAMAULE.CL<\/strong><\/p><p><a href=\"https:\/\/enlineamaule.cl\/archivo\/50243\">La regi\u00f3n del Maule cuenta con un nuevo centro especializado en la nanomedicina. Se refiere Cristian Vilos, director del Centro de Nanomedicina, Diagn\u00f3stico y Desarrollo de F\u00e1rmacos (ND3).<\/a><\/p><p>\u00a0<\/p><p><strong>CANAL CONTIVISI\u00d3N<\/strong><\/p><p><a href=\"https:\/\/www.litoralpress.cl\/sitio\/RadioTV_Detalles.cshtml?LPKey=VBYLSTM6U7Z64Z6SRHMC5LBKSI73ERAO4LXZGTGQ57MXZSTWRZG5C7CKGQZ2NHTXVOYX3LNLL7NRS\">En la Universidad de Talca fue presentada una aplicaci\u00f3n tecnol\u00f3gica que ayuda a enfrentar situaciones que puedan estar afectando nuestra salud mental. Se refieren Cristi\u00e1n Rojas, vicerrector Acad\u00e9mico; Nadia Ramos, directora del Centro de Psicolog\u00eda Aplicada (CEPA); y Felipe Besoain, acad\u00e9mico de la Facultad de Ingenier\u00eda.<\/a><\/p><p>\u00a0<\/p><p><strong>FUTURO360.COM<\/strong><\/p><p><a href=\"https:\/\/www.futuro360.com\/ciencia-en-ti\/aplicacion-salud-mental-universidad-talca_20221122\/\">\u201cCuid\u00e1ndome\u201d, la aplicaci\u00f3n desarrollada por la Universidad de Talca que educa sobre salud mental. Se refieren Cristi\u00e1n Rojas, vicerrector Acad\u00e9mico; Nadia Ramos, directora del Centro de Psicolog\u00eda Aplicada (CEPA); y Felipe Besoain, acad\u00e9mico de la Facultad de Ingenier\u00eda.<\/a><\/p><p>\u00a0<\/p><p><strong>ROMANTICA.CL<\/strong><\/p><p><a href=\"https:\/\/www.romantica.cl\/noticias\/2022\/11\/22\/una-herramienta-para-todos-cuidandome-la-app-chilena-para-mejorar-nuestra-salud-mental.html\">Una herramienta para todos: \u201cCuid\u00e1ndome\u201d la App chilena para mejorar nuestra salud mental. Se refieren Cristi\u00e1n Rojas, vicerrector Acad\u00e9mico y Nadia Ramos, directora del Centro de Psicolog\u00eda Aplicada (CEPA).<\/a><\/p><p>\u00a0<\/p><p><strong>G5NOTICIAS.CL<\/strong><\/p><p><a href=\"https:\/\/g5noticias.cl\/2022\/11\/22\/utalca-lanza-aplicacion-para-educar-sobre-el-cuidado-de-la-salud-mental\/\">UTalca lanza aplicaci\u00f3n para educar sobre el cuidado de la salud mental. Se refieren Cristi\u00e1n Rojas, vicerrector Acad\u00e9mico; Nadia Ramos, directora del Centro de Psicolog\u00eda Aplicada (CEPA); y Felipe Besoain, acad\u00e9mico de la Facultad de Ingenier\u00eda.<\/a><\/p><p>\u00a0<\/p><p><strong>ELCIUDADANO.COM<\/strong><\/p><p><a href=\"https:\/\/www.elciudadano.com\/chile\/estudio-internacional-revelo-nefastas-consecuencias-del-calentamiento-global-en-los-insectos\/11\/22\/\">Estudio internacional revel\u00f3 nefastas consecuencias del calentamiento global en los insectos. Se refiere Blas Lavandero, acad\u00e9mico del Instituto de Ciencias Biol\u00f3gicas.<\/a><\/p><p>\u00a0<\/p><p><strong>ADPRENSA.CL<\/strong><\/p><p><a href=\"https:\/\/www.adprensa.cl\/cronica\/estudio-revela-nefastos-efectos-del-calentamiento-global-sobre-los-insectos\/\">Estudio revela nefastos efectos del calentamiento global sobre los insectos. Se refiere Blas Lavandero, acad\u00e9mico del Instituto de Ciencias Biol\u00f3gicas.<\/a><\/p><p>\u00a0<\/p><p><strong>MEDIABANCO.COM<\/strong><\/p><p><a href=\"https:\/\/www.mediabanco.com\/estudio-revela-nefastos-efectos-del-calentamiento-global-sobre-los-insectos\/\">Estudio revela nefastos efectos del calentamiento global sobre los insectos. Se refiere Blas Lavandero, acad\u00e9mico del Instituto de Ciencias Biol\u00f3gicas.<\/a><\/p><p>\u00a0<\/p><p><strong>DIARIOSENRED.COM<\/strong><\/p><p><a href=\"https:\/\/diariosenred.com\/regional\/estudio-con-investigador-de-utalca-revela-nefastos-efectos-del\">Estudio con investigador de UTalca revela nefastos efectos del calentamiento global sobre los insectos. Se refiere Blas Lavandero, acad\u00e9mico del Instituto de Ciencias Biol\u00f3gicas.<\/a><\/p><p>\u00a0<\/p><p><strong>MASQUENOTICIAS.CL<\/strong><\/p><p><a href=\"https:\/\/masquenoticias.cl\/2022\/11\/22\/estudio-revela-nefastos-efectos-del-calentamiento-global-sobre-los-insectos\/\">Estudio revela nefastos efectos del calentamiento global sobre los insectos. Se refiere Blas Lavandero, acad\u00e9mico del Instituto de Ciencias Biol\u00f3gicas.<\/a><\/p><p>\u00a0<\/p><p><strong>REDMAULE.COM<\/strong><\/p><p><a href=\"https:\/\/www.redmaule.com\/regional\/estudio-con-investigador-de-utalca-revela-nefastos-efectos-del\">Estudio con investigador de UTalca revela nefastos efectos del calentamiento global sobre los insectos. Se refiere Blas Lavandero, acad\u00e9mico del Instituto de Ciencias Biol\u00f3gicas.<\/a><\/p><p>\u00a0<\/p><p><strong>ELDIARIOSANTIAGO.CL<\/strong><\/p><p><a href=\"https:\/\/eldiariosantiago.cl\/2022\/11\/22\/estudio-revela-nefastos-efectos-del-calentamiento-global-sobre-los-insectos\/\">Estudio revela nefastos efectos del calentamiento global sobre los insectos. Se refiere Blas Lavandero, acad\u00e9mico del Instituto de Ciencias Biol\u00f3gicas.<\/a><\/p><p>\u00a0<\/p><p><strong>LATRIBUNA.CL<\/strong><\/p><p><a href=\"https:\/\/www.latribuna.cl\/medio-ambiente\/2022\/11\/22\/estudio-revela-nefastos-efectos-del-calentamiento-global-sobre-los-insectos.html\">Estudio revela nefastos efectos del calentamiento global sobre los insectos. Se refiere Blas Lavandero, acad\u00e9mico del Instituto de Ciencias Biol\u00f3gicas.<\/a><\/p><p>\u00a0<\/p><p><strong>LA PRENSA<\/strong><\/p><p><a href=\"https:\/\/www.litoralpress.cl\/paginaconsultas\/Servicios_NClipSitio\/Get_Imagen_Nota.aspx?LPKey=UAT22BUFDZ2UGTHIF2QWQE7QEGOVQMSPNSBWL2QUM2WW3RBOERHLLWITKMALRFILTX2W4D2CZS44C\">En Guatemala se aplican terapias de telerrehabilitaci\u00f3n de la UTalca. Se refieren Valeska Gatica, directora del Centro Tecnol\u00f3gico de Telerrehabilitaci\u00f3n y Neurociencias en el Movimiento Humano (CTTN) y Jorge Ayala, kinesi\u00f3logo del Centro.<\/a><\/p><p>\u00a0<\/p><p><strong>EL HERALDO<\/strong><\/p><p><a href=\"https:\/\/www.litoralpress.cl\/paginaconsultas\/Servicios_NClipSitio\/Get_Imagen_Nota.aspx?LPKey=OPIGZZWBKMKFFAI2E6CAS6BIVDTTPJKUS62Q6W3ZUJUWJSHHSHJAYM5SSXHEJMJITONL4BRSXLK4G\">Centro Tecnol\u00f3gico de la UTalca extiende sus terapias de telerrehabilitaci\u00f3n a Centroam\u00e9rica. Se refieren Valeska Gatica, directora del Centro Tecnol\u00f3gico de Telerrehabilitaci\u00f3n y Neurociencias en el Movimiento Humano (CTTN) y Jorge Ayala, kinesi\u00f3logo del Centro.<\/a><\/p><p>\u00a0<\/p><p><strong>RADIO GUAYAC\u00c1N<\/strong><\/p><p><a href=\"https:\/\/www.litoralpress.cl\/sitio\/RadioTV_Detalles.cshtml?LPKey=YQWFCTOD64XDFKBL4S7MUNEEDXHQAQBGVB6DWB75PRJIHYI2ZH3UR7YZFYRGG2BZWF5U3NULSYJRI\">Entrevista a Patricio Gonz\u00e1lez, acad\u00e9mico del Centro de Investigaci\u00f3n y Transferencia en Riego y Agroclimatolog\u00eda (CITRA).<\/a><\/p><p>\u00a0<\/p><p><strong>EL LECTOR<\/strong><\/p><p><a href=\"https:\/\/www.litoralpress.cl\/paginaconsultas\/Servicios_NClipSitio\/Get_Imagen_Nota.aspx?LPKey=YUK5YWCPGS2IPREDA7EHHMMSJLNWQQTBH26F2J2G74WL2Z2SGCT3RDTRNXSCSFZQRDR3BFQCWWVZ6\">Detectan aumento de obesidad y sobrepeso infantil en escolares. Se refiere Francisco Monsalve, acad\u00e9mico de la Facultad de Ciencias de la Salud.<\/a><\/p><p>\u00a0<\/p><p><strong>RADIO LAUTARO<\/strong><\/p><p><a href=\"https:\/\/www.litoralpress.cl\/sitio\/RadioTV_Detalles.cshtml?LPKey=PDIJFXUPDCGGI3WXX65MT3IMH4HLZNUYK7XABERH5PUCRNW3DROXQYPDLWE7PUL56IFZGU4M7CH3W\">Entrevista a Francisco Monsalve, acad\u00e9mico de la Facultad de Ciencias de la Salud.<\/a><\/p><p>\u00a0<\/p><p><strong>DIARIOTALCA.CL<\/strong><\/p><p><a href=\"https:\/\/diariotalca.cl\/estudio-utalca-detecto-aumento-de-obesidad-y-sobrepeso-infantil-en-escolares\/\">Estudio UTalca detect\u00f3 aumento de obesidad y sobrepeso infantil en escolares. Se refiere Francisco Monsalve, acad\u00e9mico de la Facultad de Ciencias de la Salud.<\/a><\/p><p>\u00a0<\/p><p><strong>LANOTICIA.CL<\/strong><\/p><p><a href=\"https:\/\/lanoticia.cl\/detectan-aumento-de-obesidad-y-sobrepeso-infantil-en-escolares\/\">Detectan aumento de obesidad y sobrepeso infantil en escolares. Se refiere Francisco Monsalve, acad\u00e9mico de la Facultad de Ciencias de la Salud.<\/a><\/p><p>\u00a0<\/p><p><strong>G5NOTICIAS.CL<\/strong><\/p><p><a href=\"https:\/\/g5noticias.cl\/2022\/11\/22\/detectan-aumento-de-obesidad-y-sobrepeso-infantil-en-escolares\/\">Detectan aumento de obesidad y sobrepeso infantil en escolares. Se refiere Francisco Monsalve, acad\u00e9mico de la Facultad de Ciencias de la Salud.<\/a><\/p><p>\u00a0<\/p><p><strong>LA PRENSA<\/strong><\/p><p><a href=\"https:\/\/www.litoralpress.cl\/paginaconsultas\/Servicios_NClipSitio\/Get_Imagen_Nota.aspx?LPKey=POEC6LFTP2CSE6IEXI6SEB2WIFYMKKEUEWXZJ3T33AOZRTGJ3VYNEEIHDXT3F6HMMTM4DLLABFFH2\">Acad\u00e9mico advierte que de aprobarse la reforma previsional aumentar\u00eda precarizaci\u00f3n del trabajo. Se refieren Rodrigo Henr\u00edquez, acad\u00e9mico de la Facultad de Ciencias Jur\u00eddicas y Sociales y Rodrigo Saens, acad\u00e9mico de la Facultad de Econom\u00eda y Negocios (FEN).<\/a><\/p><p>\u00a0<\/p><p><strong>DIARIOLAPRENSA.CL<\/strong><\/p><p><a href=\"https:\/\/new.diariolaprensa.cl\/index.php\/2022\/11\/22\/academico-advierte-que-de-aprobarse-la-reforma-previsional-aumentaria-precarizacion-del-trabajo\/\">Acad\u00e9mico advierte que de aprobarse la reforma previsional aumentar\u00eda precarizaci\u00f3n del trabajo. Se refieren Rodrigo Henr\u00edquez, acad\u00e9mico de la Facultad de Ciencias Jur\u00eddicas y Sociales y Rodrigo Saens, acad\u00e9mico de la Facultad de Econom\u00eda y Negocios (FEN).<\/a><\/p><p>\u00a0<\/p><p><strong>EL TIP\u00d3GRAFO<\/strong><\/p><p><a href=\"https:\/\/www.litoralpress.cl\/sitio\/Prensa_PaginaCompleta.cshtml?LPKey=NJVMSBOPPQREYNQZSHEDTGYUM7WDMQUO6NYJDWZIWWVFHEOWDRMA\">Reforma de pensiones: Un proyecto a medio camino de todo. Se refiere Rodrigo Saens, acad\u00e9mico de la Facultad de Econom\u00eda y Negocios (FEN).<\/a><\/p><p>\u00a0<\/p><p><strong>RADIO INFINITA<\/strong><\/p><p><a href=\"https:\/\/www.litoralpress.cl\/sitio\/RadioTV_Detalles.cshtml?LPKey=FNTIZEOXAB7GSZVORW4YXKTG2S3ITQ35FMUCXK2JYVTEWSQK75JT2VIJQULISTI3SQQVHQVJU5D7W\">Comentario de Mauricio Morales, director del Centro de An\u00e1lisis Pol\u00edtico (CAP).<\/a><\/p><p>\u00a0<\/p><p><strong>EXTRANOTICIAS.CL<\/strong><\/p><p><a href=\"https:\/\/www.extranoticias.cl\/crean-primer-queso-vegetal-a-base-de-trigo-en-chile\/\">Crean primer queso vegetal a base de trigo en Chile. Se refieren Sof\u00eda Pinochet, egresada de la UTalca y \u00c1ngela S\u00e1nchez, directora de la Escuela de Nutrici\u00f3n y Diet\u00e9tica.<\/a><\/p><p>\u00a0<\/p><p><strong>CANAL TVN RED MAULE<\/strong><\/p><p><a href=\"https:\/\/www.litoralpress.cl\/sitio\/RadioTV_Detalles.cshtml?LPKey=BVAM5HTJKIRZJ5DBM3K72X5DUYCPYFRHFDI3HUVS2GVYKVBL3O6S7FXPLWVZCUJ7LZOCWO4DR2LBA\">Se registran 32 homicidios hasta la fecha. Acad\u00e9micos llaman a estudiar y escuchar a los vecinos. Se refiere Clara Lorca, psic\u00f3loga del Programa Pace UTalca.<\/a><\/p><p>\u00a0<\/p>\t\t\t\t\t\t<\/div>\n\t\t\t\t<\/div>\n\t\t\t\t\t<\/div>\n\t\t<\/div>\n\t\t\t\t\t\t\t<\/div>\n\t\t<\/section>\n\t\t\t\t\t\t<\/div>\n\t\t\t\t\t<\/div>\n\t\t","protected":false},"excerpt":{"rendered":"<p>LATERCERA.COM Admisi\u00f3n 2023: conoce el listado de universidades adscritas a gratuidad. \u00a0 EMOL.COM Inauguran avanzado laboratorio en el Maule con tecnolog\u00eda hologr\u00e1fica 5G. Se refieren Carlos Torres, rector de la UTalca y Ariela Vergara, vicerrectora de Innovaci\u00f3n. \u00a0 DCONSTRUCCION.CL Chile inaugura en Talca un nuevo laboratorio 5G: permitir\u00e1 desarrollar y usar hologramas. Se refiere Ariela &hellip;<\/p>\n<p class=\"read-more\"> <a class=\"\" href=\"https:\/\/www.reportedeprensa.utalca.cl\/?p=5763\"> <span class=\"screen-reader-text\">23 de noviembre de 2022<\/span> Read More &raquo;<\/a><\/p>\n","protected":false},"author":1,"featured_media":0,"comment_status":"closed","ping_status":"open","sticky":false,"template":"","format":"standard","meta":{"_monsterinsights_skip_tracking":false,"_monsterinsights_sitenote_active":false,"_monsterinsights_sitenote_note":"","_monsterinsights_sitenote_category":0},"categories":[27],"tags":[],"_links":{"self":[{"href":"https:\/\/www.reportedeprensa.utalca.cl\/index.php?rest_route=\/wp\/v2\/posts\/5763"}],"collection":[{"href":"https:\/\/www.reportedeprensa.utalca.cl\/index.php?rest_route=\/wp\/v2\/posts"}],"about":[{"href":"https:\/\/www.reportedeprensa.utalca.cl\/index.php?rest_route=\/wp\/v2\/types\/post"}],"author":[{"embeddable":true,"href":"https:\/\/www.reportedeprensa.utalca.cl\/index.php?rest_route=\/wp\/v2\/users\/1"}],"replies":[{"embeddable":true,"href":"https:\/\/www.reportedeprensa.utalca.cl\/index.php?rest_route=%2Fwp%2Fv2%2Fcomments&post=5763"}],"version-history":[{"count":7,"href":"https:\/\/www.reportedeprensa.utalca.cl\/index.php?rest_route=\/wp\/v2\/posts\/5763\/revisions"}],"predecessor-version":[{"id":5780,"href":"https:\/\/www.reportedeprensa.utalca.cl\/index.php?rest_route=\/wp\/v2\/posts\/5763\/revisions\/5780"}],"wp:attachment":[{"href":"https:\/\/www.reportedeprensa.utalca.cl\/index.php?rest_route=%2Fwp%2Fv2%2Fmedia&parent=5763"}],"wp:term":[{"taxonomy":"category","embeddable":true,"href":"https:\/\/www.reportedeprensa.utalca.cl\/index.php?rest_route=%2Fwp%2Fv2%2Fcategories&post=5763"},{"taxonomy":"post_tag","embeddable":true,"href":"https:\/\/www.reportedeprensa.utalca.cl\/index.php?rest_route=%2Fwp%2Fv2%2Ftags&post=5763"}],"curies":[{"name":"wp","href":"https:\/\/api.w.org\/{rel}","templated":true}]}}