{"id":5783,"date":"2022-11-24T10:06:02","date_gmt":"2022-11-24T13:06:02","guid":{"rendered":"https:\/\/www.reportedeprensa.utalca.cl\/?p=5783"},"modified":"2022-11-24T10:18:26","modified_gmt":"2022-11-24T13:18:26","slug":"24-de-noviembre-de-2022","status":"publish","type":"post","link":"https:\/\/www.reportedeprensa.utalca.cl\/?p=5783","title":{"rendered":"24 de noviembre de 2022"},"content":{"rendered":"\t\t<div data-elementor-type=\"wp-post\" data-elementor-id=\"5783\" class=\"elementor elementor-5783\" data-elementor-settings=\"[]\">\n\t\t\t\t\t\t\t<div class=\"elementor-section-wrap\">\n\t\t\t\t\t\t\t<section class=\"elementor-section elementor-top-section elementor-element elementor-element-2a4b4b83 elementor-section-boxed elementor-section-height-default elementor-section-height-default\" data-id=\"2a4b4b83\" data-element_type=\"section\">\n\t\t\t\t\t\t<div class=\"elementor-container elementor-column-gap-default\">\n\t\t\t\t\t<div class=\"elementor-column elementor-col-100 elementor-top-column elementor-element elementor-element-24a78540\" data-id=\"24a78540\" data-element_type=\"column\">\n\t\t\t<div class=\"elementor-widget-wrap elementor-element-populated\">\n\t\t\t\t\t\t\t\t<div class=\"elementor-element elementor-element-55b07e54 elementor-widget elementor-widget-text-editor\" data-id=\"55b07e54\" data-element_type=\"widget\" data-widget_type=\"text-editor.default\">\n\t\t\t\t<div class=\"elementor-widget-container\">\n\t\t\t\t\t\t\t\t<p><strong>RADIO FUTURA<\/strong><\/p><p><a href=\"https:\/\/www.litoralpress.cl\/sitio\/RadioTV_Detalles.cshtml?LPKey=Y6H6WDBTVVEHPJ7LN3BCGB3MJJSGQVCI2RLWQHXNYW346OWKM5YJTDVWJ4CAY6FKX6VPWEQX7UJYU\">Nuevas becas en la UTalca. Entrevista a Sandra Chamorro, directora de Bienestar Estudiantil.<\/a><\/p><p>\u00a0<\/p><p><strong>RADIO MAN\u00cdA<\/strong><\/p><p><a href=\"https:\/\/www.litoralpress.cl\/sitio\/RadioTV_Detalles.cshtml?LPKey=HMDVOELJPUE74RKCGT4EEB3Y7OJYGIO4HVK6D7JNOSM3KJ2E3FBJZHM5QHOGFQWP4J7GDVESJUBDM\">Admisi\u00f3n en Campus Colchagua. Entrevista a Patricio G\u00f3mez, director del Campus Colchagua.<\/a><\/p><p>\u00a0<\/p><p><strong>RADIO CONDELL<\/strong><\/p><p><a href=\"https:\/\/www.litoralpress.cl\/sitio\/RadioTV_Detalles.cshtml?LPKey=22TPT4KH3TCPZRWVG6YVP7AZNRVKG7XAS6FTF46CJRERZ6NXWLWKLMTWCXJ334GD6PWCR2VDU57XK\">Entrevista a Ruth Garrido, directora de Ingenier\u00eda Civil en Computaci\u00f3n.<\/a><\/p><p>\u00a0<\/p><p><strong>ADPRENSA.CL<\/strong><\/p><p><a href=\"https:\/\/www.adprensa.cl\/cronica\/universidad-andres-bello-reconoce-con-el-premio-al-merito-2022-a-ricardo-lagos-y-manuel-pellegrini\/\">Universidad Andr\u00e9s Bello reconoce con el Premio al M\u00e9rito 2022 a Ricardo Lagos y Manuel Pellegrini. Se menciona a \u00c1lvaro Rojas, ex rector de la UTalca, quien fue distinguido con uno de los premios.<\/a><\/p><p>\u00a0<\/p><p><strong>ADPRENSA.CL<\/strong><\/p><p><a href=\"https:\/\/www.adprensa.cl\/cronica\/fonoaudiologia-de-la-utalca-celebra-20-anos-formando-profesionales-de-excelencia\/\">Fonoaudiolog\u00eda de la UTalca celebra 20 a\u00f1os formando profesionales de excelencia. Se refieren Miguel V\u00e1squez, director de la Escuela de Fonoaudiolog\u00eda; Claudia Montoya, directora de la Cl\u00ednica Fonoaudiol\u00f3gica; y Renata Guevara, estudiante de dicha carrera.<\/a><\/p><p>\u00a0<\/p><p><strong>MEDIABANCO.COM<\/strong><\/p><p><a href=\"https:\/\/www.mediabanco.com\/fonoaudiologia-de-la-utalca-celebra-20-anos-formando-profesionales-de-excelencia\/\">Fonoaudiolog\u00eda de la UTalca celebra 20 a\u00f1os formando profesionales de excelencia. Se refieren Miguel V\u00e1squez, director de la Escuela de Fonoaudiolog\u00eda; Claudia Montoya, directora de la Cl\u00ednica Fonoaudiol\u00f3gica; y Renata Guevara, estudiante de dicha carrera.<\/a><\/p><p>\u00a0<\/p><p><strong>EMOL.COM<\/strong><\/p><p><a href=\"https:\/\/www.emol.com\/noticias\/Economia\/2022\/11\/23\/1079114\/areas-silvestres.html\">Baja inversi\u00f3n en Parques Nacionales: Expertos entran al debate abierto por paro de guardaparques y urgen por m\u00e1s recursos. Se refiere Marcia V\u00e1squez, acad\u00e9mica de la Facultad de Ingenier\u00eda.<\/a><\/p><p>\u00a0<\/p><p><strong>CANAL TVN RED MAULE<\/strong><\/p><p><a href=\"https:\/\/www.litoralpress.cl\/sitio\/RadioTV_Detalles.cshtml?LPKey=OXUL4JAY2AZ75XWPKKSWUTYW65FB3HLBWPTEGFWPDOH5RIG4OCJSOYDECDRZGKNMWWY5LE7X6FPCW\">Talquinos buscan como refrescarse, ola de calor en la zona. Se refiere Patricio Gonz\u00e1lez, acad\u00e9mico del Centro de Investigaci\u00f3n y Transferencia en Riego y Agroclimatolog\u00eda.<\/a><\/p><p>\u00a0<\/p><p><strong>ELMOSTRADOR.CL<\/strong><\/p><p><a href=\"https:\/\/www.elmostrador.cl\/agenda-pais\/2022\/11\/23\/estudio-revela-preocupantes-efectos-del-calentamiento-global-sobre-los-insectos\/\">Estudio revela preocupantes efectos del calentamiento global sobre los insectos. Se refiere Blas Lavandero, acad\u00e9mico del Instituto de Ciencias Biol\u00f3gicas.<\/a><\/p><p>\u00a0<\/p><p><strong>LA PRENSA<\/strong><\/p><p><a href=\"https:\/\/www.litoralpress.cl\/paginaconsultas\/Servicios_NClipSitio\/Get_Imagen_Nota.aspx?LPKey=O6NU7WYHQWPDOPKHTC6KCTTYP6TI4DC3JASDBQZWOQMRVLXMMGNQQBJ4Y4EWYXM37FIJPJXDXYTNM\">Calentamiento global afectar\u00eda a los insectos. Se refiere Blas Lavandero, acad\u00e9mico del Instituto de Ciencias Biol\u00f3gicas.<\/a><\/p><p>\u00a0<\/p><p><strong>EL LECTOR<\/strong><\/p><p><a href=\"https:\/\/www.litoralpress.cl\/paginaconsultas\/Servicios_NClipSitio\/Get_Imagen_Nota.aspx?LPKey=LEDT4YOAEAAJ4EKJ3QKC3AHFE22DLKL3R252KYEEBDTADWF6NQ7NRRJ4DJRYMCMRBMNUFTWC4UAB4\">Estudio revela nefastos efectos del calentamiento global sobre los insectos. Se refiere Blas Lavandero, acad\u00e9mico del Instituto de Ciencias Biol\u00f3gicas.<\/a><\/p><p>\u00a0<\/p><p><strong>LA PRENSA<\/strong><\/p><p><a href=\"https:\/\/www.litoralpress.cl\/paginaconsultas\/Servicios_NClipSitio\/Get_Imagen_Nota.aspx?LPKey=GXP7NGZRDE3VXOHCXIURYHG3WAQC4W5VPFXFRJUQBMQ6DR2PDECQ7DSZ2B5CBU6BAPX2NVFFQPTXA\">Estudio detecta aumento de sobrepeso y obesidad en escolares de la regi\u00f3n. Se refiere Francisco Monsalve, acad\u00e9mico de la Facultad de Ciencias de la Salud.<\/a><\/p><p>\u00a0<\/p><p><strong>DIARIOTALCA.CL<\/strong><\/p><p><a href=\"https:\/\/diariotalca.cl\/estudio-utalca-detecto-aumento-de-obesidad-y-sobrepeso-infantil-en-escolares\/#respond\">Estudio UTalca detect\u00f3 aumento de obesidad y sobrepeso infantil en escolares. Se refiere Francisco Monsalve, acad\u00e9mico de la Facultad de Ciencias de la Salud.<\/a><\/p><p>\u00a0<\/p><p><strong>RADIO AMIGA<\/strong><\/p><p><a href=\"https:\/\/www.litoralpress.cl\/sitio\/RadioTV_Detalles.cshtml?LPKey=YAA4WCW3VUL6GNOCMXDLEBMMR5FWX5EK4T5SFBV6PXJ4LH4WXAFPFKBWXMCZ62LD5CEGA37I3TZBG\">Nuevo Centro de Nanomedicina, Diagn\u00f3stico y Desarrollo de F\u00e1rmacos de la U. de Talca. Se refiere Cristi\u00e1n Vilos, director del ND3.<\/a><\/p><p>\u00a0<\/p><p><strong>CANAL ANTOFAGASTA TV<\/strong><\/p><p><a href=\"https:\/\/www.litoralpress.cl\/sitio\/RadioTV_Detalles.cshtml?LPKey=HINCJWWOTEW5LSPYHQ75QMFJ6Y7UWO3Q35IOFWCHPDR35BJUENIGXFWNRJY2MCKP5EJNKOHE3F6N2\">UTalca present\u00f3 App que entrega ayuda frente a problemas de salud mental. Se refieren Nadia Ramos, directora del Centro de Psicolog\u00eda Aplicada (CEPA) y Felipe Besoa\u00edn, acad\u00e9mico de la Facultad de Ingenier\u00eda.<\/a><\/p><p>\u00a0<\/p><p><strong>LATERCERA.COM<\/strong><\/p><p><a href=\"https:\/\/www.latercera.com\/opinion\/noticia\/columna-de-andrea-bentancor-y-pablo-pincheira-salarios-de-hombres-y-mujeres-en-un-escenario-inflacionario\/R7Z5S6TWZNFBJGROV6JHXIVERY\/\">Salarios de hombres y mujeres en un escenario inflacionario. Columna de opini\u00f3n de Andrea Bentancor, acad\u00e9mica de la Facultad de Econom\u00eda y Negocios (FEN).<\/a><\/p><p>\u00a0<\/p><p><strong>ELDESCONCIERTO.CL<\/strong><\/p><p><a href=\"https:\/\/www.eldesconcierto.cl\/economia\/2022\/11\/23\/4-expertos-dan-las-claves-para-que-las-pymes-enfrenten-el-combo-de-reformas.html\">4 expertos dan las claves para que las pymes enfrenten el \u201ccombo\u201d de reformas. Se refiere Juan Romagosa, acad\u00e9mico de la Facultad de Econom\u00eda y Negocios (FEN).<\/a><\/p><p>\u00a0<\/p><p><strong>DFMAS.DF.CL<\/strong><\/p><p><a href=\"https:\/\/dfmas.df.cl\/df-mas\/como-cuido-mis-lucas\/dolar-como-enfrentar-el-tipo-de-cambio-cuando-la-volatilidad-llego-para\">D\u00f3lar: c\u00f3mo enfrentar el tipo de cambio cuando la volatilidad lleg\u00f3 para quedarse. Se refiere Hern\u00e1n D\u00edaz, acad\u00e9mico de la Facultad de Econom\u00eda y Negocios (FEN).<\/a><\/p><p>\u00a0<\/p><p><strong>RADIO INFINITA<\/strong><\/p><p><a href=\"https:\/\/www.litoralpress.cl\/sitio\/RadioTV_Detalles.cshtml?LPKey=XHVXTMIDGIVYJYE5ZEF3F5GRTFO3APECLJTAOZKJ7QJ2VRDATF6UXIOHOL7COHPXOLPIYPU35UPCU\">Comentario de Mauricio Morales, director del Centro de An\u00e1lisis Pol\u00edtico (CAP).<\/a><\/p><p>\u00a0<\/p><p><strong>INFINITA.CL<\/strong><\/p><p><a href=\"https:\/\/www.infinita.cl\/columnas\/2022\/11\/23\/proceso-constituyente-propuestas.html\">Mauricio Morales explica las 4 propuestas sobre c\u00f3mo redactar una nueva Constituci\u00f3n. Se refiere el director del Centro de An\u00e1lisis Pol\u00edtico (CAP).<\/a><\/p><p>\u00a0<\/p><p><strong>INFINITA.CL<\/strong><\/p><p><a href=\"https:\/\/www.infinita.cl\/columnas\/2022\/11\/23\/bravo-y-morales-comisiones-censura-derecha.html\">Bravo y Morales sobre disputa de la oposici\u00f3n por comisiones: \u201cComo no lo lograron mediante acuerdos, entran a patadas\u201d. Se refiere Mauricio Morales, director del Centro de An\u00e1lisis Pol\u00edtico (CAP).<\/a><\/p><p>\u00a0<\/p>\t\t\t\t\t\t<\/div>\n\t\t\t\t<\/div>\n\t\t\t\t\t<\/div>\n\t\t<\/div>\n\t\t\t\t\t\t\t<\/div>\n\t\t<\/section>\n\t\t\t\t\t\t<\/div>\n\t\t\t\t\t<\/div>\n\t\t","protected":false},"excerpt":{"rendered":"<p>RADIO FUTURA Nuevas becas en la UTalca. Entrevista a Sandra Chamorro, directora de Bienestar Estudiantil. \u00a0 RADIO MAN\u00cdA Admisi\u00f3n en Campus Colchagua. Entrevista a Patricio G\u00f3mez, director del Campus Colchagua. \u00a0 RADIO CONDELL Entrevista a Ruth Garrido, directora de Ingenier\u00eda Civil en Computaci\u00f3n. \u00a0 ADPRENSA.CL Universidad Andr\u00e9s Bello reconoce con el Premio al M\u00e9rito 2022 &hellip;<\/p>\n<p class=\"read-more\"> <a class=\"\" href=\"https:\/\/www.reportedeprensa.utalca.cl\/?p=5783\"> <span class=\"screen-reader-text\">24 de noviembre de 2022<\/span> Read More &raquo;<\/a><\/p>\n","protected":false},"author":1,"featured_media":0,"comment_status":"closed","ping_status":"open","sticky":false,"template":"","format":"standard","meta":{"_monsterinsights_skip_tracking":false,"_monsterinsights_sitenote_active":false,"_monsterinsights_sitenote_note":"","_monsterinsights_sitenote_category":0},"categories":[27],"tags":[],"_links":{"self":[{"href":"https:\/\/www.reportedeprensa.utalca.cl\/index.php?rest_route=\/wp\/v2\/posts\/5783"}],"collection":[{"href":"https:\/\/www.reportedeprensa.utalca.cl\/index.php?rest_route=\/wp\/v2\/posts"}],"about":[{"href":"https:\/\/www.reportedeprensa.utalca.cl\/index.php?rest_route=\/wp\/v2\/types\/post"}],"author":[{"embeddable":true,"href":"https:\/\/www.reportedeprensa.utalca.cl\/index.php?rest_route=\/wp\/v2\/users\/1"}],"replies":[{"embeddable":true,"href":"https:\/\/www.reportedeprensa.utalca.cl\/index.php?rest_route=%2Fwp%2Fv2%2Fcomments&post=5783"}],"version-history":[{"count":7,"href":"https:\/\/www.reportedeprensa.utalca.cl\/index.php?rest_route=\/wp\/v2\/posts\/5783\/revisions"}],"predecessor-version":[{"id":5802,"href":"https:\/\/www.reportedeprensa.utalca.cl\/index.php?rest_route=\/wp\/v2\/posts\/5783\/revisions\/5802"}],"wp:attachment":[{"href":"https:\/\/www.reportedeprensa.utalca.cl\/index.php?rest_route=%2Fwp%2Fv2%2Fmedia&parent=5783"}],"wp:term":[{"taxonomy":"category","embeddable":true,"href":"https:\/\/www.reportedeprensa.utalca.cl\/index.php?rest_route=%2Fwp%2Fv2%2Fcategories&post=5783"},{"taxonomy":"post_tag","embeddable":true,"href":"https:\/\/www.reportedeprensa.utalca.cl\/index.php?rest_route=%2Fwp%2Fv2%2Ftags&post=5783"}],"curies":[{"name":"wp","href":"https:\/\/api.w.org\/{rel}","templated":true}]}}