{"id":5821,"date":"2022-11-28T08:44:49","date_gmt":"2022-11-28T11:44:49","guid":{"rendered":"https:\/\/www.reportedeprensa.utalca.cl\/?p=5821"},"modified":"2022-11-28T09:16:27","modified_gmt":"2022-11-28T12:16:27","slug":"28-de-noviembre-de-2022","status":"publish","type":"post","link":"https:\/\/www.reportedeprensa.utalca.cl\/?p=5821","title":{"rendered":"28 de noviembre de 2022"},"content":{"rendered":"\t\t<div data-elementor-type=\"wp-post\" data-elementor-id=\"5821\" class=\"elementor elementor-5821\" data-elementor-settings=\"[]\">\n\t\t\t\t\t\t\t<div class=\"elementor-section-wrap\">\n\t\t\t\t\t\t\t<section class=\"elementor-section elementor-top-section elementor-element elementor-element-2a4b4b83 elementor-section-boxed elementor-section-height-default elementor-section-height-default\" data-id=\"2a4b4b83\" data-element_type=\"section\">\n\t\t\t\t\t\t<div class=\"elementor-container elementor-column-gap-default\">\n\t\t\t\t\t<div class=\"elementor-column elementor-col-100 elementor-top-column elementor-element elementor-element-24a78540\" data-id=\"24a78540\" data-element_type=\"column\">\n\t\t\t<div class=\"elementor-widget-wrap elementor-element-populated\">\n\t\t\t\t\t\t\t\t<div class=\"elementor-element elementor-element-55b07e54 elementor-widget elementor-widget-text-editor\" data-id=\"55b07e54\" data-element_type=\"widget\" data-widget_type=\"text-editor.default\">\n\t\t\t\t<div class=\"elementor-widget-container\">\n\t\t\t\t\t\t\t\t<p><strong>EL MERCURIO<\/strong><\/p><p><a href=\"https:\/\/www.litoralpress.cl\/paginaconsultas\/Servicios_NClipSitio\/Get_Imagen_Nota.aspx?LPKey=5ELM4NLCTGLTXCAJBR7XQV5UDCVOKV7K77H62MO4BE4MLV47J4XOSML56ZZKGVYAM7UF5STD4N37C\">Con cupos de acceso directo, las alternativas para entrar a la universidad se diversifican. Se refiere Paola Morales Norambuena, directora de Ciclo de Vida Estudiantil.<\/a><\/p><p>\u00a0<\/p><p><strong>RADIO AGRICULTURA<\/strong><\/p><p><a href=\"https:\/\/www.litoralpress.cl\/sitio\/RadioTV_Detalles.cshtml?LPKey=43TXPIGZFO3SETAVEBFKWC4VKDCW63VTGSLG35I54W46PCTBFUVDPL6DF4YJZQ7PU5AKUDMULEPM4\">Nuevas becas y beneficios en la UTalca. Entrevista a Sandra Chamorro Gonz\u00e1lez, directora de Bienestar Estudiantil.<\/a><\/p><p>\u00a0<\/p><p><strong>CANAL CONTIVISI\u00d3N<\/strong><\/p><p><a href=\"https:\/\/www.litoralpress.cl\/sitio\/RadioTV_Detalles.cshtml?LPKey=QQHV7VHHJAUURHGZME22CB3MPDJBSF3QKJTI5NO2ODJZLHGYSTG2O6JCFIVICQDGBZBN6K7MVPFBI\">Atenci\u00f3n j\u00f3venes que hayan egresado el a\u00f1o pasado o este a\u00f1o de la educaci\u00f3n media y tengan talentos deportivos. Se refieren Juan Agust\u00edn Gachot Squella, estudiante de Ingenier\u00eda Civil Mecatr\u00f3nica; Sandra Chamorro Gonz\u00e1lez, directora de Bienestar Estudiantil; y Cristi\u00e1n Santos Santana, director del Programa de Vida Saludable.<\/a><\/p><p>\u00a0<\/p><p><strong>MAULENEWS.COM<\/strong><\/p><p><a href=\"https:\/\/www.maulenews.com\/2022\/11\/utalca-apoya-los-deportistas-traves-de.html\">UTalca apoya a los deportistas a trav\u00e9s de nueva Beca de Excelencia. Se refieren Juan Agust\u00edn Gachot Squella, estudiante de Ingenier\u00eda Civil Mecatr\u00f3nica; Sandra Chamorro Gonz\u00e1lez, directora de Bienestar Estudiantil; y Cristi\u00e1n Santos Santana, director del Programa de Vida Saludable.<\/a><\/p><p>\u00a0<\/p><p><strong>EL L\u00cdDER<\/strong><\/p><p><a href=\"https:\/\/www.litoralpress.cl\/paginaconsultas\/Servicios_NClipSitio\/Get_Imagen_Nota.aspx?LPKey=24VWHEVIGAVNVS5SBMUJACD4JHLVWIFFABVVKL62DRJPBHRW2UWHK4ASI2WZE72DJDEJZ7PWZQF3M\">El folclor en las universidades chilenas: las pistas para su escenario actual. Se refiere Carlos Torres Fuchslocher, rector de la UTalca.<\/a><\/p><p>\u00a0<\/p><p><strong>EL LECTOR<\/strong><\/p><p><a href=\"https:\/\/www.litoralpress.cl\/paginaconsultas\/Servicios_NClipSitio\/Get_Imagen_Nota.aspx?LPKey=JVUOT4NTZKCTS36JTV6ERGGT4PY4Y5GR67PVP3AHMRIQYDMOZTJMV762A7BAGPGXLQ57NZH52C4DU\">Destacados artistas nacionales participaron de nueva versi\u00f3n de las Pinceladas del Maule. Se refiere Carlos Torres Fuchslocher, rector de la UTalca.<\/a><\/p><p>\u00a0<\/p><p><strong>ADPRENSA.CL<\/strong><\/p><p><a href=\"https:\/\/www.adprensa.cl\/actividades-academicas\/destacados-artistas-nacionales-participaron-de-nueva-version-de-las-pinceladas-del-maule\/\">Destacados artistas nacionales participaron de nueva versi\u00f3n de las Pinceladas del Maule. Se refieren Carlos Torres Fuchslocher, rector de la UTalca y Marcela Albornoz Dachelet, directora de Extensi\u00f3n Cultural-Art\u00edstica.<\/a><\/p><p>\u00a0<\/p><p><strong>MEDIABANCO.COM<\/strong><\/p><p><a href=\"https:\/\/www.mediabanco.com\/destacados-artistas-nacionales-participaron-de-nueva-version-de-las-pinceladas-del-maule\/\">Destacados artistas nacionales participaron de nueva versi\u00f3n de las Pinceladas del Maule. Se refieren Carlos Torres Fuchslocher, rector de la UTalca y Marcela Albornoz Dachelet, directora de Extensi\u00f3n Cultural-Art\u00edstica.<\/a><\/p><p>\u00a0<\/p><p><strong>ELMAULEINFORMA.CL<\/strong><\/p><p><a href=\"https:\/\/elmauleinforma.cl\/destacados-artistas-nacionales-participaron-de-nueva-version-de-las-pinceladas-del-maule\/\">Destacados artistas nacionales participaron de nueva versi\u00f3n de las Pinceladas del Maule. Se refieren Carlos Torres Fuchslocher, rector de la UTalca y Marcela Albornoz Dachelet, directora de Extensi\u00f3n Cultural-Art\u00edstica.<\/a><\/p><p>\u00a0<\/p><p><strong>ELDIARIOSANTIAGO.CL<\/strong><\/p><p><a href=\"https:\/\/eldiariosantiago.cl\/2022\/11\/26\/destacados-artistas-nacionales-participaron-de-nueva-version-de-las-pinceladas-del-maule\/\">Destacados artistas nacionales participaron de nueva versi\u00f3n de las Pinceladas del Maule. Se refieren Carlos Torres Fuchslocher, rector de la UTalca y Marcela Albornoz Dachelet, directora de Extensi\u00f3n Cultural-Art\u00edstica.<\/a><\/p><p>\u00a0<\/p><p><strong>LA TERCERA<\/strong><\/p><p><a href=\"https:\/\/www.litoralpress.cl\/paginaconsultas\/Servicios_NClipSitio\/Get_Imagen_Nota.aspx?LPKey=4UZ5FOSJWQQOQXJ4XXFAKNNCZIM4RDEI4NTNQD72R2H55TQVYQKFHNEDDV3RZE4KH6PDDOY5A52CE\">Universidad Andr\u00e9s Bello reconoce a Ricardo Lagos y Manuel Pellegrini con el Premio al M\u00e9rito 2022. Se refiere \u00c1lvaro Rojas Mar\u00edn, exrector de la UTalca.\u00a0<\/a><\/p><p>\u00a0<\/p><p><strong>EL MERCURIO<\/strong><\/p><p><a href=\"https:\/\/www.litoralpress.cl\/paginaconsultas\/Servicios_NClipSitio\/Get_Imagen_Nota.aspx?LPKey=QK5SVTGF4XFIYGDU5N55NGXDNXPMJWQL7ERC46TUVYZ72MFWJJ24PW5QCVDF22ERML57ZMNYFC5UE\">Universidad Andr\u00e9s Bello confiere Premio al M\u00e9rito 2022 a reconocidas personalidades. Se menciona a \u00c1lvaro Rojas Mar\u00edn, exrector de la UTalca.<\/a><\/p><p>\u00a0<\/p><p><strong>ELMOSTRADOR.CL<\/strong><\/p><p><a href=\"https:\/\/www.elmostrador.cl\/dia\/2022\/11\/25\/universidad-andres-bello-reconoce-con-el-premio-al-merito-2022-a-ricardo-lagos-y-manuel-pellegrini\/\">Universidad Andr\u00e9s Bello reconoce con el Premio al M\u00e9rito 2022 a Ricardo Lagos y Manuel Pellegrini. Se menciona a \u00c1lvaro Rojas Mar\u00edn, exrector de la UTalca.<\/a><\/p><p>\u00a0<\/p><p><strong>RADIOAGRICULTURA.CL<\/strong><\/p><p><a href=\"https:\/\/www.radioagricultura.cl\/publirreportajes\/2022\/11\/25\/universidad-andres-bello-reconoce-con-el-premio-al-merito-2022-a-ricardo-lagos-y-manuel-pellegrini\/\">Universidad Andr\u00e9s Bello reconoce con el Premio al M\u00e9rito 2022 a Ricardo Lagos y Manuel Pellegrini. Se menciona a \u00c1lvaro Rojas Mar\u00edn, exrector de la UTalca.<\/a><\/p><p>\u00a0<\/p><p><strong>DIARIOTALCA.CL<\/strong><\/p><p><a href=\"https:\/\/diariotalca.cl\/exrector-utalca-recibio-medalla-al-merito-por-aporte-a-la-educacion-superior\/\">Exrector UTalca recibi\u00f3 medalla al m\u00e9rito por aporte a la educaci\u00f3n superior. Se refiere \u00c1lvaro Rojas Mar\u00edn.<\/a><\/p><p>\u00a0<\/p><p><strong>CANAL TVR<\/strong><\/p><p><a href=\"https:\/\/www.litoralpress.cl\/sitio\/RadioTV_Detalles.cshtml?LPKey=LIHBNLLWHLLRFEJQ6MUUOL6MIU2BKHAGT74YCRLDSXHPAUFCPNXIDW3R7RI5WI3VP747KEDLRVXE2\">Avanzan las investigaciones sobre nanomedicina en el Maule. Se refieren Carlos Torres Fuchslocher, rector de la UTalca y Cristi\u00e1n Vilos Valenzuela, director del Centro de Nanomedicina, Diagn\u00f3stico y Desarrollo de F\u00e1rmacos (ND3).<\/a><\/p><p>\u00a0<\/p><p><strong>CANAL TVR<\/strong><\/p><p><a href=\"https:\/\/www.litoralpress.cl\/sitio\/RadioTV_Detalles.cshtml?LPKey=O7UWVC3O45VHOCV2RLWMJ6NJPTK55YYK3STAJZ7KEJO6CJF4MD5O2GKBMXHTO3TDA4EOLQKPVL354\">Entrevista a Javier Mu\u00f1oz, decano de la Facultad de Ingenier\u00eda.<\/a><\/p><p>\u00a0<\/p><p><strong>LA TERCERA<\/strong><\/p><p><a href=\"https:\/\/www.litoralpress.cl\/sitio\/Prensa_PaginaCompleta.cshtml?LPKey=5A3EQZW6DYKZ5DBRWOKPHQFLGR7EFWDQGCN7GNBXFUAC6ECJK5MA\">La ciudad de los obreros cesantes. Se refiere Mar\u00eda Luisa del Campo Hitschfeld, acad\u00e9mica de la Facultad de Ingenier\u00eda.<\/a><\/p><p>\u00a0<\/p><p><strong>LATERCERA.COM<\/strong><\/p><p><a href=\"https:\/\/www.latercera.com\/la-tercera-domingo\/noticia\/la-ciudad-de-los-obreros-cesantes\/V2QVPKGAXZAE3JFWSNCUDMBJYI\/\">La ciudad de los obreros cesantes. Se refiere Mar\u00eda Luisa del Campo Hitschfeld, acad\u00e9mica de la Facultad de Ingenier\u00eda.<\/a><\/p><p>\u00a0<\/p><p><strong>CANAL TVN<\/strong><\/p><p><a href=\"https:\/\/www.litoralpress.cl\/sitio\/RadioTV_Detalles.cshtml?LPKey=N4GZB4HUXF3OALTJZMG57ZZXRNRUBMHCJLAKYN2Z6CIX7XLQQALEIDXFRFQ63JCSBPMNNPCN2IL5K\">Descubren 10 nuevas cepas de vino en el Maule. Se refiere Yerko Moreno Simunovic, director del Centro de la Vid y el Vino.<\/a><\/p><p>\u00a0<\/p><p><strong>CANAL 24 HORAS<\/strong><\/p><p><a href=\"https:\/\/www.litoralpress.cl\/sitio\/RadioTV_Detalles.cshtml?LPKey=DBNAOQDS3EJLFQZJVN5P3NCKXLHZF65QZ3IIVZBEATDZYY76DHHVP3NVDP7YVYX4FY6BKL7FIGW3O\">Descubren 10 nuevas cepas de vino en el Maule. Se refiere Yerko Moreno Simunovic, director del Centro de la Vid y el Vino.<\/a><\/p><p>\u00a0<\/p><p><strong>DIARIO FINANCIERO<\/strong><\/p><p><a href=\"https:\/\/www.litoralpress.cl\/paginaconsultas\/Servicios_NClipSitio\/Get_Imagen_Nota.aspx?LPKey=GTP7ZELKT4PLXA6IYTTIICKAZH2TYSQEJHBMA3MKGS4Z4P37PUZIIGR5EMYQ4MRVAOWX3SF4S7EXE\">Espumantes y vinos para cerrar el a\u00f1o. Se menciona a la UTalca.<\/a><\/p><p>\u00a0<\/p><p><strong>ADPRENSA.CL<\/strong><\/p><p><a href=\"https:\/\/www.adprensa.cl\/cronica\/sociedad-cientifica-de-psicologia-distinguio-aporte-de-academico-de-la-utalca%ef%bf%bc\/\">Sociedad Cient\u00edfica de Psicolog\u00eda distingui\u00f3 aporte de acad\u00e9mico de la UTalca. Se refiere Emilio Moyano D\u00edaz, acad\u00e9mico de la Facultad de Psicolog\u00eda.<\/a><\/p><p>\u00a0<\/p><p><strong>MEDIABANCO.COM<\/strong><\/p><p><a href=\"https:\/\/www.mediabanco.com\/sociedad-cientifica-de-psicologia-distinguio-aporte-de-academico-de-la-utalca\/\">Sociedad Cient\u00edfica de Psicolog\u00eda distingui\u00f3 aporte de acad\u00e9mico de la UTalca. Se refiere Emilio Moyano D\u00edaz, acad\u00e9mico de la Facultad de Psicolog\u00eda.<\/a><\/p><p>\u00a0<\/p><p><strong>EMOL.COM<\/strong><\/p><p><a href=\"https:\/\/www.emol.com\/noticias\/Economia\/2022\/11\/27\/1079414\/minas-codelco-perderan-vida-util.html\">Principales minas de Codelco se agotan: 75% de la producci\u00f3n depende de proyectos que est\u00e1n retrasados. Se refiere Francisco Rivas, director de la Escuela de Ingenier\u00eda Civil de Minas.<\/a><\/p><p>\u00a0<\/p><p><strong>CANAL TVN RED MAULE<\/strong><\/p><p><a href=\"https:\/\/www.litoralpress.cl\/sitio\/RadioTV_Detalles.cshtml?LPKey=WHUACXY6VKXBMEKUKJMYU36V2PS4KOELK2HGYGWD5RYLS3M4M22OQYSIJK7VXW7K7TYQQLJU4ETYC\">Lanzan campa\u00f1a en la U de Talca para erradicar la violencia hacia mujeres. Se mencionan a la UTalca.<\/a><\/p><p>\u00a0<\/p><p><strong>DIARIOLAPRENSA.CL<\/strong><\/p><p><a href=\"https:\/\/new.diariolaprensa.cl\/index.php\/2022\/11\/25\/lanzan-campana-si-es-mi-problema-junto-a-un-seminario-internacional\/\">Lanzan campa\u00f1a \u201cS\u00ed es mi problema\u201d junto a un seminario internacional. Se menciona a la UTalca.<\/a><\/p><p>\u00a0<\/p><p><strong>ELDIARIOSANTIAGO.CL<\/strong><\/p><p><a href=\"https:\/\/eldiariosantiago.cl\/2022\/11\/26\/desde-el-maule-buscan-contribuir-a-la-disminucion-de-la-violencia-y-discriminacion-de-genero\/\">Desde el Maule buscan contribuir a la disminuci\u00f3n de la violencia y discriminaci\u00f3n de g\u00e9nero. Se refiere Isabel Hern\u00e1ndez Fern\u00e1ndez, secretaria General de la UTalca.<\/a><\/p><p>\u00a0<\/p><p><strong>MAULENEWS.COM<\/strong><\/p><p><a href=\"https:\/\/www.maulenews.com\/2022\/11\/fonoaudiologia-de-la-utalca-celebra-20.html\">Fonoaudiolog\u00eda de la UTalca celebra 20 a\u00f1os formando profesionales de excelencia. Se refieren Miguel V\u00e1squez Campos, director de la Escuela de Fonoaudiolog\u00eda; Claudia Montoya Sep\u00falveda, directora de la Cl\u00ednica Fonoaudiol\u00f3gica; y la estudiante Renata Guevara.<\/a><\/p><p>\u00a0<\/p><p><strong>G5NOTICIAS.CL<\/strong><\/p><p><a href=\"https:\/\/g5noticias.cl\/2022\/11\/27\/estudio-revela-nefastos-efectos-del-calentamiento-global-sobre-los-insectos\/\">Estudio revela nefastos efectos del calentamiento global sobre los insectos. Se refiere Blas Lavandero, acad\u00e9mico del Instituto de Ciencias Biol\u00f3gicas.<\/a><\/p><p>\u00a0<\/p><p><strong>CENTROSURNOTICIAS.CL<\/strong><\/p><p><a href=\"https:\/\/centrosurnoticias.cl\/utalca-lanza-aplicacion-para-educar-sobre-el-cuidado-de-la-salud-mental\/\">UTalca lanza aplicaci\u00f3n para educar sobre el cuidado de la salud mental. Se refieren Cristi\u00e1n Rojas Barahona, vicerrector Acad\u00e9mico; Nadia Ramos, directora del Centro de Psicolog\u00eda Aplicada (CEPA); y Felipe Besoa\u00edn Pino, acad\u00e9mico de la Facultad de Ingenier\u00eda.<\/a><\/p><p>\u00a0<\/p><p><strong>CAUQUENESNET.CL<\/strong><\/p><p><a href=\"https:\/\/cauquenesnet.cl\/2022\/11\/25\/app-movil-cuidandome-ya-es-una-realidad\/\">Se llev\u00f3 a cabo el lanzamiento de la Aplicaci\u00f3n M\u00f3vil \u201cCuid\u00e1ndome\u201d. Se refieren Cristi\u00e1n Rojas Barahona, vicerrector Acad\u00e9mico; Ismael Gallardo Cuadra, decano de la Facultad de Psicolog\u00eda; Nadia Ramos, directora del Centro de Psicolog\u00eda Aplicada (CEPA); y Felipe Besoa\u00edn Pino, acad\u00e9mico de la Facultad de Ingenier\u00eda.<\/a><\/p><p>\u00a0<\/p><p><strong>LA DISCUSI\u00d3N<\/strong><\/p><p><a href=\"https:\/\/www.litoralpress.cl\/sitio\/Prensa_PaginaCompleta.cshtml?LPKey=U34K5TLWJTTXSTQQKEWSOGYVTZCUC3F3QX3VOTDIN4BCIDKKGHYA\">Chill\u00e1n ha vivido nueve olas de calor durante el a\u00f1o 2022. Se refiere Patricio Gonz\u00e1lez Colville, acad\u00e9mico del Centro de Investigaci\u00f3n y Transferencia en Riego y Agroclimatolog\u00eda (CITRA).<\/a><\/p><p>\u00a0<\/p><p><strong>EL RANCAG\u00dcINO<\/strong><\/p><p><a href=\"https:\/\/www.litoralpress.cl\/sitio\/Prensa_PaginaCompleta.cshtml?LPKey=THMQDRIGBT5YVAXKWHFTGPIH2JFS4FE3LEOI5AL2KJBRT77ATOYA\">A poco de rendir la PAES: \u00bfC\u00f3mo enfrentar este examen de acceso a la educaci\u00f3n superior? Se refiere Felipe Figueroa Mart\u00ednez, psic\u00f3logo del Programa PACE UTalca.<\/a><\/p><p>\u00a0<\/p><p><strong>ADPRENSA.CL<\/strong><\/p><p><a href=\"https:\/\/www.adprensa.cl\/cronica\/a-pocos-dias-de-la-paes-como-enfrentar-este-examen-de-acceso-a-la-educacion-superior\/\">A pocos d\u00edas de la PAES: \u00bfC\u00f3mo enfrentar este examen de acceso a la educaci\u00f3n superior? Se refieren Felipe Figueroa Mart\u00ednez, psic\u00f3logo del Programa PACE UTalca y Andrea Romero, asesora acad\u00e9mica del mismo Programa.<\/a><\/p><p>\u00a0<\/p><p><strong>ELMAULEINFORMA.CL<\/strong><\/p><p><a href=\"https:\/\/elmauleinforma.cl\/a-pocos-dias-de-la-paes-como-enfrentar-este-examen-de-acceso-a-la-educacion-superior\/\">A pocos d\u00edas de la PAES: \u00bfC\u00f3mo enfrentar este examen de acceso a la educaci\u00f3n superior? Se refieren Felipe Figueroa Mart\u00ednez, psic\u00f3logo del Programa PACE UTalca y Andrea Romero, asesora acad\u00e9mica del mismo Programa.<\/a><\/p><p>\u00a0<\/p><p><strong>TVMAULE.CL<\/strong><\/p><p><a href=\"https:\/\/www.tvmaule.cl\/a-pocos-dias-de-la-paes-como-enfrentar-este-examen-de-acceso-a-la-educacion-superior\/\">A pocos d\u00edas de la PAES: \u00bfC\u00f3mo enfrentar este examen de acceso a la educaci\u00f3n superior? Se refieren Felipe Figueroa Mart\u00ednez, psic\u00f3logo del Programa PACE UTalca y Andrea Romero, asesora acad\u00e9mica del mismo Programa.<\/a><\/p><p>\u00a0<\/p><p><strong>DIARIO FINANCIERO<\/strong><\/p><p><a href=\"https:\/\/www.litoralpress.cl\/paginaconsultas\/Servicios_NClipSitio\/Get_Imagen_Nota.aspx?LPKey=4AUNT4QD67APWBE2OOXJZHIFZRV5PYBBD4SP2M5BXJUKBA2URENGNGOLF5VRJLQU3ALKXOI4BKJN6\">El ABC de las apuestas online: \u00bfOportunidad o riesgo innecesario? Se refiere Hern\u00e1n D\u00edaz Denecken, acad\u00e9mico de la Facultad de Econom\u00eda y Negocios.<\/a><\/p><p>\u00a0<\/p><p><strong>DIARIO FINANCIERO<\/strong><\/p><p><a href=\"https:\/\/www.litoralpress.cl\/paginaconsultas\/Servicios_NClipSitio\/Get_Imagen_Nota.aspx?LPKey=P2GPBCHCCQERJL6T6D3YPAJWPB6VWGXTO5YGVQSGW6V35TBKG4T6UGZ47ZKHR5JOWP7SEEOBRUXBQ\">D\u00f3lar: C\u00f3mo enfrentar el tipo de cambio cuando la volatilidad lleg\u00f3 para quedarse. Se refiere Hern\u00e1n D\u00edaz Denecken, acad\u00e9mico de la Facultad de Econom\u00eda y Negocios.<\/a><\/p><p>\u00a0<\/p><p><strong>T13.CL<\/strong><\/p><p><a href=\"https:\/\/www.t13.cl\/noticia\/deportest13\/catar-2022\/el-abc-apuestas-online-oportunidad-o-riesgo-innecesario\">El ABC de las apuestas online: \u00bfOportunidad o riesgo innecesario? Se refiere Hern\u00e1n D\u00edaz Denecken, acad\u00e9mico de la Facultad de Econom\u00eda y Negocios.<\/a><\/p><p>\u00a0<\/p><p><strong>RADIONUEVOMUNDO.CL<\/strong><\/p><p><a href=\"https:\/\/radionuevomundo.cl\/2022\/11\/25\/brecha-salarial-o-por-que-se-gana-menos-solo-por-ser-mujer\/\">Brecha salarial o por qu\u00e9 se gana menos solo por ser mujer. Se refiere Andrea Bentancor Cazanave, acad\u00e9mica de la Facultad de Econom\u00eda y Negocios (FEN).<\/a><\/p><p>\u00a0<\/p><p><strong>BLOOMBERGLINEA.COM<\/strong><\/p><p><a href=\"https:\/\/www.bloomberglinea.com\/2022\/11\/26\/precio-de-las-bencinas-en-chile-que-puede-pasar-en-los-proximos-meses\/\">Precio de las bencinas en Chile: qu\u00e9 puede pasar en los pr\u00f3ximos meses. Se refiere Juan Andr\u00e9s Riquelme, director del Mag\u00edster en Econom\u00eda.<\/a><\/p><p>\u00a0<\/p><p><strong>EL MERCURIO<\/strong><\/p><p><a href=\"https:\/\/www.litoralpress.cl\/paginaconsultas\/Servicios_NClipSitio\/Get_Imagen_Nota.aspx?LPKey=MYQBXWJEGPHKEYR6TOJGWXRTQLIN3K47DR6DQ2FZA4IAPSLJBZRANNH5XQMVUUX67QUULOI2RHBFO\">El surgimiento de una oposici\u00f3n a la izquierda de la izquierda. Se refiere Mauricio Morales, director del Centro de An\u00e1lisis Pol\u00edtico (CAP).<\/a><\/p><p>\u00a0<\/p><p><strong>CANAL MEGA<\/strong><\/p><p><a href=\"https:\/\/www.litoralpress.cl\/sitio\/RadioTV_Detalles.cshtml?LPKey=VKLJOMNMVTZU74KSIEJ5PBPZTGPP4C6UZ6WU7FU2G23JBUVYPLUM4LAHXRV3CHVCLFGC3TIP5UDEA\">Cadem dio a conocer sus resultados respecto al acuerdo por una nueva Constituci\u00f3n. Se refiere Mauricio Morales, director del Centro de An\u00e1lisis Pol\u00edtico (CAP).<\/a><\/p><p>\u00a0<\/p><p><strong>MEGANOTICIAS.CL<\/strong><\/p><p><a href=\"https:\/\/www.meganoticias.cl\/nacional\/397582-mauricio-morales-cadem-analisis-cueca-sin-ropa-gobierno-oposicion-20-11-2022.html\">Mauricio Morales tras encuesta Cadem por labor del Gobierno y el Congreso: &#8220;La cueca sin ropa&#8221;. Se refiere el director del Centro de An\u00e1lisis Pol\u00edtico (CAP).<\/a><\/p><p>\u00a0<\/p>\t\t\t\t\t\t<\/div>\n\t\t\t\t<\/div>\n\t\t\t\t\t<\/div>\n\t\t<\/div>\n\t\t\t\t\t\t\t<\/div>\n\t\t<\/section>\n\t\t\t\t\t\t<\/div>\n\t\t\t\t\t<\/div>\n\t\t","protected":false},"excerpt":{"rendered":"<p>EL MERCURIO Con cupos de acceso directo, las alternativas para entrar a la universidad se diversifican. Se refiere Paola Morales Norambuena, directora de Ciclo de Vida Estudiantil. \u00a0 RADIO AGRICULTURA Nuevas becas y beneficios en la UTalca. Entrevista a Sandra Chamorro Gonz\u00e1lez, directora de Bienestar Estudiantil. \u00a0 CANAL CONTIVISI\u00d3N Atenci\u00f3n j\u00f3venes que hayan egresado el &hellip;<\/p>\n<p class=\"read-more\"> <a class=\"\" href=\"https:\/\/www.reportedeprensa.utalca.cl\/?p=5821\"> <span class=\"screen-reader-text\">28 de noviembre de 2022<\/span> Read More &raquo;<\/a><\/p>\n","protected":false},"author":1,"featured_media":0,"comment_status":"closed","ping_status":"open","sticky":false,"template":"","format":"standard","meta":{"_monsterinsights_skip_tracking":false,"_monsterinsights_sitenote_active":false,"_monsterinsights_sitenote_note":"","_monsterinsights_sitenote_category":0},"categories":[27],"tags":[],"_links":{"self":[{"href":"https:\/\/www.reportedeprensa.utalca.cl\/index.php?rest_route=\/wp\/v2\/posts\/5821"}],"collection":[{"href":"https:\/\/www.reportedeprensa.utalca.cl\/index.php?rest_route=\/wp\/v2\/posts"}],"about":[{"href":"https:\/\/www.reportedeprensa.utalca.cl\/index.php?rest_route=\/wp\/v2\/types\/post"}],"author":[{"embeddable":true,"href":"https:\/\/www.reportedeprensa.utalca.cl\/index.php?rest_route=\/wp\/v2\/users\/1"}],"replies":[{"embeddable":true,"href":"https:\/\/www.reportedeprensa.utalca.cl\/index.php?rest_route=%2Fwp%2Fv2%2Fcomments&post=5821"}],"version-history":[{"count":7,"href":"https:\/\/www.reportedeprensa.utalca.cl\/index.php?rest_route=\/wp\/v2\/posts\/5821\/revisions"}],"predecessor-version":[{"id":5831,"href":"https:\/\/www.reportedeprensa.utalca.cl\/index.php?rest_route=\/wp\/v2\/posts\/5821\/revisions\/5831"}],"wp:attachment":[{"href":"https:\/\/www.reportedeprensa.utalca.cl\/index.php?rest_route=%2Fwp%2Fv2%2Fmedia&parent=5821"}],"wp:term":[{"taxonomy":"category","embeddable":true,"href":"https:\/\/www.reportedeprensa.utalca.cl\/index.php?rest_route=%2Fwp%2Fv2%2Fcategories&post=5821"},{"taxonomy":"post_tag","embeddable":true,"href":"https:\/\/www.reportedeprensa.utalca.cl\/index.php?rest_route=%2Fwp%2Fv2%2Ftags&post=5821"}],"curies":[{"name":"wp","href":"https:\/\/api.w.org\/{rel}","templated":true}]}}