{"id":5839,"date":"2022-11-29T10:15:13","date_gmt":"2022-11-29T13:15:13","guid":{"rendered":"https:\/\/www.reportedeprensa.utalca.cl\/?p=5839"},"modified":"2022-11-29T10:23:39","modified_gmt":"2022-11-29T13:23:39","slug":"29-de-noviembre-de-2022","status":"publish","type":"post","link":"https:\/\/www.reportedeprensa.utalca.cl\/?p=5839","title":{"rendered":"29 de noviembre de 2022"},"content":{"rendered":"\t\t<div data-elementor-type=\"wp-post\" data-elementor-id=\"5839\" class=\"elementor elementor-5839\" data-elementor-settings=\"[]\">\n\t\t\t\t\t\t\t<div class=\"elementor-section-wrap\">\n\t\t\t\t\t\t\t<section class=\"elementor-section elementor-top-section elementor-element elementor-element-2a4b4b83 elementor-section-boxed elementor-section-height-default elementor-section-height-default\" data-id=\"2a4b4b83\" data-element_type=\"section\">\n\t\t\t\t\t\t<div class=\"elementor-container elementor-column-gap-default\">\n\t\t\t\t\t<div class=\"elementor-column elementor-col-100 elementor-top-column elementor-element elementor-element-24a78540\" data-id=\"24a78540\" data-element_type=\"column\">\n\t\t\t<div class=\"elementor-widget-wrap elementor-element-populated\">\n\t\t\t\t\t\t\t\t<div class=\"elementor-element elementor-element-55b07e54 elementor-widget elementor-widget-text-editor\" data-id=\"55b07e54\" data-element_type=\"widget\" data-widget_type=\"text-editor.default\">\n\t\t\t\t<div class=\"elementor-widget-container\">\n\t\t\t\t\t\t\t\t<p><strong>LAS \u00daLTIMAS NOTICIAS<\/strong><\/p><p><a href=\"https:\/\/www.litoralpress.cl\/paginaconsultas\/Servicios_NClipSitio\/Get_Imagen_Nota.aspx?LPKey=YQQ4HWG2G3VGUBVQGVWFO5J2R7GGN6MWHFH6MS4PML26WQP7TNOPSWNQW2OZYDYZF3ETKZ2DML3P6\">Sueldos promedio de los m\u00e9dicos seg\u00fan su universidad de egreso. Se menciona a la UTalca.<\/a><\/p><p>\u00a0<\/p><p><strong>RADIO ANCOA<\/strong><\/p><p><a href=\"https:\/\/www.litoralpress.cl\/sitio\/RadioTV_Detalles.cshtml?LPKey=3GMPBRKSE4TDB73FWBXGFCA24J7UABSAS7KSWQOQINB25PR5JTGALHM3M6UX5JOLUIGB3Q62TX7CU\">Admisi\u00f3n en la Facultad de Ciencias de la Educaci\u00f3n. Entrevista a Carolina Bravo Tobar, coordinadora Unidad de atracci\u00f3n, acceso y permanencia a las carreras de educaci\u00f3n.<\/a><\/p><p>\u00a0<\/p><p><strong>MEDIABANCO.COM<\/strong><\/p><p><a href=\"https:\/\/www.mediabanco.com\/terapia-ocupacional-de-la-universidad-de-talca-cuenta-con-nuevos-espacios-para-sus-estudiantes\/\">Terapia Ocupacional de la Universidad de Talca cuenta con nuevos espacios para sus estudiantes. Se refieren Carlos Torres Fuchslocher, rector de la UTalca; Ismael Gallardo Cuadra, decano de la Facultad de Psicolog\u00eda; y Pablo L\u00f3pez Alegr\u00eda, director de la Escuela de Terapia Ocupacional.<\/a><\/p><p>\u00a0<\/p><p><strong>LA PRENSA<\/strong><\/p><p><a href=\"https:\/\/www.litoralpress.cl\/paginaconsultas\/Servicios_NClipSitio\/Get_Imagen_Nota.aspx?LPKey=YB4JFEYWYG2MYRJ2IK4DXVJ46UGUKFMAKSMBBO5VPUJHR2SW4ZT76QX5LTJ3NM3ZVATDM5MAGMLTS\">Exrector de la UTalca recibi\u00f3 Medalla al M\u00e9rito. Se refiere \u00c1lvaro Rojas Mar\u00edn.<\/a><\/p><p>\u00a0<\/p><p><strong>LANOTICIA.CL<\/strong><\/p><p><a href=\"https:\/\/lanoticia.cl\/desde-el-maule-buscan-contribuir-a-la-disminucion-de-la-violencia-y-discriminacion-de-genero\/\">Desde el Maule buscan contribuir a la disminuci\u00f3n de la violencia y discriminaci\u00f3n de g\u00e9nero. Se refiere Isabel Hern\u00e1ndez Fern\u00e1ndez, secretaria General de la UTalca.<\/a><\/p><p>\u00a0<\/p><p><strong>RADIO AGRICULTURA<\/strong><\/p><p><a href=\"https:\/\/www.litoralpress.cl\/sitio\/RadioTV_Detalles.cshtml?LPKey=4O47TBTAVBUSVA7AHBQ4BEQVVC4OFZIUMRC6FNQZDXJV2OJP5H35222HAOFVEYCLT3OMGX6HYJENQ\">Entrevista a Patricio Gonz\u00e1lez Colville, acad\u00e9mico del Centro de Investigaci\u00f3n y Transferencia en Riego y Agroclimatolog\u00eda (CITRA).\u00a0<\/a><\/p><p>\u00a0<\/p><p><strong>ELMAULEINFORMA.CL<\/strong><\/p><p><a href=\"https:\/\/elmauleinforma.cl\/rectores-firmaron-convenio-de-creacion-del-centro-interuniversitario-de-envejecimiento-saludable\/\">Rectores firmaron convenio de creaci\u00f3n del Centro Interuniversitario de Envejecimiento Saludable. Se refiere Iv\u00e1n Palomo Gonz\u00e1lez, acad\u00e9mico de la Facultad de Ciencias de la Salud.<\/a><\/p><p>\u00a0<\/p><p><strong>ADPRENSA.CL<\/strong><\/p><p><a href=\"https:\/\/www.adprensa.cl\/cronica\/justicia-restaurativa-que-es-y-como-se-aplica-en-chile\/\">Justicia Restaurativa: \u00bfqu\u00e9 es y c\u00f3mo se aplica en Chile? Se refiere Ra\u00fal Carnevali Rodr\u00edguez, acad\u00e9mico de la Facultad de Ciencias Jur\u00eddicas y Sociales.<\/a><\/p><p>\u00a0<\/p><p><strong>MEDIABANCO.COM<\/strong><\/p><p><a href=\"https:\/\/www.mediabanco.com\/justicia-restaurativa-que-es-y-como-se-aplica-en-chile\/\">Justicia Restaurativa: \u00bfqu\u00e9 es y c\u00f3mo se aplica en Chile? Se refiere Ra\u00fal Carnevali Rodr\u00edguez, acad\u00e9mico de la Facultad de Ciencias Jur\u00eddicas y Sociales.<\/a><\/p><p>\u00a0<\/p><p><strong>DIARIOTALCA.CL<\/strong><\/p><p><a href=\"https:\/\/diariotalca.cl\/que-es-la-justicia-restaurativa-experta-detalla-que-es-y-como-se-aplica-en-chile\/\">\u00bfQu\u00e9 es la Justicia Restaurativa? Experto detalla qu\u00e9 es y c\u00f3mo se aplica en Chile. Se refiere Ra\u00fal Carnevali Rodr\u00edguez, acad\u00e9mico de la Facultad de Ciencias Jur\u00eddicas y Sociales.<\/a><\/p><p>\u00a0<\/p><p><strong>CANAL CNN CHILE<\/strong><\/p><p><a href=\"https:\/\/www.litoralpress.cl\/sitio\/RadioTV_Detalles.cshtml?LPKey=5GTHVPUWJ2QFGVHS5NYVTW24GV6LKW4Q7POEAFG3X4NB23IOJRUWKB5S7KRZRKGSPD5NOMZ7XX6LS\">Seg\u00fan datos de la Superintendencia de Salud el costo de un examen puede ser hasta siete veces m\u00e1s en un recinto asistencial que en otro. Se refiere Diego Gonz\u00e1lez, acad\u00e9mico del Departamento de Salud P\u00fablica.<\/a><\/p><p>\u00a0<\/p><p><strong>ENLINEAMAULE.CL<\/strong><\/p><p><a href=\"https:\/\/enlineamaule.cl\/archivo\/50323\">Nueva APP de salud mental busca apoyar en los problemas que presente la poblaci\u00f3n en el \u00e1rea. Se refieren Nadia Ramos Alvarado, directora del Centro de Psicolog\u00eda Aplicada (CEPA) y Felipe Besoa\u00edn Pino, acad\u00e9mico de la Facultad de Ingenier\u00eda.<\/a><\/p><p>\u00a0<\/p><p><strong>PUBLIMICRO.CL<\/strong><\/p><p><a href=\"https:\/\/publimicro.cl\/sociedad-cientifica-de-psicologia-distinguio-aporte-de-academico-de-la-universidad-de-talca\/\">Sociedad Cient\u00edfica de Psicolog\u00eda distingui\u00f3 aporte de acad\u00e9mico de la Universidad de Talca. Se refiere Emilio Moyano D\u00edaz, Facultad de Psicolog\u00eda.<\/a><\/p><p>\u00a0<\/p><p><strong>CIENCIAENCHILE.CL<\/strong><\/p><p><a href=\"https:\/\/www.cienciaenchile.cl\/comision-de-investigacion-del-cruch-eligio-a-nueva-directiva-para-los-proximos-dos-anos\/\">Comisi\u00f3n de Investigaci\u00f3n del CRUCH eligi\u00f3 a nueva directiva para los pr\u00f3ximos dos a\u00f1os. Se menciona a Cristi\u00e1n Rojas Barahona, vicerrector Acad\u00e9mico.<\/a><\/p><p>\u00a0<\/p><p><strong>RADIO AMIGA<\/strong><\/p><p><a href=\"https:\/\/www.litoralpress.cl\/sitio\/RadioTV_Detalles.cshtml?LPKey=7PSEPSZ3YDQAB5DI3QWZHRHPZI746MZSWWWZZBTOAMIYSYB5WSVV3GQNPYMYBKJG6EYM6AZ2RL3GK\">A partir de hoy se aplica la nueva Prueba de Acceso a la Educaci\u00f3n Superior. Se refiere Tania Mascar\u00f3 Espinoza, coordinadora Unidad de Vinculaci\u00f3n con el Sistema Escolar.<\/a><\/p><p>\u00a0<\/p><p><strong>ELDIARIODESANTIAGO.CL<\/strong><\/p><p><a href=\"https:\/\/eldiariodesantiago.cl\/archivo\/149868\">Principales minas de Codelco se agotan: 75% de la producci\u00f3n depende de proyectos que est\u00e1n retrasados. Se refiere Francisco Rivas Salda\u00f1a, director de la Escuela de Ingenier\u00eda Civil de Minas.<\/a><\/p><p>\u00a0<\/p><p><strong>IMPACTOREGIONAL.CL<\/strong><\/p><p><a href=\"http:\/\/www.impactoregional.cl\/?p=5229\">Comentario de Juan Andr\u00e9s Riquelme Won, director del Mag\u00edster en Econom\u00eda.<\/a><\/p><p>\u00a0<\/p><p><strong>RADIO INFINITA<\/strong><\/p><p><a href=\"https:\/\/www.litoralpress.cl\/sitio\/RadioTV_Detalles.cshtml?LPKey=UOE36FSAFGF2547I23QHA4T3RFCSPCRMFH7SFXHY5VD52THZOJ6RFOBZ6JR2UE7ZNDR5PMVJ4NW24\">Comentario de Mauricio Morales Quiroga, director del Centro de An\u00e1lisis Pol\u00edtico (CAP).<\/a><\/p><p>\u00a0<\/p><p><strong>THECLINIC.CL<\/strong><\/p><p><a href=\"https:\/\/www.theclinic.cl\/2022\/11\/28\/jiles-alinco-rivas-y-oyarzo-los-escuderos-sexto-retiro\/\">Jiles, Alinco, Rivas y Oyarzo: los escuderos de un sexto retiro en el Congreso y los inciertos caminos para lograrlo. Se refiere Mauricio Morales Quiroga, director del Centro de An\u00e1lisis Pol\u00edtico (CAP).<\/a><\/p><p>\u00a0<\/p>\t\t\t\t\t\t<\/div>\n\t\t\t\t<\/div>\n\t\t\t\t\t<\/div>\n\t\t<\/div>\n\t\t\t\t\t\t\t<\/div>\n\t\t<\/section>\n\t\t\t\t\t\t<\/div>\n\t\t\t\t\t<\/div>\n\t\t","protected":false},"excerpt":{"rendered":"<p>LAS \u00daLTIMAS NOTICIAS Sueldos promedio de los m\u00e9dicos seg\u00fan su universidad de egreso. Se menciona a la UTalca. \u00a0 RADIO ANCOA Admisi\u00f3n en la Facultad de Ciencias de la Educaci\u00f3n. Entrevista a Carolina Bravo Tobar, coordinadora Unidad de atracci\u00f3n, acceso y permanencia a las carreras de educaci\u00f3n. \u00a0 MEDIABANCO.COM Terapia Ocupacional de la Universidad de &hellip;<\/p>\n<p class=\"read-more\"> <a class=\"\" href=\"https:\/\/www.reportedeprensa.utalca.cl\/?p=5839\"> <span class=\"screen-reader-text\">29 de noviembre de 2022<\/span> Read More &raquo;<\/a><\/p>\n","protected":false},"author":1,"featured_media":0,"comment_status":"closed","ping_status":"open","sticky":false,"template":"","format":"standard","meta":{"_monsterinsights_skip_tracking":false,"_monsterinsights_sitenote_active":false,"_monsterinsights_sitenote_note":"","_monsterinsights_sitenote_category":0},"categories":[27],"tags":[],"_links":{"self":[{"href":"https:\/\/www.reportedeprensa.utalca.cl\/index.php?rest_route=\/wp\/v2\/posts\/5839"}],"collection":[{"href":"https:\/\/www.reportedeprensa.utalca.cl\/index.php?rest_route=\/wp\/v2\/posts"}],"about":[{"href":"https:\/\/www.reportedeprensa.utalca.cl\/index.php?rest_route=\/wp\/v2\/types\/post"}],"author":[{"embeddable":true,"href":"https:\/\/www.reportedeprensa.utalca.cl\/index.php?rest_route=\/wp\/v2\/users\/1"}],"replies":[{"embeddable":true,"href":"https:\/\/www.reportedeprensa.utalca.cl\/index.php?rest_route=%2Fwp%2Fv2%2Fcomments&post=5839"}],"version-history":[{"count":7,"href":"https:\/\/www.reportedeprensa.utalca.cl\/index.php?rest_route=\/wp\/v2\/posts\/5839\/revisions"}],"predecessor-version":[{"id":5849,"href":"https:\/\/www.reportedeprensa.utalca.cl\/index.php?rest_route=\/wp\/v2\/posts\/5839\/revisions\/5849"}],"wp:attachment":[{"href":"https:\/\/www.reportedeprensa.utalca.cl\/index.php?rest_route=%2Fwp%2Fv2%2Fmedia&parent=5839"}],"wp:term":[{"taxonomy":"category","embeddable":true,"href":"https:\/\/www.reportedeprensa.utalca.cl\/index.php?rest_route=%2Fwp%2Fv2%2Fcategories&post=5839"},{"taxonomy":"post_tag","embeddable":true,"href":"https:\/\/www.reportedeprensa.utalca.cl\/index.php?rest_route=%2Fwp%2Fv2%2Ftags&post=5839"}],"curies":[{"name":"wp","href":"https:\/\/api.w.org\/{rel}","templated":true}]}}