{"id":584,"date":"2021-03-30T08:36:35","date_gmt":"2021-03-30T11:36:35","guid":{"rendered":"https:\/\/www.reportedeprensa.utalca.cl\/?p=584"},"modified":"2021-03-30T08:51:18","modified_gmt":"2021-03-30T11:51:18","slug":"30-de-marzo-de-2021","status":"publish","type":"post","link":"https:\/\/www.reportedeprensa.utalca.cl\/?p=584","title":{"rendered":"30 de marzo de 2021"},"content":{"rendered":"\t\t<div data-elementor-type=\"wp-post\" data-elementor-id=\"584\" class=\"elementor elementor-584\" data-elementor-settings=\"[]\">\n\t\t\t\t\t\t\t<div class=\"elementor-section-wrap\">\n\t\t\t\t\t\t\t<section class=\"elementor-section elementor-top-section elementor-element elementor-element-a06ca45 elementor-section-boxed elementor-section-height-default elementor-section-height-default\" data-id=\"a06ca45\" data-element_type=\"section\">\n\t\t\t\t\t\t<div class=\"elementor-container elementor-column-gap-default\">\n\t\t\t\t\t<div class=\"elementor-column elementor-col-100 elementor-top-column elementor-element elementor-element-1486c35\" data-id=\"1486c35\" data-element_type=\"column\">\n\t\t\t<div class=\"elementor-widget-wrap elementor-element-populated\">\n\t\t\t\t\t\t\t\t<div class=\"elementor-element elementor-element-42b145e elementor-widget elementor-widget-text-editor\" data-id=\"42b145e\" data-element_type=\"widget\" data-widget_type=\"text-editor.default\">\n\t\t\t\t<div class=\"elementor-widget-container\">\n\t\t\t\t\t\t\t\t<p><b>CANAL 13<\/b><\/p><p><a style=\"font-style: inherit; font-weight: inherit; background-color: #ffffff; font-family: -apple-system, BlinkMacSystemFont,;\" href=\"https:\/\/www.litoralpress.cl\/Archivos\/r.Yyr7q.A7.X1z8x.Uy.J1z3.B.H.Q.%c3%96.%c3%96.mp4\" target=\"_blank\" rel=\"noopener\">Sistema hospitalario est\u00e1 al borde del colapso ante COVID-19. Se refiere Erika Retamal, directora de Salud P\u00fablica de la UTalca.<\/a><\/p>\t\t\t\t\t\t<\/div>\n\t\t\t\t<\/div>\n\t\t\t\t<div class=\"elementor-element elementor-element-58485bf elementor-widget elementor-widget-text-editor\" data-id=\"58485bf\" data-element_type=\"widget\" data-widget_type=\"text-editor.default\">\n\t\t\t\t<div class=\"elementor-widget-container\">\n\t\t\t\t\t\t\t\t<p><b>DIARIO TALCA<\/b><\/p><p><a style=\"font-style: inherit; font-weight: inherit; background-color: #ffffff; font-family: -apple-system, BlinkMacSystemFont,;\" href=\"https:\/\/www.litoralpress.cl\/paginaconsultas\/Servicios_NClip\/Get_Imagen_Pagina.aspx?LPKey=.U97u.Lc.V.N.B.Xs.Mct.Yn.U5\/.G.X.I.Oyul.Fr.%C3%9C.Dv.X.Ur.R.Wx.Zy.U6.T8.%C3%96\" target=\"_blank\" rel=\"noopener\">Universidad de Talca obtuvo recursos para tres proyectos de fortalecimiento institucional.<\/a><\/p>\t\t\t\t\t\t<\/div>\n\t\t\t\t<\/div>\n\t\t\t\t<div class=\"elementor-element elementor-element-106f8db elementor-widget elementor-widget-text-editor\" data-id=\"106f8db\" data-element_type=\"widget\" data-widget_type=\"text-editor.default\">\n\t\t\t\t<div class=\"elementor-widget-container\">\n\t\t\t\t\t\t\t\t<p><b>COOPERATIVA.CL<\/b><\/p><p><a style=\"font-style: inherit; font-weight: inherit; background-color: #ffffff; font-family: -apple-system, BlinkMacSystemFont,;\" href=\"https:\/\/www.cooperativa.cl\/noticias\/pais\/politica\/elecciones\/que-funciones-tendran-los-futuros-gobernadores-regionales\/2021-03-29\/124540.html\" target=\"_blank\" rel=\"noopener\">\u00bfQu\u00e9 funciones tendr\u00e1n los futuros gobernadores regionales? Se refiere Mauricio Morales, acad\u00e9mico del Centro de An\u00e1lisis Pol\u00edtico (CAP) de la UTalca.<\/a><\/p>\t\t\t\t\t\t<\/div>\n\t\t\t\t<\/div>\n\t\t\t\t<div class=\"elementor-element elementor-element-053a9d6 elementor-widget elementor-widget-text-editor\" data-id=\"053a9d6\" data-element_type=\"widget\" data-widget_type=\"text-editor.default\">\n\t\t\t\t<div class=\"elementor-widget-container\">\n\t\t\t\t\t\t\t\t<p><b>ADPRENSA.CL<\/b><\/p><p><a style=\"font-style: inherit; font-weight: inherit; background-color: #ffffff; font-family: -apple-system, BlinkMacSystemFont,;\" href=\"https:\/\/www.adprensa.cl\/cronica\/que-funciones-tendran-los-gobernadores-regionales-y-que-diferencias-tienen-con-los-actuales-intendentes\/\" target=\"_blank\" rel=\"noopener\">\u00bfQu\u00e9 funciones tendr\u00e1n los gobernadores regionales y qu\u00e9 diferencias tienen con los actuales intendentes? Se refiere Mauricio Morales, acad\u00e9mico del Centro de An\u00e1lisis Pol\u00edtico (CAP) de la UTalca.<\/a><\/p>\t\t\t\t\t\t<\/div>\n\t\t\t\t<\/div>\n\t\t\t\t<div class=\"elementor-element elementor-element-6ba3423 elementor-widget elementor-widget-text-editor\" data-id=\"6ba3423\" data-element_type=\"widget\" data-widget_type=\"text-editor.default\">\n\t\t\t\t<div class=\"elementor-widget-container\">\n\t\t\t\t\t\t\t\t<p><b>VIVIMOSLANOTICIA.CL<\/b><\/p><p><a style=\"font-style: inherit; font-weight: inherit; background-color: #ffffff; font-family: -apple-system, BlinkMacSystemFont,;\" href=\"https:\/\/vivimoslanoticia.cl\/noticias\/actualidad\/2021\/03\/29\/estas-son-las-funciones-de-los-gobernadores-regionales-y-sus-diferencias-con-los-actuales-intendentes\/\" target=\"_blank\" rel=\"noopener\">Estas son las funciones de los gobernadores regionales y sus diferencias con los actuales intendentes. Se refiere Mauricio Morales, acad\u00e9mico del Centro de An\u00e1lisis Pol\u00edtico (CAP) de la UTalca.<\/a><\/p>\t\t\t\t\t\t<\/div>\n\t\t\t\t<\/div>\n\t\t\t\t<div class=\"elementor-element elementor-element-84e91f0 elementor-widget elementor-widget-text-editor\" data-id=\"84e91f0\" data-element_type=\"widget\" data-widget_type=\"text-editor.default\">\n\t\t\t\t<div class=\"elementor-widget-container\">\n\t\t\t\t\t\t\t\t<p><b>DIALOGOSUR.CL<\/b><\/p><p><a style=\"font-style: inherit; font-weight: inherit; background-color: #ffffff; font-family: -apple-system, BlinkMacSystemFont,;\" href=\"https:\/\/dialogosur.cl\/que-funciones-tendran-los-gobernadores-regionales-y-que-diferencias-tienen-con-los-actuales-intendentes\/\" target=\"_blank\" rel=\"noopener\">\u00bfQu\u00e9 funciones tendr\u00e1n los gobernadores regionales y qu\u00e9 diferencias tienen con los actuales intendentes? Se refiere Mauricio Morales, acad\u00e9mico del Centro de An\u00e1lisis Pol\u00edtico (CAP) de la UTalca.<\/a><\/p>\t\t\t\t\t\t<\/div>\n\t\t\t\t<\/div>\n\t\t\t\t<div class=\"elementor-element elementor-element-9e11ce5 elementor-widget elementor-widget-text-editor\" data-id=\"9e11ce5\" data-element_type=\"widget\" data-widget_type=\"text-editor.default\">\n\t\t\t\t<div class=\"elementor-widget-container\">\n\t\t\t\t\t\t\t\t<p><b>RADIOMAGALLANES.CL<\/b><\/p><p><a style=\"font-style: inherit; font-weight: inherit; background-color: #ffffff; font-family: -apple-system, BlinkMacSystemFont,;\" href=\"https:\/\/www.radiomagallanes.cl\/noticia.php?id_not=95358\" target=\"_blank\" rel=\"noopener\">\u00bfQu\u00e9 funciones tendr\u00e1n los gobernadores regionales y qu\u00e9 diferencias tienen con los actuales intendentes? Se refiere Mauricio Morales, acad\u00e9mico del Centro de An\u00e1lisis Pol\u00edtico (CAP) de la UTalca.<\/a><\/p>\t\t\t\t\t\t<\/div>\n\t\t\t\t<\/div>\n\t\t\t\t<div class=\"elementor-element elementor-element-d0c3b30 elementor-widget elementor-widget-text-editor\" data-id=\"d0c3b30\" data-element_type=\"widget\" data-widget_type=\"text-editor.default\">\n\t\t\t\t<div class=\"elementor-widget-container\">\n\t\t\t\t\t\t\t\t<p><b>LADISCUSION.CL<\/b><\/p><p><a style=\"font-style: inherit; font-weight: inherit; background-color: #ffffff; font-family: -apple-system, BlinkMacSystemFont,;\" href=\"http:\/\/www.ladiscusion.cl\/las-causas-detras-del-aumento-de-casos-de-covid-19-en-nuble\/\" target=\"_blank\" rel=\"noopener\">Las causas detr\u00e1s del aumento de casos de COVID-19 en \u00d1uble. Se refieren Daniel Jim\u00e9nez, director de Salud del Estudiante y Alejandro Poblete, acad\u00e9mico del Departamento de Salud P\u00fablica de la UTalca.<\/a><\/p>\t\t\t\t\t\t<\/div>\n\t\t\t\t<\/div>\n\t\t\t\t<div class=\"elementor-element elementor-element-2d1494d elementor-widget elementor-widget-text-editor\" data-id=\"2d1494d\" data-element_type=\"widget\" data-widget_type=\"text-editor.default\">\n\t\t\t\t<div class=\"elementor-widget-container\">\n\t\t\t\t\t\t\t\t<p><b>ENLINEAMAULE.CL<\/b><\/p><p><a style=\"font-style: inherit; font-weight: inherit; background-color: #ffffff; font-family: -apple-system, BlinkMacSystemFont,;\" href=\"https:\/\/www.litoralpress.cl\/Archivos\/b.C.Y.U.B.Z3.Kr.Xh.W.W.T.Eu.Ou2t3.Q.%c3%96.%c3%96.mp4\" target=\"_blank\" rel=\"noopener\">Pandemia podr\u00eda generar un retraso de 1,3 a\u00f1os en la entrega de conocimientos a los escolares. Se refiere Sebasti\u00e1n Donoso, director del Instituto de Investigaci\u00f3n y Desarrollo Educacional (IIDE) de la UTalca.<\/a><\/p>\t\t\t\t\t\t<\/div>\n\t\t\t\t<\/div>\n\t\t\t\t<div class=\"elementor-element elementor-element-53cc85e elementor-widget elementor-widget-text-editor\" data-id=\"53cc85e\" data-element_type=\"widget\" data-widget_type=\"text-editor.default\">\n\t\t\t\t<div class=\"elementor-widget-container\">\n\t\t\t\t\t\t\t\t<p><b>DIARIOCONSTITUCIONAL.CL<\/b><\/p><p><a style=\"font-style: inherit; font-weight: inherit; background-color: #ffffff; font-family: -apple-system, BlinkMacSystemFont,;\" href=\"https:\/\/www.diarioconstitucional.cl\/entrevistas\/rodrigo-palomo-velez-decano-de-la-facultad-de-derecho-de-la-universidad-de-talca-hemos-asumido-el-desafio-de-contextualizar-la-ensenanza-del-derecho-en-contextos-de-crisis-es-decir-conect\/\" target=\"_blank\" rel=\"noopener\">Rodrigo Palomo V\u00e9lez, Decano de la Facultad de Derecho de la Universidad de Talca: \u201cHemos asumido el desaf\u00edo de contextualizar la ense\u00f1anza del Derecho en contextos de crisis, es decir, conectar directa y expl\u00edcitamente el impacto de la pandemia en todas las disciplinas jur\u00eddicas\u201d.<\/a><\/p>\t\t\t\t\t\t<\/div>\n\t\t\t\t<\/div>\n\t\t\t\t<div class=\"elementor-element elementor-element-cfdf629 elementor-widget elementor-widget-text-editor\" data-id=\"cfdf629\" data-element_type=\"widget\" data-widget_type=\"text-editor.default\">\n\t\t\t\t<div class=\"elementor-widget-container\">\n\t\t\t\t\t\t\t\t<p><b>DIARIO TALCA<\/b><\/p><p><a style=\"font-style: inherit; font-weight: inherit; background-color: #ffffff; font-family: -apple-system, BlinkMacSystemFont,;\" href=\"https:\/\/www.litoralpress.cl\/paginaconsultas\/Servicios_NClip\/Get_Imagen_Pagina.aspx?LPKey=hw.Jeqac.Gr2yzm.Pl3o9\/c.Y.B.Xccs.C.Fm7ex.S\/f.B.Gn7.Hj.Jg.%C3%96\" target=\"_blank\" rel=\"noopener\">Con enfoque social regresan los webinars de energ\u00eda. Se refiere Javier Mu\u00f1oz, Decano de la Facultad de Ingenier\u00eda y Marco Rivera, acad\u00e9mico de la UTalca.<\/a><\/p>\t\t\t\t\t\t<\/div>\n\t\t\t\t<\/div>\n\t\t\t\t<div class=\"elementor-element elementor-element-7f3c556 elementor-widget elementor-widget-text-editor\" data-id=\"7f3c556\" data-element_type=\"widget\" data-widget_type=\"text-editor.default\">\n\t\t\t\t<div class=\"elementor-widget-container\">\n\t\t\t\t\t\t\t\t<p><b>CANAL TVN<\/b><\/p><p><a style=\"font-style: inherit; font-weight: inherit; background-color: #ffffff; font-family: -apple-system, BlinkMacSystemFont,;\" href=\"https:\/\/www.litoralpress.cl\/Archivos\/t.I8.O.Q.Myof.Tnc9u.N.Ghmjy.S.Q.%c3%96.%c3%96.mp4\" target=\"_blank\" rel=\"noopener\">Los efectos de postergar las elecciones. Se refiere Mauricio Morales, acad\u00e9mico del Centro de An\u00e1lisis Pol\u00edtico (CAP) de la UTalca.<\/a><\/p>\t\t\t\t\t\t<\/div>\n\t\t\t\t<\/div>\n\t\t\t\t<div class=\"elementor-element elementor-element-fb6c2b0 elementor-widget elementor-widget-text-editor\" data-id=\"fb6c2b0\" data-element_type=\"widget\" data-widget_type=\"text-editor.default\">\n\t\t\t\t<div class=\"elementor-widget-container\">\n\t\t\t\t\t\t\t\t<p><b>CANAL MEGA PLUS<\/b><\/p><p><a style=\"font-style: inherit; font-weight: inherit; background-color: #ffffff; font-family: -apple-system, BlinkMacSystemFont,;\" href=\"https:\/\/www.litoralpress.cl\/Archivos\/.E.V.%c3%9cbz.%c3%9ckb.M-.A7x.N.X1.Pf.A.U.L.Q.%c3%96.%c3%96.mp4\" target=\"_blank\" rel=\"noopener\">Entrevista a Mauricio Morales, acad\u00e9mico del Centro de An\u00e1lisis Pol\u00edtico (CAP) de la UTalca.<\/a><\/p>\t\t\t\t\t\t<\/div>\n\t\t\t\t<\/div>\n\t\t\t\t<div class=\"elementor-element elementor-element-0e1154b elementor-widget elementor-widget-text-editor\" data-id=\"0e1154b\" data-element_type=\"widget\" data-widget_type=\"text-editor.default\">\n\t\t\t\t<div class=\"elementor-widget-container\">\n\t\t\t\t\t\t\t\t<p><b>RADIO BIOB\u00cdO<\/b><\/p><p><a style=\"font-style: inherit; font-weight: inherit; background-color: #ffffff; font-family: -apple-system, BlinkMacSystemFont,;\" href=\"https:\/\/www.litoralpress.cl\/Archivos\/0.Waso.T2.H.Rapmq.K.Cfx.%c3%9c3qy.Q.%c3%96.%c3%96.mp3\" target=\"_blank\" rel=\"noopener\">Surge debate sobre postergar las presidenciales tras cambio de fecha de elecciones de abril. Se refiere Mauricio Morales, acad\u00e9mico del Centro de An\u00e1lisis Pol\u00edtico (CAP) de la UTalca.<\/a><\/p>\t\t\t\t\t\t<\/div>\n\t\t\t\t<\/div>\n\t\t\t\t<div class=\"elementor-element elementor-element-d457a6e elementor-widget elementor-widget-text-editor\" data-id=\"d457a6e\" data-element_type=\"widget\" data-widget_type=\"text-editor.default\">\n\t\t\t\t<div class=\"elementor-widget-container\">\n\t\t\t\t\t\t\t\t<p><b>RADIO BIOB\u00cdO<\/b><\/p><p><a style=\"font-style: inherit; font-weight: inherit; background-color: #ffffff; font-family: -apple-system, BlinkMacSystemFont,;\" href=\"https:\/\/www.litoralpress.cl\/Archivos\/0.F-.J.A.G.Vg.%c3%9ccvw-.Ox0ai.Ip.S.A.%c3%96.%c3%96.mp3\" target=\"_blank\" rel=\"noopener\">Expertos abordaron las consecuencias del cambio de la agenda electoral. Se refiere Mauricio Morales, acad\u00e9mico del Centro de An\u00e1lisis Pol\u00edtico (CAP) de la UTalca.<\/a><\/p>\t\t\t\t\t\t<\/div>\n\t\t\t\t<\/div>\n\t\t\t\t<div class=\"elementor-element elementor-element-e27321c elementor-widget elementor-widget-text-editor\" data-id=\"e27321c\" data-element_type=\"widget\" data-widget_type=\"text-editor.default\">\n\t\t\t\t<div class=\"elementor-widget-container\">\n\t\t\t\t\t\t\t\t<p><b>BIOBIOCHILE.CL<\/b><\/p><p><a style=\"font-style: inherit; font-weight: inherit; background-color: #ffffff; font-family: -apple-system, BlinkMacSystemFont,;\" href=\"https:\/\/www.biobiochile.cl\/noticias\/nacional\/chile\/2021\/03\/29\/las-dudas-que-quedan-a-la-deriva-frente-a-una-eventual-postergacion-de-las-elecciones.shtml\" target=\"_blank\" rel=\"noopener\">Las dudas que quedan a la deriva frente a una eventual postergaci\u00f3n de las elecciones. Se refiere Mauricio Morales, acad\u00e9mico del Centro de An\u00e1lisis Pol\u00edtico (CAP) de la UTalca.<\/a><\/p>\t\t\t\t\t\t<\/div>\n\t\t\t\t<\/div>\n\t\t\t\t<div class=\"elementor-element elementor-element-f59c9a1 elementor-widget elementor-widget-text-editor\" data-id=\"f59c9a1\" data-element_type=\"widget\" data-widget_type=\"text-editor.default\">\n\t\t\t\t<div class=\"elementor-widget-container\">\n\t\t\t\t\t\t\t\t<p><b>RADIO DUNA<\/b><\/p><p><a style=\"font-style: inherit; font-weight: inherit; background-color: #ffffff; font-family: -apple-system, BlinkMacSystemFont,;\" href=\"https:\/\/www.litoralpress.cl\/Archivos\/.Iz.T7p.R.Rk.K.Bex-ygjx.Gm.Jww.%c3%96.%c3%96.mp3\" target=\"_blank\" rel=\"noopener\">Entrevista a Mauricio Morales, acad\u00e9mico del Centro de An\u00e1lisis Pol\u00edtico (CAP) de la UTalca.<\/a><\/p>\t\t\t\t\t\t<\/div>\n\t\t\t\t<\/div>\n\t\t\t\t<div class=\"elementor-element elementor-element-5791959 elementor-widget elementor-widget-text-editor\" data-id=\"5791959\" data-element_type=\"widget\" data-widget_type=\"text-editor.default\">\n\t\t\t\t<div class=\"elementor-widget-container\">\n\t\t\t\t\t\t\t\t<p><b>DUNA.CL<\/b><\/p><p><a style=\"font-style: inherit; font-weight: inherit; background-color: #ffffff; font-family: -apple-system, BlinkMacSystemFont,;\" href=\"https:\/\/www.duna.cl\/programa\/duna-en-punto\/2021\/03\/29\/mauricio-morales-y-postergacion-de-elecciones-lo-relevante-es-que-el-gobierno-de-manera-indirecta-nos-acaba-de-garantizar-que-a-mediados-de-mayo-la-situacion-sanitaria-sera-mejor-porque-de-otra\/\" target=\"_blank\" rel=\"noopener\">Mauricio Morales y postergaci\u00f3n de elecciones: \u201cLo relevante es que el gobierno, de manera indirecta, nos acaba de garantizar que a mediados de mayo la situaci\u00f3n sanitaria ser\u00e1 mejor, porque de otra manera no se explica una decisi\u00f3n como esta\u201d.<\/a><\/p>\t\t\t\t\t\t<\/div>\n\t\t\t\t<\/div>\n\t\t\t\t<div class=\"elementor-element elementor-element-922d785 elementor-widget elementor-widget-text-editor\" data-id=\"922d785\" data-element_type=\"widget\" data-widget_type=\"text-editor.default\">\n\t\t\t\t<div class=\"elementor-widget-container\">\n\t\t\t\t\t\t\t\t<p><b>DUNA.CL<\/b><\/p><p><a style=\"font-style: inherit; font-weight: inherit; background-color: #ffffff; font-family: -apple-system, BlinkMacSystemFont,;\" href=\"https:\/\/www.duna.cl\/podcasts\/la-posible-postergacion-de-elecciones-el-cambio-de-agenda-y-la-semana-clave-en-pensiones\/\" target=\"_blank\" rel=\"noopener\">La posible postergaci\u00f3n de elecciones, el cambio de agenda y la semana clave en pensiones. Se refiere Mauricio Morales, acad\u00e9mico del Centro de An\u00e1lisis Pol\u00edtico (CAP) de la UTalca.<\/a><\/p>\t\t\t\t\t\t<\/div>\n\t\t\t\t<\/div>\n\t\t\t\t<div class=\"elementor-element elementor-element-c6fbf10 elementor-widget elementor-widget-text-editor\" data-id=\"c6fbf10\" data-element_type=\"widget\" data-widget_type=\"text-editor.default\">\n\t\t\t\t<div class=\"elementor-widget-container\">\n\t\t\t\t\t\t\t\t<p><b>RADIO INFINITA<\/b><\/p><p><a style=\"font-style: inherit; font-weight: inherit; background-color: #ffffff; font-family: -apple-system, BlinkMacSystemFont,;\" href=\"https:\/\/www.litoralpress.cl\/Archivos\/.Ec0.%c3%9ceo9w0.Qe.Ca.X.V.O2.%c3%9c.Qz.F.A.%c3%96.%c3%96.mp3\" target=\"_blank\" rel=\"noopener\">Entrevista a Mauricio Morales, acad\u00e9mico del Centro de An\u00e1lisis Pol\u00edtico (CAP) de la UTalca.<\/a><\/p>\t\t\t\t\t\t<\/div>\n\t\t\t\t<\/div>\n\t\t\t\t<div class=\"elementor-element elementor-element-8a8ea09 elementor-widget elementor-widget-text-editor\" data-id=\"8a8ea09\" data-element_type=\"widget\" data-widget_type=\"text-editor.default\">\n\t\t\t\t<div class=\"elementor-widget-container\">\n\t\t\t\t\t\t\t\t<p><b>ELMOSTRADOR.CL<\/b><\/p><p><a style=\"font-style: inherit; font-weight: inherit; background-color: #ffffff; font-family: -apple-system, BlinkMacSystemFont,;\" href=\"https:\/\/www.elmostrador.cl\/noticias\/pais\/2021\/03\/29\/postergacion-de-las-elecciones-cuesta-arriba-oposicion-advierte-que-no-basta-con-correr-la-fecha-y-emplaza-a-la-moneda-a-tomar-medidas-tanto-sanitarias-como-economicas\/\" target=\"_blank\" rel=\"noopener\">Postergaci\u00f3n de las elecciones cuesta arriba: oposici\u00f3n advierte que no basta con correr la fecha y emplaza a La Moneda a tomar medidas tanto sanitarias como econ\u00f3micas. Se refiere Mauricio Morales, acad\u00e9mico del Centro de An\u00e1lisis Pol\u00edtico (CAP) de la UTalca.<\/a><\/p>\t\t\t\t\t\t<\/div>\n\t\t\t\t<\/div>\n\t\t\t\t<div class=\"elementor-element elementor-element-b119aa2 elementor-widget elementor-widget-text-editor\" data-id=\"b119aa2\" data-element_type=\"widget\" data-widget_type=\"text-editor.default\">\n\t\t\t\t<div class=\"elementor-widget-container\">\n\t\t\t\t\t\t\t\t<p><b>ROCKANDPOP.CL<\/b><\/p><p><a style=\"font-style: inherit; font-weight: inherit; background-color: #ffffff; font-family: -apple-system, BlinkMacSystemFont,;\" href=\"https:\/\/www.rockandpop.cl\/2021\/03\/se-aplazan-las-presidenciales-asi-quedaria-calendario-de-elecciones-2021-si-aprueban-proyecto-del-gobierno\/\" target=\"_blank\" rel=\"noopener\">\u00bfSe aplazan las presidenciales? As\u00ed quedar\u00eda calendario de elecciones 2021 si aprueban proyecto del Gobierno. Se refiere Mauricio Morales, acad\u00e9mico del Centro de An\u00e1lisis Pol\u00edtico (CAP) de la UTalca.<\/a><\/p>\t\t\t\t\t\t<\/div>\n\t\t\t\t<\/div>\n\t\t\t\t<div class=\"elementor-element elementor-element-800accd elementor-widget elementor-widget-text-editor\" data-id=\"800accd\" data-element_type=\"widget\" data-widget_type=\"text-editor.default\">\n\t\t\t\t<div class=\"elementor-widget-container\">\n\t\t\t\t\t\t\t\t<p><b>DIARIO TALCA<\/b><\/p><p><a style=\"font-style: inherit; font-weight: inherit; background-color: #ffffff; font-family: -apple-system, BlinkMacSystemFont,;\" href=\"https:\/\/www.litoralpress.cl\/paginaconsultas\/Servicios_NClip\/Get_Imagen_Pagina.aspx?LPKey=\/.Hf4kb.B1iyt.T6l.G.Sjeb.Es.H.F.L.Hq.Nk.Ar.C.H.B.Qrlj6\/4.V.N.Q.%C3%96\" target=\"_blank\" rel=\"noopener\">Esquivando el virus para lograr votos. Se refiere Mauricio Morales, acad\u00e9mico del Centro de An\u00e1lisis Pol\u00edtico (CAP) de la UTalca.<\/a><\/p>\t\t\t\t\t\t<\/div>\n\t\t\t\t<\/div>\n\t\t\t\t<div class=\"elementor-element elementor-element-313af0c elementor-widget elementor-widget-text-editor\" data-id=\"313af0c\" data-element_type=\"widget\" data-widget_type=\"text-editor.default\">\n\t\t\t\t<div class=\"elementor-widget-container\">\n\t\t\t\t\t\t\t\t<p><b>DIARIOTALCA.CL<\/b><\/p><p><a style=\"font-style: inherit; font-weight: inherit; background-color: #ffffff; font-family: -apple-system, BlinkMacSystemFont,;\" href=\"https:\/\/www.diariotalca.cl\/dia-mundial-del-agua-academico-talquino-advierte-sobre-5-graves-amenazas\/\" target=\"_blank\" rel=\"noopener\">D\u00eda Mundial del Agua: Acad\u00e9mico talquino advierte sobre 5 graves amenazas. Se refiere Roberto Pizarro, acad\u00e9mico de la Escuela de Ingenier\u00eda Forestal de la UTalca.\u00a0<\/a><\/p>\t\t\t\t\t\t<\/div>\n\t\t\t\t<\/div>\n\t\t\t\t<div class=\"elementor-element elementor-element-53d60d5 elementor-widget elementor-widget-text-editor\" data-id=\"53d60d5\" data-element_type=\"widget\" data-widget_type=\"text-editor.default\">\n\t\t\t\t<div class=\"elementor-widget-container\">\n\t\t\t\t\t\t\t\t<p><b>DIARIO TALCA<\/b><\/p><p><a style=\"font-style: inherit; font-weight: inherit; background-color: #ffffff; font-family: -apple-system, BlinkMacSystemFont,;\" href=\"https:\/\/www.litoralpress.cl\/paginaconsultas\/Servicios_NClip\/Get_Imagen_Nota.aspx?LPKey=.D\/.P.Xs8c.R.Js6yz.Xzm.P.Zmsso2.V.O.Hoqsgbf.%C3%9Cn.Bm.Fm8ev.Kshsz.T.M.Ql.Y.Q.Cly.X.U.F.M.Z.T\/.Vu\" target=\"_blank\" rel=\"noopener\">M\u00e9dicos de la salud. Se menciona el Centro de Documentaci\u00f3n Patrimonial del Instituto de Estudios Human\u00edsticos de la UTalca.\u00a0<\/a><\/p>\t\t\t\t\t\t<\/div>\n\t\t\t\t<\/div>\n\t\t\t\t<div class=\"elementor-element elementor-element-14bb463 elementor-widget elementor-widget-text-editor\" data-id=\"14bb463\" data-element_type=\"widget\" data-widget_type=\"text-editor.default\">\n\t\t\t\t<div class=\"elementor-widget-container\">\n\t\t\t\t\t\t\t\t<p><b>DIARIO TALCA<\/b><\/p><p><a style=\"font-style: inherit; font-weight: inherit; background-color: #ffffff; font-family: -apple-system, BlinkMacSystemFont,;\" href=\"https:\/\/www.litoralpress.cl\/paginaconsultas\/Servicios_NClip\/Get_Imagen_Pagina.aspx?LPKey=i4e.G.Pj.Gxbihyju.Sh.A.Pmmny.B2.M.Akt.Z.H.P.I.K4.B.Sgz.Zcw.R.E.%C3%96\" target=\"_blank\" rel=\"noopener\">Las cr\u00f3nicas de Benito Riquelme. Se menciona el Centro de Documentaci\u00f3n Patrimonial del Instituto de Estudios Human\u00edsticos de la UTalca.\u00a0<\/a><\/p>\t\t\t\t\t\t<\/div>\n\t\t\t\t<\/div>\n\t\t\t\t\t<\/div>\n\t\t<\/div>\n\t\t\t\t\t\t\t<\/div>\n\t\t<\/section>\n\t\t\t\t\t\t<\/div>\n\t\t\t\t\t<\/div>\n\t\t","protected":false},"excerpt":{"rendered":"<p>CANAL 13 Sistema hospitalario est\u00e1 al borde del colapso ante COVID-19. Se refiere Erika Retamal, directora de Salud P\u00fablica de la UTalca. DIARIO TALCA Universidad de Talca obtuvo recursos para tres proyectos de fortalecimiento institucional. COOPERATIVA.CL \u00bfQu\u00e9 funciones tendr\u00e1n los futuros gobernadores regionales? Se refiere Mauricio Morales, acad\u00e9mico del Centro de An\u00e1lisis Pol\u00edtico (CAP) de &hellip;<\/p>\n<p class=\"read-more\"> <a class=\"\" href=\"https:\/\/www.reportedeprensa.utalca.cl\/?p=584\"> <span class=\"screen-reader-text\">30 de marzo de 2021<\/span> Read More &raquo;<\/a><\/p>\n","protected":false},"author":1,"featured_media":0,"comment_status":"closed","ping_status":"open","sticky":false,"template":"elementor_theme","format":"standard","meta":{"_monsterinsights_skip_tracking":false,"_monsterinsights_sitenote_active":false,"_monsterinsights_sitenote_note":"","_monsterinsights_sitenote_category":0},"categories":[4],"tags":[],"_links":{"self":[{"href":"https:\/\/www.reportedeprensa.utalca.cl\/index.php?rest_route=\/wp\/v2\/posts\/584"}],"collection":[{"href":"https:\/\/www.reportedeprensa.utalca.cl\/index.php?rest_route=\/wp\/v2\/posts"}],"about":[{"href":"https:\/\/www.reportedeprensa.utalca.cl\/index.php?rest_route=\/wp\/v2\/types\/post"}],"author":[{"embeddable":true,"href":"https:\/\/www.reportedeprensa.utalca.cl\/index.php?rest_route=\/wp\/v2\/users\/1"}],"replies":[{"embeddable":true,"href":"https:\/\/www.reportedeprensa.utalca.cl\/index.php?rest_route=%2Fwp%2Fv2%2Fcomments&post=584"}],"version-history":[{"count":4,"href":"https:\/\/www.reportedeprensa.utalca.cl\/index.php?rest_route=\/wp\/v2\/posts\/584\/revisions"}],"predecessor-version":[{"id":588,"href":"https:\/\/www.reportedeprensa.utalca.cl\/index.php?rest_route=\/wp\/v2\/posts\/584\/revisions\/588"}],"wp:attachment":[{"href":"https:\/\/www.reportedeprensa.utalca.cl\/index.php?rest_route=%2Fwp%2Fv2%2Fmedia&parent=584"}],"wp:term":[{"taxonomy":"category","embeddable":true,"href":"https:\/\/www.reportedeprensa.utalca.cl\/index.php?rest_route=%2Fwp%2Fv2%2Fcategories&post=584"},{"taxonomy":"post_tag","embeddable":true,"href":"https:\/\/www.reportedeprensa.utalca.cl\/index.php?rest_route=%2Fwp%2Fv2%2Ftags&post=584"}],"curies":[{"name":"wp","href":"https:\/\/api.w.org\/{rel}","templated":true}]}}