{"id":5857,"date":"2022-11-30T12:47:54","date_gmt":"2022-11-30T15:47:54","guid":{"rendered":"https:\/\/www.reportedeprensa.utalca.cl\/?p=5857"},"modified":"2022-11-30T12:58:55","modified_gmt":"2022-11-30T15:58:55","slug":"30-de-noviembre-de-2022","status":"publish","type":"post","link":"https:\/\/www.reportedeprensa.utalca.cl\/?p=5857","title":{"rendered":"30 de noviembre de 2022"},"content":{"rendered":"\t\t<div data-elementor-type=\"wp-post\" data-elementor-id=\"5857\" class=\"elementor elementor-5857\" data-elementor-settings=\"[]\">\n\t\t\t\t\t\t\t<div class=\"elementor-section-wrap\">\n\t\t\t\t\t\t\t<section class=\"elementor-section elementor-top-section elementor-element elementor-element-2a4b4b83 elementor-section-boxed elementor-section-height-default elementor-section-height-default\" data-id=\"2a4b4b83\" data-element_type=\"section\">\n\t\t\t\t\t\t<div class=\"elementor-container elementor-column-gap-default\">\n\t\t\t\t\t<div class=\"elementor-column elementor-col-100 elementor-top-column elementor-element elementor-element-24a78540\" data-id=\"24a78540\" data-element_type=\"column\">\n\t\t\t<div class=\"elementor-widget-wrap elementor-element-populated\">\n\t\t\t\t\t\t\t\t<div class=\"elementor-element elementor-element-55b07e54 elementor-widget elementor-widget-text-editor\" data-id=\"55b07e54\" data-element_type=\"widget\" data-widget_type=\"text-editor.default\">\n\t\t\t\t<div class=\"elementor-widget-container\">\n\t\t\t\t\t\t\t\t<p><strong>RADIO FM+<\/strong><\/p><p><a href=\"https:\/\/www.litoralpress.cl\/sitio\/RadioTV_Detalles.cshtml?LPKey=VVFNKV4KJVRMIWK5EYZIO7QZSJ3UZPGLATTUDIZFMQQ5A5DQ2QFMTGDKKSRWPJDG5JIEAJPKUU2UQ\">Admisi\u00f3n en la Facultad de Ciencias de la Educaci\u00f3n. Entrevista a Carolina Bravo Tobar, coordinadora de la Unidad de atracci\u00f3n, acceso y permanencia a las carreras de educaci\u00f3n.<\/a><\/p><p>\u00a0<\/p><p><strong>T13.CL<\/strong><\/p><p><a href=\"https:\/\/www.t13.cl\/noticia\/nacional\/sueldo-promedio-medicos-segun-universidad-egreso-29-11-20221\">Hasta tres millones de pesos: El sueldo promedio de m\u00e9dicos seg\u00fan universidad de egreso. Se menciona a la UTalca.<\/a><\/p><p>\u00a0<\/p><p><strong>CANAL CONTIVISI\u00d3N<\/strong><\/p><p><a href=\"https:\/\/www.litoralpress.cl\/sitio\/RadioTV_Detalles.cshtml?LPKey=PVTO3JAFBEW45DWMIDNDBT5ZZE2RPW5UIBBGXXG6LVX7NL2YGF3VXTKVANYPS56RCC5F473MH3NU4\">Artistas participaron de Las Pinceladas del Maule. Se refieren Carlos Torres Fuchslocher, rector de la UTalca; Pedro Emilio Zamorano, director del Instituto de Estudios Human\u00edsticos; Marcela Albornoz Dachelet, directora de Extensi\u00f3n Cultural-Art\u00edstica; y la estudiante de psicolog\u00eda Martina Fern\u00e1ndez.<\/a><\/p><p>\u00a0<\/p><p><strong>EL MERCURIO<\/strong><\/p><p><a href=\"https:\/\/www.litoralpress.cl\/paginaconsultas\/Documentos\/Get_Imagen.aspx?lpkey=.O993.Vnd9.Bmi.U5.Y0.%C3%9Cv.Yn.U.O.O.O.Vh2.G.J.%C3%9C.J.Cd.L4.Vou.V.C.Tst.E.Aq.D69ih.Zj.%C3%9C4.M.Iwtbh.Cw.S.Q\">Seminario \u201cJusticia Restaurativa, desaf\u00edos para el sistema penal\u201d.<\/a><\/p><p>\u00a0<\/p><p><strong>ELCENTRO.CL<\/strong><\/p><p><a href=\"https:\/\/elcentro.cl\/2022\/11\/29\/justicia-restaurativa-que-es-y-como-se-aplica-en-chile\/\">Justicia restaurativa qu\u00e9 es y c\u00f3mo se aplica en Chile. Se refiere Ra\u00fal Carnevali, acad\u00e9mico de la Facultad de Ciencias Jur\u00eddicas y Sociales.<\/a><\/p><p>\u00a0<\/p><p><strong>ELMAULEINFORMA.CL<\/strong><\/p><p><a href=\"https:\/\/elmauleinforma.cl\/justicia-restaurativa-que-es-y-como-se-aplica-en-chile\/\">Justicia restaurativa qu\u00e9 es y c\u00f3mo se aplica en Chile. Se refiere Ra\u00fal Carnevali, acad\u00e9mico de la Facultad de Ciencias Jur\u00eddicas y Sociales.<\/a><\/p><p>\u00a0<\/p><p><strong>LAS \u00daLTIMAS NOTICIAS<\/strong><\/p><p><a href=\"https:\/\/www.litoralpress.cl\/paginaconsultas\/Servicios_NClipSitio\/Get_Imagen_Nota.aspx?LPKey=RAMFXBL6SYYGLRZN3OS5TIFX7LOXSPTC4RWZSQOBNWUVDUFEIN7HOEMVT25O3QZUPPUO4ETINMWZ4\">La nueva prueba de Competencia Lectora por dentro. Se refiere Mar\u00eda Pilar Caramant\u00edn, acad\u00e9mica del Instituto de Qu\u00edmica de los Recursos Naturales.<\/a><\/p><p>\u00a0<\/p><p><strong>LA PRENSA<\/strong><\/p><p><a href=\"https:\/\/www.litoralpress.cl\/paginaconsultas\/Servicios_NClipSitio\/Get_Imagen_Nota.aspx?LPKey=ZUQYPU4UZMZNENDG3Y4VT43HDHOHF64Z62YRYXL3EX56RDR5HMK3G6OJS5BBF6GCI7NKBOTMQYGNG\">Acad\u00e9mico recibe distinci\u00f3n. Se refiere Emilio Moyano D\u00edaz, acad\u00e9mico de la Facultad de Psicolog\u00eda.<\/a><\/p><p>\u00a0<\/p><p><strong>EL LECTOR<\/strong><\/p><p><a href=\"https:\/\/www.litoralpress.cl\/paginaconsultas\/Servicios_NClipSitio\/Get_Imagen_Nota.aspx?LPKey=6EOS4PH76VJL7YBY4TFXBANCC2LWD7GSCQKDNMVKCHR6OMAZ7F7OCEVRCLVVZUXDWWDVCGDDXYEBM\">Sociedad Cient\u00edfica de Psicolog\u00eda distingui\u00f3 aporte de acad\u00e9mico de la UTalca. Se refiere Emilio Moyano D\u00edaz, acad\u00e9mico de la Facultad de Psicolog\u00eda.<\/a><\/p><p>\u00a0<\/p><p><strong>RADIO COOPERATIVA<\/strong><\/p><p><a href=\"https:\/\/www.litoralpress.cl\/sitio\/RadioTV_Detalles.cshtml?LPKey=6FOR4QE7DZOJ2UOKN6524F3BQ42BJ33SMTGG3A5OJZK6PWZBZ3C7753K6SJKYNYJCLY7AIIWQROT4\">Hoy es la segunda jornada de rendici\u00f3n de la PAES. Se refiere Felipe Figueroa, psic\u00f3logo del Programa PACE UTalca.<\/a><\/p><p>\u00a0<\/p><p><strong>RADIO DE CARABINEROS DE CHILE<\/strong><\/p><p><a href=\"https:\/\/www.litoralpress.cl\/sitio\/RadioTV_Detalles.cshtml?LPKey=XQ3MAZZK5URTIYV3GARL423VU5YOE4JQMGRQTHCMRQRRKMPPQDOHJKI6RGJNJJOGMDRARZRPPA2MM\">Entrevista a Tania Mascar\u00f3, coordinadora de Vinculaci\u00f3n Escolar.<\/a><\/p><p>\u00a0<\/p><p><strong>CANAL TVN RED MAULE<\/strong><\/p><p><a href=\"https:\/\/www.litoralpress.cl\/sitio\/RadioTV_Detalles.cshtml?LPKey=U6MOBCU5BJL6UMKVL2IWV7QU2YKQ3LLS24A3MOLNQ5WFQ5KRQDH6KY4DTPARE5HZPIHU7CNXNU6OI\">Rendici\u00f3n de la PAES. Se refiere Felipe Figueroa, psic\u00f3logo del Programa PACE UTalca.<\/a><\/p><p>\u00a0<\/p><p><strong>RADIO LAUTARO<\/strong><\/p><p><a href=\"https:\/\/www.litoralpress.cl\/sitio\/RadioTV_Detalles.cshtml?LPKey=7RBHKP37C2CT7TJZSAKZA4I4D3NM7W2W65DXVNRN74NY7S2TWS5IMEQUSGYNKAOYNQERMU332QP76\">Entrevista a Felipe Figueroa, psic\u00f3logo del Programa PACE UTalca.<\/a><\/p><p>\u00a0<\/p><p><strong>RADIO GUAYAC\u00c1N<\/strong><\/p><p><a href=\"https:\/\/www.litoralpress.cl\/sitio\/RadioTV_Detalles.cshtml?LPKey=DXG2OYCLJQBNIV2UIPIQ2E62HVUAZDOC3JRP2HZMAZOK7KOLYORELE3LANB2P3KAQMDJUWVHWE7S6\">Entrevista a Tania Mascar\u00f3, coordinadora de Vinculaci\u00f3n Escolar.<\/a><\/p><p>\u00a0<\/p><p><strong>UESTATALES.CL<\/strong><\/p><p><a href=\"http:\/\/uestatales.cl\/cue\/?q=node\/9721\">En reuni\u00f3n de rectores se firm\u00f3 convenio de creaci\u00f3n del Centro Interuniversitario de Envejecimiento Saludable. Se refiere Iv\u00e1n Palomo, acad\u00e9mico de la Facultad de Ciencias de la Salud.<\/a><\/p><p>\u00a0<\/p><p><strong>ADPRENSA.CL<\/strong><\/p><p><a href=\"https:\/\/www.adprensa.cl\/cronica\/utalca-participara-en-centro-interuniversitario-de-envejecimiento-saludable-perteneciente-al-cuech\/\">UTalca participar\u00e1 en Centro Interuniversitario de Envejecimiento Saludable perteneciente al CUECH. Se refiere Iv\u00e1n Palomo, acad\u00e9mico de la Facultad de Ciencias de la Salud.<\/a><\/p><p>\u00a0<\/p><p><strong>MEDIABANCO.COM<\/strong><\/p><p><a href=\"https:\/\/www.mediabanco.com\/utalca-participara-en-centro-interuniversitario-de-envejecimiento-saludable-perteneciente-al-cuech\/\">UTalca participar\u00e1 en Centro Interuniversitario de Envejecimiento Saludable perteneciente al CUECH. Se refiere Iv\u00e1n Palomo, acad\u00e9mico de la Facultad de Ciencias de la Salud.<\/a><\/p><p>\u00a0<\/p><p><strong>ELCENTRO.CL<\/strong><\/p><p><a href=\"https:\/\/elcentro.cl\/2022\/11\/29\/maule-detectan-aumento-de-obesidad-y-sobrepeso-infantil-en-escolares\/\">Maule: Detectan aumento de obesidad y sobrepeso infantil en escolares. Se refiere Francisco Monsalve, acad\u00e9mico de la Facultad de Ciencias de la Salud.<\/a><\/p><p>\u00a0<\/p><p><strong>PUBLIMETRO<\/strong><\/p><p><a href=\"https:\/\/www.litoralpress.cl\/paginaconsultas\/Servicios_NClipSitio\/Get_Imagen_Nota.aspx?LPKey=ZYGLIGYHMYSMSVGLX6HXNWUC3VWGTAZCORY5K25YDVSVOT257V4B2AYUB2TJJABHGHVQGLINMGVL6\">Los d\u00edas m\u00e1s complicados de Iraci Hassler al mando de Santiago. Se refiere Juan Andr\u00e9s Riquelme, director del Mag\u00edster en Econom\u00eda.<\/a><\/p><p>\u00a0<\/p><p><strong>PUBLIMETRO<\/strong><\/p><p><a href=\"https:\/\/www.litoralpress.cl\/paginaconsultas\/Servicios_NClipSitio\/Get_Imagen_Nota.aspx?LPKey=FJD4BAF4QITCYDFXDVWN26UWBZ4NQLD3ORF6JLDWQZAKOMDN6EDUK6XJK2C6SCHSWRSTLOP2BV7DK\">Soluciones y costos a\u00fan desconocidos. Se refiere Juan Andr\u00e9s Riquelme, director del Mag\u00edster en Econom\u00eda.<\/a><\/p><p>\u00a0<\/p><p><strong>MUNDOAGRO.CL<\/strong><\/p><p><a href=\"https:\/\/mundoagro.cl\/eventos-meteorologicos-extremos-complican-la-produccion-de-manzanas-al-afectar-la-formacion-de-flores\/\">Eventos meteorol\u00f3gicos extremos complican la producci\u00f3n de manzanas al afectar la formaci\u00f3n de flores. Columna de opini\u00f3n de \u00c1lvaro Sep\u00falveda, profesional del Centro de Pom\u00e1ceas.<\/a><\/p><p>\u00a0<\/p><p><strong>LA PRENSA AUSTRAL<\/strong><\/p><p><a href=\"https:\/\/www.litoralpress.cl\/paginaconsultas\/Servicios_NClipSitio\/Get_Imagen_Nota.aspx?LPKey=Z2Q7C7PXD3M7K5MHUZXMEWM4OCANLP4QE6OW6CISJ2H3DKKPCUJ4E6BNBDFWBBG6YG6J3UUZFFCKU\">Principales minas de Codelco se agotan: 75% de la producci\u00f3n depende de proyectos que est\u00e1n retrasados. Se refiere Francisco Rivas Salda\u00f1a, director de la Escuela de Ingenier\u00eda Civil de Minas.<\/a><\/p><p>\u00a0<\/p><p><strong>LAPRENSAAUSTRAL.CL<\/strong><\/p><p><a href=\"https:\/\/laprensaaustral.cl\/2022\/11\/29\/principales-minas-de-codelco-se-agotan-75-de-la-produccion-depende-de-proyectos-que-estan-retrasados\/\">Principales minas de Codelco se agotan: 75% de la producci\u00f3n depende de proyectos que est\u00e1n retrasados. Se refiere Francisco Rivas Salda\u00f1a, director de la Escuela de Ingenier\u00eda Civil de Minas.<\/a><\/p><p>\u00a0<\/p><p><strong>RADIO INFINITA<\/strong><\/p><p><a href=\"https:\/\/www.litoralpress.cl\/sitio\/RadioTV_Detalles.cshtml?LPKey=YCPA7CZZDD3FJ2IYEY5G2MT4UZ5AYBN4NEFG3OPXPDSA7QK23JC5VPR6BELN3QP7QNMIPCCKDFR5E\">Comentario de Mauricio Morales Quiroga, director del Centro de An\u00e1lisis Pol\u00edtico (CAP).<\/a><\/p><p>\u00a0<\/p><p><strong>EMOL.COM<\/strong><\/p><p><a href=\"https:\/\/www.emol.com\/noticias\/Nacional\/2022\/11\/29\/1079692\/analisis-gobierno-por-paro-camioneros.html\">Paro de camioneros: An\u00e1lisis a la estrategia del Gobierno para desactivar las movilizaciones. Se refiere Mauricio Morales Quiroga, director del Centro de An\u00e1lisis Pol\u00edtico (CAP).<\/a><\/p><p>\u00a0<\/p><p><strong>THECLINIC.CL<\/strong><\/p><p><a href=\"https:\/\/www.theclinic.cl\/2022\/11\/29\/fin-al-paro-de-camioneros-balance-ante-un-gremio-atomizado-pero-que-ronca-fuerte\/\">Fin al paro de camioneros: balance ante un gremio atomizado, pero que ronca fuerte. Se refiere Mauricio Morales Quiroga, director del Centro de An\u00e1lisis Pol\u00edtico (CAP).<\/a><\/p><p>\u00a0<\/p><p><strong>RADIO.UCHILE.CL<\/strong><\/p><p><a href=\"https:\/\/radio.uchile.cl\/2022\/11\/29\/carencia-de-liderazgo-la-crisis-de-pedro-castillo-que-marco-su-paso-por-chile-y-que-podria-perjudicar-a-la-alianza-del-pacifico\/\">Carencia de liderazgo: La crisis de Pedro Castillo que marc\u00f3 su paso por Chile y que podr\u00eda perjudicar a la Alianza del Pac\u00edfico. Se refiere Alejandra M\u00e1rquez, acad\u00e9mica del Centro de An\u00e1lisis Pol\u00edtico (CAP).<\/a><\/p><p>\u00a0<\/p><p><strong>RADIO GUAYAC\u00c1N<\/strong><\/p><p><a href=\"https:\/\/www.litoralpress.cl\/sitio\/RadioTV_Detalles.cshtml?LPKey=NZUMTG5XFHCLY7QATYSBVEAZN7LMRQE5KWM6YMKJNC3RSFPSN64KHPLEFACFMYDYZ3OILT74TKCBA\">Entrevista a Alejandra M\u00e1rquez, acad\u00e9mica del Centro de An\u00e1lisis Pol\u00edtico (CAP).<\/a><\/p><p>\u00a0<\/p><p><strong>LA PRENSA<\/strong><\/p><p><a href=\"https:\/\/www.litoralpress.cl\/paginaconsultas\/Servicios_NClipSitio\/Get_Imagen_Nota.aspx?LPKey=EGT5EPGVAJOIJKWVDHMLLDPPMZEFE63AJS5RNHZUU3F4KM7R4JOZWNSYYKRTO7CWZ25LADMNZJ3JA\">Para toda la comunidad: Curic\u00f3 tendr\u00e1 encuentro y feria de empresas familiares. Se menciona la Campus Curic\u00f3 de la UTalca.<\/a><\/p><p>\u00a0<\/p><p><strong>DIARIOLAPRENSA.CL<\/strong><\/p><p><a href=\"https:\/\/new.diariolaprensa.cl\/index.php\/2022\/11\/29\/para-toda-la-comunidad-curico-tendra-encuentro-y-feria-de-empresas-familiares\/\">Para toda la comunidad: Curic\u00f3 tendr\u00e1 encuentro y feria de empresas familiares. Se menciona al Campus Curic\u00f3 de la UTalca.<\/a><\/p><p>\u00a0<\/p><p><strong>BEETHOVENFM.CL<\/strong><\/p><p><a href=\"https:\/\/www.beethovenfm.cl\/evento\/catedra-oreste-plath-yvain-eltit\/\">C\u00e1tedra Oreste Plath: Yva\u00edn Eltit. Se menciona a la Direcci\u00f3n de Extensi\u00f3n Cultural-Art\u00edstica.<\/a><\/p><p>\u00a0<\/p>\t\t\t\t\t\t<\/div>\n\t\t\t\t<\/div>\n\t\t\t\t\t<\/div>\n\t\t<\/div>\n\t\t\t\t\t\t\t<\/div>\n\t\t<\/section>\n\t\t\t\t\t\t<\/div>\n\t\t\t\t\t<\/div>\n\t\t","protected":false},"excerpt":{"rendered":"<p>RADIO FM+ Admisi\u00f3n en la Facultad de Ciencias de la Educaci\u00f3n. Entrevista a Carolina Bravo Tobar, coordinadora de la Unidad de atracci\u00f3n, acceso y permanencia a las carreras de educaci\u00f3n. \u00a0 T13.CL Hasta tres millones de pesos: El sueldo promedio de m\u00e9dicos seg\u00fan universidad de egreso. Se menciona a la UTalca. \u00a0 CANAL CONTIVISI\u00d3N Artistas &hellip;<\/p>\n<p class=\"read-more\"> <a class=\"\" href=\"https:\/\/www.reportedeprensa.utalca.cl\/?p=5857\"> <span class=\"screen-reader-text\">30 de noviembre de 2022<\/span> Read More &raquo;<\/a><\/p>\n","protected":false},"author":1,"featured_media":0,"comment_status":"closed","ping_status":"open","sticky":false,"template":"","format":"standard","meta":{"_monsterinsights_skip_tracking":false,"_monsterinsights_sitenote_active":false,"_monsterinsights_sitenote_note":"","_monsterinsights_sitenote_category":0},"categories":[27],"tags":[],"_links":{"self":[{"href":"https:\/\/www.reportedeprensa.utalca.cl\/index.php?rest_route=\/wp\/v2\/posts\/5857"}],"collection":[{"href":"https:\/\/www.reportedeprensa.utalca.cl\/index.php?rest_route=\/wp\/v2\/posts"}],"about":[{"href":"https:\/\/www.reportedeprensa.utalca.cl\/index.php?rest_route=\/wp\/v2\/types\/post"}],"author":[{"embeddable":true,"href":"https:\/\/www.reportedeprensa.utalca.cl\/index.php?rest_route=\/wp\/v2\/users\/1"}],"replies":[{"embeddable":true,"href":"https:\/\/www.reportedeprensa.utalca.cl\/index.php?rest_route=%2Fwp%2Fv2%2Fcomments&post=5857"}],"version-history":[{"count":7,"href":"https:\/\/www.reportedeprensa.utalca.cl\/index.php?rest_route=\/wp\/v2\/posts\/5857\/revisions"}],"predecessor-version":[{"id":5864,"href":"https:\/\/www.reportedeprensa.utalca.cl\/index.php?rest_route=\/wp\/v2\/posts\/5857\/revisions\/5864"}],"wp:attachment":[{"href":"https:\/\/www.reportedeprensa.utalca.cl\/index.php?rest_route=%2Fwp%2Fv2%2Fmedia&parent=5857"}],"wp:term":[{"taxonomy":"category","embeddable":true,"href":"https:\/\/www.reportedeprensa.utalca.cl\/index.php?rest_route=%2Fwp%2Fv2%2Fcategories&post=5857"},{"taxonomy":"post_tag","embeddable":true,"href":"https:\/\/www.reportedeprensa.utalca.cl\/index.php?rest_route=%2Fwp%2Fv2%2Ftags&post=5857"}],"curies":[{"name":"wp","href":"https:\/\/api.w.org\/{rel}","templated":true}]}}