{"id":5879,"date":"2022-12-01T09:45:24","date_gmt":"2022-12-01T12:45:24","guid":{"rendered":"https:\/\/www.reportedeprensa.utalca.cl\/?p=5879"},"modified":"2022-12-01T09:44:03","modified_gmt":"2022-12-01T12:44:03","slug":"01-de-diciembre-de-2022","status":"publish","type":"post","link":"https:\/\/www.reportedeprensa.utalca.cl\/?p=5879","title":{"rendered":"01 de diciembre de 2022"},"content":{"rendered":"\t\t<div data-elementor-type=\"wp-post\" data-elementor-id=\"5879\" class=\"elementor elementor-5879\" data-elementor-settings=\"[]\">\n\t\t\t\t\t\t\t<div class=\"elementor-section-wrap\">\n\t\t\t\t\t\t\t<section class=\"elementor-section elementor-top-section elementor-element elementor-element-2a4b4b83 elementor-section-boxed elementor-section-height-default elementor-section-height-default\" data-id=\"2a4b4b83\" data-element_type=\"section\">\n\t\t\t\t\t\t<div class=\"elementor-container elementor-column-gap-default\">\n\t\t\t\t\t<div class=\"elementor-column elementor-col-100 elementor-top-column elementor-element elementor-element-24a78540\" data-id=\"24a78540\" data-element_type=\"column\">\n\t\t\t<div class=\"elementor-widget-wrap elementor-element-populated\">\n\t\t\t\t\t\t\t\t<div class=\"elementor-element elementor-element-55b07e54 elementor-widget elementor-widget-text-editor\" data-id=\"55b07e54\" data-element_type=\"widget\" data-widget_type=\"text-editor.default\">\n\t\t\t\t<div class=\"elementor-widget-container\">\n\t\t\t\t\t\t\t\t<p><strong>ADPRENSA.CL<\/strong><\/p><p><a href=\"https:\/\/www.adprensa.cl\/cronica\/universidad-de-talca-firma-convenio-con-fundacion-creseres\/\">Universidad de Talca firma convenio con Fundaci\u00f3n CreSeres. Se refieren Ismael Gallardo Cuadra, decano de la Facultad de Psicolog\u00eda y Constanza Fern\u00e1ndez, coordinadora de Vinculaci\u00f3n y Comunicaciones de la Facultad de Odontolog\u00eda.<\/a><\/p><p>\u00a0<\/p><p><strong>MEDIABANCO.COM<\/strong><\/p><p><a href=\"https:\/\/www.mediabanco.com\/universidad-de-talca-firma-convenio-con-fundacion-creseres\/\">Universidad de Talca firma convenio con Fundaci\u00f3n CreSeres. Se refieren Ismael Gallardo Cuadra, decano de la Facultad de Psicolog\u00eda y Constanza Fern\u00e1ndez, coordinadora de Vinculaci\u00f3n y Comunicaciones de la Facultad de Odontolog\u00eda.<\/a><\/p><p>\u00a0<\/p><p><strong>CAUQUENESNET.CL<\/strong><\/p><p><a href=\"https:\/\/cauquenesnet.cl\/2022\/11\/30\/universidad-de-talca-firma-convenio-con-fundacion-creseres\/\">Universidad de Talca firma convenio con Fundaci\u00f3n CreSeres. Se refieren Ismael Gallardo Cuadra, decano de la Facultad de Psicolog\u00eda y Constanza Fern\u00e1ndez, coordinadora de Vinculaci\u00f3n y Comunicaciones de la Facultad de Odontolog\u00eda.<\/a><\/p><p>\u00a0<\/p><p><strong>RADIO COOPERATIVA<\/strong><\/p><p><a href=\"https:\/\/www.litoralpress.cl\/sitio\/RadioTV_Detalles.cshtml?LPKey=4PIHNKN25WGY6PTSEI4IRUHBNLSIACCQLNGPFKXYH7FQDQBISP4J5DZXUCRMEGGGNCXXGMG6AGSAI\">Se realiza la \u00faltima jornada de la PAES. Se refiere Felipe Figueroa Mart\u00ednez, psic\u00f3logo del Programa PACE UTalca.<\/a><\/p><p>\u00a0<\/p><p><strong>ENESTRADO.COM<\/strong><\/p><p><a href=\"https:\/\/enestrado.com\/justicia-restaurativa-que-es-y-como-se-aplica-en-chile\/\">Justicia Restaurativa: \u00bfQu\u00e9 es y c\u00f3mo se aplica en Chile? Se refiere Ra\u00fal Carnevali, acad\u00e9mico de la Facultad de Ciencias Jur\u00eddicas y Sociales.<\/a><\/p><p>\u00a0<\/p><p><strong>PUBLIMICRO.CL<\/strong><\/p><p><a href=\"https:\/\/publimicro.cl\/universidad-de-talca-participara-en-centro-interuniversitario-de-envejecimiento-saludable-perteneciente-al-cuech\/\">Universidad de Talca participar\u00e1 en Centro Interuniversitario de Envejecimiento Saludable perteneciente al CUECH. Se menciona a Iv\u00e1n Palomo Gonz\u00e1lez, acad\u00e9mico de la Facultad de Ciencias de la Salud.<\/a><\/p><p>\u00a0<\/p><p><strong>CANAL VTV DE LOS ANDES<\/strong><\/p><p><a href=\"https:\/\/www.litoralpress.cl\/sitio\/RadioTV_Detalles.cshtml?LPKey=PYR27AZRUBURPYI5AYCJWL4ZZM3UZAL7NQLRNQNIQ2FNPCJU5OYIB2EP4XYGHJM3KW42WFDDJLFHY\">Diferencias de hasta siete veces en ex\u00e1menes m\u00e9dicos en cl\u00ednicas. Se refiere Diego Gonz\u00e1lez, acad\u00e9mico del Departamento de Salud P\u00fablica.<\/a><\/p><p>\u00a0<\/p><p><strong>CANAL TVN RED MAULE<\/strong><\/p><p><a href=\"https:\/\/www.litoralpress.cl\/sitio\/RadioTV_Detalles.cshtml?LPKey=GR36EACPT3AKE4QRNFMOLRLBPL4WTKVZXXW5FJINKVP5UVZO4BASF6X3SG63RDXJITBI5NRHTKED4\">Grupo de comerciantes ambulantes de Talca reclaman espacio para trabajar. Se refiere Blanca Z\u00fa\u00f1iga, directora de la Escuela de Arquitectura.<\/a><\/p><p>\u00a0<\/p><p><strong>RADIO INFINITA<\/strong><\/p><p><a href=\"https:\/\/www.litoralpress.cl\/sitio\/RadioTV_Detalles.cshtml?LPKey=2JWNMNFXWFEU22AOCXEKIIVXIP55THBJSJGLM7NYNIDLGNFPNYLZST4HV6XCTVVSZ4LGEM74TOB7Y\">Comentario de Mauricio Morales, director del Centro de An\u00e1lisis Pol\u00edtico (CAP).<\/a><\/p><p>\u00a0<\/p><p><strong>RADIO UNIVERSIDAD DE CHILE<\/strong><\/p><p><a href=\"https:\/\/www.litoralpress.cl\/sitio\/RadioTV_Detalles.cshtml?LPKey=DDJGYE62PQY3PV3OM2WWVPJIOVABAVYEBPIJEAMOSCBIDVATIWVCFXIY5NCUJFGBJQBGKLBY2GQZU\">Visita al pa\u00eds del Presidente de Per\u00fa. Se refiere Alejandra M\u00e1rquez, acad\u00e9mica del Centro de An\u00e1lisis Pol\u00edtico (CAP).<\/a><\/p><p>\u00a0<\/p><p><strong>TVMAULE.CL<\/strong><\/p><p><a href=\"https:\/\/www.tvmaule.cl\/universitarios-emprendedores-conozcamos-hermosa-papeleria-e-innovadora-joyeria\/\">Universitarios emprendedores: conozcamos hermosa papeler\u00eda e innovadora joyer\u00eda. Se refieren las estudiantes Fernanda N\u00fa\u00f1ez y Anastasia Pe\u00f1a Rojas.<\/a><\/p><p>\u00a0<\/p><p><strong>ELMOSTRADOR.CL<\/strong><\/p><p><a href=\"https:\/\/www.elmostrador.cl\/cultura\/2022\/11\/30\/presentacion-del-libro-esquirlas-de-la-rabia\/\">Presentaci\u00f3n del libro &#8220;Esquirlas de la rabia&#8221;. Se menciona al Centro de Extensi\u00f3n Santiago.<\/a><\/p><p>\u00a0<\/p><p><strong>EL C\u00d3NDOR<\/strong><\/p><p><a href=\"https:\/\/www.litoralpress.cl\/paginaconsultas\/Servicios_NClipSitio\/Get_Imagen_Nota.aspx?LPKey=ADXYEPFHPYLIZKUOJOYDOYZ4XGDBB34HSHZBL4EEYXIVHUNDTH6GYN5NAB5RA7P4XI2EZSHOQCXKG\">Realizan en Santa Cruz seminario internacional de la gesti\u00f3n eficiente del agua 2022. Se menciona al Campus Colchagua.<\/a><\/p><p>\u00a0<\/p><p><strong>DIARIOSENRED.COM<\/strong><\/p><p><a href=\"https:\/\/diariosenred.com\/regional\/curico-sera-la-sede-del-primer-encuentro-y-feria-de-empresas-familiares\">Curic\u00f3 ser\u00e1 la sede del primer encuentro y feria de empresas familiares. Se menciona al Campus Curic\u00f3.<\/a><\/p><p>\u00a0<\/p><p><strong>PUBLIMICRO.CL<\/strong><\/p><p><a href=\"https:\/\/publimicro.cl\/curico-sera-sede-del-primer-encuentro-y-feria-de-empresas-familiares-descubre-curico\/\">Curic\u00f3 ser\u00e1 sede del Primer Encuentro y Feria de Empresas familiares, \u201cDescubre Curic\u00f3\u201d. Se menciona al Campus Curic\u00f3.<\/a><\/p><p>\u00a0<\/p><p><strong>REDMAULE.COM<\/strong><\/p><p><a href=\"https:\/\/www.redmaule.com\/regional\/curico-sera-la-sede-del-primer-encuentro-y-feria-de-empresas-familiares\">Curic\u00f3 ser\u00e1 la sede del primer encuentro y feria de empresas familiares. Se menciona al Campus Curic\u00f3<\/a>.<\/p><p>\u00a0<\/p>\t\t\t\t\t\t<\/div>\n\t\t\t\t<\/div>\n\t\t\t\t\t<\/div>\n\t\t<\/div>\n\t\t\t\t\t\t\t<\/div>\n\t\t<\/section>\n\t\t\t\t\t\t<\/div>\n\t\t\t\t\t<\/div>\n\t\t","protected":false},"excerpt":{"rendered":"<p>ADPRENSA.CL Universidad de Talca firma convenio con Fundaci\u00f3n CreSeres. Se refieren Ismael Gallardo Cuadra, decano de la Facultad de Psicolog\u00eda y Constanza Fern\u00e1ndez, coordinadora de Vinculaci\u00f3n y Comunicaciones de la Facultad de Odontolog\u00eda. \u00a0 MEDIABANCO.COM Universidad de Talca firma convenio con Fundaci\u00f3n CreSeres. Se refieren Ismael Gallardo Cuadra, decano de la Facultad de Psicolog\u00eda y &hellip;<\/p>\n<p class=\"read-more\"> <a class=\"\" href=\"https:\/\/www.reportedeprensa.utalca.cl\/?p=5879\"> <span class=\"screen-reader-text\">01 de diciembre de 2022<\/span> Read More &raquo;<\/a><\/p>\n","protected":false},"author":1,"featured_media":0,"comment_status":"closed","ping_status":"open","sticky":false,"template":"","format":"standard","meta":{"_monsterinsights_skip_tracking":false,"_monsterinsights_sitenote_active":false,"_monsterinsights_sitenote_note":"","_monsterinsights_sitenote_category":0},"categories":[28],"tags":[],"_links":{"self":[{"href":"https:\/\/www.reportedeprensa.utalca.cl\/index.php?rest_route=\/wp\/v2\/posts\/5879"}],"collection":[{"href":"https:\/\/www.reportedeprensa.utalca.cl\/index.php?rest_route=\/wp\/v2\/posts"}],"about":[{"href":"https:\/\/www.reportedeprensa.utalca.cl\/index.php?rest_route=\/wp\/v2\/types\/post"}],"author":[{"embeddable":true,"href":"https:\/\/www.reportedeprensa.utalca.cl\/index.php?rest_route=\/wp\/v2\/users\/1"}],"replies":[{"embeddable":true,"href":"https:\/\/www.reportedeprensa.utalca.cl\/index.php?rest_route=%2Fwp%2Fv2%2Fcomments&post=5879"}],"version-history":[{"count":10,"href":"https:\/\/www.reportedeprensa.utalca.cl\/index.php?rest_route=\/wp\/v2\/posts\/5879\/revisions"}],"predecessor-version":[{"id":5892,"href":"https:\/\/www.reportedeprensa.utalca.cl\/index.php?rest_route=\/wp\/v2\/posts\/5879\/revisions\/5892"}],"wp:attachment":[{"href":"https:\/\/www.reportedeprensa.utalca.cl\/index.php?rest_route=%2Fwp%2Fv2%2Fmedia&parent=5879"}],"wp:term":[{"taxonomy":"category","embeddable":true,"href":"https:\/\/www.reportedeprensa.utalca.cl\/index.php?rest_route=%2Fwp%2Fv2%2Fcategories&post=5879"},{"taxonomy":"post_tag","embeddable":true,"href":"https:\/\/www.reportedeprensa.utalca.cl\/index.php?rest_route=%2Fwp%2Fv2%2Ftags&post=5879"}],"curies":[{"name":"wp","href":"https:\/\/api.w.org\/{rel}","templated":true}]}}