{"id":5904,"date":"2022-12-02T08:52:45","date_gmt":"2022-12-02T11:52:45","guid":{"rendered":"https:\/\/www.reportedeprensa.utalca.cl\/?p=5904"},"modified":"2022-12-02T08:57:20","modified_gmt":"2022-12-02T11:57:20","slug":"02-de-diciembre-de-2022","status":"publish","type":"post","link":"https:\/\/www.reportedeprensa.utalca.cl\/?p=5904","title":{"rendered":"02 de diciembre de 2022"},"content":{"rendered":"\t\t<div data-elementor-type=\"wp-post\" data-elementor-id=\"5904\" class=\"elementor elementor-5904\" data-elementor-settings=\"[]\">\n\t\t\t\t\t\t\t<div class=\"elementor-section-wrap\">\n\t\t\t\t\t\t\t<section class=\"elementor-section elementor-top-section elementor-element elementor-element-2a4b4b83 elementor-section-boxed elementor-section-height-default elementor-section-height-default\" data-id=\"2a4b4b83\" data-element_type=\"section\">\n\t\t\t\t\t\t<div class=\"elementor-container elementor-column-gap-default\">\n\t\t\t\t\t<div class=\"elementor-column elementor-col-100 elementor-top-column elementor-element elementor-element-24a78540\" data-id=\"24a78540\" data-element_type=\"column\">\n\t\t\t<div class=\"elementor-widget-wrap elementor-element-populated\">\n\t\t\t\t\t\t\t\t<div class=\"elementor-element elementor-element-55b07e54 elementor-widget elementor-widget-text-editor\" data-id=\"55b07e54\" data-element_type=\"widget\" data-widget_type=\"text-editor.default\">\n\t\t\t\t<div class=\"elementor-widget-container\">\n\t\t\t\t\t\t\t\t<p><strong>EL HERALDO<\/strong><\/p><p><a href=\"https:\/\/www.litoralpress.cl\/paginaconsultas\/Servicios_NClipSitio\/Get_Imagen_Nota.aspx?LPKey=MJUDKKJ4W5OZ27BCEP6R5WJBDWXLIWITNWOLJZ3U2BKDQJBN34AMGFYJJMRHUGM4IJSNJLSMV3VBE\">Universidad de Talca firma convenio con Fundaci\u00f3n CreSeres. Se refieren Ismael Gallardo Cuadra, decano de la Facultad de Psicolog\u00eda y Constanza Fern\u00e1ndez Gonz\u00e1lez, coordinadora de Vinculaci\u00f3n y Comunicaciones de la Facultad de Odontolog\u00eda.<\/a><\/p><p>\u00a0<\/p><p><strong>DIARIOELHERALDO.CL<\/strong><\/p><p><a href=\"https:\/\/www.diarioelheraldo.cl\/noticia\/universidad-de-talca-firma-convenio-con-fundacion-creseres\">Universidad de Talca firma convenio con Fundaci\u00f3n CreSeres. Se refieren Ismael Gallardo Cuadra, decano de la Facultad de Psicolog\u00eda y Constanza Fern\u00e1ndez Gonz\u00e1lez, coordinadora de Vinculaci\u00f3n y Comunicaciones de la Facultad de Odontolog\u00eda.<\/a><\/p><p>\u00a0<\/p><p><strong>PUBLIMICRO.CL<\/strong><\/p><p><a href=\"https:\/\/publimicro.cl\/universidad-de-talca-firma-convenio-colaborativo-con-fundacion-creseres-que-permitira-realizar-practicas-a-sus-alumnos\/\">Universidad de Talca firma convenio colaborativo con Fundaci\u00f3n CreSeres, que permitir\u00e1 realizar pr\u00e1cticas a sus alumnos. Se refiere Ismael Gallardo Cuadra, decano de la Facultad de Psicolog\u00eda.<\/a><\/p><p>\u00a0<\/p><p><strong>ADPRENSA.CL<\/strong><\/p><p><a href=\"https:\/\/www.adprensa.cl\/cronica\/utalca-apoya-creacion-de-nueva-marca-colectiva-de-espumantes\/\">UTalca apoya creaci\u00f3n de nueva marca colectiva de espumantes. Se refieren Yerko Moreno Simunovic, director del Centro Tecnol\u00f3gico de la Vid y el Vino (VTVV); Nadia Rojas Villacura, directora de Innovaci\u00f3n y Transferencia de la Vicerrector\u00eda de Innovaci\u00f3n; y Rodrigo Moisan Ubilla, gerente del CTVV.<\/a><\/p><p>\u00a0<\/p><p><strong>MEDIABANCO.COM<\/strong><\/p><p><a href=\"https:\/\/www.mediabanco.com\/utalca-apoya-creacion-de-nueva-marca-colectiva-de-espumantes\/\">UTalca apoya creaci\u00f3n de nueva marca colectiva de espumantes. Se refieren Yerko Moreno Simunovic, director del Centro Tecnol\u00f3gico de la Vid y el Vino (VTVV); Nadia Rojas Villacura, directora de Innovaci\u00f3n y Transferencia de la Vicerrector\u00eda de Innovaci\u00f3n; y Rodrigo Moisan Ubilla, gerente del CTVV.<\/a><\/p><p>\u00a0<\/p><p><strong>ELMAULEINFORMA.CL<\/strong><\/p><p><a href=\"https:\/\/elmauleinforma.cl\/utalca-apoya-creacion-de-nueva-marca-colectiva-de-espumantes\/\">UTalca apoya creaci\u00f3n de nueva marca colectiva de espumantes. Se refieren Yerko Moreno Simunovic, director del Centro Tecnol\u00f3gico de la Vid y el Vino (VTVV); Nadia Rojas Villacura, directora de Innovaci\u00f3n y Transferencia de la Vicerrector\u00eda de Innovaci\u00f3n; y Rodrigo Moisan Ubilla, gerente del CTVV.<\/a><\/p><p>\u00a0<\/p><p><strong>TALCACAPITAL.CL<\/strong><\/p><p><a href=\"https:\/\/talcacapital.cl\/desde-el-maule-buscan-contribuir-a-la-disminucion-de-la-violencia-y-discriminacion-de-genero\/\">Desde el Maule buscan contribuir a la disminuci\u00f3n de la violencia y discriminaci\u00f3n de g\u00e9nero. Se refiere Isabel Hern\u00e1ndez Fern\u00e1ndez, secretaria General.<\/a><\/p><p>\u00a0<\/p><p><strong>LANOTICIA.CL<\/strong><\/p><p><a href=\"https:\/\/lanoticia.cl\/utalca-participara-en-centro-interuniversitario-de-envejecimiento-saludable-perteneciente-al-cuech\/\">UTalca participa en Centro Interuniversitario de Envejecimiento Saludable perteneciente al CUECH. Se refiere Iv\u00e1n Palomo Gonz\u00e1lez, acad\u00e9mico de la Facultad de Ciencias de la Salud.<\/a><\/p><p>\u00a0<\/p><p><strong>EL MERCURIO<\/strong><\/p><p><a href=\"https:\/\/www.litoralpress.cl\/paginaconsultas\/Servicios_NClipSitio\/Get_Imagen_Nota.aspx?LPKey=ZAWQC26PLHRMCVX3EX3YC4IZYFE7I2PYG5TKYDF3HYQ36R6TDMTMPH4VOJYOVYTWTSNAXYQ6ZZO26\">Reforma previsional: Gobierno se re\u00fane con t\u00e9cnicos para an\u00e1lisis de datos y Marcel pide discusi\u00f3n \u201csin prejuicios\u201d. Se menciona a Andrea Bentancor, acad\u00e9mica de la Facultad de Econom\u00eda y Negocios (FEN).<\/a><\/p><p>\u00a0<\/p><p><strong>LA TERCERA<\/strong><\/p><p><a href=\"https:\/\/www.litoralpress.cl\/paginaconsultas\/Servicios_NClipSitio\/Get_Imagen_Nota.aspx?LPKey=6O7QKEJWIRHUCWIHQM3QBD5B2OCIDEJFPFOEMRMMM6EQRV5ZPX7WIDW4SC3V6DXD5EYVLGF6SVBU4\">Reforma previsional: Marcel llama a centros de estudio a colaborar con &#8220;discusi\u00f3n bien informada&#8221; y &#8220;sin prejuicios&#8221;. \u00a0Se menciona a Andrea Bentancor, acad\u00e9mica de la Facultad de Econom\u00eda y Negocios (FEN).<\/a><\/p><p>\u00a0<\/p><p><strong>LATERCERA.COM<\/strong><\/p><p><a href=\"https:\/\/www.latercera.com\/pulso\/noticia\/reforma-previsional-ministro-marcel-llama-a-centros-de-estudio-a-colaborar-con-discusion-bien-informada-y-sin-prejuicios\/G2HST5H74ZHMXNG4AUGC47PHTA\/\">Reforma previsional: ministro Marcel llama a centros de estudio a colaborar con \u201cdiscusi\u00f3n bien informada\u201d y \u201csin prejuicios\u201d. Se menciona a Andrea Bentancor, acad\u00e9mica de la Facultad de Econom\u00eda y Negocios (FEN).<\/a><\/p><p>\u00a0<\/p><p><strong>ELDESCONCIERTO.CL<\/strong><\/p><p><a href=\"https:\/\/www.eldesconcierto.cl\/economia\/2022\/12\/01\/reforma-previsional-marcel-insta-a-centros-de-estudios-a-una-discusion-sin-prejuicios.html\">Reforma Previsional: Marcel insta a centros de estudios a una discusi\u00f3n \u201csin prejuicios\u201d. Se menciona a Andrea Bentancor, acad\u00e9mica de la Facultad de Econom\u00eda y Negocios (FEN).<\/a><\/p><p>\u00a0<\/p><p><strong>EMOL.COM<\/strong><\/p><p><a href=\"https:\/\/www.emol.com\/noticias\/Economia\/2022\/12\/02\/1079972\/sal-chilena-industria-nueva-york.html\">Alerta en la industria de la sal: C\u00f3mo opera en Chile, sus principales actores y la amenaza en Nueva York. Se refiere Carlos Villalobos Barr\u00eda, acad\u00e9mico de la Facultad de Econom\u00eda y Negocios (FEN).<\/a><\/p><p>\u00a0<\/p><p><strong>DIARIOTALCA.CL<\/strong><\/p><p><a href=\"https:\/\/diariotalca.cl\/cmf-lanza-informe-anual-de-estadisticas-bancarias-regionales-en-la-fen-utalca\/\">CMF lanza Informe Anual de Estad\u00edsticas Bancarias Regionales en la FEN-UTalca. Se refieren Rodrigo Fuentes, director de Escuela de Ingenier\u00eda Comercial Campus Talca; Pablo Ne\u00fcdorfer Retamal y Cristi\u00e1n Pinto Guti\u00e9rrez, acad\u00e9micos de la Facultad de Econom\u00eda y Negocios (FEN).<\/a><\/p><p>\u00a0<\/p><p><strong>ELCENTRO.CL<\/strong><\/p><p><a href=\"https:\/\/elcentro.cl\/2022\/12\/01\/sobre-la-fallida-propuesta-de-nuevo-fiscal-nacional-errar-es-humano-perdonar-es-divino-rectificar-es-de-sabios\/\">Sobre la fallida propuesta de nuevo Fiscal Nacional: Errar es humano, perdonar es divino, rectificar es de sabios. Columna de opini\u00f3n de Diego Palomo V\u00e9lez, acad\u00e9mico de la Facultad de Ciencias Jur\u00eddicas y Sociales.<\/a><\/p><p>\u00a0<\/p><p><strong>LAS \u00daLTIMAS NOTICIAS<\/strong><\/p><p><a href=\"https:\/\/www.litoralpress.cl\/paginaconsultas\/Servicios_NClipSitio\/Get_Imagen_Nota.aspx?LPKey=4DVZWW3PKW3IECYC3QWR6QYLOYTVQLOZV3BBWIIDGVXQ2IFPGTMPKNN5WAQLCIGKEHM4YZK3NSONC\">Analistas y senadores entregaron las razones de fondo del rechazo a Jos\u00e9 Morales como fiscal nacional. Se refiere Mauricio Morales Quiroga, director del Centro de An\u00e1lisis Pol\u00edtico (CAP).<\/a><\/p><p>\u00a0<\/p><p><strong>RADIO INFINITA<\/strong><\/p><p><a href=\"https:\/\/www.litoralpress.cl\/sitio\/RadioTV_Detalles.cshtml?LPKey=KTWBVDKNLG6NLVKI6RLFKWWJBUW2SPEPFMMGYBI4U6VNRQJ2V5MS5KC2MUOB7BAUTD3PUVL54VYAM\">Comentario de Mauricio Morales, director del Centro de An\u00e1lisis Pol\u00edtico (CAP).<\/a><\/p><p>\u00a0<\/p><p><strong>ELDIARIODEMAULE.CL<\/strong><\/p><p><a href=\"https:\/\/eldiariodemaule.cl\/universitarios-emprendedores-conozcamos-hermosa-papeleria-e-innovadora-joyeria\/\">Universitarios emprendedores: conozcamos hermosa papeler\u00eda e innovadora joyer\u00eda. Se refieren las estudiantes Fernanda N\u00fa\u00f1ez y Anastasia Pe\u00f1a Rojas.<\/a><\/p><p>\u00a0<\/p><p><strong>ELMAULEINFORMA.CL<\/strong><\/p><p><a href=\"https:\/\/elmauleinforma.cl\/cada-mes-ingresan-hasta-7-casos-nuevos-de-vih-a-unacess-del-hrt\/\">Cada mes ingresan hasta 7 casos nuevos de VIH a UNACESS del HRT. Se menciona la participaci\u00f3n de la UTalca en un operativo.<\/a><\/p><p>\u00a0<\/p><p><strong>EL HERALDO<\/strong><\/p><p><a href=\"https:\/\/www.litoralpress.cl\/paginaconsultas\/Servicios_NClipSitio\/Get_Imagen_Nota.aspx?LPKey=YD46NBPMEOO2B5LXCEHXWGA6W6YVC6FDIJUGDHTZXO7Y3RG73HIA22U6XGMRNHVOUICXRDFGF25TE\">Banca \u00c9tica presenta modelo de financiamiento e inversiones en encuentro de empresas \u201cDescubre Curic\u00f3\u201d. Se menciona la Campus Curic\u00f3.<\/a><\/p><p>\u00a0<\/p>\t\t\t\t\t\t<\/div>\n\t\t\t\t<\/div>\n\t\t\t\t\t<\/div>\n\t\t<\/div>\n\t\t\t\t\t\t\t<\/div>\n\t\t<\/section>\n\t\t\t\t\t\t<\/div>\n\t\t\t\t\t<\/div>\n\t\t","protected":false},"excerpt":{"rendered":"<p>EL HERALDO Universidad de Talca firma convenio con Fundaci\u00f3n CreSeres. Se refieren Ismael Gallardo Cuadra, decano de la Facultad de Psicolog\u00eda y Constanza Fern\u00e1ndez Gonz\u00e1lez, coordinadora de Vinculaci\u00f3n y Comunicaciones de la Facultad de Odontolog\u00eda. \u00a0 DIARIOELHERALDO.CL Universidad de Talca firma convenio con Fundaci\u00f3n CreSeres. Se refieren Ismael Gallardo Cuadra, decano de la Facultad de &hellip;<\/p>\n<p class=\"read-more\"> <a class=\"\" href=\"https:\/\/www.reportedeprensa.utalca.cl\/?p=5904\"> <span class=\"screen-reader-text\">02 de diciembre de 2022<\/span> Read More &raquo;<\/a><\/p>\n","protected":false},"author":1,"featured_media":0,"comment_status":"closed","ping_status":"open","sticky":false,"template":"","format":"standard","meta":{"_monsterinsights_skip_tracking":false,"_monsterinsights_sitenote_active":false,"_monsterinsights_sitenote_note":"","_monsterinsights_sitenote_category":0},"categories":[28],"tags":[],"_links":{"self":[{"href":"https:\/\/www.reportedeprensa.utalca.cl\/index.php?rest_route=\/wp\/v2\/posts\/5904"}],"collection":[{"href":"https:\/\/www.reportedeprensa.utalca.cl\/index.php?rest_route=\/wp\/v2\/posts"}],"about":[{"href":"https:\/\/www.reportedeprensa.utalca.cl\/index.php?rest_route=\/wp\/v2\/types\/post"}],"author":[{"embeddable":true,"href":"https:\/\/www.reportedeprensa.utalca.cl\/index.php?rest_route=\/wp\/v2\/users\/1"}],"replies":[{"embeddable":true,"href":"https:\/\/www.reportedeprensa.utalca.cl\/index.php?rest_route=%2Fwp%2Fv2%2Fcomments&post=5904"}],"version-history":[{"count":7,"href":"https:\/\/www.reportedeprensa.utalca.cl\/index.php?rest_route=\/wp\/v2\/posts\/5904\/revisions"}],"predecessor-version":[{"id":5914,"href":"https:\/\/www.reportedeprensa.utalca.cl\/index.php?rest_route=\/wp\/v2\/posts\/5904\/revisions\/5914"}],"wp:attachment":[{"href":"https:\/\/www.reportedeprensa.utalca.cl\/index.php?rest_route=%2Fwp%2Fv2%2Fmedia&parent=5904"}],"wp:term":[{"taxonomy":"category","embeddable":true,"href":"https:\/\/www.reportedeprensa.utalca.cl\/index.php?rest_route=%2Fwp%2Fv2%2Fcategories&post=5904"},{"taxonomy":"post_tag","embeddable":true,"href":"https:\/\/www.reportedeprensa.utalca.cl\/index.php?rest_route=%2Fwp%2Fv2%2Ftags&post=5904"}],"curies":[{"name":"wp","href":"https:\/\/api.w.org\/{rel}","templated":true}]}}