{"id":5922,"date":"2022-12-05T12:00:21","date_gmt":"2022-12-05T15:00:21","guid":{"rendered":"https:\/\/www.reportedeprensa.utalca.cl\/?p=5922"},"modified":"2022-12-05T12:37:00","modified_gmt":"2022-12-05T15:37:00","slug":"05-de-diciembre-de-2022","status":"publish","type":"post","link":"https:\/\/www.reportedeprensa.utalca.cl\/?p=5922","title":{"rendered":"05 de diciembre de 2022"},"content":{"rendered":"\t\t<div data-elementor-type=\"wp-post\" data-elementor-id=\"5922\" class=\"elementor elementor-5922\" data-elementor-settings=\"[]\">\n\t\t\t\t\t\t\t<div class=\"elementor-section-wrap\">\n\t\t\t\t\t\t\t<section class=\"elementor-section elementor-top-section elementor-element elementor-element-2a4b4b83 elementor-section-boxed elementor-section-height-default elementor-section-height-default\" data-id=\"2a4b4b83\" data-element_type=\"section\">\n\t\t\t\t\t\t<div class=\"elementor-container elementor-column-gap-default\">\n\t\t\t\t\t<div class=\"elementor-column elementor-col-100 elementor-top-column elementor-element elementor-element-24a78540\" data-id=\"24a78540\" data-element_type=\"column\">\n\t\t\t<div class=\"elementor-widget-wrap elementor-element-populated\">\n\t\t\t\t\t\t\t\t<div class=\"elementor-element elementor-element-55b07e54 elementor-widget elementor-widget-text-editor\" data-id=\"55b07e54\" data-element_type=\"widget\" data-widget_type=\"text-editor.default\">\n\t\t\t\t<div class=\"elementor-widget-container\">\n\t\t\t\t\t\t\t\t<p><strong>EL LECTOR<\/strong><\/p><p><a href=\"https:\/\/www.litoralpress.cl\/paginaconsultas\/Servicios_NClipSitio\/Get_Imagen_Nota.aspx?LPKey=MV6S3NOGQOEA5JQF5ENIMCVTY6INBERF3PN44LZYQL5VXABVWDPMA3ADP423MTNDBOIWHQ22HWYRI\">Utalinos aportan en la innovaci\u00f3n y el desarrollo de la Industria creativa. Se refiere Ariela Vergara Jaque, vicerrectora de Innovaci\u00f3n.<\/a><\/p><p><strong>CANAL CONTIVISI\u00d3N<\/strong><\/p><p><a href=\"https:\/\/www.litoralpress.cl\/sitio\/RadioTV_Detalles.cshtml?LPKey=2VMJUJE7KBLWCSVV26V5GZ5F2OEXIDVGF3QSYYTODJMB4NE4NHLIJHV2LLEC3ONE3OG5O4YU6FTE4\">Egresados del \u00e1rea de videojuegos de la U. de Talca est\u00e1n generando polo tecnol\u00f3gico en la Regi\u00f3n del Maule. Se refieren Ariela Vergara Jaque, vicerrectora de Innovaci\u00f3n y Paola Morales Norambuena, directora de Ciclo de Vida Estudiantil (CIVE).<\/a><\/p><p><strong>ADPRENSA.CL<\/strong><\/p><p><a href=\"https:\/\/www.adprensa.cl\/cronica\/utalinos-aportan-en-la-innovacion-y-el-desarrollo-de-la-industria-creativa\/\">Utalinos aportan en la innovaci\u00f3n y el desarrollo de la industria creativa. Se refieren Ariela Vergara Jaque, vicerrectora de Innovaci\u00f3n y Paola Morales Norambuena, directora de Ciclo de Vida Estudiantil (CIVE).<\/a><\/p><p><strong>MEDIABANCO.COM<\/strong><\/p><p><a href=\"https:\/\/www.mediabanco.com\/utalinos-aportan-en-la-innovacion-y-el-desarrollo-de-la-industria-creativa\/\">Utalinos aportan en la innovaci\u00f3n y el desarrollo de la industria creativa. Se refieren Ariela Vergara Jaque, vicerrectora de Innovaci\u00f3n y Paola Morales Norambuena, directora de Ciclo de Vida Estudiantil (CIVE).<\/a><\/p><p><strong>PUBLIMICRO.CL<\/strong><\/p><p><a href=\"https:\/\/publimicro.cl\/innovacion-y-desarrollo-es-el-sello-que-aportan-egresados-utalinos-a-la-industria-creativa-de-los-videojuegos\/\">Innovaci\u00f3n y desarrollo, es el sello que aportan egresados utalinos a la industria creativa de los videojuegos.<\/a><\/p><p><strong>RADIO BIO-B\u00cdO<\/strong><\/p><p><a href=\"https:\/\/www.litoralpress.cl\/sitio\/RadioTV_Detalles.cshtml?LPKey=KZOSUBQWQRJXCAUS4EXQ6YB4OTX6VJNNZ6Y6HZW45R27SOHTVPXUC3X7OIOLRNWLWDWJUIOXO4Z6W\">Balance Covid del Minsal. Se refiere \u00c9rika Retamal Contreras, directora del Departamento de Salud P\u00fablica.\u00a0<\/a><\/p><p><strong>RADIO BIO-B\u00cdO<\/strong><\/p><p><a href=\"https:\/\/www.litoralpress.cl\/sitio\/RadioTV_Detalles.cshtml?LPKey=UQF2RZWN7EJLWGVBLMK3UJM7AECXDEZSVKNYGEAAEAHWNQNVE5REP43KXAOCODQQI4OHMXU3IIQHM\">C\u00e1ncer de mamas en Chile. Entrevista a Pilar Garc\u00eda, acad\u00e9mica de la Escuela de Obstetricia y Puericultura.<\/a><\/p><p><strong>EL LECTOR<\/strong><\/p><p><a href=\"https:\/\/www.litoralpress.cl\/paginaconsultas\/Servicios_NClipSitio\/Get_Imagen_Nota.aspx?LPKey=EJN3YCJV6NAVL32QNSZYQJNKWOHWW2NDQWZPHWWQHOTRTIRJ55NFH5G2CAHNEGRTVSJM6ZK2E547W\">UTalca apoya creaci\u00f3n de nueva marca colectiva de espumantes. Se refieren Yerko Moreno Simunovic, director del Centro Tecnol\u00f3gico de la Vid y el Vino (VTVV); Nadia Rojas Villacura, directora de Innovaci\u00f3n y Transferencia de la Vicerrector\u00eda de Innovaci\u00f3n; Raimundo Hamilton, acad\u00e9mico de la Escuela de Dise\u00f1o y Rodrigo Moisan Ubilla, gerente del CTVV.<\/a><\/p><p><strong>DIARIOTALCA.CL<\/strong><\/p><p><a href=\"https:\/\/diariotalca.cl\/utalca-apoya-creacion-de-nueva-marca-colectiva-de-espumantes\/\">UTalca apoya creaci\u00f3n de nueva marca colectiva de espumantes. UTalca apoya creaci\u00f3n de nueva marca colectiva de espumantes. Se refieren Yerko Moreno Simunovic, director del Centro Tecnol\u00f3gico de la Vid y el Vino (VTVV); Nadia Rojas Villacura, directora de Innovaci\u00f3n y Transferencia de la Vicerrector\u00eda de Innovaci\u00f3n; y Raimundo Hamilton, acad\u00e9mico de la Escuela de Dise\u00f1o.<\/a><\/p><p><strong>ENLINEAMAULE.CL<\/strong><\/p><p><a href=\"https:\/\/enlineamaule.cl\/archivo\/50400\">La nueva marca colectiva de espumante maulino \u201cCencellada\u201d cuenta con innovaciones productivas y una puesta en valor de productos identitarios del Maule. Se refiere Yerko Moreno Simunovic, director del Centro Tecnol\u00f3gico de la Vid y el Vino (VTVV).<\/a><\/p><p><strong>G5NOTICIAS.CL<\/strong><\/p><p><a href=\"https:\/\/g5noticias.cl\/2022\/12\/02\/utalca-apoya-creacion-de-nueva-marca-colectiva-de-espumantes\/\">UTalca apoya creaci\u00f3n de nueva marca colectiva de espumantes. Se refieren Yerko Moreno Simunovic, director del Centro Tecnol\u00f3gico de la Vid y el Vino (VTVV); Nadia Rojas Villacura, directora de Innovaci\u00f3n y Transferencia de la Vicerrector\u00eda de Innovaci\u00f3n; Raimundo Hamilton, acad\u00e9mico de la Escuela de Dise\u00f1o y Rodrigo Moisan Ubilla, gerente del CTVV.<\/a><\/p><p><strong>LA TERCERA<\/strong><\/p><p><a href=\"https:\/\/www.litoralpress.cl\/sitio\/Prensa_PaginaCompleta.cshtml?LPKey=2RCO7ZHCQPSLXBRWFD73ZGWH3CABT5BMWLDJIWY77U4H42T5ZYKA\">Salario por g\u00e9nero. Estudio Mercer: salarios de mujeres superan al de hombres en gerencias de primera l\u00ednea de \u00e1rea legal y de RR.HH. Se refiere Andrea Bentancor, acad\u00e9mica de la Facultad de Econom\u00eda y Negocios (FEN).<\/a><\/p><p><strong>LATERCERA.COM<\/strong><\/p><p><a href=\"https:\/\/www.latercera.com\/pulso\/noticia\/estudio-de-mercer-salarios-de-mujeres-superan-al-de-hombres-en-gerencias-de-primera-linea-de-area-legal-y-de-rrhh\/4A33MWYXR5GVPJTO62FFH4EEW4\/\">Estudio de Mercer: salarios de mujeres superan al de hombres en gerencias de primera l\u00ednea de \u00e1rea legal y de RR.HH. Se refiere Andrea Bentancor, acad\u00e9mica de la Facultad de Econom\u00eda y Negocios (FEN).<\/a><\/p><p><strong>MASQUENOTICIAS.CL<\/strong><\/p><p><a href=\"https:\/\/masquenoticias.cl\/2022\/12\/02\/ministro-marcel-insta-a-centros-de-estudio-a-colaborar-con-discusion-bien-informada-y-sin-prejuicios-sobre-reforma-previsional\/\">Ministro Marcel insta a centros de estudio a colaborar con \u201cdiscusi\u00f3n bien informada\u201d y \u201csin prejuicios\u201d sobre Reforma Previsional. Se menciona a Andrea Bentancor, acad\u00e9mica de la Facultad de Econom\u00eda y Negocios (FEN).<\/a><\/p><p><strong>CANAL TV5 LINARES<\/strong><\/p><p><a href=\"https:\/\/www.litoralpress.cl\/sitio\/RadioTV_Detalles.cshtml?LPKey=3IKNDSMNG6DHTFLE2WIHGCHZSW5E5XQKV5LUSHJCQN46ITMKQDBVVTZ5P2NFBTDQWD7K7GXQSJN22\">Desempleo agosto\/octubre 2022. Se refiere Rodrigo Saens, acad\u00e9mico de la Facultad de Econom\u00eda y Negocios (FEN).<\/a><\/p><p><strong>ADPRENSA.CL<\/strong><\/p><p><a href=\"https:\/\/www.adprensa.cl\/cronica\/especialistas-debatieron-sobre-desafios-de-la-justicia-restaurativa\/\">Especialistas debatieron sobre desaf\u00edos de la justicia restaurativa. Se refieren Rodrigo Palomo V\u00e9lez, decano de la Facultad de Ciencias Jur\u00eddicas y Sociales, y Ra\u00fal Carnevali Rodr\u00edguez, director del Centro de Estudios de Derecho Penal (CEDEP).<\/a><\/p><p><strong>MEDIABANCO.COM<\/strong><\/p><p><a href=\"https:\/\/www.mediabanco.com\/especialistas-debatieron-sobre-desafios-de-la-justicia-restaurativa\/\">Especialistas debatieron sobre desaf\u00edos de la justicia restaurativa. Se refieren Rodrigo Palomo V\u00e9lez, decano de la Facultad de Ciencias Jur\u00eddicas y Sociales, y Ra\u00fal Carnevali Rodr\u00edguez, director del Centro de Estudios de Derecho Penal (CEDEP).<\/a><\/p><p><strong>G5NOTICIAS.CL<\/strong><\/p><p><a href=\"https:\/\/g5noticias.cl\/2022\/12\/03\/especialistas-debatieron-sobre-desafios-de-la-justicia-restaurativa\/\">Especialistas debatieron sobre desaf\u00edos de la justicia restaurativa. Se refieren Rodrigo Palomo V\u00e9lez, decano de la Facultad de Ciencias Jur\u00eddicas y Sociales, y Ra\u00fal Carnevali Rodr\u00edguez, director del Centro de Estudios de Derecho Penal (CEDEP).<\/a><\/p><p><strong>CANAL 30 SAN JAVIER<\/strong><\/p><p><a href=\"https:\/\/www.litoralpress.cl\/sitio\/RadioTV_Detalles.cshtml?LPKey=XLZO2QMDIEDX2WMBP45PHR2MBSXX7ZMISUKLUFYHN36IR5VDVGLGHLWA5IAHD2ZKVFGHCAMPUW3RK\">\u00bfQu\u00e9 es el Registro Nacional de Deudores de Pensiones de Alimentos? Entrevista a Marcela Acu\u00f1a, acad\u00e9mica de la Facultad de Ciencias Jur\u00eddicas y Sociales.<\/a><\/p><p><strong>CANAL MEGA<\/strong><\/p><p><a href=\"https:\/\/www.litoralpress.cl\/sitio\/RadioTV_Detalles.cshtml?LPKey=E5PLA56LOGRPCM43IS2HVWTX62QMS5QWI3G2PKATFJWT4LRE3G7WP55P2M247IM5O4AMK67V6B6GU\">Analizan el avance del acuerdo entre los partidos pol\u00edticos para el nuevo proceso constituyente. Se refiere Mauricio Morales Quiroga, director del Centro de An\u00e1lisis Pol\u00edtico (CAP).<\/a><\/p><p><strong>EMOL.COM<\/strong><\/p><p><a href=\"https:\/\/www.emol.com\/noticias\/Nacional\/2022\/12\/02\/1080073\/analisis-presidente-boric-proceso-constituyente.html\">Opci\u00f3n para fortalecer su figura o un arma de doble filo: Los riesgos de Boric en su regreso al debate constituyente. Se refiere Mauricio Morales Quiroga, director del Centro de An\u00e1lisis Pol\u00edtico (CAP).<\/a><\/p><p><strong>MEGANOTICIAS.CL<\/strong><\/p><p><a href=\"https:\/\/www.meganoticias.cl\/nacional\/398333-mauricio-morales-cadem-analisis-carabineros-pdi-alza-valoracion-ciudadania-04-12-2022.html\">\u00bfImponemos el orden o lo quemamos todo? Se refiere Mauricio Morales Quiroga, director del Centro de An\u00e1lisis Pol\u00edtico (CAP).<\/a><\/p><p><strong>LA TERCERA<\/strong><\/p><p><a href=\"https:\/\/www.litoralpress.cl\/sitio\/Prensa_PaginaCompleta.cshtml?LPKey=MRPH4WA4ZU2JR2QWNX4BBDWW5KVAYYHN2O6I6NBOAXZ4OUHDDILQ\">El ingrato momento de los constituyentes que no se arrimaron ni a la pol\u00edtica ni a la academia. Se menciona a Mar\u00eda Elisa Quinteros, acad\u00e9mica del Departamento de Salud P\u00fablica y su retorno a la acad\u00e9mica.<\/a><\/p><p><strong>LATERCERA.COM<\/strong><\/p><p><a href=\"https:\/\/www.latercera.com\/la-tercera-sabado\/noticia\/se-me-ha-hecho-dificultoso-encontrar-trabajo-el-ingrato-momento-de-los-constituyentes-que-no-se-arrimaron-ni-a-la-politica-ni-a-la-academia\/B3LH5BVLERA4TP2YT4VORAGDAQ\/\">\u201cSe me ha hecho dificultoso encontrar trabajo\u201d: el ingrato momento de los constituyentes que no se arrimaron ni a la pol\u00edtica ni a la academia. Se menciona a Mar\u00eda Elisa Quinteros, acad\u00e9mica del Departamento de Salud P\u00fablica y su retorno a la acad\u00e9mica.<\/a><\/p><p><strong>IMPACTOREGIONAL.CL<\/strong><\/p><p><a href=\"http:\/\/www.impactoregional.cl\/?p=5237\">Comentario de Fabi\u00e1n Belmar, investigador del Centro de An\u00e1lisis Pol\u00edtico (CAP).<\/a><\/p><p><strong>ADPRENSA.CL<\/strong><\/p><p><a href=\"https:\/\/www.adprensa.cl\/cronica\/destacan-rol-de-las-universidades-publicas-en-politicas-de-genero-e-inclusion\/\">Destacan rol de las universidades p\u00fablicas en pol\u00edticas de g\u00e9nero e inclusi\u00f3n. Se refiere Marcela Paredes Toledo, encargada de la Direcci\u00f3n de G\u00e9nero en el Campus Santiago.<\/a><\/p><p><strong>MEDIABANCO.COM<\/strong><\/p><p><a href=\"https:\/\/www.mediabanco.com\/destacan-rol-de-las-universidades-publicas-en-politicas-de-genero-e-inclusion\/\">Destacan rol de las universidades p\u00fablicas en pol\u00edticas de g\u00e9nero e inclusi\u00f3n. Se refiere Marcela Paredes Toledo, encargada de la Direcci\u00f3n de G\u00e9nero en el Campus Santiago.<\/a><\/p><p><strong>CANAL CONTIVISI\u00d3N<\/strong><\/p><p><a href=\"https:\/\/www.litoralpress.cl\/sitio\/RadioTV_Detalles.cshtml?LPKey=FQOTQ2ZMCLHJ55YG5VHDK2TWQS4IC26RM5GOVJETARRCNNJ344GQOUKTCQRG32TBN7INICCLL5IBS\">Hasta Constituci\u00f3n lleg\u00f3 Misi\u00f3n Falucho, un entretenido videojuego que fue presentado a estudiantes. Se refiere Claudio Pereira, profesional de Explora Maule.<\/a><\/p><p><strong>CANAL MEGA<\/strong><\/p><p><a href=\"https:\/\/www.litoralpress.cl\/sitio\/RadioTV_Detalles.cshtml?LPKey=JWOCIAFBYRLPGYI7XQ7RD6GUOBASTOXAOJMRTNRO3PXQJD5SOWLULHYMGCRT5XKHD2PV3AO4IMBQK\">Intensa fiscalizaci\u00f3n de autos y motos en Independencia. -Innovador sistema para detectar patentes con encargo por robo. Se menciona a App creada por estudiantes de Ingenier\u00eda de la UTalca.<\/a><\/p><p><strong>LA PRENSA<\/strong><\/p><p><a href=\"https:\/\/www.litoralpress.cl\/paginaconsultas\/Servicios_NClipSitio\/Get_Imagen_Nota.aspx?LPKey=GSE4KIJCW5KWIQZAYKF3MZD4ODX2HZGWTE2KEU6JCUA425JD7W6MBQN4A2XVSYDZTWGXU7E5XKR6O\">Hospital Regional recibe hasta siete nuevos pacientes mensuales con VIH. Se menciona la participaci\u00f3n en un operativa de diversas carreras de la UTalca.<\/a><\/p><p><strong>CANAL CONTIVISI\u00d3N<\/strong><\/p><p><a href=\"https:\/\/www.litoralpress.cl\/sitio\/RadioTV_Detalles.cshtml?LPKey=RANFTI2QIUCNAJ5WCA2EHAA4EOPX3V3H53M5EGPJUQEBV5575ZV4RDV3P7ESYTUU4OMARVU4J6YK4\">Refuerzan testeo de VIH. Se menciona a la UTalca.<\/a><\/p>\t\t\t\t\t\t<\/div>\n\t\t\t\t<\/div>\n\t\t\t\t\t<\/div>\n\t\t<\/div>\n\t\t\t\t\t\t\t<\/div>\n\t\t<\/section>\n\t\t\t\t\t\t<\/div>\n\t\t\t\t\t<\/div>\n\t\t","protected":false},"excerpt":{"rendered":"<p>EL LECTOR Utalinos aportan en la innovaci\u00f3n y el desarrollo de la Industria creativa. Se refiere Ariela Vergara Jaque, vicerrectora de Innovaci\u00f3n. CANAL CONTIVISI\u00d3N Egresados del \u00e1rea de videojuegos de la U. de Talca est\u00e1n generando polo tecnol\u00f3gico en la Regi\u00f3n del Maule. Se refieren Ariela Vergara Jaque, vicerrectora de Innovaci\u00f3n y Paola Morales Norambuena, &hellip;<\/p>\n<p class=\"read-more\"> <a class=\"\" href=\"https:\/\/www.reportedeprensa.utalca.cl\/?p=5922\"> <span class=\"screen-reader-text\">05 de diciembre de 2022<\/span> Read More &raquo;<\/a><\/p>\n","protected":false},"author":1,"featured_media":0,"comment_status":"closed","ping_status":"open","sticky":false,"template":"","format":"standard","meta":{"_monsterinsights_skip_tracking":false,"_monsterinsights_sitenote_active":false,"_monsterinsights_sitenote_note":"","_monsterinsights_sitenote_category":0},"categories":[28],"tags":[],"_links":{"self":[{"href":"https:\/\/www.reportedeprensa.utalca.cl\/index.php?rest_route=\/wp\/v2\/posts\/5922"}],"collection":[{"href":"https:\/\/www.reportedeprensa.utalca.cl\/index.php?rest_route=\/wp\/v2\/posts"}],"about":[{"href":"https:\/\/www.reportedeprensa.utalca.cl\/index.php?rest_route=\/wp\/v2\/types\/post"}],"author":[{"embeddable":true,"href":"https:\/\/www.reportedeprensa.utalca.cl\/index.php?rest_route=\/wp\/v2\/users\/1"}],"replies":[{"embeddable":true,"href":"https:\/\/www.reportedeprensa.utalca.cl\/index.php?rest_route=%2Fwp%2Fv2%2Fcomments&post=5922"}],"version-history":[{"count":10,"href":"https:\/\/www.reportedeprensa.utalca.cl\/index.php?rest_route=\/wp\/v2\/posts\/5922\/revisions"}],"predecessor-version":[{"id":5945,"href":"https:\/\/www.reportedeprensa.utalca.cl\/index.php?rest_route=\/wp\/v2\/posts\/5922\/revisions\/5945"}],"wp:attachment":[{"href":"https:\/\/www.reportedeprensa.utalca.cl\/index.php?rest_route=%2Fwp%2Fv2%2Fmedia&parent=5922"}],"wp:term":[{"taxonomy":"category","embeddable":true,"href":"https:\/\/www.reportedeprensa.utalca.cl\/index.php?rest_route=%2Fwp%2Fv2%2Fcategories&post=5922"},{"taxonomy":"post_tag","embeddable":true,"href":"https:\/\/www.reportedeprensa.utalca.cl\/index.php?rest_route=%2Fwp%2Fv2%2Ftags&post=5922"}],"curies":[{"name":"wp","href":"https:\/\/api.w.org\/{rel}","templated":true}]}}