{"id":5946,"date":"2022-12-06T11:54:45","date_gmt":"2022-12-06T14:54:45","guid":{"rendered":"https:\/\/www.reportedeprensa.utalca.cl\/?p=5946"},"modified":"2022-12-06T12:23:18","modified_gmt":"2022-12-06T15:23:18","slug":"06-de-diciembre-de-2022","status":"publish","type":"post","link":"https:\/\/www.reportedeprensa.utalca.cl\/?p=5946","title":{"rendered":"06 de diciembre de 2022"},"content":{"rendered":"\t\t<div data-elementor-type=\"wp-post\" data-elementor-id=\"5946\" class=\"elementor elementor-5946\" data-elementor-settings=\"[]\">\n\t\t\t\t\t\t\t<div class=\"elementor-section-wrap\">\n\t\t\t\t\t\t\t<section class=\"elementor-section elementor-top-section elementor-element elementor-element-2a4b4b83 elementor-section-boxed elementor-section-height-default elementor-section-height-default\" data-id=\"2a4b4b83\" data-element_type=\"section\">\n\t\t\t\t\t\t<div class=\"elementor-container elementor-column-gap-default\">\n\t\t\t\t\t<div class=\"elementor-column elementor-col-100 elementor-top-column elementor-element elementor-element-24a78540\" data-id=\"24a78540\" data-element_type=\"column\">\n\t\t\t<div class=\"elementor-widget-wrap elementor-element-populated\">\n\t\t\t\t\t\t\t\t<div class=\"elementor-element elementor-element-55b07e54 elementor-widget elementor-widget-text-editor\" data-id=\"55b07e54\" data-element_type=\"widget\" data-widget_type=\"text-editor.default\">\n\t\t\t\t<div class=\"elementor-widget-container\">\n\t\t\t\t\t\t\t\t<p><strong>DIARIOELHERALDO.CL<\/strong><\/p><p><a href=\"https:\/\/www.diarioelheraldo.cl\/noticia\/encuentro-nacional-metared-tic-chile-se-realizo-en-la-universidad-de-talca-\">Encuentro Nacional MetaRed TIC Chile se realiz\u00f3 en la Universidad de Talca. Se refiere Carlos Torres Fuchslocher, rector de la UTalca.<\/a><\/p><p>\u00a0<\/p><p><strong>ELCENTRO.CL<\/strong><\/p><p><a href=\"https:\/\/elcentro.cl\/2022\/12\/05\/encuentro-nacional-metared-tic-chile-tuvo-lugar-en-la-universidad-de-talca\/\">Encuentro Nacional MetaRed TIC Chile tuvo lugar en la Universidad de Talca. Se refiere Carlos Torres Fuchslocher, rector de la UTalca.<\/a><\/p><p>\u00a0<\/p><p><strong>ELMOSTRADOR.CL<\/strong><\/p><p><a href=\"https:\/\/www.elmostrador.cl\/revista-jengibre\/2022\/12\/05\/sale-al-mercado-creacion-de-nueva-marca-colectiva-de-espumantes\/\">Sale al mercado nueva marca colectiva de espumantes. Se refieren Yerko Moreno Simunovic, director del Centro Tecnol\u00f3gico de la Vid y el Vino (VTVV); Nadia Rojas Villacura, directora de Innovaci\u00f3n y Transferencia de la Vicerrector\u00eda de Innovaci\u00f3n; Raimundo Hamilton, acad\u00e9mico de la Escuela de Dise\u00f1o y Rodrigo Moisan Ubilla, gerente del CTVV.<\/a><\/p><p>\u00a0<\/p><p><strong>DIARIOTALCA.CL<\/strong><\/p><p><a href=\"https:\/\/diariotalca.cl\/citra-de-utalca-cumplio-25-anos-buscando-mejorando-la-sustentabilidad-agricola\/\">CITRA de UTalca cumpli\u00f3 25 a\u00f1os buscando mejorar la sustentabilidad agr\u00edcola. Se refieren Samuel Ortega Far\u00edas, director del Centro de Investigaci\u00f3n y Transferencia en Riego y Agroclimatolog\u00eda (CITRA) y Roberto Jara Rojas, director de Investigaci\u00f3n de la UTalca<\/a><\/p><p>\u00a0<\/p><p><strong>PUBLIMICRO.CL<\/strong><\/p><p><a href=\"https:\/\/publimicro.cl\/citra-de-la-universidad-de-talca-cumple-25-anos-mejorando-la-sustentabilidad-agricola-del-maule-y-del-pais\/\">CITRA de la Universidad de Talca, cumple 25 a\u00f1os mejorando la sustentabilidad agr\u00edcola del Maule y del pa\u00eds. Se refiere Samuel Ortega Far\u00edas, director del Centro de Investigaci\u00f3n y Transferencia en Riego y Agroclimatolog\u00eda (CITRA).<\/a><\/p><p>\u00a0<\/p><p><strong>REVISTA MUNDO AGRO<\/strong><\/p><p><a href=\"https:\/\/www.litoralpress.cl\/sitio\/Prensa_PaginaCompleta.cshtml?LPKey=5T2OUYNYINQPN4XRVDPZPZMZIKZF3I2C6GWFD3BAKB2VGJ3ULVYQ\">El futuro en marcha. Columna de opini\u00f3n de Jos\u00e9 Antonio Yuri Solomon, director del Centro de Pom\u00e1ceas; Daniela Simeone Fuster y Mauricio Fuentes Inzunza, profesionales del mismo Centro.<\/a><\/p><p>\u00a0<\/p><p><strong>MUNDOAGRO.CL<\/strong><\/p><p><a href=\"https:\/\/mundoagro.cl\/avances-del-programa-de-mejoramiento-genetico-de-manzano-en-chile\/\">Avances del Programa de Mejoramiento Gen\u00e9tico de Manzano en Chile. Columna de opini\u00f3n de Jos\u00e9 Antonio Yuri Solomon, director del Centro de Pom\u00e1ceas; Daniela Simeone Fuster y Mauricio Fuentes Inzunza, profesionales del mismo Centro.<\/a><\/p><p>\u00a0<\/p><p><strong>MUNDOAGRO.CL<\/strong><\/p><p><a href=\"https:\/\/mundoagro.cl\/alternativas-varietales-en-el-futuro-escenario-de-la-industria-nacional-del-manzano-y-peral\/\">Alternativas varietales en el futuro escenario de la industria nacional del manzano y peral. Columna de Mauricio Fuentes Inzunza, profesional del Centro de Pom\u00e1ceas.<\/a><\/p><p>\u00a0<\/p><p><strong>RADIO TXS PLUS<\/strong><\/p><p><a href=\"https:\/\/www.litoralpress.cl\/sitio\/RadioTV_Detalles.cshtml?LPKey=U276N6RWSKVBIHLU2L7UQJ3MKTFK75J5RIB2MJVVOZ72UEYUW2DXRXDJBOGXAE6P3FBLPXAADJL6Q\">Entrevista a Patricio Gonz\u00e1lez Colville, acad\u00e9mico del Centro de Investigaci\u00f3n y Transferencia en Riego y Agroclimatolog\u00eda (CITRA).<\/a><\/p><p>\u00a0<\/p><p><strong>PORTALAGROCHILE.CL<\/strong><\/p><p><a href=\"https:\/\/www.portalagrochile.cl\/2022\/12\/05\/mil-unidades-de-evaluacion-identifico-lineas-geneticas-tolerantes-a-la-sequia\/\">Mil unidades de evaluaci\u00f3n identificaron l\u00edneas gen\u00e9ticas tolerantes a la sequ\u00eda. Se menciona a Alejandro del Pozo, acad\u00e9mico de la Facultad de Ciencias Agrarias.<\/a><\/p><p>\u00a0<\/p><p><strong>RADIO LA CLAVE<\/strong><\/p><p><a href=\"https:\/\/www.litoralpress.cl\/sitio\/RadioTV_Detalles.cshtml?LPKey=UX7S5WJSS4GXJ4NHE57C3YQCDBK7HIVNH63V3XEOQFJEC54OW3CECTMG6VC3AA6MMVOBN7BS4YB7K\">Entrevista a Andrea Bentancor Cazenave, acad\u00e9mica de la Facultad de Econom\u00eda y Negocios (FEN).<\/a><\/p><p>\u00a0<\/p><p><strong>EMOL.COM<\/strong><\/p><p><a href=\"https:\/\/www.emol.com\/noticias\/Economia\/2022\/12\/05\/1080248\/reajuste-sector-publico.html\">Reajuste de 12% al sector p\u00fablico: Su viabilidad en el Parlamento y an\u00e1lisis a posibles efectos inflacionarios. Se refiere Rodrigo Saens, acad\u00e9mico de la Facultad de Econom\u00eda y Negocios (FEN).<\/a><\/p><p>\u00a0<\/p><p><strong>CANAL CONTIVISI\u00d3N<\/strong><\/p><p><a href=\"https:\/\/www.litoralpress.cl\/sitio\/RadioTV_Detalles.cshtml?LPKey=VTY55YTC3ND7WJLTIDFSB7NTCXDPZIP2OCDDOV63RUYIDKCF4ZLBLIB4PNMBE5PDREKNILPJIUQ26\">Aumentan las compras del comercio por Internet, pero a\u00fan hay temor por estafas. Se refiere Juan Andr\u00e9s Riquelme Won, director del Mag\u00edster en Econom\u00eda.<\/a><\/p><p>\u00a0<\/p><p><strong>DIARIOTALCA.CL<\/strong><\/p><p><a href=\"https:\/\/diariotalca.cl\/15-consejos-claves-para-mayor-seguridad-y-ahorro-en-compras-de-fin-de-ano\/\">15 consejos claves para mayor seguridad y ahorro en compras de fin de a\u00f1o. Se refiere Juan Andr\u00e9s Riquelme Won, director del Mag\u00edster en Econom\u00eda.<\/a><\/p><p>\u00a0<\/p><p><strong>EXTRANOTICIAS.CL<\/strong><\/p><p><a href=\"https:\/\/www.extranoticias.cl\/rectores-firman-convenio-de-creacion-del-centro-interuniversitario-de-envejecimiento-saludable\/?doing_wp_cron=1670277176.4750909805297851562500\">Rectores firman convenio de creaci\u00f3n del Centro Interuniversitario de Envejecimiento Saludable. Se refiere Iv\u00e1n Palomo, acad\u00e9mico de la Facultad de Ciencias de la Salud.<\/a><\/p><p>\u00a0<\/p><p><strong>ELDIARIOINMOBILIARIO.CL<\/strong><\/p><p><a href=\"https:\/\/eldiarioinmobiliario.cl\/sin-categoria\/quiebras-y-caida-en-las-inversiones-los-factores-que-preocupan-en-el-sector-construccion\/\">Quiebras y ca\u00edda en las inversiones: los factores que preocupan en el sector construcci\u00f3n. Se refiere Armando Dur\u00e1n, acad\u00e9mico de la Facultad de Ingenier\u00eda.<\/a><\/p><p>\u00a0<\/p><p><strong>LA SEGUNDA<\/strong><\/p><p><a href=\"https:\/\/www.litoralpress.cl\/paginaconsultas\/Servicios_NClipSitio\/Get_Imagen_Nota.aspx?LPKey=Z6X7CDNIFLAIMBSJ2BZUAXQ2UA4S3HQHSHGU7ZT3RDESAA77D6LQSR5B6KSSO3L25VSCU46GRTVSW\">Aprobaci\u00f3n a Carabineros sube a niveles del 2015 y temor a la delincuencia llega a 80%. Se refiere Mauricio Morales Quiroga, director del Centro de An\u00e1lisis Pol\u00edtico (CAP).<\/a><\/p><p>\u00a0<\/p><p><strong>RADIO INFINITA<\/strong><\/p><p><a href=\"https:\/\/www.litoralpress.cl\/sitio\/RadioTV_Detalles.cshtml?LPKey=IZD5PZXVPMOUADNG5IM352SHIMMI5GVX3JOKMI42SDCGKFXSXIF6XGXYNTZ6NVXKOK5GHX4WHR3UC\">Comentario de Mauricio Morales, director del Centro de An\u00e1lisis Pol\u00edtico (CAP).<\/a><\/p><p>\u00a0<\/p><p><strong>ELMOSTRADOR.CL<\/strong><\/p><p><a href=\"https:\/\/www.elmostrador.cl\/destacado\/2022\/12\/05\/conversaciones-atascadas-entre-oposicion-y-oficialismo-dejan-al-proceso-constituyente-con-un-pie-en-el-cajon\/\">Conversaciones atascadas entre oposici\u00f3n y oficialismo dejan al proceso constituyente con un pie en el caj\u00f3n. Se refiere Mauricio Morales Quiroga, director del Centro de An\u00e1lisis Pol\u00edtico (CAP).<\/a><\/p><p>\u00a0<\/p>\t\t\t\t\t\t<\/div>\n\t\t\t\t<\/div>\n\t\t\t\t\t<\/div>\n\t\t<\/div>\n\t\t\t\t\t\t\t<\/div>\n\t\t<\/section>\n\t\t\t\t\t\t<\/div>\n\t\t\t\t\t<\/div>\n\t\t","protected":false},"excerpt":{"rendered":"<p>DIARIOELHERALDO.CL Encuentro Nacional MetaRed TIC Chile se realiz\u00f3 en la Universidad de Talca. Se refiere Carlos Torres Fuchslocher, rector de la UTalca. \u00a0 ELCENTRO.CL Encuentro Nacional MetaRed TIC Chile tuvo lugar en la Universidad de Talca. Se refiere Carlos Torres Fuchslocher, rector de la UTalca. \u00a0 ELMOSTRADOR.CL Sale al mercado nueva marca colectiva de espumantes. &hellip;<\/p>\n<p class=\"read-more\"> <a class=\"\" href=\"https:\/\/www.reportedeprensa.utalca.cl\/?p=5946\"> <span class=\"screen-reader-text\">06 de diciembre de 2022<\/span> Read More &raquo;<\/a><\/p>\n","protected":false},"author":1,"featured_media":0,"comment_status":"closed","ping_status":"open","sticky":false,"template":"","format":"standard","meta":{"_monsterinsights_skip_tracking":false,"_monsterinsights_sitenote_active":false,"_monsterinsights_sitenote_note":"","_monsterinsights_sitenote_category":0},"categories":[28],"tags":[],"_links":{"self":[{"href":"https:\/\/www.reportedeprensa.utalca.cl\/index.php?rest_route=\/wp\/v2\/posts\/5946"}],"collection":[{"href":"https:\/\/www.reportedeprensa.utalca.cl\/index.php?rest_route=\/wp\/v2\/posts"}],"about":[{"href":"https:\/\/www.reportedeprensa.utalca.cl\/index.php?rest_route=\/wp\/v2\/types\/post"}],"author":[{"embeddable":true,"href":"https:\/\/www.reportedeprensa.utalca.cl\/index.php?rest_route=\/wp\/v2\/users\/1"}],"replies":[{"embeddable":true,"href":"https:\/\/www.reportedeprensa.utalca.cl\/index.php?rest_route=%2Fwp%2Fv2%2Fcomments&post=5946"}],"version-history":[{"count":7,"href":"https:\/\/www.reportedeprensa.utalca.cl\/index.php?rest_route=\/wp\/v2\/posts\/5946\/revisions"}],"predecessor-version":[{"id":5956,"href":"https:\/\/www.reportedeprensa.utalca.cl\/index.php?rest_route=\/wp\/v2\/posts\/5946\/revisions\/5956"}],"wp:attachment":[{"href":"https:\/\/www.reportedeprensa.utalca.cl\/index.php?rest_route=%2Fwp%2Fv2%2Fmedia&parent=5946"}],"wp:term":[{"taxonomy":"category","embeddable":true,"href":"https:\/\/www.reportedeprensa.utalca.cl\/index.php?rest_route=%2Fwp%2Fv2%2Fcategories&post=5946"},{"taxonomy":"post_tag","embeddable":true,"href":"https:\/\/www.reportedeprensa.utalca.cl\/index.php?rest_route=%2Fwp%2Fv2%2Ftags&post=5946"}],"curies":[{"name":"wp","href":"https:\/\/api.w.org\/{rel}","templated":true}]}}