{"id":5964,"date":"2022-12-07T11:39:53","date_gmt":"2022-12-07T14:39:53","guid":{"rendered":"https:\/\/www.reportedeprensa.utalca.cl\/?p=5964"},"modified":"2022-12-07T11:52:11","modified_gmt":"2022-12-07T14:52:11","slug":"07-de-diciembre-de-2022","status":"publish","type":"post","link":"https:\/\/www.reportedeprensa.utalca.cl\/?p=5964","title":{"rendered":"07 de diciembre de 2022"},"content":{"rendered":"\t\t<div data-elementor-type=\"wp-post\" data-elementor-id=\"5964\" class=\"elementor elementor-5964\" data-elementor-settings=\"[]\">\n\t\t\t\t\t\t\t<div class=\"elementor-section-wrap\">\n\t\t\t\t\t\t\t<section class=\"elementor-section elementor-top-section elementor-element elementor-element-2a4b4b83 elementor-section-boxed elementor-section-height-default elementor-section-height-default\" data-id=\"2a4b4b83\" data-element_type=\"section\">\n\t\t\t\t\t\t<div class=\"elementor-container elementor-column-gap-default\">\n\t\t\t\t\t<div class=\"elementor-column elementor-col-100 elementor-top-column elementor-element elementor-element-24a78540\" data-id=\"24a78540\" data-element_type=\"column\">\n\t\t\t<div class=\"elementor-widget-wrap elementor-element-populated\">\n\t\t\t\t\t\t\t\t<div class=\"elementor-element elementor-element-55b07e54 elementor-widget elementor-widget-text-editor\" data-id=\"55b07e54\" data-element_type=\"widget\" data-widget_type=\"text-editor.default\">\n\t\t\t\t<div class=\"elementor-widget-container\">\n\t\t\t\t\t\t\t\t<p><strong>EL HERALDO<\/strong><\/p><p><a href=\"https:\/\/www.litoralpress.cl\/paginaconsultas\/Servicios_NClipSitio\/Get_Imagen_Nota.aspx?LPKey=SAVFANP4W5OZA3GCK3FAXYZTUZN2Z6C2IQECT6LWLWSGRJYIBYEH5FUFW5HFRSFHMNOSDZO6DVOLQ\">Encuentro Nacional MetaRed TIC Chile se realiz\u00f3 en la Universidad de Talca. Se refiere Carlos Torres Fuchslocher, rector de la UTalca.<\/a><\/p><p>\u00a0<\/p><p><strong>EL LECTOR<\/strong><\/p><p><a href=\"https:\/\/www.litoralpress.cl\/paginaconsultas\/Servicios_NClipSitio\/Get_Imagen_Nota.aspx?LPKey=QOUMBQJPJ7LSV4IF6XZNTBIBQEQM43LSH6YQIUMZSB2HDB33TXITTHSOYPTEUJT56V7JW7KXKFAHI\">Encuentro Nacional MetaRed TIC Chile se realiz\u00f3 en la Universidad de Talca. Se refiere Carlos Torres Fuchslocher, rector de la UTalca.<\/a><\/p><p>\u00a0<\/p><p><strong>ADPRENSA.CL<\/strong><\/p><p><a href=\"https:\/\/www.adprensa.cl\/cronica\/encuentro-nacional-metared-tic-chile-se-realizo-en-la-universidad-de-talca\/\">Encuentro Nacional MetaRed TIC Chile se realiz\u00f3 en la Universidad de Talca. Se refiere Carlos Torres Fuchslocher, rector de la UTalca.<\/a><\/p><p>\u00a0<\/p><p><strong>MEDIABANCO.COM<\/strong><\/p><p><a href=\"https:\/\/www.mediabanco.com\/encuentro-nacional-metared-tic-chile-se-realizo-en-la-universidad-de-talca\/\">Encuentro Nacional MetaRed TIC Chile se realiz\u00f3 en la Universidad de Talca. Se refiere Carlos Torres Fuchslocher, rector de la UTalca.<\/a><\/p><p>\u00a0<\/p><p><strong>ELMAULEINFORMA.CL<\/strong><\/p><p><a href=\"https:\/\/elmauleinforma.cl\/citra-de-la-utalca-cumple-25-anos-mejorando-la-sustentabilidad-agricola\/\">CITRA de la UTalca cumple 25 a\u00f1os mejorando la sustentabilidad agr\u00edcola. Se refiere Samuel Ortega Far\u00edas, director del Centro de Investigaci\u00f3n y Transferencia en Riego y Agroclimatolog\u00eda (CITRA) y Roberto Jara Rojas, director de Investigaci\u00f3n.<\/a><\/p><p>\u00a0<\/p><p><strong>EL L\u00cdDER<\/strong><\/p><p><a href=\"https:\/\/www.litoralpress.cl\/paginaconsultas\/Servicios_NClipSitio\/Get_Imagen_Nota.aspx?LPKey=7Z7J4A2UAZLBCIPIMTEDZ3BKM5LZJDRVE7S6XJD3Q55NLMXTDRV4OE2XCPK62UG3ZAIJ4CQTS4M4Y\">Parti\u00f3 campa\u00f1a contra el hanta: explican los peligros y cuidados. Se refiere Barbra Fern\u00e1ndez Tapia, acad\u00e9mica de la Facultad de Ciencias de la Salud.<\/a><\/p><p>\u00a0<\/p><p><strong>RADIO GUAYAC\u00c1N<\/strong><\/p><p><a href=\"https:\/\/www.litoralpress.cl\/sitio\/RadioTV_Detalles.cshtml?LPKey=TWMT6J4Q5HVSQVAA462HP2U7NQTUFVIFUQ6A3GUXSYIZD52OD2V2GAKKNCFEQ2I26UVP6ZTUSPKEW\">Entrevista a Daniela Olave Rojas, acad\u00e9mica de la Facultad de Ingenier\u00eda.<\/a><\/p><p>\u00a0<\/p><p><strong>EL HERALDO<\/strong><\/p><p><a href=\"https:\/\/www.litoralpress.cl\/paginaconsultas\/Servicios_NClipSitio\/Get_Imagen_Nota.aspx?LPKey=OUXV544HJZMS2XVBDQPZMD2ORDKMCY3T6VVDFIJWVYWX4OTUELEGZCSUEEG65S3QFSEIUNAUU6XPU\">Mil unidades de evaluaci\u00f3n identific\u00f3 l\u00edneas gen\u00e9ticas tolerantes a la sequ\u00eda. Se menciona a la UTalca.<\/a><\/p><p>\u00a0<\/p><p><strong>LA PRENSA<\/strong><\/p><p><a href=\"https:\/\/www.litoralpress.cl\/paginaconsultas\/Servicios_NClipSitio\/Get_Imagen_Nota.aspx?LPKey=5RYUM2HI3XMJ7ZLABDVSDC665HPSZOTDGWGYUR2JJDTRYFLA37MTRNIEMW4BQ3HPGQOGQUAPWH7RS\">Acad\u00e9mico de la UTalca llama a ser en las compras y deudas precavidos. Se refiere Juan Andr\u00e9s Riquelme Won, director del Mag\u00edster en Econom\u00eda.<\/a><\/p><p>\u00a0<\/p><p><strong>CANAL ANTOFAGASTA TV<\/strong><\/p><p><a href=\"https:\/\/www.litoralpress.cl\/sitio\/RadioTV_Detalles.cshtml?LPKey=HXHUF326KILUBQEZ2F7IFZTZQZ3XAHDNEYIIBWQAEDNAB4CO3L2KUKHJE54ZZT7NX3QWHO2XXGNVE\">Entregaron recomendaciones ante aumento de ciber delitos por compras de fin de a\u00f1o. Se refiere Juan Andr\u00e9s Riquelme Won, director del Mag\u00edster en Econom\u00eda.<\/a><\/p><p>\u00a0<\/p><p><strong>ADPRENSA.CL<\/strong><\/p><p><a href=\"https:\/\/www.adprensa.cl\/cronica\/fiestas-de-fin-de-ano-entregan-consejos-para-reducir-impacto-en-el-presupuesto\/\">Fiestas de fin de a\u00f1o: entregan consejos para reducir impacto en el presupuesto. Se refiere Juan Andr\u00e9s Riquelme Won, director del Mag\u00edster en Econom\u00eda.<\/a><\/p><p>\u00a0<\/p><p><strong>MEDIABANCO.COM<\/strong><\/p><p><a href=\"https:\/\/www.mediabanco.com\/fiestas-de-fin-de-ano-entregan-consejos-para-reducir-impacto-en-el-presupuesto\/\">Fiestas de fin de a\u00f1o: Entregan consejos para reducir impacto en el presupuesto. Se refiere Juan Andr\u00e9s Riquelme Won, director del Mag\u00edster en Econom\u00eda.<\/a><\/p><p>\u00a0<\/p><p><strong>MASQUENOTICIAS.CL<\/strong><\/p><p><a href=\"https:\/\/masquenoticias.cl\/2022\/12\/06\/fiestas-de-fin-de-ano-entregan-consejos-para-reducir-impacto-en-el-presupuesto\/\">Fiestas de fin de a\u00f1o: entregan consejos para reducir impacto en el presupuesto. Se refiere Juan Andr\u00e9s Riquelme Won, director del Mag\u00edster en Econom\u00eda.<\/a><\/p><p>\u00a0<\/p><p><strong>PUBLIMICRO.CL<\/strong><\/p><p><a href=\"https:\/\/publimicro.cl\/universidad-de-talca-entrega-utiles-consejos-para-las-compras-de-fin-de-ano-y-asi-cuidar-el-bolsillo-en-tiempos-de-crisis\/\">Universidad de Talca entrega \u00fatiles consejos para las compras de fin de a\u00f1o y as\u00ed cuidar el bolsillo en tiempos de crisis. Se refiere Juan Andr\u00e9s Riquelme Won, director del Mag\u00edster en Econom\u00eda.<\/a><\/p><p>\u00a0<\/p><p><strong>LAPRENSAAUSTRAL.CL<\/strong><\/p><p><a href=\"https:\/\/laprensaaustral.cl\/2022\/12\/06\/reajuste-de-12-al-sector-publico-su-viabilidad-en-el-parlamento-y-analisis-a-posibles-efectos-inflacionarios\/\">Reajuste de 12% al sector p\u00fablico: su viabilidad en el Parlamento y an\u00e1lisis a posibles efectos inflacionarios. Se refiere Rodrigo Saens, acad\u00e9mico de la Facultad de Econom\u00eda y Negocios (FEN).<\/a><\/p><p>\u00a0<\/p><p><strong>ELCENTRO.CL<\/strong><\/p><p><a href=\"https:\/\/elcentro.cl\/2022\/12\/06\/alumnos-de-tres-establecimientos-maulinos-participaron-de-las-olimpiadas-de-quimica-umce-2022\/\">Alumnos de tres establecimientos maulinos participaron de las Olimpiadas de Qu\u00edmica UMCE 2022. Se mencionan a Carolina Quinteros y Natalia Fuentealba, acad\u00e9micas del Instituto de Qu\u00edmica de Recursos Naturales.<\/a><\/p><p>\u00a0<\/p><p><strong>CANAL CNN<\/strong><\/p><p><a href=\"https:\/\/www.litoralpress.cl\/sitio\/RadioTV_Detalles.cshtml?LPKey=MNNL77B2E3JVEPN3QSKIC4DOT2G2HDLLSWC7GWN53QXC5USUPKYY3WY226HQNFWCJJG56FCXGCODU\">Oposici\u00f3n busca interpelar a ministro Jackson por pol\u00e9mica salida de la exseremi de Desarrollo Social. Se refiere Mauricio Morales Quiroga, director del Centro de An\u00e1lisis Pol\u00edtico (CAP).<\/a><\/p><p>\u00a0<\/p><p><strong>RADIO INFINITA<\/strong><\/p><p><a href=\"https:\/\/www.litoralpress.cl\/sitio\/RadioTV_Detalles.cshtml?LPKey=ISJNZZFX3MQWFCIHNTFXNOGJRRJHBGRZUEEXB3ZFMTSHNTULY34MUUBNZVHMSKDXZ7HI4QDUKWC6Q\">Comentario de Mauricio Morales Quiroga, director del Centro de An\u00e1lisis Pol\u00edtico (CAP).<\/a><\/p><p>\u00a0<\/p><p><strong>EMOL.COM<\/strong><\/p><p><a href=\"https:\/\/www.emol.com\/noticias\/Nacional\/2022\/12\/06\/1080285\/balance-gestion-jackson-desarrollo-social.html\">Fuera de la primera l\u00ednea: Los meses de Jackson en Desarrollo Social entre el repliegue, la pol\u00e9mica y el fantasma de una AC. Se refiere Mauricio Morales Quiroga, director del Centro de An\u00e1lisis Pol\u00edtico (CAP).<\/a><\/p><p>\u00a0<\/p><p><strong>LA TERCERA<\/strong><\/p><p><a href=\"https:\/\/www.litoralpress.cl\/sitio\/Prensa_PaginaCompleta.cshtml?LPKey=ERN5TDSJ6IOIUHQOHPDNJ3QWNMDBRSLOTYEQRBHWJ5XZ6HAXD22A\">Un fiscal nacional (S) y la investigadora del caso LED: \u00bfQui\u00e9nes son los abogados que ingresaron a la quina de la Suprema? Se menciona a egresada de la UTalca, Nayalet Mansilla.<\/a><\/p><p>\u00a0<\/p><p><strong>LATERCERA.COM<\/strong><\/p><p><a href=\"https:\/\/www.latercera.com\/nacional\/noticia\/suprema-completa-la-quina-para-fiscal-nacional-con-nayalet-mansilla-y-agustin-melendez\/X4BHKGCO65CATCP7OYRBKIPXOU\/\">Suprema completa la quina para fiscal nacional con Nayalet Mansilla y Juan Agust\u00edn Mel\u00e9ndez. Se mencionan a dos egresados de la Universidad de Talca, Carlos Palma y Nayalet Mansilla.<\/a><\/p><p>\u00a0<\/p><p><strong>ELMOSTRADOR.CL<\/strong><\/p><p><a href=\"https:\/\/www.elmostrador.cl\/destacado\/2022\/12\/06\/nayadeth-mancilla-y-juan-agustin-melendez-los-dos-nuevos-candidatos-que-completan-la-quina-a-fiscal-nacional\/\">Nayalet Mansilla y Juan Agust\u00edn Mel\u00e9ndez, los dos nuevos candidatos que completan la Quina a Fiscal Nacional. Se mencionan a dos egresados de la Universidad de Talca, Carlos Palma y Nayalet Mansilla.<\/a><\/p><p>\u00a0<\/p><p><strong>ADNRADIO.CL<\/strong><\/p><p><a href=\"https:\/\/www.adnradio.cl\/nacional\/2022\/12\/06\/eleccion-fiscal-nacional-quien-es-quien-nueva-quina-presentada-corte-suprema.html\">Elecci\u00f3n de Fiscal Nacional: qui\u00e9n es qui\u00e9n en la nueva quina presentada por la Corte Suprema. Se mencionan a dos egresados de la Universidad de Talca, Carlos Palma y Nayalet Mansilla.<\/a><\/p><p>\u00a0<\/p>\t\t\t\t\t\t<\/div>\n\t\t\t\t<\/div>\n\t\t\t\t\t<\/div>\n\t\t<\/div>\n\t\t\t\t\t\t\t<\/div>\n\t\t<\/section>\n\t\t\t\t\t\t<\/div>\n\t\t\t\t\t<\/div>\n\t\t","protected":false},"excerpt":{"rendered":"<p>EL HERALDO Encuentro Nacional MetaRed TIC Chile se realiz\u00f3 en la Universidad de Talca. Se refiere Carlos Torres Fuchslocher, rector de la UTalca. \u00a0 EL LECTOR Encuentro Nacional MetaRed TIC Chile se realiz\u00f3 en la Universidad de Talca. Se refiere Carlos Torres Fuchslocher, rector de la UTalca. \u00a0 ADPRENSA.CL Encuentro Nacional MetaRed TIC Chile se &hellip;<\/p>\n<p class=\"read-more\"> <a class=\"\" href=\"https:\/\/www.reportedeprensa.utalca.cl\/?p=5964\"> <span class=\"screen-reader-text\">07 de diciembre de 2022<\/span> Read More &raquo;<\/a><\/p>\n","protected":false},"author":1,"featured_media":0,"comment_status":"closed","ping_status":"open","sticky":false,"template":"","format":"standard","meta":{"_monsterinsights_skip_tracking":false,"_monsterinsights_sitenote_active":false,"_monsterinsights_sitenote_note":"","_monsterinsights_sitenote_category":0},"categories":[28],"tags":[],"_links":{"self":[{"href":"https:\/\/www.reportedeprensa.utalca.cl\/index.php?rest_route=\/wp\/v2\/posts\/5964"}],"collection":[{"href":"https:\/\/www.reportedeprensa.utalca.cl\/index.php?rest_route=\/wp\/v2\/posts"}],"about":[{"href":"https:\/\/www.reportedeprensa.utalca.cl\/index.php?rest_route=\/wp\/v2\/types\/post"}],"author":[{"embeddable":true,"href":"https:\/\/www.reportedeprensa.utalca.cl\/index.php?rest_route=\/wp\/v2\/users\/1"}],"replies":[{"embeddable":true,"href":"https:\/\/www.reportedeprensa.utalca.cl\/index.php?rest_route=%2Fwp%2Fv2%2Fcomments&post=5964"}],"version-history":[{"count":7,"href":"https:\/\/www.reportedeprensa.utalca.cl\/index.php?rest_route=\/wp\/v2\/posts\/5964\/revisions"}],"predecessor-version":[{"id":5975,"href":"https:\/\/www.reportedeprensa.utalca.cl\/index.php?rest_route=\/wp\/v2\/posts\/5964\/revisions\/5975"}],"wp:attachment":[{"href":"https:\/\/www.reportedeprensa.utalca.cl\/index.php?rest_route=%2Fwp%2Fv2%2Fmedia&parent=5964"}],"wp:term":[{"taxonomy":"category","embeddable":true,"href":"https:\/\/www.reportedeprensa.utalca.cl\/index.php?rest_route=%2Fwp%2Fv2%2Fcategories&post=5964"},{"taxonomy":"post_tag","embeddable":true,"href":"https:\/\/www.reportedeprensa.utalca.cl\/index.php?rest_route=%2Fwp%2Fv2%2Ftags&post=5964"}],"curies":[{"name":"wp","href":"https:\/\/api.w.org\/{rel}","templated":true}]}}