{"id":598,"date":"2021-03-31T07:21:44","date_gmt":"2021-03-31T10:21:44","guid":{"rendered":"https:\/\/www.reportedeprensa.utalca.cl\/?p=598"},"modified":"2021-03-31T08:48:31","modified_gmt":"2021-03-31T11:48:31","slug":"31-de-marzo-de-2021","status":"publish","type":"post","link":"https:\/\/www.reportedeprensa.utalca.cl\/?p=598","title":{"rendered":"31 de marzo de 2021"},"content":{"rendered":"\t\t<div data-elementor-type=\"wp-post\" data-elementor-id=\"598\" class=\"elementor elementor-598\" data-elementor-settings=\"[]\">\n\t\t\t\t\t\t\t<div class=\"elementor-section-wrap\">\n\t\t\t\t\t\t\t<section class=\"elementor-section elementor-top-section elementor-element elementor-element-a06ca45 elementor-section-boxed elementor-section-height-default elementor-section-height-default\" data-id=\"a06ca45\" data-element_type=\"section\">\n\t\t\t\t\t\t<div class=\"elementor-container elementor-column-gap-default\">\n\t\t\t\t\t<div class=\"elementor-column elementor-col-100 elementor-top-column elementor-element elementor-element-1486c35\" data-id=\"1486c35\" data-element_type=\"column\">\n\t\t\t<div class=\"elementor-widget-wrap elementor-element-populated\">\n\t\t\t\t\t\t\t\t<div class=\"elementor-element elementor-element-42b145e elementor-widget elementor-widget-text-editor\" data-id=\"42b145e\" data-element_type=\"widget\" data-widget_type=\"text-editor.default\">\n\t\t\t\t<div class=\"elementor-widget-container\">\n\t\t\t\t\t\t\t\t<p><b>CANAL MEGA (Mucho Gusto)<\/b><\/p><p><a style=\"font-style: inherit; font-weight: inherit; background-color: #ffffff; font-family: -apple-system, BlinkMacSystemFont,;\" href=\"https:\/\/www.litoralpress.cl\/Archivos\/.R.Ey4.S0e.K.Lc.Oq.R.Ok.P.C.Rtlx.A.%c3%96.%c3%96.mp4\" target=\"_blank\" rel=\"noopener\">Alta movilidad en cuarentena. Se refiere Erika Retamal, directora de Salud P\u00fablica de la UTalca.<\/a><\/p>\t\t\t\t\t\t<\/div>\n\t\t\t\t<\/div>\n\t\t\t\t<div class=\"elementor-element elementor-element-729781f elementor-widget elementor-widget-text-editor\" data-id=\"729781f\" data-element_type=\"widget\" data-widget_type=\"text-editor.default\">\n\t\t\t\t<div class=\"elementor-widget-container\">\n\t\t\t\t\t\t\t\t<p><b>LUN.COM<\/b><\/p><p><a style=\"font-style: inherit; font-weight: inherit; background-color: #ffffff; font-family: -apple-system, BlinkMacSystemFont,;\" href=\"https:\/\/www.lun.com\/Pages\/NewsDetail.aspx?dt=2021-03-31&amp;NewsID=468211&amp;BodyID=0&amp;PaginaId=30\" target=\"_blank\" rel=\"noopener\">Sonia Montecino les saca trote a las mil historias de su amiga machi. Se menciona que el libro \u201cSue\u00f1o con menguante\u201d fue reeditado por la Editorial Universidad de Talca.<\/a><\/p>\t\t\t\t\t\t<\/div>\n\t\t\t\t<\/div>\n\t\t\t\t<div class=\"elementor-element elementor-element-38018f9 elementor-widget elementor-widget-text-editor\" data-id=\"38018f9\" data-element_type=\"widget\" data-widget_type=\"text-editor.default\">\n\t\t\t\t<div class=\"elementor-widget-container\">\n\t\t\t\t\t\t\t\t<p><b>ADPRENSA.CL<\/b><\/p><p><a style=\"font-style: inherit; font-weight: inherit; background-color: #ffffff; font-family: -apple-system, BlinkMacSystemFont,;\" href=\"https:\/\/www.adprensa.cl\/politica\/utalca-se-suma-a-campana-para-informar-y-educar-sobre-el-proceso-constitucional\/\" target=\"_blank\" rel=\"noopener\">UTalca se suma a campa\u00f1a para informar y educar sobre el proceso constitucional.<\/a><\/p>\t\t\t\t\t\t<\/div>\n\t\t\t\t<\/div>\n\t\t\t\t<div class=\"elementor-element elementor-element-13777f0 elementor-widget elementor-widget-text-editor\" data-id=\"13777f0\" data-element_type=\"widget\" data-widget_type=\"text-editor.default\">\n\t\t\t\t<div class=\"elementor-widget-container\">\n\t\t\t\t\t\t\t\t<p><b>PORTALEDUCACION.CL<\/b><\/p><p><a style=\"font-style: inherit; font-weight: inherit; background-color: #ffffff; font-family: -apple-system, BlinkMacSystemFont,;\" href=\"https:\/\/portaleducacion.cl\/index.php\/2021\/03\/30\/utalca-se-suma-a-campana-para-informar-y-educar-sobre-el-proceso-constitucional\/\" target=\"_blank\" rel=\"noopener\">UTalca se suma a campa\u00f1a para informar y educar sobre el proceso constitucional.<\/a><\/p>\t\t\t\t\t\t<\/div>\n\t\t\t\t<\/div>\n\t\t\t\t<div class=\"elementor-element elementor-element-226f2c9 elementor-widget elementor-widget-text-editor\" data-id=\"226f2c9\" data-element_type=\"widget\" data-widget_type=\"text-editor.default\">\n\t\t\t\t<div class=\"elementor-widget-container\">\n\t\t\t\t\t\t\t\t<p><b>MAULEE.CL<\/b><\/p><p><a style=\"font-style: inherit; font-weight: inherit; background-color: #ffffff; font-family: -apple-system, BlinkMacSystemFont,;\" href=\"https:\/\/www.maulee.cl\/utalca-se-suma-a-campana-para-informar-y-educar-sobre-el-proceso-constitucional\/\" target=\"_blank\" rel=\"noopener\">UTalca se suma a campa\u00f1a para informar y educar sobre el proceso constitucional.<\/a><\/p>\t\t\t\t\t\t<\/div>\n\t\t\t\t<\/div>\n\t\t\t\t<div class=\"elementor-element elementor-element-2614dec elementor-widget elementor-widget-text-editor\" data-id=\"2614dec\" data-element_type=\"widget\" data-widget_type=\"text-editor.default\">\n\t\t\t\t<div class=\"elementor-widget-container\">\n\t\t\t\t\t\t\t\t<p><b>SEXTANOTICIAS.CL<\/b><\/p><p><a style=\"font-style: inherit; font-weight: inherit; background-color: #ffffff; font-family: -apple-system, BlinkMacSystemFont,;\" href=\"https:\/\/www.sextanoticias.cl\/utalca-se-suma-a-campana-para-informar-y-educar-sobre-el-proceso-constitucional\/\" target=\"_blank\" rel=\"noopener\">UTalca se suma a campa\u00f1a para informar y educar sobre el proceso constitucional.<\/a><\/p>\t\t\t\t\t\t<\/div>\n\t\t\t\t<\/div>\n\t\t\t\t<div class=\"elementor-element elementor-element-12952ea elementor-widget elementor-widget-text-editor\" data-id=\"12952ea\" data-element_type=\"widget\" data-widget_type=\"text-editor.default\">\n\t\t\t\t<div class=\"elementor-widget-container\">\n\t\t\t\t\t\t\t\t<p><b>ADPRENSA.CL<\/b><\/p><p><a style=\"font-style: inherit; font-weight: inherit; background-color: #ffffff; font-family: -apple-system, BlinkMacSystemFont,;\" href=\"https:\/\/www.adprensa.cl\/cronica\/aumento-de-camas-criticas-advierten-que-debe-existir-reforzamiento-del-personal-sanitario-por-el-desgaste-acumulado-en-el-combate-de-la-pandemia\/\" target=\"_blank\" rel=\"noopener\">Aumento de camas cr\u00edticas: advierten que debe existir reforzamiento del personal sanitario por el desgaste acumulado en el combate de la pandemia. Se refieren Erika Retamal, directora de Salud P\u00fablica y Sandra Alvear, directora del Mag\u00edster en Gesti\u00f3n de Sistemas de Salud de la UTalca.<\/a><\/p>\t\t\t\t\t\t<\/div>\n\t\t\t\t<\/div>\n\t\t\t\t<div class=\"elementor-element elementor-element-8a48ae9 elementor-widget elementor-widget-text-editor\" data-id=\"8a48ae9\" data-element_type=\"widget\" data-widget_type=\"text-editor.default\">\n\t\t\t\t<div class=\"elementor-widget-container\">\n\t\t\t\t\t\t\t\t<p><b>REDMAULE.COM<\/b><\/p><p><a style=\"font-style: inherit; font-weight: inherit; background-color: #ffffff; font-family: -apple-system, BlinkMacSystemFont,;\" href=\"https:\/\/www.redmaule.com\/nacional\/aumento-de-camas-criticas-advierten-que-debe-existir-reforzamiento-del\" target=\"_blank\" rel=\"noopener\">Aumento de camas cr\u00edticas: advierten que debe existir reforzamiento del personal sanitario por el desgaste acumulado. Se refieren Erika Retamal, directora de Salud P\u00fablica y Sandra Alvear, directora del Mag\u00edster en Gesti\u00f3n de Sistemas de Salud de la UTalca.<\/a><\/p>\t\t\t\t\t\t<\/div>\n\t\t\t\t<\/div>\n\t\t\t\t<div class=\"elementor-element elementor-element-ec2e282 elementor-widget elementor-widget-text-editor\" data-id=\"ec2e282\" data-element_type=\"widget\" data-widget_type=\"text-editor.default\">\n\t\t\t\t<div class=\"elementor-widget-container\">\n\t\t\t\t\t\t\t\t<p><b>LA DISCUSI\u00d3N<\/b><\/p><p><a style=\"font-style: inherit; font-weight: inherit; background-color: #ffffff; font-family: -apple-system, BlinkMacSystemFont,;\" href=\"https:\/\/www.litoralpress.cl\/paginaconsultas\/Servicios_NClip\/Get_Imagen_Nota.aspx?LPKey=a.Hukh.%C3%9Cvd8.Y.E.D.Q.G.Z\/.W.F.Aa2\/.N.Ga.Hv.B.Y.T8.Gr.Yg4q.Kgr.Cz0k6t05.Hv4.A.M.E.L.%C3%9Cm.Oo.H.S.P.%C3%9C.X\" target=\"_blank\" rel=\"noopener\">\u00d1uble registra la mayor ocupaci\u00f3n hospitalaria desde el inicio de la pandemia. Se refieren Daniel Jim\u00e9nez, director de Salud del Estudiante y Alejandro Poblete, acad\u00e9mico del Departamento de Salud P\u00fablica de la UTalca<\/a>.<\/p>\t\t\t\t\t\t<\/div>\n\t\t\t\t<\/div>\n\t\t\t\t<div class=\"elementor-element elementor-element-34b461a elementor-widget elementor-widget-text-editor\" data-id=\"34b461a\" data-element_type=\"widget\" data-widget_type=\"text-editor.default\">\n\t\t\t\t<div class=\"elementor-widget-container\">\n\t\t\t\t\t\t\t\t<p><b>RADIO AMIGA<\/b><\/p><p><a style=\"font-style: inherit; font-weight: inherit; background-color: #ffffff; font-family: -apple-system, BlinkMacSystemFont,;\" href=\"https:\/\/www.litoralpress.cl\/Archivos\/v.N.Fffsny.Rukt90x.X.N.A.P.F.D.A.%c3%96.%c3%96.mp3\" target=\"_blank\" rel=\"noopener\">Preocupaci\u00f3n por posibles contagios COVID-19 en el transporte p\u00fablico. Se refiere Erika Retamal, directora de Salud P\u00fablica de la UTalca.<\/a><\/p>\t\t\t\t\t\t<\/div>\n\t\t\t\t<\/div>\n\t\t\t\t<div class=\"elementor-element elementor-element-e2b8b58 elementor-widget elementor-widget-text-editor\" data-id=\"e2b8b58\" data-element_type=\"widget\" data-widget_type=\"text-editor.default\">\n\t\t\t\t<div class=\"elementor-widget-container\">\n\t\t\t\t\t\t\t\t<p><b>RADIO AMIGA<\/b><\/p><p><a style=\"font-style: inherit; font-weight: inherit; background-color: #ffffff; font-family: -apple-system, BlinkMacSystemFont,;\" href=\"https:\/\/www.litoralpress.cl\/Archivos\/h.F.Ywz.S9-aq.J9-a8.M.G.W.J.My.A.%c3%96.%c3%96.mp3\" target=\"_blank\" rel=\"noopener\">Efectos de la pandemia en las clases remotas. Se refiere Sebasti\u00e1n Donoso, director del Instituto de Investigaci\u00f3n y Desarrollo Educacional (IIDE) de la UTalca.<\/a><\/p>\t\t\t\t\t\t<\/div>\n\t\t\t\t<\/div>\n\t\t\t\t<div class=\"elementor-element elementor-element-40a3618 elementor-widget elementor-widget-text-editor\" data-id=\"40a3618\" data-element_type=\"widget\" data-widget_type=\"text-editor.default\">\n\t\t\t\t<div class=\"elementor-widget-container\">\n\t\t\t\t\t\t\t\t<p><b>EL HERALDO<\/b><\/p><p><a style=\"font-style: inherit; font-weight: inherit; background-color: #ffffff; font-family: -apple-system, BlinkMacSystemFont,;\" href=\"https:\/\/www.litoralpress.cl\/paginaconsultas\/Servicios_NClip\/Get_Imagen_Pagina.aspx?LPKey=.A.%C3%9C.M.K\/i7.X.Z.F4.N.Jo.T.W.O.Us.T.C.P.L.O0o.J5k4.Qq.Lj.Qp.P3.O.V.Lso.%C3%96\" target=\"_blank\" rel=\"noopener\">\u00bfQu\u00e9 funciones tendr\u00e1n los gobernadores regionales y qu\u00e9 diferencias tienen con los actuales intendentes? Se refiere Mauricio Morales, acad\u00e9mico del Centro de An\u00e1lisis Pol\u00edtico (CAP) de la UTalca.<\/a><\/p>\t\t\t\t\t\t<\/div>\n\t\t\t\t<\/div>\n\t\t\t\t<div class=\"elementor-element elementor-element-1df9520 elementor-widget elementor-widget-text-editor\" data-id=\"1df9520\" data-element_type=\"widget\" data-widget_type=\"text-editor.default\">\n\t\t\t\t<div class=\"elementor-widget-container\">\n\t\t\t\t\t\t\t\t<p><b>DIARIOELHERALDO.CL<\/b><\/p><p><a style=\"font-style: inherit; font-weight: inherit; background-color: #ffffff; font-family: -apple-system, BlinkMacSystemFont,;\" href=\"http:\/\/www.diarioelheraldo.cl\/noticia\/que-funciones-tendran-los-gobernadores-regionales-y-que-diferencias-tienen-con-los-actuales-intendentes\" target=\"_blank\" rel=\"noopener\">\u00bfQu\u00e9 funciones tendr\u00e1n los gobernadores regionales y qu\u00e9 diferencias tienen con los actuales intendentes? Se refiere Mauricio Morales, acad\u00e9mico del Centro de An\u00e1lisis Pol\u00edtico (CAP) de la UTalca.<\/a><\/p>\t\t\t\t\t\t<\/div>\n\t\t\t\t<\/div>\n\t\t\t\t<div class=\"elementor-element elementor-element-a452abd elementor-widget elementor-widget-text-editor\" data-id=\"a452abd\" data-element_type=\"widget\" data-widget_type=\"text-editor.default\">\n\t\t\t\t<div class=\"elementor-widget-container\">\n\t\t\t\t\t\t\t\t<p><b>MAULEE.CL<\/b><\/p><p><a style=\"font-style: inherit; font-weight: inherit; background-color: #ffffff; font-family: -apple-system, BlinkMacSystemFont,;\" href=\"https:\/\/www.maulee.cl\/que-funciones-tendran-los-gobernadores-regionales-y-que-diferencias-tienen-con-los-actuales-intendentes\/\" target=\"_blank\" rel=\"noopener\">\u00bfQu\u00e9 funciones tendr\u00e1n los gobernadores regionales y qu\u00e9 diferencias tienen con los actuales intendentes? Se refiere Mauricio Morales, acad\u00e9mico del Centro de An\u00e1lisis Pol\u00edtico (CAP) de la UTalca.<\/a><\/p>\t\t\t\t\t\t<\/div>\n\t\t\t\t<\/div>\n\t\t\t\t<div class=\"elementor-element elementor-element-5cd5e30 elementor-widget elementor-widget-text-editor\" data-id=\"5cd5e30\" data-element_type=\"widget\" data-widget_type=\"text-editor.default\">\n\t\t\t\t<div class=\"elementor-widget-container\">\n\t\t\t\t\t\t\t\t<p><b>TVMAULE.CL<\/b><\/p><p><a style=\"font-style: inherit; font-weight: inherit; background-color: #ffffff; font-family: -apple-system, BlinkMacSystemFont,;\" href=\"https:\/\/www.tvmaule.cl\/que-funciones-tendran-los-gobernadores-regionales-y-que-diferencias-tienen-con-los-actuales-intendentes\/\" target=\"_blank\" rel=\"noopener\">\u00bfQu\u00e9 funciones tendr\u00e1n los gobernadores regionales y qu\u00e9 diferencias tienen con los actuales intendentes? Se refiere Mauricio Morales, acad\u00e9mico del Centro de An\u00e1lisis Pol\u00edtico (CAP) de la UTalca.<\/a><\/p>\t\t\t\t\t\t<\/div>\n\t\t\t\t<\/div>\n\t\t\t\t<div class=\"elementor-element elementor-element-9fcc305 elementor-widget elementor-widget-text-editor\" data-id=\"9fcc305\" data-element_type=\"widget\" data-widget_type=\"text-editor.default\">\n\t\t\t\t<div class=\"elementor-widget-container\">\n\t\t\t\t\t\t\t\t<p><b>LINARESENLINEA.CL<\/b><\/p><p><a style=\"font-style: inherit; font-weight: inherit; background-color: #ffffff; font-family: -apple-system, BlinkMacSystemFont,;\" href=\"https:\/\/www.linaresenlinea.cl\/2021\/03\/30\/que-funciones-tendran-los-gobernadores-regionales-y-que-diferencias-tienen-con-los-actuales-intendentes\/\" target=\"_blank\" rel=\"noopener\">\u00bfQu\u00e9 funciones tendr\u00e1n los gobernadores regionales y qu\u00e9 diferencias tienen con los actuales intendentes? Se refiere Mauricio Morales, acad\u00e9mico del Centro de An\u00e1lisis Pol\u00edtico (CAP) de la UTalca.<\/a><\/p>\t\t\t\t\t\t<\/div>\n\t\t\t\t<\/div>\n\t\t\t\t<div class=\"elementor-element elementor-element-6336268 elementor-widget elementor-widget-text-editor\" data-id=\"6336268\" data-element_type=\"widget\" data-widget_type=\"text-editor.default\">\n\t\t\t\t<div class=\"elementor-widget-container\">\n\t\t\t\t\t\t\t\t<p><b>DIARIOVIREGION.CL<\/b><\/p><p><a style=\"font-style: inherit; font-weight: inherit; background-color: #ffffff; font-family: -apple-system, BlinkMacSystemFont,;\" href=\"https:\/\/www.diarioviregion.cl\/index.php\/noticias\/15837-que-funciones-tendran-los-gobernadores-regionales-y-que-diferencias-tienen-con-los-actuales-intendentes\" target=\"_blank\" rel=\"noopener\">\u00bfQu\u00e9 funciones tendr\u00e1n los gobernadores regionales y qu\u00e9 diferencias tienen con los actuales intendentes? Se refiere Mauricio Morales, acad\u00e9mico del Centro de An\u00e1lisis Pol\u00edtico (CAP) de la UTalca.<\/a><\/p>\t\t\t\t\t\t<\/div>\n\t\t\t\t<\/div>\n\t\t\t\t<div class=\"elementor-element elementor-element-0236b37 elementor-widget elementor-widget-text-editor\" data-id=\"0236b37\" data-element_type=\"widget\" data-widget_type=\"text-editor.default\">\n\t\t\t\t<div class=\"elementor-widget-container\">\n\t\t\t\t\t\t\t\t<p><b>SEXTANOTICIAS.CL<\/b><\/p><p><a style=\"font-style: inherit; font-weight: inherit; background-color: #ffffff; font-family: -apple-system, BlinkMacSystemFont,;\" href=\"https:\/\/www.sextanoticias.cl\/que-funciones-tendran-los-gobernadores-regionales-y-que-diferencias-tienen-con-los-actuales-intendentes\/\" target=\"_blank\" rel=\"noopener\">\u00bfQu\u00e9 funciones tendr\u00e1n los gobernadores regionales y qu\u00e9 diferencias tienen con los actuales intendentes? Se refiere Mauricio Morales, acad\u00e9mico del Centro de An\u00e1lisis Pol\u00edtico (CAP) de la UTalca.<\/a><\/p>\t\t\t\t\t\t<\/div>\n\t\t\t\t<\/div>\n\t\t\t\t<div class=\"elementor-element elementor-element-bf9534e elementor-widget elementor-widget-text-editor\" data-id=\"bf9534e\" data-element_type=\"widget\" data-widget_type=\"text-editor.default\">\n\t\t\t\t<div class=\"elementor-widget-container\">\n\t\t\t\t\t\t\t\t<p><b>LAVOZDELAREGION.CL<\/b><\/p><p><a style=\"font-style: inherit; font-weight: inherit; background-color: #ffffff; font-family: -apple-system, BlinkMacSystemFont,;\" href=\"https:\/\/lavozdelaregion.cl\/index.php\/3649-que-funciones-tendran-los-gobernadores-regionales-y-que-diferencias-tienen-con-los-actuales-intendentes\" target=\"_blank\" rel=\"noopener\">\u00bfQu\u00e9 funciones tendr\u00e1n los gobernadores regionales y qu\u00e9 diferencias tienen con los actuales intendentes? Se refiere Mauricio Morales, acad\u00e9mico del Centro de An\u00e1lisis Pol\u00edtico (CAP) de la UTalca.<\/a><\/p>\t\t\t\t\t\t<\/div>\n\t\t\t\t<\/div>\n\t\t\t\t<div class=\"elementor-element elementor-element-48dce96 elementor-widget elementor-widget-text-editor\" data-id=\"48dce96\" data-element_type=\"widget\" data-widget_type=\"text-editor.default\">\n\t\t\t\t<div class=\"elementor-widget-container\">\n\t\t\t\t\t\t\t\t<p><b>ELALFA.CL<\/b><\/p><p><a style=\"font-style: inherit; font-weight: inherit; background-color: #ffffff; font-family: -apple-system, BlinkMacSystemFont,;\" href=\"https:\/\/elalfa.cl\/index.php\/2021\/03\/30\/conoce-las-funciones-que-tendran-los-gobernadores-regionales\/\" target=\"_blank\" rel=\"noopener\">Conoce las funciones que tendr\u00e1n los gobernadores regionales. Se refiere Mauricio Morales, acad\u00e9mico del Centro de An\u00e1lisis Pol\u00edtico (CAP) de la UTalca.<\/a><\/p>\t\t\t\t\t\t<\/div>\n\t\t\t\t<\/div>\n\t\t\t\t<div class=\"elementor-element elementor-element-a6e0cda elementor-widget elementor-widget-text-editor\" data-id=\"a6e0cda\" data-element_type=\"widget\" data-widget_type=\"text-editor.default\">\n\t\t\t\t<div class=\"elementor-widget-container\">\n\t\t\t\t\t\t\t\t<p><b>CANAL 24 HORAS<\/b><\/p><p><a style=\"font-style: inherit; font-weight: inherit; background-color: #ffffff; font-family: -apple-system, BlinkMacSystemFont,;\" href=\"https:\/\/www.litoralpress.cl\/Archivos\/70.H4.%c3%9cn.Ap8.O.Htv.J5wvs.F0vg.%c3%96.%c3%96.mp4\" target=\"_blank\" rel=\"noopener\">Los efectos de postergar las elecciones. Se refiere Mauricio Morales, acad\u00e9mico del Centro de An\u00e1lisis Pol\u00edtico (CAP) de la UTalca.<\/a><\/p>\t\t\t\t\t\t<\/div>\n\t\t\t\t<\/div>\n\t\t\t\t<div class=\"elementor-element elementor-element-d88170e elementor-widget elementor-widget-text-editor\" data-id=\"d88170e\" data-element_type=\"widget\" data-widget_type=\"text-editor.default\">\n\t\t\t\t<div class=\"elementor-widget-container\">\n\t\t\t\t\t\t\t\t<p><b>EMOL.COM<\/b><\/p><p><a style=\"font-style: inherit; font-weight: inherit; background-color: #ffffff; font-family: -apple-system, BlinkMacSystemFont,;\" href=\"https:\/\/www.emol.com\/noticias\/Nacional\/2021\/03\/29\/1016361\/Postergacion-elecciones-costosefectoss.html\" target=\"_blank\" rel=\"noopener\">Impacto en candidaturas, financiamiento y traspaso de responsabilidades: Costos y efectos de postergar comicios. Se refiere Mauricio Morales, acad\u00e9mico del Centro de An\u00e1lisis Pol\u00edtico (CAP) de la UTalca.<\/a><\/p>\t\t\t\t\t\t<\/div>\n\t\t\t\t<\/div>\n\t\t\t\t<div class=\"elementor-element elementor-element-e6d10cf elementor-widget elementor-widget-text-editor\" data-id=\"e6d10cf\" data-element_type=\"widget\" data-widget_type=\"text-editor.default\">\n\t\t\t\t<div class=\"elementor-widget-container\">\n\t\t\t\t\t\t\t\t<p><b>TV.EMOL.COM<\/b><\/p><p><a style=\"font-style: inherit; font-weight: inherit; background-color: #ffffff; font-family: -apple-system, BlinkMacSystemFont,;\" href=\"https:\/\/tv.emol.com\/detail\/20210329162400420\/mauricio-morales-aborda-debate-por-postergacion-de-elecciones\" target=\"_blank\" rel=\"noopener\">Acad\u00e9mico del Centro de An\u00e1lisis Pol\u00edtico (CAP) de la UTalca, Mauricio Morales, por postergaci\u00f3n de elecciones de abril: \u201cVamos a tener candidatos endeudados y en Dicom\u201d.<\/a><\/p>\t\t\t\t\t\t<\/div>\n\t\t\t\t<\/div>\n\t\t\t\t<div class=\"elementor-element elementor-element-9e851a2 elementor-widget elementor-widget-text-editor\" data-id=\"9e851a2\" data-element_type=\"widget\" data-widget_type=\"text-editor.default\">\n\t\t\t\t<div class=\"elementor-widget-container\">\n\t\t\t\t\t\t\t\t<p><b>ELLIBERO.CL<\/b><\/p><p><a style=\"font-style: inherit; font-weight: inherit; background-color: #ffffff; font-family: -apple-system, BlinkMacSystemFont,;\" href=\"https:\/\/ellibero.cl\/actualidad\/ocho-nudos-a-resolver-con-el-cambio-de-fecha-de-las-elecciones\/\" target=\"_blank\" rel=\"noopener\">Ocho nudos a resolver con el cambio de fecha de las elecciones. Se refiere Mauricio Morales, acad\u00e9mico del Centro de An\u00e1lisis Pol\u00edtico (CAP) de la UTalca.<\/a><\/p>\t\t\t\t\t\t<\/div>\n\t\t\t\t<\/div>\n\t\t\t\t<div class=\"elementor-element elementor-element-e9f9720 elementor-widget elementor-widget-text-editor\" data-id=\"e9f9720\" data-element_type=\"widget\" data-widget_type=\"text-editor.default\">\n\t\t\t\t<div class=\"elementor-widget-container\">\n\t\t\t\t\t\t\t\t<p><b>RADIO BIOB\u00cdO<\/b><\/p><p><a style=\"font-style: inherit; font-weight: inherit; background-color: #ffffff; font-family: -apple-system, BlinkMacSystemFont,;\" href=\"https:\/\/www.litoralpress.cl\/Archivos\/.Dxq.Ja.Sxvi.P.Bpdp.Bajr.Js.Yg.%c3%96.%c3%96.mp3\" target=\"_blank\" rel=\"noopener\">Entrevista a diputado Tom\u00e1s Fuentes. Se menciona a Mauricio Morales, acad\u00e9mico del Centro de An\u00e1lisis Pol\u00edtico (CAP) de la UTalca.<\/a><\/p>\t\t\t\t\t\t<\/div>\n\t\t\t\t<\/div>\n\t\t\t\t<div class=\"elementor-element elementor-element-b60878e elementor-widget elementor-widget-text-editor\" data-id=\"b60878e\" data-element_type=\"widget\" data-widget_type=\"text-editor.default\">\n\t\t\t\t<div class=\"elementor-widget-container\">\n\t\t\t\t\t\t\t\t<p><b>ELMERCURIO.COM<\/b><\/p><p><a style=\"font-style: inherit; font-weight: inherit; background-color: #ffffff; font-family: -apple-system, BlinkMacSystemFont,;\" href=\"https:\/\/www.elmercurio.com\/Campo\/Noticias\/Noticias\/2021\/03\/30\/Mejora-el-color-pero-caen-los-calibres.aspx\" target=\"_blank\" rel=\"noopener\">Mejora el color, pero caen los calibres. Se refiere Jos\u00e9 Antonio Yuri, director del Centro de Pom\u00e1ceas de la UTalca.<\/a><\/p>\t\t\t\t\t\t<\/div>\n\t\t\t\t<\/div>\n\t\t\t\t<div class=\"elementor-element elementor-element-379ac0c elementor-widget elementor-widget-text-editor\" data-id=\"379ac0c\" data-element_type=\"widget\" data-widget_type=\"text-editor.default\">\n\t\t\t\t<div class=\"elementor-widget-container\">\n\t\t\t\t\t\t\t\t<p><b>DIARIO TALCA (Suplemento Territorio Sustentable)<\/b><\/p><p><a style=\"font-style: inherit; font-weight: inherit; background-color: #ffffff; font-family: -apple-system, BlinkMacSystemFont,;\" href=\"https:\/\/www.litoralpress.cl\/paginaconsultas\/Servicios_NClip\/Get_Imagen_Pagina.aspx?LPKey=q.Ot.Xih\/zxfsni.A.Z6.Tzheu.V.Ibc6j.C.%C3%9Ccud.Vfugm8.Wuddk.%C3%96\" target=\"_blank\" rel=\"noopener\">\u201cEl pa\u00eds se enfrenta a un proceso de cambio clim\u00e1tico que augura una menor oferta de agua a futuro\u201d. Entrevista a Roberto Pizarro, acad\u00e9mico de la Escuela de Ingenier\u00eda Forestal de la UTalca.<\/a><\/p>\t\t\t\t\t\t<\/div>\n\t\t\t\t<\/div>\n\t\t\t\t<div class=\"elementor-element elementor-element-922d785 elementor-widget elementor-widget-text-editor\" data-id=\"922d785\" data-element_type=\"widget\" data-widget_type=\"text-editor.default\">\n\t\t\t\t<div class=\"elementor-widget-container\">\n\t\t\t\t\t\t\t\t<p><b>DIARIO TALCA (Suplemento Territorio Sustentable)<\/b><\/p><p><a style=\"font-style: inherit; font-weight: inherit; background-color: #ffffff; font-family: -apple-system, BlinkMacSystemFont,;\" href=\"https:\/\/www.litoralpress.cl\/paginaconsultas\/Servicios_NClip\/Get_Imagen_Pagina.aspx?LPKey=.K3f.C.V.%C3%9Cyr.U.Xa7\/tn.I.Uc.K.P.B4.V.A.De.Aphz200.S.Fu.N.R.Ruh6o.%C3%96\" target=\"_blank\" rel=\"noopener\">Queremos vivir en un territorio sustentable. Se menciona a Roberto Pizarro, acad\u00e9mico de la Escuela de Ingenier\u00eda Forestal de la UTalca.<\/a><\/p>\t\t\t\t\t\t<\/div>\n\t\t\t\t<\/div>\n\t\t\t\t<div class=\"elementor-element elementor-element-1b7eda8 elementor-widget elementor-widget-text-editor\" data-id=\"1b7eda8\" data-element_type=\"widget\" data-widget_type=\"text-editor.default\">\n\t\t\t\t<div class=\"elementor-widget-container\">\n\t\t\t\t\t\t\t\t<p><b>DIARIO TALCA (Suplemento Territorio Sustentable)<\/b><\/p><p><a style=\"font-style: inherit; font-weight: inherit; background-color: #ffffff; font-family: -apple-system, BlinkMacSystemFont,;\" href=\"https:\/\/www.litoralpress.cl\/paginaconsultas\/Servicios_NClip\/Get_Imagen_Nota.aspx?LPKey=.P.B0.G8o\/r.Uy.Nuqa3hqo.C9.Jv1.Gkx.My.Wb.G4p5fdu.Me.R.P.J.F\/0rl.W.X.C.W.Di.%C3%9C.O.F.Ilm.O37a.H\" target=\"_blank\" rel=\"noopener\">Aprovechando el agua de las lluvias, columna de Claudia Sang\u00fcesa, investigadora y acad\u00e9mica de la Escuela de Ingenier\u00eda Forestal de la UTalca.<\/a><\/p>\t\t\t\t\t\t<\/div>\n\t\t\t\t<\/div>\n\t\t\t\t\t<\/div>\n\t\t<\/div>\n\t\t\t\t\t\t\t<\/div>\n\t\t<\/section>\n\t\t\t\t\t\t<\/div>\n\t\t\t\t\t<\/div>\n\t\t","protected":false},"excerpt":{"rendered":"<p>CANAL MEGA (Mucho Gusto) Alta movilidad en cuarentena. Se refiere Erika Retamal, directora de Salud P\u00fablica de la UTalca. LUN.COM Sonia Montecino les saca trote a las mil historias de su amiga machi. Se menciona que el libro \u201cSue\u00f1o con menguante\u201d fue reeditado por la Editorial Universidad de Talca. ADPRENSA.CL UTalca se suma a campa\u00f1a &hellip;<\/p>\n<p class=\"read-more\"> <a class=\"\" href=\"https:\/\/www.reportedeprensa.utalca.cl\/?p=598\"> <span class=\"screen-reader-text\">31 de marzo de 2021<\/span> Read More &raquo;<\/a><\/p>\n","protected":false},"author":1,"featured_media":0,"comment_status":"closed","ping_status":"open","sticky":false,"template":"elementor_theme","format":"standard","meta":{"_monsterinsights_skip_tracking":false,"_monsterinsights_sitenote_active":false,"_monsterinsights_sitenote_note":"","_monsterinsights_sitenote_category":0},"categories":[4],"tags":[],"_links":{"self":[{"href":"https:\/\/www.reportedeprensa.utalca.cl\/index.php?rest_route=\/wp\/v2\/posts\/598"}],"collection":[{"href":"https:\/\/www.reportedeprensa.utalca.cl\/index.php?rest_route=\/wp\/v2\/posts"}],"about":[{"href":"https:\/\/www.reportedeprensa.utalca.cl\/index.php?rest_route=\/wp\/v2\/types\/post"}],"author":[{"embeddable":true,"href":"https:\/\/www.reportedeprensa.utalca.cl\/index.php?rest_route=\/wp\/v2\/users\/1"}],"replies":[{"embeddable":true,"href":"https:\/\/www.reportedeprensa.utalca.cl\/index.php?rest_route=%2Fwp%2Fv2%2Fcomments&post=598"}],"version-history":[{"count":7,"href":"https:\/\/www.reportedeprensa.utalca.cl\/index.php?rest_route=\/wp\/v2\/posts\/598\/revisions"}],"predecessor-version":[{"id":609,"href":"https:\/\/www.reportedeprensa.utalca.cl\/index.php?rest_route=\/wp\/v2\/posts\/598\/revisions\/609"}],"wp:attachment":[{"href":"https:\/\/www.reportedeprensa.utalca.cl\/index.php?rest_route=%2Fwp%2Fv2%2Fmedia&parent=598"}],"wp:term":[{"taxonomy":"category","embeddable":true,"href":"https:\/\/www.reportedeprensa.utalca.cl\/index.php?rest_route=%2Fwp%2Fv2%2Fcategories&post=598"},{"taxonomy":"post_tag","embeddable":true,"href":"https:\/\/www.reportedeprensa.utalca.cl\/index.php?rest_route=%2Fwp%2Fv2%2Ftags&post=598"}],"curies":[{"name":"wp","href":"https:\/\/api.w.org\/{rel}","templated":true}]}}