{"id":5988,"date":"2022-12-12T09:29:59","date_gmt":"2022-12-12T12:29:59","guid":{"rendered":"https:\/\/www.reportedeprensa.utalca.cl\/?p=5988"},"modified":"2022-12-13T09:05:27","modified_gmt":"2022-12-13T12:05:27","slug":"12-de-diciembre-de-2022","status":"publish","type":"post","link":"https:\/\/www.reportedeprensa.utalca.cl\/?p=5988","title":{"rendered":"12 de diciembre de 2022"},"content":{"rendered":"\t\t<div data-elementor-type=\"wp-post\" data-elementor-id=\"5988\" class=\"elementor elementor-5988\" data-elementor-settings=\"[]\">\n\t\t\t\t\t\t\t<div class=\"elementor-section-wrap\">\n\t\t\t\t\t\t\t<section class=\"elementor-section elementor-top-section elementor-element elementor-element-2a4b4b83 elementor-section-boxed elementor-section-height-default elementor-section-height-default\" data-id=\"2a4b4b83\" data-element_type=\"section\">\n\t\t\t\t\t\t<div class=\"elementor-container elementor-column-gap-default\">\n\t\t\t\t\t<div class=\"elementor-column elementor-col-100 elementor-top-column elementor-element elementor-element-24a78540\" data-id=\"24a78540\" data-element_type=\"column\">\n\t\t\t<div class=\"elementor-widget-wrap elementor-element-populated\">\n\t\t\t\t\t\t\t\t<div class=\"elementor-element elementor-element-55b07e54 elementor-widget elementor-widget-text-editor\" data-id=\"55b07e54\" data-element_type=\"widget\" data-widget_type=\"text-editor.default\">\n\t\t\t\t<div class=\"elementor-widget-container\">\n\t\t\t\t\t\t\t\t<p><strong>RADIO AGRICULTURA<\/strong><\/p><p><a href=\"https:\/\/www.litoralpress.cl\/sitio\/RadioTV_Detalles.cshtml?LPKey=32NUA5OMWVUF63YODH5ZJI3GIHLOLOXZNUPF64KCZ6OH2MUEJBSJMXKFUM5LNHHONT25FKEUONUG4\">Entrevista a Carlos Torres Fuchslocher, rector de la UTalca.<\/a><\/p><p>\u00a0<\/p><p><strong>AGRICULTURA TV<\/strong><\/p><p><a href=\"https:\/\/www.litoralpress.cl\/sitio\/RadioTV_Detalles.cshtml?LPKey=HBB7CLXMPXWM6FUE546FJAOORYKBLTOWVDO4UPDJJBQAO7Q7S7ERLSKGAZUNWP55ZGKAEN76AV6XQ\">Entrevista a Carlos Torres Fuchslocher, rector de la UTalca.<\/a><\/p><p>\u00a0<\/p><p><strong>ADPRENSA.CL<\/strong><\/p><p><a href=\"https:\/\/www.adprensa.cl\/cronica\/editorial-utalca-presenta-libro-que-rescata-la-historia-de-la-medalla-al-merito-juan-ignacio-molina\/\">Editorial UTalca presenta libro que rescata la historia de la Medalla al M\u00e9rito Juan Ignacio Molina. Se refieren Carlos Torres Fuchslocher, rector de la UTalca; \u00c1lvaro Rojas Mar\u00edn, exrector de la UTalca; Pedro Emilio Zamorano P\u00e9rez, director del Instituto de Estudios Human\u00edsticos; y Marcela Albornoz Dachelet, directora de Extensi\u00f3n Cultural-Art\u00edstica.<\/a><\/p><p>\u00a0<\/p><p><strong>MEDIABANCO.COM<\/strong><\/p><p><a href=\"https:\/\/www.mediabanco.com\/editorial-utalca-presenta-libro-que-rescata-la-historia-de-la-medalla-al-merito-juan-ignacio-molina\/\">Editorial UTalca presenta libro que rescata la historia de la Medalla al M\u00e9rito Juan Ignacio Molina. Se refieren Carlos Torres Fuchslocher, rector de la UTalca; \u00c1lvaro Rojas Mar\u00edn, exrector de la UTalca; Pedro Emilio Zamorano P\u00e9rez, director del Instituto de Estudios Human\u00edsticos; y Marcela Albornoz Dachelet, directora de Extensi\u00f3n Cultural-Art\u00edstica.<\/a><\/p><p>\u00a0<\/p><p><strong>LA TERCERA<\/strong><\/p><p><a href=\"https:\/\/www.litoralpress.cl\/sitio\/Prensa_PaginaCompleta.cshtml?LPKey=7WJ72LGLVXO2XZVTWC2JLFI34VJR36RSSWPOVKH6QFNQQETXOO4Q\">Inmigrantes extranjeros ven como principal causa de discriminaci\u00f3n laboral la relaci\u00f3n entre delincuencia e inmigraci\u00f3n. Se refiere Medardo Aguirre Gonz\u00e1lez, director del Centro de Estudios Nacionales de Migraci\u00f3n (CENEM).<\/a><\/p><p>\u00a0<\/p><p><strong>LATERCERA.COM<\/strong><\/p><p><a href=\"https:\/\/www.latercera.com\/pulso\/noticia\/extranjeros-ven-como-principal-causa-de-discriminacion-laboral-la-relacion-entre-delincuencia-e-inmigracion\/KTTU3NX6FBCLVETYUXLEZG22LE\/\">Extranjeros ven como principal causa de discriminaci\u00f3n laboral la relaci\u00f3n entre delincuencia e inmigraci\u00f3n. Se refiere Medardo Aguirre Gonz\u00e1lez, director del Centro de Estudios Nacionales de Migraci\u00f3n (CENEM).<\/a><\/p><p>\u00a0<\/p><p><strong>LAS \u00daLTIMAS NOTICIAS<\/strong><\/p><p><a href=\"https:\/\/www.lun.com\/Pages\/NewsDetail.aspx?dt=2022-12-12&amp;EsAviso=0&amp;PaginaId=17&amp;bodyid=0\">Futuros ingenieros crean piezas 3D para ni\u00f1os con discapacidad visual. Se refiere Claudio Aravena Aranda, acad\u00e9mico de la Facultad de Ingenier\u00eda.<\/a><\/p><p>\u00a0<\/p><p><strong>COOPERATIVA.CL<\/strong><\/p><p><a href=\"https:\/\/www.cooperativa.cl\/noticias\/pais\/region-del-maule\/ninos-no-videntes-recibieron-elementos-educativos-creados-por\/2022-12-07\/173412.html?region=657\">Ni\u00f1os ciegos recibieron elementos educativos creados por estudiantes de la UTalca. Se refieren Carlos Torres Fuchslocher, rector de la UTalca y Claudio Aravena Aranda, acad\u00e9mico de Ingenier\u00eda.<\/a><\/p><p>\u00a0<\/p><p><strong>MEDIABANCO.COM<\/strong><\/p><p><a href=\"https:\/\/www.mediabanco.com\/ninos-ciegos-recibieron-innovadores-elementos-educativos-creados-por-estudiantes-de-la-utalca\/\">Ni\u00f1os ciegos recibieron innovadores elementos educativos creados por estudiantes de la UTalca. Se refieren Carlos Torres Fuchslocher, rector de la UTalca; Javier Mu\u00f1oz Vidal, decano de la Facultad de Ingenier\u00eda; Claudio Aravena Aranda, acad\u00e9mico de Ingenier\u00eda; y Daniela Barra Rodr\u00edguez, estudiante de Ingenier\u00eda Civil Industrial.<\/a><\/p><p>\u00a0<\/p><p><strong>DIARIOTALCA.CL<\/strong><\/p><p><a href=\"https:\/\/diariotalca.cl\/ninos-ciegos-recibieron-innovadores-elementos-educativos-creados-por-utalinos\/\">Ni\u00f1os ciegos recibieron innovadores elementos educativos creados por utalinos. Se refieren Carlos Torres Fuchslocher, rector de la UTalca; Javier Mu\u00f1oz Vidal, decano de la Facultad de Ingenier\u00eda; Claudio Aravena Aranda, acad\u00e9mico de Ingenier\u00eda; y Daniela Barra Rodr\u00edguez, estudiante de Ingenier\u00eda Civil Industrial.<\/a><\/p><p>\u00a0<\/p><p><strong>ELCENTRO.CL<\/strong><\/p><p><a href=\"https:\/\/elcentro.cl\/2022\/12\/08\/ninos-ciegos-recibieron-innovadores-elementos-educativos-creados-por-estudiantes-de-la-utalca\/\">Ni\u00f1os ciegos recibieron innovadores elementos educativos creados por estudiantes de la UTalca. Se refieren Carlos Torres Fuchslocher, rector de la UTalca; Javier Mu\u00f1oz Vidal, decano de la Facultad de Ingenier\u00eda; Claudio Aravena Aranda, acad\u00e9mico de Ingenier\u00eda; y Daniela Barra Rodr\u00edguez, estudiante de Ingenier\u00eda Civil Industrial.<\/a><\/p><p>\u00a0<\/p><p><strong>PRIMERAFUENTE.CL<\/strong><\/p><p><a href=\"https:\/\/primerafuente.cl\/2022\/12\/07\/ninos-ciegos-recibieron-innovadores-elementos-educativos-creados-por-estudiantes-de-la-utalca\/\">Ni\u00f1os ciegos recibieron innovadores elementos educativos creados por estudiantes de la UTalca. Se refieren Carlos Torres Fuchslocher, rector de la UTalca; Javier Mu\u00f1oz Vidal, decano de la Facultad de Ingenier\u00eda; Claudio Aravena Aranda, acad\u00e9mico de Ingenier\u00eda; y Daniela Barra Rodr\u00edguez, estudiante de Ingenier\u00eda Civil Industrial.<\/a><\/p><p>\u00a0<\/p><p><strong>RADIO AMIGA<\/strong><\/p><p><a href=\"https:\/\/www.litoralpress.cl\/sitio\/RadioTV_Detalles.cshtml?LPKey=2BZIGLU3JCB44HYTTF3TL7ZDMNSTQVGLQIJPK7N7655ENBPGBRFH2JIZGBWRH7REHFSWEJPIKCO36\">La pandemia tendr\u00eda algunos efectos en la interacci\u00f3n de los ni\u00f1os. Se refiere Miguel V\u00e1squez Campos, director de la Escuela de Fonoaudiolog\u00eda y Gloria Benavides Roca, acad\u00e9mica de la misma Escuela.<\/a><\/p><p>\u00a0<\/p><p><strong>RADIO 13C<\/strong><\/p><p><a href=\"https:\/\/www.litoralpress.cl\/sitio\/RadioTV_Detalles.cshtml?LPKey=GFPJRR3237WMVA3GHURZ4U6W6CGBPK5TUBM7OWPGPINKSBWHAVNZENZNAPK4TRLAJPH542S3ZA4ZE\">Entrevista a Patricio Gonz\u00e1lez Colville, acad\u00e9mico del Centro de Investigaci\u00f3n y Transferencia en Riego y Agroclimatolog\u00eda (CITRA).<\/a><\/p><p>\u00a0<\/p><p><strong>DIARIOTALCA.CL<\/strong><\/p><p><a href=\"https:\/\/diariotalca.cl\/volvera-a-llover-en-villa-alegre-perfil-intimo-de-patricio-gonzalez-colville\/\">\u00bfVolver\u00e1 a llover en Villa Alegre?: Perfil \u00edntimo de Patricio Gonz\u00e1lez Colville, acad\u00e9mico del Centro de Investigaci\u00f3n y Transferencia en Riego y Agroclimatolog\u00eda (CITRA).<\/a><\/p><p>\u00a0<\/p><p><strong>RADIO BIO-B\u00cdO<\/strong><\/p><p><a href=\"https:\/\/www.litoralpress.cl\/sitio\/RadioTV_Detalles.cshtml?LPKey=YHYNWGG234UQPIGEBMPT6IRZXNXFEJU23IBW6YZLKI4RBZYLXSUA4PRVP6SEUSFHXGW4LRHQVX6HI\">Aumenta la preocupaci\u00f3n ante el posible contagio de aves dom\u00e9sticas con la gripe aviar en Chile. Se refiere \u00c9rika Retamal Contreras, directora del Departamento de Salud P\u00fablica.<\/a><\/p><p>\u00a0<\/p><p><strong>BIOBIOCHILE.CL<\/strong><\/p><p><a href=\"https:\/\/www.biobiochile.cl\/noticias\/nacional\/chile\/2022\/12\/10\/gripe-aviar-en-chile-especialistas-muestran-preocupacion-y-no-habria-transmision-por-alimentos.shtml\">Gripe aviar en Chile: especialistas muestran preocupaci\u00f3n y no habr\u00eda transmisi\u00f3n por alimentos. Se refiere \u00c9rika Retamal Contreras, directora del Departamento de Salud P\u00fablica.<\/a><\/p><p>\u00a0<\/p><p><strong>ADPRENSA.CL<\/strong><\/p><p><a href=\"https:\/\/www.adprensa.cl\/cronica\/experta-indico-que-numero-de-casos-covid-19-estaria-subrepresentado-por-disminucion-en-examenes\/\">Experta indic\u00f3 que n\u00famero de casos Covid-19 estar\u00eda subrepresentado por disminuci\u00f3n en ex\u00e1menes. Se refiere \u00c9rika Retamal Contreras, directora del Departamento de Salud P\u00fablica.<\/a><\/p><p>\u00a0<\/p><p><strong>MEDIABANCO.COM<\/strong><\/p><p><a href=\"https:\/\/www.mediabanco.com\/experta-indico-que-numero-de-casos-covid-19-estaria-subrepresentado-por-disminucion-en-examenes\/\">Experta indic\u00f3 que n\u00famero de casos Covid-19 estar\u00eda subrepresentado por disminuci\u00f3n en ex\u00e1menes. Se refiere \u00c9rika Retamal Contreras, directora del Departamento de Salud P\u00fablica.<\/a><\/p><p>\u00a0<\/p><p><strong>EL LECTOR<\/strong><\/p><p><a href=\"https:\/\/www.litoralpress.cl\/paginaconsultas\/Servicios_NClipSitio\/Get_Imagen_Nota.aspx?LPKey=Z4IR4ZZ7RKRIGPU3CPEW7DQFOYJSKIRUF2QDO3IUJI7ZUT6I6JXWIKWMFQBMLNEWMDPJE7PB6LVBW\">Experta indic\u00f3 que n\u00famero de casos Covid-19 estar\u00eda subrepresentado. Se refiere \u00c9rika Retamal Contreras, directora del Departamento de Salud P\u00fablica.<\/a><\/p><p>\u00a0<\/p><p><strong>RADIO AMIGA<\/strong><\/p><p><a href=\"https:\/\/www.litoralpress.cl\/sitio\/RadioTV_Detalles.cshtml?LPKey=GS7LUPEM6IESQPBWQVXCIJVMZNCUVL4DRD65Q4SDB5L5HALCLNVPUI7PRP45S2BES2ZUUXU5JUMJA\">Se registra una disminuci\u00f3n de testeos para pesquisar el Covid-19. Se refiere \u00c9rika Retamal Contreras, directora del Departamento de Salud P\u00fablica.<\/a><\/p><p>\u00a0<\/p><p><strong>DIARIOTALCA.CL<\/strong><\/p><p><a href=\"https:\/\/diariotalca.cl\/revelan-que-podria-haber-mas-casos-covid-por-bajo-numero-de-examenes\/\">Revelan que podr\u00eda haber m\u00e1s casos COVID por bajo n\u00famero de ex\u00e1menes. Se refiere \u00c9rika Retamal Contreras, directora del Departamento de Salud P\u00fablica.<\/a><\/p><p>\u00a0<\/p><p><strong>ELCENTRO.CL<\/strong><\/p><p><a href=\"https:\/\/elcentro.cl\/2022\/12\/07\/experta-indico-que-numero-de-casos-covid-19-estaria-subrepresentado-por-disminucion-en-examenes\/\">Experta indic\u00f3 que n\u00famero de casos Covid-19 estar\u00eda subrepresentado por disminuci\u00f3n en ex\u00e1menes. Se refiere \u00c9rika Retamal Contreras, directora del Departamento de Salud P\u00fablica.<\/a><\/p><p>\u00a0<\/p><p><strong>ELMAULEINFORMA.CL<\/strong><\/p><p><a href=\"https:\/\/elmauleinforma.cl\/experta-indico-que-numero-de-casos-covid-19-estaria-subrepresentado-por-disminucion-en-examenes\/\">Experta indic\u00f3 que n\u00famero de casos Covid-19 estar\u00eda subrepresentado por disminuci\u00f3n en ex\u00e1menes. Se refiere \u00c9rika Retamal Contreras, directora del Departamento de Salud P\u00fablica.<\/a><\/p><p>\u00a0<\/p><p><strong>ELMOSTRADOR.CL<\/strong><\/p><p><a href=\"https:\/\/www.elmostrador.cl\/braga\/2022\/12\/09\/ni-mas-ni-menos-lanzan-plataforma-que-aborda-el-impacto-de-la-brecha-salarial-en-pensiones-entre-mujeres-y-hombres\/\">\u201cNi m\u00e1s ni menos\u201d: lanzan plataforma que aborda el impacto de la brecha salarial en pensiones entre mujeres y hombres. Se refiere Carlos Torres Fuchslocher, rector de la UTalca.<\/a><\/p><p>\u00a0<\/p><p><strong>ADPRENSA.CL<\/strong><\/p><p><a href=\"https:\/\/www.adprensa.cl\/actividades-academicas\/abordaron-el-impacto-en-las-pensiones-que-genera-la-brecha-salarial-entre-hombres-y-mujeres\/\">Abordaron el impacto en las pensiones que genera la brecha salarial entre hombres y mujeres. Se refieren Carlos Torres Fuchslocher, rector de la UTalca; Rodrigo Herrera, decano de la Facultad de Econom\u00eda y Negocios (FEN); y Andrea Bentancor Cazanave, acad\u00e9mica de la misma Facultad. \u00a0<\/a><\/p><p>\u00a0<\/p><p><strong>MEDIABANCO.COM<\/strong><\/p><p><a href=\"https:\/\/www.mediabanco.com\/abordaron-el-impacto-en-las-pensiones-que-genera-la-brecha-salarial-entre-hombres-y-mujeres\/\">Abordaron el impacto en las pensiones que genera la brecha salarial entre hombres y mujeres. Se refieren Carlos Torres Fuchslocher, rector de la UTalca; Rodrigo Herrera, decano de la Facultad de Econom\u00eda y Negocios (FEN); y Andrea Bentancor Cazanave, acad\u00e9mica de la misma Facultad.\u00a0<\/a><\/p><p>\u00a0<\/p><p><strong>ELCENTRO.CL<\/strong><\/p><p><a href=\"https:\/\/elcentro.cl\/2022\/12\/10\/abordaron-el-impacto-en-las-pensiones-que-genera-la-brecha-salarial-entre-hombres-y-mujeres\/\">Abordaron el impacto en las pensiones que genera la brecha salarial entre hombres y mujeres.\u00a0 Se refieren Carlos Torres Fuchslocher, rector de la UTalca; Rodrigo Herrera, decano de la Facultad de Econom\u00eda y Negocios (FEN); y Andrea Bentancor Cazanave, acad\u00e9mica de la misma Facultad.\u00a0<\/a><\/p><p>\u00a0<\/p><p><strong>TVMAULE.CL<\/strong><\/p><p><a href=\"https:\/\/www.tvmaule.cl\/expertos-analizan-el-impacto-en-las-pensiones-que-genera-la-brecha-salarial-entre-hombres-y-mujeres\/\">Expertos analizan el impacto en las pensiones que genera la brecha salarial entre hombres y mujeres. Se refieren Carlos Torres Fuchslocher, rector de la UTalca; Rodrigo Herrera, decano de la Facultad de Econom\u00eda y Negocios (FEN); y Andrea Bentancor Cazanave, acad\u00e9mica de la misma Facultad.\u00a0<\/a><\/p><p>\u00a0<\/p><p><strong>G5NOTICIAS.CL<\/strong><\/p><p><a href=\"https:\/\/g5noticias.cl\/2022\/12\/10\/abordaron-el-impacto-en-las-pensiones-que-genera-la-brecha-salarial-entre-hombres-y-mujeres\/\">Abordaron el impacto en las pensiones que genera la brecha salarial entre hombres y mujeres. Se refieren Carlos Torres Fuchslocher, rector de la UTalca; Rodrigo Herrera, decano de la Facultad de Econom\u00eda y Negocios (FEN); y Andrea Bentancor Cazanave, acad\u00e9mica de la misma Facultad.\u00a0<\/a><\/p><p>\u00a0<\/p><p><strong>CANAL ANTOFAGASTA TV<\/strong><\/p><p><a href=\"https:\/\/www.litoralpress.cl\/sitio\/RadioTV_Detalles.cshtml?LPKey=FI3BSVTLMDIE3XU7ZUHXKCOGDUVRXJPEORFWF3SAIYM2M6652YSLD636ZN5D5LRDY73O3UKDQTM4I\">Resultados de la encuesta financiera de hogares. Se refiere Jorge Navarrete, director del Mag\u00edster en Pol\u00edticas P\u00fablicas.<\/a><\/p><p>\u00a0<\/p><p><strong>RADIO AMIGA<\/strong><\/p><p><a href=\"https:\/\/www.litoralpress.cl\/sitio\/RadioTV_Detalles.cshtml?LPKey=PAECQTTM3O4GDKGLGQTQY2EJDV2IJ3O3S33NXWDVF7CZ2II5ZAKL54VYW7CDAWYLMBFBY744SKCQ4\">Detectan un importante deterioro en la calidad de vida de personas que residen en establecimientos para adultos mayores. Se refiere Germ\u00e1n Lobos, acad\u00e9mico de la Facultad de Econom\u00eda y Negocios (FEN).<\/a><\/p><p>\u00a0<\/p><p><strong>DIARIOTALCA.CL<\/strong><\/p><p><a href=\"https:\/\/diariotalca.cl\/fiestas-de-fin-de-ano-entregan-consejos-para-reducir-impacto-en-el-presupuesto\/\">Fiestas de fin de a\u00f1o: entregan consejos para reducir impacto en el presupuesto. Se refiere Juan Andr\u00e9s Riquelme Won, director del Mag\u00edster en Econom\u00eda.<\/a><\/p><p>\u00a0<\/p><p><strong>SEPTIMAPAGINANOTICIAS.CL<\/strong><\/p><p><a href=\"https:\/\/www.septimapaginanoticias.cl\/fiestas-de-fin-de-ano-entregan-consejos-para-reducir-impacto-en-el-presupuesto\">Fiestas de fin de a\u00f1o: entregan consejos para reducir impacto en el presupuesto. Se refiere Juan Andr\u00e9s Riquelme Won, director del Mag\u00edster en Econom\u00eda.<\/a><\/p><p>\u00a0<\/p><p><strong>G5NOTICIAS.CL<\/strong><\/p><p><a href=\"https:\/\/g5noticias.cl\/2022\/12\/07\/fiestas-de-fin-de-ano-entregan-consejos-para-reducir-impacto-en-el-presupuesto\/\">Fiestas de fin de a\u00f1o: Entregan consejos para reducir impacto en el presupuesto. Se refiere Juan Andr\u00e9s Riquelme Won, director del Mag\u00edster en Econom\u00eda.<\/a><\/p><p>\u00a0<\/p><p><strong>ADPRENSA.CL<\/strong><\/p><p><a href=\"https:\/\/www.adprensa.cl\/cronica\/resultados-del-catastro-nacional-de-enoturismo-2022-da-cuenta-de-las-consecuencias-de-la-pandemia\/\">Resultados del Catastro Nacional de Enoturismo 2022 da cuenta de las consecuencias de la pandemia. Se refiere Patricio G\u00f3mez Arismendi, director del Campus Colchagua.<\/a><\/p><p>\u00a0<\/p><p><strong>MEDIABANCO.COM<\/strong><\/p><p><a href=\"https:\/\/www.mediabanco.com\/resultados-del-catastro-nacional-de-enoturismo-2022-da-cuenta-de-las-consecuencias-de-la-pandemia\/\">Resultados del Catastro Nacional de Enoturismo 2022 da cuenta de las consecuencias de la pandemia. Se refiere Patricio G\u00f3mez Arismendi, director del Campus Colchagua.<\/a><\/p><p>\u00a0<\/p><p><strong>EL MERCURIO<\/strong><\/p><p><a href=\"https:\/\/www.litoralpress.cl\/paginaconsultas\/Servicios_NClipSitio\/Get_Imagen_Nota.aspx?LPKey=VPKGY3CQLPQJ7FU3MNU7IDMAL46MZPPJPZ2C7SOBVFPYVUKTBM563MKSML6SX3KI7SF4OIPQDQVVY\">Nuevo proceso se debe abrir paso entre otras 14 elecciones, hasta 2025. Se refiere Mauricio Morales, director del Centro de An\u00e1lisis Pol\u00edtico (CAP).<\/a><\/p><p>\u00a0<\/p><p><strong>RADIO INFINITA<\/strong><\/p><p><a href=\"https:\/\/www.litoralpress.cl\/sitio\/RadioTV_Detalles.cshtml?LPKey=TRXBSSP42NCLG5M2OZF45YVATSLZKI2HJI2Z77C55QVFLXPIQB6AARQ45AP4N2TH3DDDXRPXJFORU\">Comentario de Mauricio Morales, director del Centro de An\u00e1lisis Pol\u00edtico (CAP).<\/a><\/p><p>\u00a0<\/p><p><strong>ELDESCONCIERTO.CL<\/strong><\/p><p><a href=\"https:\/\/www.eldesconcierto.cl\/reportajes\/2022\/12\/07\/macaya-vs-chahuan-las-dos-cabezas-de-la-derecha-bajo-la-lupa-de-los-analistas.html\">Macaya vs Chahu\u00e1n: Las dos cabezas de la derecha bajo la lupa de los analistas. Se refiere Mauricio Morales, director del Centro de An\u00e1lisis Pol\u00edtico (CAP).<\/a><\/p><p>\u00a0<\/p><p><strong>EMOL.COM<\/strong><\/p><p><a href=\"https:\/\/www.emol.com\/noticias\/Nacional\/2022\/12\/08\/1080506\/analisis-presidente-boric-acuerdo-constitucional.html\">Un nuevo paso en falso o una estrategia para favorecer su figura: An\u00e1lisis al rol del Presidente en el acuerdo constitucional. Se refiere Mauricio Morales, director del Centro de An\u00e1lisis Pol\u00edtico (CAP).<\/a><\/p><p>\u00a0<\/p><p><strong>CR\u00d3NICA DE CHILL\u00c1N<\/strong><\/p><p><a href=\"https:\/\/www.litoralpress.cl\/paginaconsultas\/Servicios_NClipSitio\/Get_Imagen_Nota.aspx?LPKey=5X6SUHABAJ5CHVOBVZJN73MD4ZGHTIUFQXNWPMBCK3OQHDVCXCDES3ATPZAS43ZSGUGIM4BGEF2LS\">Hoy se espera lograr un acuerdo constitucional tras nuevo giro oficialista. Se refiere Mauricio Morales, director del Centro de An\u00e1lisis Pol\u00edtico (CAP).<\/a><\/p><p>\u00a0<\/p><p><strong>DIARIO TALCA<\/strong><\/p><p><a href=\"https:\/\/www.litoralpress.cl\/sitio\/Prensa_PaginaCompleta.cshtml?LPKey=MDJDKMLSJ2OKRCNGRSS3NSF4Y4T5UTBC2244UKPHDSBXZRUIZ7JA\">Con tecnolog\u00eda m\u00f3vil se enfrentar\u00e1 a los delitos de \u201cportonazos\u201d y \u201cencerronas\u201d. Se menciona a Cristian Far\u00edas, egresado de Ingenier\u00eda Civil en Computaci\u00f3n.\u00a0<\/a><\/p>\t\t\t\t\t\t<\/div>\n\t\t\t\t<\/div>\n\t\t\t\t\t<\/div>\n\t\t<\/div>\n\t\t\t\t\t\t\t<\/div>\n\t\t<\/section>\n\t\t\t\t\t\t<\/div>\n\t\t\t\t\t<\/div>\n\t\t","protected":false},"excerpt":{"rendered":"<p>RADIO AGRICULTURA Entrevista a Carlos Torres Fuchslocher, rector de la UTalca. \u00a0 AGRICULTURA TV Entrevista a Carlos Torres Fuchslocher, rector de la UTalca. \u00a0 ADPRENSA.CL Editorial UTalca presenta libro que rescata la historia de la Medalla al M\u00e9rito Juan Ignacio Molina. Se refieren Carlos Torres Fuchslocher, rector de la UTalca; \u00c1lvaro Rojas Mar\u00edn, exrector de &hellip;<\/p>\n<p class=\"read-more\"> <a class=\"\" href=\"https:\/\/www.reportedeprensa.utalca.cl\/?p=5988\"> <span class=\"screen-reader-text\">12 de diciembre de 2022<\/span> Read More &raquo;<\/a><\/p>\n","protected":false},"author":1,"featured_media":0,"comment_status":"closed","ping_status":"open","sticky":false,"template":"","format":"standard","meta":{"_monsterinsights_skip_tracking":false,"_monsterinsights_sitenote_active":false,"_monsterinsights_sitenote_note":"","_monsterinsights_sitenote_category":0},"categories":[28],"tags":[],"_links":{"self":[{"href":"https:\/\/www.reportedeprensa.utalca.cl\/index.php?rest_route=\/wp\/v2\/posts\/5988"}],"collection":[{"href":"https:\/\/www.reportedeprensa.utalca.cl\/index.php?rest_route=\/wp\/v2\/posts"}],"about":[{"href":"https:\/\/www.reportedeprensa.utalca.cl\/index.php?rest_route=\/wp\/v2\/types\/post"}],"author":[{"embeddable":true,"href":"https:\/\/www.reportedeprensa.utalca.cl\/index.php?rest_route=\/wp\/v2\/users\/1"}],"replies":[{"embeddable":true,"href":"https:\/\/www.reportedeprensa.utalca.cl\/index.php?rest_route=%2Fwp%2Fv2%2Fcomments&post=5988"}],"version-history":[{"count":13,"href":"https:\/\/www.reportedeprensa.utalca.cl\/index.php?rest_route=\/wp\/v2\/posts\/5988\/revisions"}],"predecessor-version":[{"id":6025,"href":"https:\/\/www.reportedeprensa.utalca.cl\/index.php?rest_route=\/wp\/v2\/posts\/5988\/revisions\/6025"}],"wp:attachment":[{"href":"https:\/\/www.reportedeprensa.utalca.cl\/index.php?rest_route=%2Fwp%2Fv2%2Fmedia&parent=5988"}],"wp:term":[{"taxonomy":"category","embeddable":true,"href":"https:\/\/www.reportedeprensa.utalca.cl\/index.php?rest_route=%2Fwp%2Fv2%2Fcategories&post=5988"},{"taxonomy":"post_tag","embeddable":true,"href":"https:\/\/www.reportedeprensa.utalca.cl\/index.php?rest_route=%2Fwp%2Fv2%2Ftags&post=5988"}],"curies":[{"name":"wp","href":"https:\/\/api.w.org\/{rel}","templated":true}]}}