{"id":6012,"date":"2022-12-13T08:49:05","date_gmt":"2022-12-13T11:49:05","guid":{"rendered":"https:\/\/www.reportedeprensa.utalca.cl\/?p=6012"},"modified":"2022-12-13T09:02:53","modified_gmt":"2022-12-13T12:02:53","slug":"13-de-diciembre-de-2022","status":"publish","type":"post","link":"https:\/\/www.reportedeprensa.utalca.cl\/?p=6012","title":{"rendered":"13 de diciembre de 2022"},"content":{"rendered":"\t\t<div data-elementor-type=\"wp-post\" data-elementor-id=\"6012\" class=\"elementor elementor-6012\" data-elementor-settings=\"[]\">\n\t\t\t\t\t\t\t<div class=\"elementor-section-wrap\">\n\t\t\t\t\t\t\t<section class=\"elementor-section elementor-top-section elementor-element elementor-element-2a4b4b83 elementor-section-boxed elementor-section-height-default elementor-section-height-default\" data-id=\"2a4b4b83\" data-element_type=\"section\">\n\t\t\t\t\t\t<div class=\"elementor-container elementor-column-gap-default\">\n\t\t\t\t\t<div class=\"elementor-column elementor-col-100 elementor-top-column elementor-element elementor-element-24a78540\" data-id=\"24a78540\" data-element_type=\"column\">\n\t\t\t<div class=\"elementor-widget-wrap elementor-element-populated\">\n\t\t\t\t\t\t\t\t<div class=\"elementor-element elementor-element-55b07e54 elementor-widget elementor-widget-text-editor\" data-id=\"55b07e54\" data-element_type=\"widget\" data-widget_type=\"text-editor.default\">\n\t\t\t\t<div class=\"elementor-widget-container\">\n\t\t\t\t\t\t\t\t<p><strong>DIARIO TALCA<\/strong><\/p><p><a href=\"https:\/\/www.litoralpress.cl\/paginaconsultas\/Servicios_NClipSitio\/Get_Imagen_Nota.aspx?LPKey=KG33A5AI7MDKGP6N6G34ISZPJOKMLCKJOQCMIC47Y3Q3ZNC4PU6NFK5ZMPXTZYBRQZKCMTV53YMHK\">UTalca potencia oferta de becas y crea ayudas para mujeres en ingenier\u00eda, pedagog\u00edas y talentos deportivos. Se refiere Paula Caballero, vicerrectora de Desarrollo Estudiantil.<\/a><\/p><p>\u00a0<\/p><p><strong>EL LECTOR<\/strong><\/p><p><a href=\"https:\/\/www.litoralpress.cl\/paginaconsultas\/Servicios_NClipSitio\/Get_Imagen_Nota.aspx?LPKey=ZMVHEI5ZEMZ7Y34XCDYD4IYPOPZ25LBY4VRABZLY56IRBWF4F4VA6BR7P3T7OEIXOY7C3F55ZJDOC\">Editorial UTalca presenta libro que rescata la historia de la Medalla al M\u00e9rito Juan Ignacio Molina. Se refieren Carlos Torres Fuchslocher, rector de la UTalca; \u00c1lvaro Rojas Mar\u00edn, exrector de la UTalca; Pedro Emilio Zamorano P\u00e9rez, director del Instituto de Estudios Human\u00edsticos; y Marcela Albornoz Dachelet, directora de Extensi\u00f3n Cultural-Art\u00edstica.<\/a><\/p><p>\u00a0<\/p><p><strong>LA PRENSA<\/strong><\/p><p><a href=\"https:\/\/www.litoralpress.cl\/paginaconsultas\/Servicios_NClipSitio\/Get_Imagen_Nota.aspx?LPKey=SE2SMK4WVE63K46H437SAOWJWXDXZTBT4GK76T4JULOTU23DGADAOT4GWP3FVCKRSRHJGKBXKTBZK\">Libro rescata la historia de la Medalla al M\u00e9rito Juan Ignacio Molina.\u00a0 Se refieren Carlos Torres Fuchslocher, rector de la UTalca; \u00c1lvaro Rojas Mar\u00edn, exrector de la UTalca; Pedro Emilio Zamorano P\u00e9rez, director del Instituto de Estudios Human\u00edsticos; y Marcela Albornoz Dachelet, directora de Extensi\u00f3n Cultural-Art\u00edstica.<\/a><\/p><p>\u00a0<\/p><p><strong>DIARIOTALCA.CL<\/strong><\/p><p><a href=\"https:\/\/diariotalca.cl\/presentan-libro-que-rescata-la-historia-de-la-medalla-al-merito-juan-ignacio-molina\/#respond\">Presentan libro que rescata la historia de la Medalla al M\u00e9rito Juan Ignacio Molina. Se refieren Carlos Torres Fuchslocher, rector de la UTalca y \u00c1lvaro Rojas Mar\u00edn, exrector de la UTalca.<\/a><\/p><p>\u00a0<\/p><p><strong>ELCENTRO.CL<\/strong><\/p><p><a href=\"https:\/\/elcentro.cl\/2022\/12\/11\/editorial-utalca-presenta-libro-que-rescata-la-historia-de-la-medalla-al-merito-juan-ignacio-molina\/\">Editorial UTalca presenta libro que rescata la historia de la Medalla al M\u00e9rito Juan Ignacio Molina. Se refieren Carlos Torres Fuchslocher, rector de la UTalca; \u00c1lvaro Rojas Mar\u00edn, exrector de la UTalca; Pedro Emilio Zamorano P\u00e9rez, director del Instituto de Estudios Human\u00edsticos; y Marcela Albornoz Dachelet, directora de Extensi\u00f3n Cultural-Art\u00edstica.<\/a><\/p><p>\u00a0<\/p><p><strong>ELMOSTRADOR.CL<\/strong><\/p><p><a href=\"https:\/\/www.elmostrador.cl\/revista-jengibre\/2022\/12\/12\/catastro-nacional-de-enoturismo-2022-los-efectos-de-la-pandemia-en-el-sector\/\">Catastro Nacional de Enoturismo 2022: los efectos de la pandemia en el sector. Se refiere Patricio G\u00f3mez Arismendi, director del Campus Colchagua.<\/a><\/p><p>\u00a0<\/p><p><strong>CHILEESNOTICIA.COM<\/strong><\/p><p><a href=\"https:\/\/chileesnoticia.com\/2022\/12\/12\/catastro-nacional-de-enoturismo-2022-los-efectos-de-la-pandemia-en-el-sector\/\">Catastro Nacional de Enoturismo 2022: los efectos de la pandemia en el sector. Se refiere Patricio G\u00f3mez Arismendi, director del Campus Colchagua.<\/a><\/p><p>\u00a0<\/p><p><strong>LA PRENSA<\/strong><\/p><p><a href=\"https:\/\/www.litoralpress.cl\/paginaconsultas\/Servicios_NClipSitio\/Get_Imagen_Nota.aspx?LPKey=CZRFP7WHEZVT6KMLEIWFCMEAU6HVCCHRG5UOQ3Z2PDU3ADNHBOVYH7NI57LH7AQXIBSKBOAJ4MGYG\">Resultados del Catastro Nacional de Enoturismo da cuenta de las consecuencias de la pandemia. Se refiere Patricio G\u00f3mez Arismendi, director del Campus Colchagua.<\/a><\/p><p>\u00a0<\/p><p><strong>RADIO COOPERATIVA<\/strong><\/p><p><a href=\"https:\/\/www.litoralpress.cl\/sitio\/RadioTV_Detalles.cshtml?LPKey=7ICRH36GL32WXLOCX5QE65NVADMJGASORNYYIY2YVMXQQIBZ7R7B52CE2Z5JSKJQVOMP5TIRZ36IS\">Entrevista a Germ\u00e1n Lobos Andrade, acad\u00e9mico de la Facultad de Econom\u00eda y Negocios.<\/a><\/p><p>\u00a0<\/p><p><strong>COOPERATIVA.CL<\/strong><\/p><p><a href=\"https:\/\/www.cooperativa.cl\/noticias\/pais\/poblacion\/adulto-mayor\/piensa-en-grandes-tecnologia-en-funcion-de-las-personas-mayores\/2022-12-11\/115636.html\">Piensa en Grandes: Tecnolog\u00eda en funci\u00f3n de las personas mayores. Se refiere Germ\u00e1n Lobos Andrade, acad\u00e9mico de la Facultad de Econom\u00eda y Negocios.<\/a><\/p><p>\u00a0<\/p><p><strong>EL LECTOR<\/strong><\/p><p><a href=\"https:\/\/www.litoralpress.cl\/paginaconsultas\/Servicios_NClipSitio\/Get_Imagen_Nota.aspx?LPKey=FR7GCU2TFH6RCUSTD6GUKRGBPTD5H7IMXCH5LDQYLM7EW6XYO55PBVCXFUIRVSVVLNKBP3YYEBQ6E\">Ni\u00f1os ciegos recibieron innovadores elementos educativos creados por estudiantes de la UTalca. Se refieren Carlos Torres Fuchslocher, rector de la UTalca y Claudio Aravena Aranda, acad\u00e9mico de la Facultad de Ingenier\u00eda.<\/a><\/p><p>\u00a0<\/p><p><strong>CIENCIAENCHILE.CL<\/strong><\/p><p><a href=\"https:\/\/www.cienciaenchile.cl\/doctorado-en-ingenieria-del-consorcio-macrofacultad-logra-maxima-acreditacion\/\">Doctorado en Ingenier\u00eda del Consorcio MacroFacultad logra m\u00e1xima acreditaci\u00f3n. Se refiere Javier Mu\u00f1oz Vidal, decano de la Facultad de Ingenier\u00eda y Claudio Tenreiro Leiva, director del Programa desde la UTalca.<\/a><\/p><p>\u00a0<\/p><p><strong>LA PRENSA<\/strong><\/p><p><a href=\"https:\/\/www.litoralpress.cl\/paginaconsultas\/Servicios_NClipSitio\/Get_Imagen_Nota.aspx?LPKey=PUFPRCV2MFMZABVB3VT2DTDKOFZ6ZLO5ZE3BVIBQVDMA2LCKBIPPXXZ5OOR53BGUYYEWVFGV776SK\">La apuesta de un grupo de maulinos por el desarrollo de la regi\u00f3n. \u00a0Se menciona a \u00c1lvaro Rojas Mar\u00edn, exrector de la UTalca.<\/a><\/p><p>\u00a0<\/p><p><strong>EL LECTOR<\/strong><\/p><p><a href=\"https:\/\/www.litoralpress.cl\/paginaconsultas\/Servicios_NClipSitio\/Get_Imagen_Nota.aspx?LPKey=UYDKJLE7YLAIHMFKD6ZII23VRIXO25R2JGXIGTDVFDCKJ5SYRQL6OXFFRHUJSUIJ4CALTL6FF7CJC\">Lanzamiento de la Fundaci\u00f3n Maule: La apuesta de un grupo de maulinos por el desarrollo de la regi\u00f3n. Se menciona a \u00c1lvaro Rojas Mar\u00edn, exrector de la UTalca.<\/a><\/p><p>\u00a0<\/p><p><strong>ELMAULEINFORMA.CL<\/strong><\/p><p><a href=\"https:\/\/elmauleinforma.cl\/lanzamiento-de-la-fundacion-maule-la-apuesta-de-un-grupo-de-maulinos-por-el-desarrollo-de-la-region\/\">Lanzamiento de la Fundaci\u00f3n Maule: La apuesta de un grupo de maulinos por el desarrollo de la regi\u00f3n. Se menciona a \u00c1lvaro Rojas Mar\u00edn, exrector de la UTalca.<\/a><\/p><p>\u00a0<\/p><p><strong>MEDIABANCO.COM<\/strong><\/p><p><a href=\"https:\/\/www.mediabanco.com\/utalca-genera-espacios-para-fomentar-la-inclusion-de-personas-con-discapacidad\/\">UTalca genera espacios para fomentar la inclusi\u00f3n de personas con discapacidad. Se refieren Pablo L\u00f3pez Alegr\u00eda, director de la Escuela de Terapia Ocupacional; Miguel V\u00e1squez Campos, director de la Escuela de Fonoaudiolog\u00eda; Kenya Yusti Luna, profesional del \u00e1rea de inclusi\u00f3n de CIMA, Unidad de Acompa\u00f1amiento Estudiantil; y Voltier Neira Orellana, estudiante de Licenciatura en Interpretaci\u00f3n Musical y Formaci\u00f3n Especializada.<\/a><\/p><p>\u00a0<\/p><p><strong>LA PRENSA<\/strong><\/p><p><a href=\"https:\/\/www.litoralpress.cl\/paginaconsultas\/Servicios_NClipSitio\/Get_Imagen_Nota.aspx?LPKey=2KEOIR6KH6SX6EF5GOQYWHRZ3JGPELJQK7P5ZOGASCZDFE7CS3RS2V4GCCBP6RGWHSLP3NB6V7B7Y\">Fomentan inclusi\u00f3n de personas con discapacidad. Se refieren Pablo L\u00f3pez Alegr\u00eda, director de la Escuela de Terapia Ocupacional y Miguel V\u00e1squez Campos, director de la Escuela de Fonoaudiolog\u00eda.\u00a0<\/a><\/p><p>\u00a0<\/p><p><strong>LA PRENSA<\/strong><\/p><p><a href=\"https:\/\/www.litoralpress.cl\/sitio\/Prensa_PaginaCompleta.cshtml?LPKey=IMWWRNT6NDEIYSXRP4WWLUYJJE6EJ6WSFG3NTY5ON4F2KC7BTVEQ\">Uso de bloqueador, beber suficiente agua y ropa de algod\u00f3n, lo ideal para enfrentar olas de calor. Se refiere Omar Fuentes D\u00edaz, acad\u00e9mico de la Escuela de Enfermer\u00eda.<\/a><\/p><p>\u00a0<\/p><p><strong>ADPRENSA.CL<\/strong><\/p><p><a href=\"https:\/\/www.adprensa.cl\/cronica\/estudio-revelo-los-lugares-del-mundo-que-deben-protegerse-para-conservar-los-ecosistemas\/\">Estudio revel\u00f3 los lugares del mundo que deben protegerse para conservar los ecosistemas. Se refiere Marco Molina Montenegro, director del Centro de Ecolog\u00eda Integrativa.<\/a><\/p><p>\u00a0<\/p><p><strong>MEDIABANCO.COM<\/strong><\/p><p><a href=\"https:\/\/www.mediabanco.com\/estudio-revelo-los-lugares-del-mundo-que-deben-protegerse-para-conservar-los-ecosistemas\/\">Estudio revel\u00f3 los lugares del mundo que deben protegerse para conservar los ecosistemas. Se refiere Marco Molina Montenegro, director del Centro de Ecolog\u00eda Integrativa.<\/a><\/p><p>\u00a0<\/p><p><strong>LA PRENSA<\/strong><\/p><p><a href=\"https:\/\/www.litoralpress.cl\/paginaconsultas\/Servicios_NClipSitio\/Get_Imagen_Nota.aspx?LPKey=PXPHR43BVFVRDQ7ZNX3QLIDZCUYAUKRNQ4AJHZW575FEVERZIYITCWMFX33WEIL5IXVPKIFH7DYF6\">Expertos abordan el Impacto que genera la brecha salarial entre hombres y mujeres en las pensiones. Se refieren Carlos Torres Fuchslocher, rector de la UTalca; Rodrigo Herrera, decano de la Facultad de Econom\u00eda y Negocios (FEN); y Andrea Bentancor Cazanave, acad\u00e9mica de la misma Facultad.<\/a><\/p><p>\u00a0<\/p><p><strong>EMOL.COM<\/strong><\/p><p><a href=\"https:\/\/www.emol.com\/noticias\/Economia\/2022\/12\/11\/1080653\/hipotecarios.html\">Tasa de hipotecarios en su mayor nivel desde 2009: \u00bfQu\u00e9 instituciones ofrecen las condiciones m\u00e1s bajas? Se refiere Rodrigo Saens, acad\u00e9mico de la Facultad de Econom\u00eda y Negocios (FEN).<\/a><\/p><p>\u00a0<\/p><p><strong>RADIO AMIGA<\/strong><\/p><p><a href=\"https:\/\/www.litoralpress.cl\/sitio\/RadioTV_Detalles.cshtml?LPKey=GNJO7RBIQOB47HKS5SYKWDJME3GEI2EPZEYG3VMJEFJ3CI4LEHR36SXS2UA4LS22LMGAU44G4DMA2\">Entregan recomendaciones para las compras de fin de a\u00f1o. Se refiere Juan Andr\u00e9s Riquelme Won, director del Mag\u00edster en Econom\u00eda.<\/a><\/p><p>\u00a0<\/p><p><strong>CENTROSURNOTICIAS.CL<\/strong><\/p><p><a href=\"https:\/\/centrosurnoticias.cl\/especialistas-debatieron-sobre-desafios-de-la-justicia-restaurativa\/\">Especialistas debatieron sobre desaf\u00edo de la justicia restaurativa. Se refieren Rodrigo Palomo V\u00e9lez, decano de la Facultad de Ciencias Jur\u00eddicas y Sociales y Ra\u00fal Carnevali Rodr\u00edguez, director del Centro de Estudios de Derecho Penal (CEDEP).<\/a><\/p><p>\u00a0<\/p><p><strong>LA SEGUNDA<\/strong><\/p><p><a href=\"https:\/\/www.litoralpress.cl\/sitio\/Prensa_PaginaCompleta.cshtml?LPKey=JPXWMVGVMULQYAQ7WYNAJVORJ7PKVM62JR47QXAU6VIEFSZKPJSQ\">Las presiones cruzadas que atraviesan el acuerdo. Se refiere Mauricio Morales Quiroga, director del Centro de An\u00e1lisis Pol\u00edtico (CAP).<\/a><\/p><p>\u00a0<\/p><p><strong>CANAL MEGA PLUS<\/strong><\/p><p><a href=\"https:\/\/www.litoralpress.cl\/sitio\/RadioTV_Detalles.cshtml?LPKey=JWQHS2RDFDLMB2FBAGZKJ6ZKVMI4EP7XN3QI4CLKWRUUL34C5FNLO3M45IXQHSOAU4YHFHXDDSJX6\">Entrevista a Mauricio Morales Quiroga, director del Centro de An\u00e1lisis Pol\u00edtico (CAP).<\/a><\/p><p>\u00a0<\/p><p><strong>CANAL 24 HORAS<\/strong><\/p><p><a href=\"https:\/\/www.litoralpress.cl\/sitio\/RadioTV_Detalles.cshtml?LPKey=B5KADTJ7WPKHB75MVUO7NGKG3CC5IJHSRBQRBKBLNBWPWYDWAZ335KK4FNXAWQMPM5JI64OQ6LS3Y\">Entrevista a Mauricio Morales Quiroga, director del Centro de An\u00e1lisis Pol\u00edtico (CAP).<\/a><\/p><p>\u00a0<\/p><p><strong>MEGANOTICIAS.CL<\/strong><\/p><p><a href=\"https:\/\/www.meganoticias.cl\/nacional\/399005-mauricio-morales-cadem-analisis-clase-politica-elecciones-convencionales-humo-verguenza-11-12-2022.html\">Mauricio Morales Quiroga analiza la \u00faltima encuesta Cadem: &#8220;El acuerdo de la verg\u00fcenza y la venta de humo&#8221;. Se refiere el director del Centro de An\u00e1lisis Pol\u00edtico (CAP).<\/a><\/p><p>\u00a0<\/p><p><strong>24HORAS.CL<\/strong><\/p><p><a href=\"https:\/\/www.24horas.cl\/programas\/manana-informativa\/analista-una-sensacion-de-miedo-esta-frenando-la-posibilidad-de-un-acuerdo\">Analista: &#8220;Una sensaci\u00f3n de miedo est\u00e1 frenando la posibilidad de un acuerdo constitucional&#8221;. Se refiere Mauricio Morales Quiroga, director del Centro de An\u00e1lisis Pol\u00edtico (CAP).<\/a><\/p><p>\u00a0<\/p><p><strong>EMOL.COM<\/strong><\/p><p><a href=\"https:\/\/www.emol.com\/noticias\/Nacional\/2022\/12\/12\/1080817\/amarillos-chile-rol-acuerdo-constitucional.html\">\u00bfUn escudo o un chivo expiatorio?: Por qu\u00e9 Amarillos se tom\u00f3 la discusi\u00f3n constitucional sin ser un partido establecido. Se refiere Mauricio Morales Quiroga, director del Centro de An\u00e1lisis Pol\u00edtico (CAP).<\/a><\/p><p>\u00a0<\/p>\t\t\t\t\t\t<\/div>\n\t\t\t\t<\/div>\n\t\t\t\t\t<\/div>\n\t\t<\/div>\n\t\t\t\t\t\t\t<\/div>\n\t\t<\/section>\n\t\t\t\t\t\t<\/div>\n\t\t\t\t\t<\/div>\n\t\t","protected":false},"excerpt":{"rendered":"<p>DIARIO TALCA UTalca potencia oferta de becas y crea ayudas para mujeres en ingenier\u00eda, pedagog\u00edas y talentos deportivos. Se refiere Paula Caballero, vicerrectora de Desarrollo Estudiantil. \u00a0 EL LECTOR Editorial UTalca presenta libro que rescata la historia de la Medalla al M\u00e9rito Juan Ignacio Molina. Se refieren Carlos Torres Fuchslocher, rector de la UTalca; \u00c1lvaro &hellip;<\/p>\n<p class=\"read-more\"> <a class=\"\" href=\"https:\/\/www.reportedeprensa.utalca.cl\/?p=6012\"> <span class=\"screen-reader-text\">13 de diciembre de 2022<\/span> Read More &raquo;<\/a><\/p>\n","protected":false},"author":1,"featured_media":0,"comment_status":"closed","ping_status":"open","sticky":false,"template":"","format":"standard","meta":{"_monsterinsights_skip_tracking":false,"_monsterinsights_sitenote_active":false,"_monsterinsights_sitenote_note":"","_monsterinsights_sitenote_category":0},"categories":[28],"tags":[],"_links":{"self":[{"href":"https:\/\/www.reportedeprensa.utalca.cl\/index.php?rest_route=\/wp\/v2\/posts\/6012"}],"collection":[{"href":"https:\/\/www.reportedeprensa.utalca.cl\/index.php?rest_route=\/wp\/v2\/posts"}],"about":[{"href":"https:\/\/www.reportedeprensa.utalca.cl\/index.php?rest_route=\/wp\/v2\/types\/post"}],"author":[{"embeddable":true,"href":"https:\/\/www.reportedeprensa.utalca.cl\/index.php?rest_route=\/wp\/v2\/users\/1"}],"replies":[{"embeddable":true,"href":"https:\/\/www.reportedeprensa.utalca.cl\/index.php?rest_route=%2Fwp%2Fv2%2Fcomments&post=6012"}],"version-history":[{"count":7,"href":"https:\/\/www.reportedeprensa.utalca.cl\/index.php?rest_route=\/wp\/v2\/posts\/6012\/revisions"}],"predecessor-version":[{"id":6022,"href":"https:\/\/www.reportedeprensa.utalca.cl\/index.php?rest_route=\/wp\/v2\/posts\/6012\/revisions\/6022"}],"wp:attachment":[{"href":"https:\/\/www.reportedeprensa.utalca.cl\/index.php?rest_route=%2Fwp%2Fv2%2Fmedia&parent=6012"}],"wp:term":[{"taxonomy":"category","embeddable":true,"href":"https:\/\/www.reportedeprensa.utalca.cl\/index.php?rest_route=%2Fwp%2Fv2%2Fcategories&post=6012"},{"taxonomy":"post_tag","embeddable":true,"href":"https:\/\/www.reportedeprensa.utalca.cl\/index.php?rest_route=%2Fwp%2Fv2%2Ftags&post=6012"}],"curies":[{"name":"wp","href":"https:\/\/api.w.org\/{rel}","templated":true}]}}