{"id":6033,"date":"2022-12-14T18:08:07","date_gmt":"2022-12-14T21:08:07","guid":{"rendered":"https:\/\/www.reportedeprensa.utalca.cl\/?p=6033"},"modified":"2022-12-14T18:50:21","modified_gmt":"2022-12-14T21:50:21","slug":"14-de-diciembre-de-2022","status":"publish","type":"post","link":"https:\/\/www.reportedeprensa.utalca.cl\/?p=6033","title":{"rendered":"14 de diciembre de 2022"},"content":{"rendered":"\t\t<div data-elementor-type=\"wp-post\" data-elementor-id=\"6033\" class=\"elementor elementor-6033\" data-elementor-settings=\"[]\">\n\t\t\t\t\t\t\t<div class=\"elementor-section-wrap\">\n\t\t\t\t\t\t\t<section class=\"elementor-section elementor-top-section elementor-element elementor-element-2a4b4b83 elementor-section-boxed elementor-section-height-default elementor-section-height-default\" data-id=\"2a4b4b83\" data-element_type=\"section\">\n\t\t\t\t\t\t<div class=\"elementor-container elementor-column-gap-default\">\n\t\t\t\t\t<div class=\"elementor-column elementor-col-100 elementor-top-column elementor-element elementor-element-24a78540\" data-id=\"24a78540\" data-element_type=\"column\">\n\t\t\t<div class=\"elementor-widget-wrap elementor-element-populated\">\n\t\t\t\t\t\t\t\t<div class=\"elementor-element elementor-element-55b07e54 elementor-widget elementor-widget-text-editor\" data-id=\"55b07e54\" data-element_type=\"widget\" data-widget_type=\"text-editor.default\">\n\t\t\t\t<div class=\"elementor-widget-container\">\n\t\t\t\t\t\t\t\t<p><strong>UESTATALES.CL\u00a0\u00a0 <\/strong><\/p><p><a href=\"http:\/\/uestatales.cl\/cue\/?q=node\/9730\">Doctorado en Ingenier\u00eda conjunto de la UTalca, UBB y UFRO se acredit\u00f3 por tres a\u00f1os. Se refieren Javier Mu\u00f1oz Vidal, decano de la Facultad de Ingenier\u00eda y Claudio Tenreiro Leiva, director del programa desde la UTalca.<\/a><\/p><p>\u00a0<\/p><p><strong>ADPRENSA.CL<\/strong><\/p><p><a href=\"https:\/\/www.adprensa.cl\/cronica\/doctorado-en-ingenieria-de-la-utalca-se-acredito-por-tres-anos-2\/\">Doctorado en Ingenier\u00eda de la UTalca se acredit\u00f3 por tres a\u00f1os. Se refieren Javier Mu\u00f1oz Vidal, decano de la Facultad de Ingenier\u00eda y Claudio Tenreiro Leiva, director del programa desde la UTalca.<\/a><\/p><p>\u00a0<\/p><p><strong>MEDIABANCO.COM<\/strong><\/p><p><a href=\"https:\/\/www.mediabanco.com\/doctorado-en-ingenieria-de-la-utalca-se-acredito-por-tres-anos\/\">Doctorado en Ingenier\u00eda de la UTalca se acredit\u00f3 por tres a\u00f1os. Se refieren Javier Mu\u00f1oz Vidal, decano de la Facultad de Ingenier\u00eda y Claudio Tenreiro Leiva, director del programa desde la UTalca.<\/a><\/p><p>\u00a0<\/p><p><strong>CANAL CONTIVISI\u00d3N<\/strong><\/p><p><a href=\"https:\/\/www.litoralpress.cl\/sitio\/RadioTV_Detalles.cshtml?LPKey=CR4VIOCN5JQQTN7VJSXEOUWHOAUL343ASDPS4WVGMBTDRI6F5HWJ2GUULHCFYVLEYSYFXOC4NQFFK\">Actividad organizada por la U. de Talca mostr\u00f3 desaf\u00edos cotidianos que enfrentan personas con discapacidad. Se refieren Kenya Yusti Luna, profesional del \u00e1rea de inclusi\u00f3n de CIMA; Pablo L\u00f3pez Alegr\u00eda, director de la Escuela de Terapia Ocupacional; y Miguel V\u00e1squez Campos, director de la Escuela de Fonoaudiolog\u00eda.<\/a><\/p><p>\u00a0<\/p><p><strong>ELCIUDADANO.COM<\/strong><\/p><p><a href=\"https:\/\/www.elciudadano.com\/chile\/estudio-revelo-que-lugares-del-mundo-que-deben-preservarse-para-conservar-los-ecosistemas-no-estan-bajo-proteccion-ambiental\/12\/12\/\">Estudio revel\u00f3 qu\u00e9 lugares del mundo deben preservarse para conservar los ecosistemas que no est\u00e1n bajo protecci\u00f3n ambiental. Se refiere Marco Molina Montenegro, director del Centro de Ecolog\u00eda Integrativa.<\/a><\/p><p>\u00a0<\/p><p><strong>LA PRENSA<\/strong><\/p><p><a href=\"https:\/\/www.litoralpress.cl\/paginaconsultas\/Servicios_NClipSitio\/Get_Imagen_Nota.aspx?LPKey=4NA6EDGPMWUIRJDC4O65GNOQOMQORD5OBTNXFGFYOTZRBLGWHQSUOFAVRFC4PQBNFQEPBVXV5P3XG\">Ecosistemas que deben protegerse. Se refiere Marco Molina Montenegro, director del Centro de Ecolog\u00eda Integrativa.<\/a><\/p><p>\u00a0<\/p><p><strong>EL HERALDO<\/strong><\/p><p><a href=\"https:\/\/www.litoralpress.cl\/paginaconsultas\/Servicios_NClipSitio\/Get_Imagen_Nota.aspx?LPKey=SVGZOEQEXNQBGQ2IVGQFKDAKJMBQ3Y4GC4VZBH4MPKFRPUZZNR5Q5VJOORG62W6VZZICUYTZUIRSG\">Estudio revel\u00f3 los lugares del mundo que deben protegerse para conservar los ecosistemas. Se refiere Marco Molina Montenegro, director del Centro de Ecolog\u00eda Integrativa.<\/a><\/p><p>\u00a0<\/p><p><strong>EL LECTOR<\/strong><\/p><p><a href=\"https:\/\/www.litoralpress.cl\/paginaconsultas\/Servicios_NClipSitio\/Get_Imagen_Nota.aspx?LPKey=CHWJMXSNAQUAGMII77ZV72YEOPIQT2EE2MAO5HHM6OYLQ5QKLUNBNW3XWDVZ7BQGEGFXX2X6JAJHI\">Estudio revel\u00f3 los lugares del mundo que deben protegerse para conservar los ecosistemas. Se refiere Marco Molina Montenegro, director del Centro de Ecolog\u00eda Integrativa.<\/a><\/p><p>\u00a0<\/p><p><strong>G5NOTICIAS.CL<\/strong><\/p><p><a href=\"https:\/\/g5noticias.cl\/2022\/12\/13\/estudio-revelo-los-lugares-del-mundo-que-deben-protegerse-para-conservar-los-ecosistemas\/\">Estudio revel\u00f3 los lugares del mundo que deben protegerse para conservar los ecosistemas. Se refiere Marco Molina Montenegro, director del Centro de Ecolog\u00eda Integrativa.<\/a><\/p><p>\u00a0<\/p><p><strong>LA TERCERA<\/strong><\/p><p><a href=\"https:\/\/www.litoralpress.cl\/sitio\/Prensa_PaginaCompleta.cshtml?LPKey=JFZU743LIHKDDWMKAKKFLOOD4ZADZGSCYB27NDF7RWEMNLSIP37Q\">Estudio revela que 20% de los automovilistas lleva consigo un objeto para defenderse ante un ataque delictual. Se refiere Emilio Moyano D\u00edaz, acad\u00e9mico de la Facultad de Psicolog\u00eda.<\/a><\/p><p>\u00a0<\/p><p><strong>LATERCERA.COM<\/strong><\/p><p><a href=\"https:\/\/www.latercera.com\/nacional\/noticia\/estudio-revela-que-20-de-los-automovilistas-lleva-consigo-un-objeto-para-defenderse-ante-un-ataque-delictual\/4CFBPR3ZDZCZ3DKY3J5FNOWO4I\/\">Estudio revela que 20% de los automovilistas lleva consigo un objeto para defenderse ante un ataque delictual. Se refiere Emilio Moyano D\u00edaz, acad\u00e9mico de la Facultad de Psicolog\u00eda.<\/a><\/p><p>\u00a0<\/p><p><strong>RADIO BIO-B\u00cdO DE VALPARA\u00cdSO<\/strong><\/p><p><a href=\"https:\/\/www.litoralpress.cl\/sitio\/RadioTV_Detalles.cshtml?LPKey=WUQJXNICZFIDMOS64AKOWO3M4O63SZDDK2OBMHW22QXSF6IPDDJKL4OKQPFXUXXGY7VKTIIX344YE\">Entrevista a Patricio Gonz\u00e1lez Colville, acad\u00e9mico del Centro de Investigaci\u00f3n y Transferencia en Riego y Agroclimatolog\u00eda (CITRA).<\/a><\/p><p>\u00a0<\/p><p><strong>RADIO GUAYAC\u00c1N<\/strong><\/p><p><a href=\"https:\/\/www.litoralpress.cl\/sitio\/RadioTV_Detalles.cshtml?LPKey=KC7AXCP46F6J7KS36NQLEIYY6AB3PTO3JMNTUCXGAVN6JNVBPW2MVVA4BLIA2W6QDDR27J7HCCD36\">Entrevista a Medardo Aguirre Gonz\u00e1lez, director del Centro de Estudio Nacional de Migraci\u00f3n (CENEM).<\/a><\/p><p>\u00a0<\/p><p><strong>LAS \u00daLTIMAS NOTICIAS<\/strong><\/p><p><a href=\"https:\/\/www.litoralpress.cl\/paginaconsultas\/Servicios_NClipSitio\/Get_Imagen_Nota.aspx?LPKey=XVWCMLIJD55PXU6NDAD4IW6GE2EUXOOSTW56BQYWBF6UANFL3W3MCUUO63GJHTTBAUGR4NZFOMFCG\">&#8220;Saltarse a la gente no corresponde&#8221;: las razones del PDG para negarse a firmar el acuerdo. Se refiere Mauricio Morales Quiroga, director del Centro de An\u00e1lisis Pol\u00edtico (CAP).<\/a><\/p><p>\u00a0<\/p><p><strong>CANAL MEGA<\/strong><\/p><p><a href=\"https:\/\/www.litoralpress.cl\/sitio\/RadioTV_Detalles.cshtml?LPKey=DHYFCBPWM7C4RXK726P33KKQQMQO3RYIHEEWAM666QIZ5EQN5FGRNFOQWTACBQBMLUX5TNDRMLFPY\">An\u00e1lisis al acuerdo constitucional. Se refiere Mauricio Morales Quiroga, director del Centro de An\u00e1lisis Pol\u00edtico (CAP).<\/a><\/p><p>\u00a0<\/p><p><strong>CANAL MEGA PLUS<\/strong><\/p><p><a href=\"https:\/\/www.litoralpress.cl\/sitio\/RadioTV_Detalles.cshtml?LPKey=L53ZOEBC6JGA2CMGBLZG7ZVHBE3TO5R2O6JEHTJL5WTZ7KUV7FWXDQUDGLRWDVEEFEXH4IKBAQU7U\">An\u00e1lisis al acuerdo constitucional. Se refiere Mauricio Morales Quiroga, director del Centro de An\u00e1lisis Pol\u00edtico (CAP).<\/a><\/p><p>\u00a0<\/p><p><strong>CANAL MEGA<\/strong><\/p><p><a href=\"https:\/\/www.litoralpress.cl\/sitio\/RadioTV_Detalles.cshtml?LPKey=3DXTK552FL7KJXIREQ5SDPLXCWROWKQDZZEOALDQS6UI3FRH7IQ4H2PXIC3PL67H2VE6Y6NG5S6IY\">Acuerdo y cronograma constituyente. Se refiere Mauricio Morales Quiroga, director del Centro de An\u00e1lisis Pol\u00edtico (CAP).<\/a><\/p><p>\u00a0<\/p><p><strong>CANAL MEGA<\/strong><\/p><p><a href=\"https:\/\/www.litoralpress.cl\/sitio\/RadioTV_Detalles.cshtml?LPKey=LFM47U6AZGQL6H46B4ANWFDVI22TYVFQOZTBEJSWDEPVKUC3I4TUZCSJ4UBWULMQD4GBI5WMLY2DG\">Partidos pol\u00edticos firman &#8220;Acuerdo por Chile&#8221; para el proceso constitucional. Se refiere Mario Herrera, acad\u00e9mico del Centro de An\u00e1lisis Pol\u00edtico (CAP).<\/a><\/p><p>\u00a0<\/p><p><strong>CANAL TVN<\/strong><\/p><p><a href=\"https:\/\/www.litoralpress.cl\/sitio\/RadioTV_Detalles.cshtml?LPKey=SNSRSRHKBBJ33KU3MNTNRYDAKUAOD5SW75KQD4NY54EZWKOF2L4CYXXIU5C2EDEMVGE6RF2BGUQCG\">Fuerzas pol\u00edticas logran acuerdo constitucional. Se refiere Mario Herrera, acad\u00e9mico del Centro de An\u00e1lisis Pol\u00edtico (CAP).<\/a><\/p><p>\u00a0<\/p><p><strong>RADIO INFINITA<\/strong><\/p><p><a href=\"https:\/\/www.litoralpress.cl\/sitio\/RadioTV_Detalles.cshtml?LPKey=J557NSDL5QMDGICCQRBUOVYMBQB2CENEYAGKYQEPHKOCTXYXFHY5O7SHTHU4DZHXXDYIKDXOI7YYO\">Comentario de Mauricio Morales Quiroga, director del Centro de An\u00e1lisis Pol\u00edtico (CAP).<\/a><\/p><p>\u00a0<\/p><p><strong>EMOL.COM<\/strong><\/p><p><a href=\"https:\/\/www.emol.com\/noticias\/Nacional\/2022\/12\/13\/1080961\/analisis-sistema-electoral-consejo-constitucional.html\">\u00bfA qui\u00e9n puede favorecer?: An\u00e1lisis al efecto del sistema electoral definido para escoger a los consejeros. Se refiere Mauricio Morales Quiroga, director del Centro de An\u00e1lisis Pol\u00edtico (CAP).<\/a><\/p><p>\u00a0<\/p><p><strong>EMOL.COM<\/strong><\/p><p><a href=\"https:\/\/www.emol.com\/noticias\/Nacional\/2022\/12\/13\/1080920\/analisis-actores-acuerdo-constitucional.html\">Zoom a la negociaci\u00f3n constitucional: Los ganadores y perdedores del acuerdo de los 100 d\u00edas. Se refiere Mauricio Morales Quiroga, director del Centro de An\u00e1lisis Pol\u00edtico (CAP).<\/a><\/p><p>\u00a0<\/p><p><strong>MEGA.CL<\/strong><\/p><p><a href=\"https:\/\/www.mega.cl\/programas\/mucho-gusto\/mejores-momentos\/139712-acuerdo-constitucional-elecciones-pacto-nueva-constitucion-mauricio-morales-mucho-gusto-mega-en-vivo.html\">Con elecciones obligatorias en abril y noviembre: Conoce los principales puntos del acuerdo constitucional. Se refiere Mauricio Morales Quiroga, director del Centro de An\u00e1lisis Pol\u00edtico (CAP).<\/a><\/p><p>\u00a0<\/p><p><strong>24HORAS.CL<\/strong><\/p><p><a href=\"https:\/\/www.24horas.cl\/actualidad\/politica\/academico-y-acuerdo-por-chile-es-un-triunfo-de-la-politica-\">Acad\u00e9mico y &#8216;Acuerdo por Chile&#8217;: &#8220;Es un triunfo de la pol\u00edtica y es m\u00e1s amplio en cantidad de partidos&#8221;. Se refiere Mario Herrera, acad\u00e9mico del Centro de An\u00e1lisis Pol\u00edtico (CAP).<\/a><\/p><p>\u00a0<\/p><p><strong>THECLINIC.CL<\/strong><\/p><p><a href=\"https:\/\/www.theclinic.cl\/2022\/12\/13\/presencia-mediatica-coincidencia-chile-vamos-protagonismo-amarillos-negociaciones-constituyentes\/\">Alta presencia medi\u00e1tica y coincidencias con Chile Vamos: analistas explican el protagonismo de Amarillos en las negociaciones constituyentes. Se refiere Mauricio Morales Quiroga, director del Centro de An\u00e1lisis Pol\u00edtico (CAP).<\/a><\/p><p>\u00a0<\/p><p><strong>ATENTOSCHILE.CL<\/strong><\/p><p><a href=\"https:\/\/www.litoralpress.cl\/sitio\/RadioTV_Detalles.cshtml?LPKey=6EYNY6TKKJ6PPDHF5Q7UTX2YHUALPWFA7OWPX3DR3DSJO4PCZ4PM7HLVT7GMXJZW2ZCZ7DCZ5QOWE\">Entrevista a Mario Herrera, acad\u00e9mico del Centro de An\u00e1lisis Pol\u00edtico (CAP).<\/a><\/p><p>\u00a0<\/p><p><strong>RADIO GUAYAC\u00c1N<\/strong><\/p><p><a href=\"https:\/\/www.litoralpress.cl\/sitio\/RadioTV_Detalles.cshtml?LPKey=PN2LWDNHBYCEVGNFS2TVIP3J4E6HSOTHEPHLMU23S54B5AGZTURD4BBXIPTWDAQVKA5KJ7P22G6ME\">Entrevista a Fabi\u00e1n Belmar, investigador del Centro de An\u00e1lisis Pol\u00edtico (CAP).<\/a><\/p><p>\u00a0<\/p>\t\t\t\t\t\t<\/div>\n\t\t\t\t<\/div>\n\t\t\t\t\t<\/div>\n\t\t<\/div>\n\t\t\t\t\t\t\t<\/div>\n\t\t<\/section>\n\t\t\t\t\t\t<\/div>\n\t\t\t\t\t<\/div>\n\t\t","protected":false},"excerpt":{"rendered":"<p>UESTATALES.CL\u00a0\u00a0 Doctorado en Ingenier\u00eda conjunto de la UTalca, UBB y UFRO se acredit\u00f3 por tres a\u00f1os. Se refieren Javier Mu\u00f1oz Vidal, decano de la Facultad de Ingenier\u00eda y Claudio Tenreiro Leiva, director del programa desde la UTalca. \u00a0 ADPRENSA.CL Doctorado en Ingenier\u00eda de la UTalca se acredit\u00f3 por tres a\u00f1os. Se refieren Javier Mu\u00f1oz Vidal, &hellip;<\/p>\n<p class=\"read-more\"> <a class=\"\" href=\"https:\/\/www.reportedeprensa.utalca.cl\/?p=6033\"> <span class=\"screen-reader-text\">14 de diciembre de 2022<\/span> Read More &raquo;<\/a><\/p>\n","protected":false},"author":1,"featured_media":0,"comment_status":"closed","ping_status":"open","sticky":false,"template":"","format":"standard","meta":{"_monsterinsights_skip_tracking":false,"_monsterinsights_sitenote_active":false,"_monsterinsights_sitenote_note":"","_monsterinsights_sitenote_category":0},"categories":[28],"tags":[],"_links":{"self":[{"href":"https:\/\/www.reportedeprensa.utalca.cl\/index.php?rest_route=\/wp\/v2\/posts\/6033"}],"collection":[{"href":"https:\/\/www.reportedeprensa.utalca.cl\/index.php?rest_route=\/wp\/v2\/posts"}],"about":[{"href":"https:\/\/www.reportedeprensa.utalca.cl\/index.php?rest_route=\/wp\/v2\/types\/post"}],"author":[{"embeddable":true,"href":"https:\/\/www.reportedeprensa.utalca.cl\/index.php?rest_route=\/wp\/v2\/users\/1"}],"replies":[{"embeddable":true,"href":"https:\/\/www.reportedeprensa.utalca.cl\/index.php?rest_route=%2Fwp%2Fv2%2Fcomments&post=6033"}],"version-history":[{"count":4,"href":"https:\/\/www.reportedeprensa.utalca.cl\/index.php?rest_route=\/wp\/v2\/posts\/6033\/revisions"}],"predecessor-version":[{"id":6037,"href":"https:\/\/www.reportedeprensa.utalca.cl\/index.php?rest_route=\/wp\/v2\/posts\/6033\/revisions\/6037"}],"wp:attachment":[{"href":"https:\/\/www.reportedeprensa.utalca.cl\/index.php?rest_route=%2Fwp%2Fv2%2Fmedia&parent=6033"}],"wp:term":[{"taxonomy":"category","embeddable":true,"href":"https:\/\/www.reportedeprensa.utalca.cl\/index.php?rest_route=%2Fwp%2Fv2%2Fcategories&post=6033"},{"taxonomy":"post_tag","embeddable":true,"href":"https:\/\/www.reportedeprensa.utalca.cl\/index.php?rest_route=%2Fwp%2Fv2%2Ftags&post=6033"}],"curies":[{"name":"wp","href":"https:\/\/api.w.org\/{rel}","templated":true}]}}