{"id":6048,"date":"2022-12-15T11:30:20","date_gmt":"2022-12-15T14:30:20","guid":{"rendered":"https:\/\/www.reportedeprensa.utalca.cl\/?p=6048"},"modified":"2022-12-15T11:53:10","modified_gmt":"2022-12-15T14:53:10","slug":"15-de-diciembre-de-2022","status":"publish","type":"post","link":"https:\/\/www.reportedeprensa.utalca.cl\/?p=6048","title":{"rendered":"15 de diciembre de 2022"},"content":{"rendered":"\t\t<div data-elementor-type=\"wp-post\" data-elementor-id=\"6048\" class=\"elementor elementor-6048\" data-elementor-settings=\"[]\">\n\t\t\t\t\t\t\t<div class=\"elementor-section-wrap\">\n\t\t\t\t\t\t\t<section class=\"elementor-section elementor-top-section elementor-element elementor-element-2a4b4b83 elementor-section-boxed elementor-section-height-default elementor-section-height-default\" data-id=\"2a4b4b83\" data-element_type=\"section\">\n\t\t\t\t\t\t<div class=\"elementor-container elementor-column-gap-default\">\n\t\t\t\t\t<div class=\"elementor-column elementor-col-100 elementor-top-column elementor-element elementor-element-24a78540\" data-id=\"24a78540\" data-element_type=\"column\">\n\t\t\t<div class=\"elementor-widget-wrap elementor-element-populated\">\n\t\t\t\t\t\t\t\t<div class=\"elementor-element elementor-element-55b07e54 elementor-widget elementor-widget-text-editor\" data-id=\"55b07e54\" data-element_type=\"widget\" data-widget_type=\"text-editor.default\">\n\t\t\t\t<div class=\"elementor-widget-container\">\n\t\t\t\t\t\t\t\t<p><strong>EL MERCURIO<\/strong><\/p><p><a href=\"https:\/\/www.litoralpress.cl\/sitio\/Prensa_PaginaCompleta.cshtml?LPKey=XKNQMIVSO2V5FLUPRABF4IM4CLB37W4DBVJNPHUBV7A622NQWMHQ\">Ranking 2022 confirma el sostenido crecimiento en la capacidad de generar conocimientos del sistema universitario. Se menciona a la UTalca en el Top Ten.<\/a><\/p><p>\u00a0<\/p><p><strong>EL MERCURIO<\/strong><\/p><p><a href=\"https:\/\/www.litoralpress.cl\/sitio\/Prensa_PaginaCompleta.cshtml?LPKey=FOMUUQVAQZPNIKIJBVDBHUIKYIXFL6OFVEM5GPIKNBMCISI6BY4Q\">Las tendencias, las universidades que emergen, las que se consolidan y las novedades en los resultados de este a\u00f1o.<\/a><\/p><p>\u00a0<\/p><p><strong>EL MERCURIO<\/strong><\/p><p><a href=\"https:\/\/www.litoralpress.cl\/sitio\/Prensa_PaginaCompleta.cshtml?LPKey=INBMV2O4ZZBUFJYPNEJJO6ZQU2MMMASQLALL5JYWTVQAJJXLER7A\">Capacidad y productividad de la investigaci\u00f3n generada por las universidades: 36 instituciones mejoran en comparaci\u00f3n con 2021.<\/a><\/p><p>\u00a0<\/p><p><strong>EL MERCURIO<\/strong><\/p><p><a href=\"https:\/\/www.litoralpress.cl\/sitio\/Prensa_PaginaCompleta.cshtml?LPKey=HPB3AHIA5HSOWQAMENN5ZUFMN4MWGB77Z3JTIAD7VOJQ4PTSDULA\">Avances en impacto y calidad de las investigaciones.<\/a><\/p><p>\u00a0<\/p><p><strong>MEDIABANCO.COM<\/strong><\/p><p><a href=\"https:\/\/www.mediabanco.com\/utalca-acoge-encuentro-sobre-cultura-preventiva-en-comunidades-universitarias\/\">UTalca acoge encuentro sobre cultura preventiva en comunidades universitarias. Se refieren Carlos Torres Fuchslocher, rector de la UTalca y Daniel Jim\u00e9nez Acu\u00f1a, director de Salud del Estudiante.<\/a><\/p><p>\u00a0<\/p><p><strong>CANAL 30 DE LONCOMILLA<\/strong><\/p><p><a href=\"https:\/\/www.litoralpress.cl\/sitio\/RadioTV_Detalles.cshtml?LPKey=4VTE4B22PJ4OUYPP42Z2SG2Q4E6WOBKDWF2OSRHWPDJXFEKXFE4HXCJZHI2GKE22L2DTBIMREHI26\">Entrevista a Mauricio V\u00e9liz Campos, decano de la Facultad de Ciencias de la Educaci\u00f3n.<\/a><\/p><p>\u00a0<\/p><p><strong>RADIO CRISTALINA<\/strong><\/p><p><a href=\"https:\/\/www.litoralpress.cl\/sitio\/RadioTV_Detalles.cshtml?LPKey=OIFKFIIYWO2M6XI7ULWGFCSQKZ37FFP4PZR7T4Z4NEJN2NWMLUGWUL2LGJ56RFO5ZE55CRCBHZZSO\">Entrevista a Carolina Bravo Tobar, coordinadora de la Unidad de Atracci\u00f3n Acceso y Permanencia de las Carreras de la Facultad de Ciencias de la Educaci\u00f3n.<\/a><\/p><p>\u00a0<\/p><p><strong>RADIO MAN\u00cdA DE SAN FERNANDO<\/strong><\/p><p><a href=\"https:\/\/www.litoralpress.cl\/sitio\/RadioTV_Detalles.cshtml?LPKey=LCDDUXK53DEKAADJCGVMFOMGMXP3VXW4M6JRTLER2LEO5CY5LUDLKJH3AMRVSX26AMQKVW3U7MQHY\">Entrevista a Carlos Catal\u00e1n Barahona, director de las carreras de T\u00e9cnico Superior en Turismo Enol\u00f3gico y T\u00e9cnico Superior en Administraci\u00f3n y Kennette Ponce Gonz\u00e1lez, titulada de la carrera de T\u00e9cnico Superior en Turismo Enol\u00f3gico.<\/a><\/p><p>\u00a0<\/p><p><strong>LA TERCERA<\/strong><\/p><p><a href=\"https:\/\/www.litoralpress.cl\/sitio\/Prensa_PaginaCompleta.cshtml?LPKey=BR33AVKZF5QZ2LGZTJ2MFPY5WRZGQ7K2D65EBGKUMQ2ST2ECGU3A\">El frustrante regreso de las mascarillas en varios pa\u00edses del mundo. Se refiere Loreto N\u00fa\u00f1ez Franz, acad\u00e9mica de la Facultad de Ciencias de la Educaci\u00f3n.<\/a><\/p><p>\u00a0<\/p><p><strong>LATERCERA.COM<\/strong><\/p><p><a href=\"https:\/\/www.latercera.com\/que-pasa\/noticia\/el-frustrante-regreso-de-las-mascarillas-en-varios-paises-medicos-temen-que-tambien-ocurra-en-chile\/QXT2GFMPU5H3LAKF3RENJPIJEU\/\">El frustrante regreso de las mascarillas en varios pa\u00edses: m\u00e9dicos temen que tambi\u00e9n ocurra en Chile. Se refiere Loreto N\u00fa\u00f1ez Franz, acad\u00e9mica de la Facultad de Ciencias de la Educaci\u00f3n.<\/a><\/p><p>\u00a0<\/p><p><strong>IMPACTOREGIONAL.CL<\/strong><\/p><p><a href=\"http:\/\/www.impactoregional.cl\/?p=5245\">Comentario de \u00c9rika Retamal Contreras, directora del Departamento de Salud P\u00fablica.<\/a><\/p><p>\u00a0<\/p><p><strong>ADPRENSA.CL<\/strong><\/p><p><a href=\"https:\/\/www.adprensa.cl\/cronica\/estudio-utalca-extranjeros-perciben-prejuicios-para-acceder-al-mercado-laboral\/\">Estudio UTalca: Extranjeros perciben prejuicios para acceder al mercado laboral. Se refiere Medardo Aguirre Gonz\u00e1lez, director del Centro de Estudios Nacionales Migratorios (CENEM).<\/a><\/p><p>\u00a0<\/p><p><strong>MEDIABANCO.COM<\/strong><\/p><p><a href=\"https:\/\/www.mediabanco.com\/estudio-utalca-extranjeros-perciben-prejuicios-para-acceder-al-mercado-laboral\/\">Estudio UTalca: Extranjeros perciben prejuicios para acceder al mercado laboral. Se refiere Medardo Aguirre Gonz\u00e1lez, director del Centro de Estudios Nacionales Migratorios (CENEM).<\/a><\/p><p>\u00a0<\/p><p><strong>LINARESENLINEA.CL<\/strong><\/p><p><a href=\"https:\/\/www.linaresenlinea.cl\/2022\/12\/14\/estudio-utalca-extranjeros-perciben-prejuicios-para-acceder-al-mercado-laboral\/\">Estudio UTalca: Extranjeros perciben prejuicios para acceder al mercado laboral. Se refiere Medardo Aguirre Gonz\u00e1lez, director del Centro de Estudios Nacionales Migratorios (CENEM).<\/a><\/p><p>\u00a0<\/p><p><strong>RADIO.UCHILE.CL<\/strong><\/p><p><a href=\"https:\/\/radio.uchile.cl\/2022\/12\/14\/codigo-rojo-autoridades-lanzan-protocolo-ante-las-altas-temperaturas-en-la-rm-y-expertos-esperan-lo-mismo-para-las-regiones\/\">C\u00f3digo Rojo: Autoridades lanzan protocolo ante las altas temperaturas en la RM y expertos esperan lo mismo para las regiones. Se refiere Patricio Gonz\u00e1lez, acad\u00e9mico del Centro de Investigaci\u00f3n y Transferencia en Riego y Agroclimatolog\u00eda (CITRA).<\/a><\/p><p>\u00a0<\/p><p><strong>REDAGRICOLA.COM<\/strong><\/p><p><a href=\"https:\/\/www.redagricola.com\/cl\/golpe-de-sol-precauciones-para-enfrentar-un-verano-adelantado-y-estresante-para-manzanos\/\">Golpe de sol: precauciones para enfrentar un verano adelantado y estresante para manzanos. Se refiere Jos\u00e9 Antonio Yuri Solomon, director del Centro de Pom\u00e1ceas.<\/a><\/p><p>\u00a0<\/p><p><strong>RADIO LAUTARO<\/strong><\/p><p><a href=\"https:\/\/www.litoralpress.cl\/sitio\/RadioTV_Detalles.cshtml?LPKey=ORR6JCA3GPGITIGQBWDSLV6YDMNBU4TZ5FKBRSJ7CPLVQY3BVYSHF6C7REJGVQXUENMVF7SOGAKIU\">Entrevista a Rodrigo Bustamante Gonz\u00e1lez, acad\u00e9mico de la Facultad de Ingenier\u00eda y jefe de la Unidad de Seguridad Digital.<\/a><\/p><p>\u00a0<\/p><p><strong>INFORMACIONDEMERCADOS.CL<\/strong><\/p><p><a href=\"https:\/\/www.informaciondemercados.cl\/tasa-de-hipotecarios-en-su-mayor-nivel-desde-2009-que-instituciones-ofrecen-las-condiciones-mas-bajas-nd\/\">Tasa de hipotecarios en su mayor nivel desde 2009: \u00bfQu\u00e9 instituciones ofrecen las condiciones m\u00e1s bajas? Se refiere Rodrigo Saens, acad\u00e9mico de la Facultad de Econom\u00eda y Negocios (FEN).<\/a><\/p><p>\u00a0<\/p><p><strong>RADIO INFINITA<\/strong><\/p><p><a href=\"https:\/\/www.litoralpress.cl\/sitio\/RadioTV_Detalles.cshtml?LPKey=NPFLDUTURF3H7LGHFPKBT6LA65MA7NHJPX2C3QKH6XEWDQ3CGPSJJQUW3F4LWKRDBO34QQ5JNDDJY\">Comentario de Mauricio Morales Quiroga, director del Centro de An\u00e1lisis Pol\u00edtico (CAP).<\/a><\/p><p>\u00a0<\/p><p><strong>LA PRENSA<\/strong><\/p><p><a href=\"https:\/\/www.litoralpress.cl\/paginaconsultas\/Servicios_NClipSitio\/Get_Imagen_Nota.aspx?LPKey=IKVSUEQ3KFUY7S4UASEXPVYW6LXZPZMO3732QIL7SWOSQVSPRP7IX5FJ4YQRNDXMODXTULQ4QC46S\">\u201cUno esperar\u00eda que el Gobierno diera soluciones prontas a la crisis de seguridad\u201d. Se refiere Fabi\u00e1n Belmar, coordinador del Centro de An\u00e1lisis Pol\u00edtico (CAP).<\/a><\/p><p>\u00a0<\/p><p><strong>LAPRENSAAUSTRAL.CL<\/strong><\/p><p><a href=\"https:\/\/laprensaaustral.cl\/2022\/12\/14\/academicos-de-la-universidad-de-north-texas-visitaron-magallanes-y-destacaron-riqueza-de-su-flora-y-fauna\/\">Acad\u00e9micos de la Universidad de North Texas visitaron Magallanes y destacaron riqueza de su flora y fauna. Se refiere Nicole Bellei Tobar, profesional de American Academy of Science an Technology (ASST).<\/a><\/p><p>\u00a0<\/p><p><strong>RADIO AMIGA<\/strong><\/p><p><a href=\"https:\/\/www.litoralpress.cl\/sitio\/RadioTV_Detalles.cshtml?LPKey=GU6EJOFAOUTD2UCONILKT55SU56TKSHZ4CIMFA2MC5ZZYP2WZPHQNJE2CTWZUJTK7L7DUIQAGA3TY\">M\u00e1s de 50 set did\u00e1cticos y educativos entreg\u00f3 la U Talca al colegio Santa Luc\u00eda. Se menciona a la UTalca.<\/a><\/p><p>\u00a0<\/p><p><strong>LA PRENSA<\/strong><\/p><p><a href=\"https:\/\/www.litoralpress.cl\/paginaconsultas\/Servicios_NClipSitio\/Get_Imagen_Nota.aspx?LPKey=CHZUCKXFVADB64J2ZXPAT7CNRKR46UY3O22AYBKD2AJFR5SP3S6AU3OT45YMZDHCVNVVGPEVGLQZI\">Colectivo Grabadores del Maule est\u00e1 presentando exposici\u00f3n de trabajos. Se menciona el Centro de Extensi\u00f3n Curic\u00f3 de la UTalca.<\/a><\/p><p>\u00a0<\/p>\t\t\t\t\t\t<\/div>\n\t\t\t\t<\/div>\n\t\t\t\t\t<\/div>\n\t\t<\/div>\n\t\t\t\t\t\t\t<\/div>\n\t\t<\/section>\n\t\t\t\t\t\t<\/div>\n\t\t\t\t\t<\/div>\n\t\t","protected":false},"excerpt":{"rendered":"<p>EL MERCURIO Ranking 2022 confirma el sostenido crecimiento en la capacidad de generar conocimientos del sistema universitario. Se menciona a la UTalca en el Top Ten. \u00a0 EL MERCURIO Las tendencias, las universidades que emergen, las que se consolidan y las novedades en los resultados de este a\u00f1o. \u00a0 EL MERCURIO Capacidad y productividad de &hellip;<\/p>\n<p class=\"read-more\"> <a class=\"\" href=\"https:\/\/www.reportedeprensa.utalca.cl\/?p=6048\"> <span class=\"screen-reader-text\">15 de diciembre de 2022<\/span> Read More &raquo;<\/a><\/p>\n","protected":false},"author":1,"featured_media":0,"comment_status":"closed","ping_status":"open","sticky":false,"template":"","format":"standard","meta":{"_monsterinsights_skip_tracking":false,"_monsterinsights_sitenote_active":false,"_monsterinsights_sitenote_note":"","_monsterinsights_sitenote_category":0},"categories":[28],"tags":[],"_links":{"self":[{"href":"https:\/\/www.reportedeprensa.utalca.cl\/index.php?rest_route=\/wp\/v2\/posts\/6048"}],"collection":[{"href":"https:\/\/www.reportedeprensa.utalca.cl\/index.php?rest_route=\/wp\/v2\/posts"}],"about":[{"href":"https:\/\/www.reportedeprensa.utalca.cl\/index.php?rest_route=\/wp\/v2\/types\/post"}],"author":[{"embeddable":true,"href":"https:\/\/www.reportedeprensa.utalca.cl\/index.php?rest_route=\/wp\/v2\/users\/1"}],"replies":[{"embeddable":true,"href":"https:\/\/www.reportedeprensa.utalca.cl\/index.php?rest_route=%2Fwp%2Fv2%2Fcomments&post=6048"}],"version-history":[{"count":7,"href":"https:\/\/www.reportedeprensa.utalca.cl\/index.php?rest_route=\/wp\/v2\/posts\/6048\/revisions"}],"predecessor-version":[{"id":6065,"href":"https:\/\/www.reportedeprensa.utalca.cl\/index.php?rest_route=\/wp\/v2\/posts\/6048\/revisions\/6065"}],"wp:attachment":[{"href":"https:\/\/www.reportedeprensa.utalca.cl\/index.php?rest_route=%2Fwp%2Fv2%2Fmedia&parent=6048"}],"wp:term":[{"taxonomy":"category","embeddable":true,"href":"https:\/\/www.reportedeprensa.utalca.cl\/index.php?rest_route=%2Fwp%2Fv2%2Fcategories&post=6048"},{"taxonomy":"post_tag","embeddable":true,"href":"https:\/\/www.reportedeprensa.utalca.cl\/index.php?rest_route=%2Fwp%2Fv2%2Ftags&post=6048"}],"curies":[{"name":"wp","href":"https:\/\/api.w.org\/{rel}","templated":true}]}}