{"id":6066,"date":"2022-12-16T10:47:46","date_gmt":"2022-12-16T13:47:46","guid":{"rendered":"https:\/\/www.reportedeprensa.utalca.cl\/?p=6066"},"modified":"2022-12-16T10:51:39","modified_gmt":"2022-12-16T13:51:39","slug":"16-de-diciembre-de-2022","status":"publish","type":"post","link":"https:\/\/www.reportedeprensa.utalca.cl\/?p=6066","title":{"rendered":"16 de diciembre de 2022"},"content":{"rendered":"\t\t<div data-elementor-type=\"wp-post\" data-elementor-id=\"6066\" class=\"elementor elementor-6066\" data-elementor-settings=\"[]\">\n\t\t\t\t\t\t\t<div class=\"elementor-section-wrap\">\n\t\t\t\t\t\t\t<section class=\"elementor-section elementor-top-section elementor-element elementor-element-2a4b4b83 elementor-section-boxed elementor-section-height-default elementor-section-height-default\" data-id=\"2a4b4b83\" data-element_type=\"section\">\n\t\t\t\t\t\t<div class=\"elementor-container elementor-column-gap-default\">\n\t\t\t\t\t<div class=\"elementor-column elementor-col-100 elementor-top-column elementor-element elementor-element-24a78540\" data-id=\"24a78540\" data-element_type=\"column\">\n\t\t\t<div class=\"elementor-widget-wrap elementor-element-populated\">\n\t\t\t\t\t\t\t\t<div class=\"elementor-element elementor-element-55b07e54 elementor-widget elementor-widget-text-editor\" data-id=\"55b07e54\" data-element_type=\"widget\" data-widget_type=\"text-editor.default\">\n\t\t\t\t<div class=\"elementor-widget-container\">\n\t\t\t\t\t\t\t\t<p><strong>RADIO ANCOA<\/strong><\/p><p><a href=\"https:\/\/www.litoralpress.cl\/sitio\/RadioTV_Detalles.cshtml?LPKey=IV4XYOA4D4WW52AYAWGT5Z6WENSWCYQZ5HFY3AS6TQUFXPNIOUC4FL56Z7JTOYEXOBEIPX66ORWB4\">Entrevista a Mauricio V\u00e9liz Campos, decano de la Facultad de Ciencias de la Educaci\u00f3n.<\/a><\/p><p>\u00a0<\/p><p><strong>MEDIABANCO.COM<\/strong><\/p><p><a href=\"https:\/\/www.mediabanco.com\/investigan-la-relacion-entre-pobreza-el-desarrollo-cognitivo-y-la-estimulacion-en-la-primera-infancia\/\">Investigan la relaci\u00f3n entre pobreza, el desarrollo cognitivo y la estimulaci\u00f3n en la primera infancia. Se refiere Cristi\u00e1n Rojas Barahona, acad\u00e9mico de la Facultad de Psicolog\u00eda.<\/a><\/p><p>\u00a0<\/p><p><strong>RADIO COOPERATIVA<\/strong><\/p><p><a href=\"https:\/\/www.litoralpress.cl\/sitio\/RadioTV_Detalles.cshtml?LPKey=55OR5DKDRY24XL526GRKTNAJUN7VR6WDQTOLZ2VCJR4DJ7OQWHOVLKJJ76BQNY7DA3SNINVPENAS4\">Contin\u00faa el combate de m\u00faltiples incendios forestales en la regi\u00f3n de Valpara\u00edso. Se refiere Patricio Gonz\u00e1lez Colville, acad\u00e9mico del Centro de Investigaci\u00f3n y Transferencia en Riego y Agroclimatolog\u00eda.<\/a><\/p><p>\u00a0<\/p><p><strong>RADIO AGRICULTURA<\/strong><\/p><p><a href=\"https:\/\/www.litoralpress.cl\/sitio\/RadioTV_Detalles.cshtml?LPKey=R7H7OILFVASCULLWN7SLY6DKZ7LELSRTEZ7ULXDCC6W25IJXGUUFPPXH3U2OOFA2AKYFWLBEI6JHM\">\u00c1mbitos en que el Centro de Investigaci\u00f3n y Transferencia en Riego y Agroclimatolog\u00eda (CITRA) de la U. de Talca aporta al pa\u00eds y al mundo. Se menciona a Samuel Ortega Far\u00edas.<\/a><\/p><p>\u00a0<\/p><p><strong>ELCIUDADANO.COM<\/strong><\/p><p><a href=\"https:\/\/www.elciudadano.com\/pueblos\/estudio-utalca-migrantes-perciben-prejuicios-para-acceder-al-mercado-laboral\/12\/15\/\">Estudio UTalca: migrantes perciben prejuicios para acceder al mercado laboral. Se refiere Medardo Aguirre Gonz\u00e1lez, director del Centro Nacional de Estudios Migratorios (CENEM).<\/a><\/p><p>\u00a0<\/p><p><strong>EL HERALDO<\/strong><\/p><p><a href=\"https:\/\/www.litoralpress.cl\/paginaconsultas\/Servicios_NClipSitio\/Get_Imagen_Nota.aspx?LPKey=JG4AHQ5SAZBNKZ4G2FHY45KZXPOP5VRB3VUQ6442XZ5BB5K7M5ZVVNY3MNNJKD2ZAMJBYW4XLPUTM\">Estudio UTalca: Extranjeros perciben prejuicios para acceder al mercado laboral. Se refiere Medardo Aguirre Gonz\u00e1lez, director del Centro Nacional de Estudios Migratorios (CENEM).<\/a><\/p><p>\u00a0<\/p><p><strong>EL LECTOR<\/strong><\/p><p><a href=\"https:\/\/www.litoralpress.cl\/paginaconsultas\/Servicios_NClipSitio\/Get_Imagen_Nota.aspx?LPKey=DH5J3T7VPA3G4X7YKMY6OJORVZRNJM6DDRNWI5SYSWWYXUCJBV3WFFJ3ZR24LC4GRI45D2D4DYOYE\">Estudio UTalca: Extranjeros perciben prejuicios para acceder al mercado laboral. Se refiere Medardo Aguirre Gonz\u00e1lez, director del Centro Nacional de Estudios Migratorios (CENEM).<\/a><\/p><p>\u00a0<\/p><p><strong>LA PRENSA<\/strong><\/p><p><a href=\"https:\/\/www.litoralpress.cl\/paginaconsultas\/Servicios_NClipSitio\/Get_Imagen_Nota.aspx?LPKey=AEZPRRD357YASWFXRWEZY5IR77JF2C3TKPJ7Z3PPAVUKC3SF3P6TZXTYTNF6EHZV3N4CXF2GWGX56\">Extranjeros perciben prejuicios para ingresar al mercado laboral. Se refiere Medardo Aguirre Gonz\u00e1lez, director del Centro Nacional de Estudios Migratorios (CENEM).<\/a><\/p><p>\u00a0<\/p><p><strong>DIARIOTALCA.CL<\/strong><\/p><p><a href=\"https:\/\/diariotalca.cl\/estudio-utalca-extranjeros-perciben-prejuicios-para-acceder-al-mercado-laboral\/\">Estudio UTalca: Extranjeros perciben prejuicios para acceder al mercado laboral. Se refiere Medardo Aguirre Gonz\u00e1lez, director del Centro Nacional de Estudios Migratorios (CENEM).<\/a><\/p><p>\u00a0<\/p><p><strong>DIARIOELHERALDO.CL<\/strong><\/p><p><a href=\"https:\/\/www.diarioelheraldo.cl\/noticia\/estudio-utalca-extranjeros-perciben-prejuicios-para-acceder-al-mercado-laboral-\">Estudio UTalca: Extranjeros perciben prejuicios para acceder al mercado laboral. Se refiere Medardo Aguirre Gonz\u00e1lez, director del Centro Nacional de Estudios Migratorios (CENEM).<\/a><\/p><p>\u00a0<\/p><p><strong>G5NOTICIAS.CL<\/strong><\/p><p><a href=\"https:\/\/g5noticias.cl\/2022\/12\/15\/estudio-utalca-extranjeros-perciben-prejuicios-para-acceder-al-mercado-laboral\/\">Estudio UTalca: Extranjeros perciben prejuicios para acceder al mercado laboral. Se refiere Medardo Aguirre Gonz\u00e1lez, director del Centro Nacional de Estudios Migratorios (CENEM).<\/a><\/p><p>\u00a0<\/p><p><strong>LA SEGUNDA<\/strong><\/p><p><a href=\"https:\/\/www.litoralpress.cl\/sitio\/Prensa_PaginaCompleta.cshtml?LPKey=ITIIMJRSOZ7RHAZ7OZH7XQCKVPLDXVHMRR44R2SHZ5GWVFLJO2VQ\">Marta Herrera parte con menos votos que Jos\u00e9 Morales en el Senado. Se refiere Mauricio Morales Quiroga, director del Centro de An\u00e1lisis Pol\u00edtico (CAP).<\/a><\/p><p>\u00a0<\/p><p><strong>RADIO INFINITA<\/strong><\/p><p><a href=\"https:\/\/www.litoralpress.cl\/sitio\/RadioTV_Detalles.cshtml?LPKey=YYGN5A4FKS7TXDIPAWUVRX5QTBVKBBHMTU72MUFXFRF6MX6ZPYYWNARJTKT4VN6XLUJD7OBOOQ7SE\">Comentario de Mauricio Morales, director del Centro de An\u00e1lisis Pol\u00edtico (CAP).<\/a><\/p><p>\u00a0<\/p><p><strong>EL TIP\u00d3GRAFO<\/strong><\/p><p><a href=\"https:\/\/www.litoralpress.cl\/paginaconsultas\/Servicios_NClipSitio\/Get_Imagen_Nota.aspx?LPKey=QOTON5CEDPQ7VVPGCBDJEOHQJZPDRWIAGGWAH4FIJYZFF7ZCL4VM2EM4M6U77Z2RFKF7I2EDI4TUU\">Proceso Constituyente 2.0. Columna de opini\u00f3n de Mario Herrera, acad\u00e9mico del Centro de An\u00e1lisis Pol\u00edtico (CAP).<\/a><\/p><p>\u00a0<\/p><p><strong>TVMAULE.CL<\/strong><\/p><p><a href=\"https:\/\/www.tvmaule.cl\/universitarios-emprendedores-conozcamos-las-hermosas-prendas-intervenidas-estilo-tie-dye\/\">Universitarios emprendedores: conozcamos las hermosas prendas intervenidas estilo Tie Dye. Se refiere Javier Y\u00e9venes, estudiante.<\/a><\/p><p>\u00a0<\/p><p><strong>LA PRENSA<\/strong><\/p><p><a href=\"https:\/\/www.litoralpress.cl\/paginaconsultas\/Servicios_NClipSitio\/Get_Imagen_Nota.aspx?LPKey=TLU6WCIDJTM32D6AL3LX3G5MV56A2FMZEMCY37OQVSNOKBPQANUVT3C73FEQOBHOFHCDBGL6UKSNC\">Se realiz\u00f3 lanzamiento de libro \u201cHijo del Guaiquillo\u201d del poeta curicano Am\u00e9rico Reyes. Se menciona el Centro de Extensi\u00f3n Curic\u00f3.\u00a0<\/a><\/p><p>\u00a0<\/p>\t\t\t\t\t\t<\/div>\n\t\t\t\t<\/div>\n\t\t\t\t\t<\/div>\n\t\t<\/div>\n\t\t\t\t\t\t\t<\/div>\n\t\t<\/section>\n\t\t\t\t\t\t<\/div>\n\t\t\t\t\t<\/div>\n\t\t","protected":false},"excerpt":{"rendered":"<p>RADIO ANCOA Entrevista a Mauricio V\u00e9liz Campos, decano de la Facultad de Ciencias de la Educaci\u00f3n. \u00a0 MEDIABANCO.COM Investigan la relaci\u00f3n entre pobreza, el desarrollo cognitivo y la estimulaci\u00f3n en la primera infancia. Se refiere Cristi\u00e1n Rojas Barahona, acad\u00e9mico de la Facultad de Psicolog\u00eda. \u00a0 RADIO COOPERATIVA Contin\u00faa el combate de m\u00faltiples incendios forestales en &hellip;<\/p>\n<p class=\"read-more\"> <a class=\"\" href=\"https:\/\/www.reportedeprensa.utalca.cl\/?p=6066\"> <span class=\"screen-reader-text\">16 de diciembre de 2022<\/span> Read More &raquo;<\/a><\/p>\n","protected":false},"author":1,"featured_media":0,"comment_status":"closed","ping_status":"open","sticky":false,"template":"","format":"standard","meta":{"_monsterinsights_skip_tracking":false,"_monsterinsights_sitenote_active":false,"_monsterinsights_sitenote_note":"","_monsterinsights_sitenote_category":0},"categories":[28],"tags":[],"_links":{"self":[{"href":"https:\/\/www.reportedeprensa.utalca.cl\/index.php?rest_route=\/wp\/v2\/posts\/6066"}],"collection":[{"href":"https:\/\/www.reportedeprensa.utalca.cl\/index.php?rest_route=\/wp\/v2\/posts"}],"about":[{"href":"https:\/\/www.reportedeprensa.utalca.cl\/index.php?rest_route=\/wp\/v2\/types\/post"}],"author":[{"embeddable":true,"href":"https:\/\/www.reportedeprensa.utalca.cl\/index.php?rest_route=\/wp\/v2\/users\/1"}],"replies":[{"embeddable":true,"href":"https:\/\/www.reportedeprensa.utalca.cl\/index.php?rest_route=%2Fwp%2Fv2%2Fcomments&post=6066"}],"version-history":[{"count":7,"href":"https:\/\/www.reportedeprensa.utalca.cl\/index.php?rest_route=\/wp\/v2\/posts\/6066\/revisions"}],"predecessor-version":[{"id":6076,"href":"https:\/\/www.reportedeprensa.utalca.cl\/index.php?rest_route=\/wp\/v2\/posts\/6066\/revisions\/6076"}],"wp:attachment":[{"href":"https:\/\/www.reportedeprensa.utalca.cl\/index.php?rest_route=%2Fwp%2Fv2%2Fmedia&parent=6066"}],"wp:term":[{"taxonomy":"category","embeddable":true,"href":"https:\/\/www.reportedeprensa.utalca.cl\/index.php?rest_route=%2Fwp%2Fv2%2Fcategories&post=6066"},{"taxonomy":"post_tag","embeddable":true,"href":"https:\/\/www.reportedeprensa.utalca.cl\/index.php?rest_route=%2Fwp%2Fv2%2Ftags&post=6066"}],"curies":[{"name":"wp","href":"https:\/\/api.w.org\/{rel}","templated":true}]}}