{"id":6084,"date":"2022-12-19T09:34:00","date_gmt":"2022-12-19T12:34:00","guid":{"rendered":"https:\/\/www.reportedeprensa.utalca.cl\/?p=6084"},"modified":"2022-12-19T10:13:53","modified_gmt":"2022-12-19T13:13:53","slug":"19-de-diciembre-de-2022","status":"publish","type":"post","link":"https:\/\/www.reportedeprensa.utalca.cl\/?p=6084","title":{"rendered":"19 de diciembre de 2022"},"content":{"rendered":"\t\t<div data-elementor-type=\"wp-post\" data-elementor-id=\"6084\" class=\"elementor elementor-6084\" data-elementor-settings=\"[]\">\n\t\t\t\t\t\t\t<div class=\"elementor-section-wrap\">\n\t\t\t\t\t\t\t<section class=\"elementor-section elementor-top-section elementor-element elementor-element-2a4b4b83 elementor-section-boxed elementor-section-height-default elementor-section-height-default\" data-id=\"2a4b4b83\" data-element_type=\"section\">\n\t\t\t\t\t\t<div class=\"elementor-container elementor-column-gap-default\">\n\t\t\t\t\t<div class=\"elementor-column elementor-col-100 elementor-top-column elementor-element elementor-element-24a78540\" data-id=\"24a78540\" data-element_type=\"column\">\n\t\t\t<div class=\"elementor-widget-wrap elementor-element-populated\">\n\t\t\t\t\t\t\t\t<div class=\"elementor-element elementor-element-55b07e54 elementor-widget elementor-widget-text-editor\" data-id=\"55b07e54\" data-element_type=\"widget\" data-widget_type=\"text-editor.default\">\n\t\t\t\t<div class=\"elementor-widget-container\">\n\t\t\t\t\t\t\t\t<p><strong>MEDIABANCO.COM<\/strong><\/p><p><a href=\"https:\/\/www.mediabanco.com\/universidad-de-talca-entrega-becas-a-estudiantes-destacados-2022\/\">Universidad de Talca entrega becas a estudiantes destacados 2022. Se refieren Carlos Torres Fuchslocher, rector de la UTalca; Paula Caballero, vicerrectora de Desarrollo Estudiantil; y los estudiantes Juan Agust\u00edn Gachot Squella y Catalina V\u00e1squez Hern\u00e1ndez.<\/a><\/p><p>\u00a0<\/p><p><strong>LANOTICIA.CL<\/strong><\/p><p><a href=\"https:\/\/lanoticia.cl\/universidad-de-talca-entrega-becas-a-estudiantes-destacados-2022\/\">Universidad de Talca entrega becas a estudiantes destacados 2022. Se refieren Carlos Torres Fuchslocher, rector de la UTalca; Paula Caballero, vicerrectora de Desarrollo Estudiantil; y los estudiantes Juan Agust\u00edn Gachot Squella y Catalina V\u00e1squez Hern\u00e1ndez.<\/a><\/p><p>\u00a0<\/p><p><strong>ELCENTRO.CL<\/strong><\/p><p><a href=\"https:\/\/elcentro.cl\/2022\/12\/18\/universidad-de-talca-entrega-beca-a-estudiantes-destacados-2022\/\">Universidad de Talca entrega beca a estudiantes destacados 2022. Se refieren Carlos Torres Fuchslocher, rector de la UTalca; Paula Caballero, vicerrectora de Desarrollo Estudiantil; y los estudiantes Juan Agust\u00edn Gachot Squella y Catalina V\u00e1squez Hern\u00e1ndez.<\/a><\/p><p>\u00a0<\/p><p><strong>LADIRECTALONGAVIANA.CL<\/strong><\/p><p><a href=\"https:\/\/www.ladirectalongaviana.cl\/2022\/12\/16\/universidad-de-talca-entrega-becas-a-estudiantes-destacados-2022\/\">Universidad de Talca entrega becas a estudiantes destacados 2022. Se refieren Carlos Torres Fuchslocher, rector de la UTalca; Paula Caballero, vicerrectora de Desarrollo Estudiantil; y los estudiantes Juan Agust\u00edn Gachot Squella y Catalina V\u00e1squez Hern\u00e1ndez.<\/a><\/p><p>\u00a0<\/p><p><strong>LA TERCERA<\/strong><\/p><p><a href=\"https:\/\/www.litoralpress.cl\/paginaconsultas\/Servicios_NClipSitio\/Get_Imagen_Nota.aspx?LPKey=45DZJSQOBGFCZZE4LSIQK5PGCPJ6IMEEWPJKOMBB57RCIBBBGAB7U2SNWG7KVV327TSLSJBC3IQAA\">Ranking de Universidades La Tercera \u2013 Qu\u00e9 Pasa. Se menciona a la UTalca.<\/a><\/p><p>\u00a0<\/p><p><strong>LA TERCERA<\/strong><\/p><p><a href=\"https:\/\/www.litoralpress.cl\/sitio\/Prensa_PaginaCompleta.cshtml?LPKey=CV55RRUEME7RWWOSWD4AFNJ36SVI6RFBHHHWOQARN5SISM6DGR4A\">Ranking de percepci\u00f3n de calidad del mercado laboral por carrera. Se mencionan como destacadas las carreras de Arquitectura, Derecho, Odontolog\u00eda.<\/a><\/p><p>\u00a0<\/p><p><strong>LA TERCERA<\/strong><\/p><p><a href=\"https:\/\/www.litoralpress.cl\/sitio\/Prensa_Detalles.cshtml?LPKey=XHI5AOJIBJSUGQELMZ75IQ2YYSTALKKUVAESK5QMH3WPY5PGGZJA\">Ranking de calidad de los acad\u00e9micos.<\/a><\/p><p>\u00a0<\/p><p><strong>LA TERCERA<\/strong><\/p><p><a href=\"https:\/\/www.litoralpress.cl\/paginaconsultas\/Servicios_NClipSitio\/Get_Imagen_Nota.aspx?LPKey=NJ3BJDECKEQPXIOFVCQEJSZBNC65YAOZVF44F2TT3WDNLPRIPFFBI3CMCII7TVJVEP2QIMCF5BSXA\">Ranking de calidad de los alumnos.<\/a><\/p><p>\u00a0<\/p><p><strong>LA TERCERA<\/strong><\/p><p><a href=\"https:\/\/www.litoralpress.cl\/sitio\/Prensa_Detalles.cshtml?LPKey=DG54YAERLQ6XPD26SFVQ5UMB5A2KNFY5UVH5AVPB7VPKK7D3MHOA\">Ranking de calidad de la gesti\u00f3n.<\/a><\/p><p>\u00a0<\/p><p><strong>LA TERCERA<\/strong><\/p><p><a href=\"https:\/\/www.litoralpress.cl\/paginaconsultas\/Servicios_NClipSitio\/Get_Imagen_Nota.aspx?LPKey=ME734GK7JJEPCWR4EZAQ2IWPKXJTE22EZDCZZPMGXSLJA2B4SJFTX3CHH6563SU3X22IZOLPZYF4I\">Ranking de calidad de la investigaci\u00f3n.<\/a><\/p><p>\u00a0<\/p><p><strong>LA TERCERA<\/strong><\/p><p><a href=\"https:\/\/www.litoralpress.cl\/sitio\/Prensa_Detalles.cshtml?LPKey=TPS5UMCPOGSIVGCRFB7R53442LDNWMFSEIYF6RNA2I7BF4ZXG2EQ\">Ranking de percepci\u00f3n de calidad del mercado laboral.<\/a><\/p><p>\u00a0<\/p><p><strong>MEDIABANCO.COM<\/strong><\/p><p><a href=\"https:\/\/www.mediabanco.com\/ranking-nacional-destaca-a-la-universidad-de-talca-en-innovacion-desarrollo-e-investigacion\/\">Ranking nacional destaca a la Universidad de Talca en Innovaci\u00f3n, Desarrollo e Investigaci\u00f3n. Se refiere Ariela Vergara Jaque, vicerrectora de Innovaci\u00f3n.<\/a><\/p><p>\u00a0<\/p><p><strong>CAUQUENESNET.CL<\/strong><\/p><p><a href=\"https:\/\/cauquenesnet.cl\/2022\/12\/18\/ranking-nacional-destaca-a-la-universidad-de-talca-en-innovacion-desarrollo-e-investigacion\/\">Ranking nacional destaca a la Universidad de Talca en Innovaci\u00f3n, Desarrollo e Investigaci\u00f3n. Se refiere Ariela Vergara Jaque, vicerrectora de Innovaci\u00f3n.<\/a><\/p><p>\u00a0<\/p><p><strong>RADIO VLN CURIC\u00d3<\/strong><\/p><p><a href=\"https:\/\/www.litoralpress.cl\/sitio\/RadioTV_Detalles.cshtml?LPKey=XHLRIVOXS6PL7DG3ASSHTQGNNIO5PL4TFGLW6ORPX6CVE262HEEBITXASRMINKICJTUUSGGDN35BS\">Desarrollo de la Escuela de Ingenier\u00eda Civil de Minas. Entrevista a Carlos Moraga, acad\u00e9mico de la Escuela de Ingenier\u00eda Civil de Minas.<\/a><\/p><p>\u00a0<\/p><p><strong>ELMOSTRADOR.CL<\/strong><\/p><p><a href=\"https:\/\/www.elmostrador.cl\/agenda-pais\/2022\/12\/17\/investigan-la-relacion-entre-pobreza-el-desarrollo-cognitivo-y-la-estimulacion-en-la-primera-infancia\/\">Investigan la relaci\u00f3n entre pobreza, el desarrollo cognitivo y la estimulaci\u00f3n en la primera infancia. Se refiere Cristian Rojas Barahona, acad\u00e9mico de la Facultad de Psicolog\u00eda.<\/a><\/p><p>\u00a0<\/p><p><strong>ELCIUDADANO.COM<\/strong><\/p><p><a href=\"https:\/\/www.elciudadano.com\/chile\/chile-estudio-confirma-relacion-entre-pobreza-desarrollo-cognitivo-y-estimulacion-en-la-primera-infancia\/12\/18\/\">Estudio confirma relaci\u00f3n entre pobreza, desarrollo cognitivo y estimulaci\u00f3n en la primera infancia. Se refiere Cristian Rojas Barahona, acad\u00e9mico de la Facultad de Psicolog\u00eda.<\/a><\/p><p>\u00a0<\/p><p><strong>G5NOTICIAS.CL<\/strong><\/p><p><a href=\"https:\/\/g5noticias.cl\/2022\/12\/16\/investigan-la-relacion-entre-pobreza-el-desarrollo-cognitivo-y-la-estimulacion-en-la-primera-infancia\/\">Investigan la relaci\u00f3n entre pobreza, el desarrollo cognitivo y la estimulaci\u00f3n en la primera infancia. Se refiere Cristian Rojas Barahona, acad\u00e9mico de la Facultad de Psicolog\u00eda.<\/a><\/p><p>\u00a0<\/p><p><strong>RADIOPOLAR.COM<\/strong><\/p><p><a href=\"https:\/\/radiopolar.com\/noticia_182088.html\">Investigan la relaci\u00f3n entre pobreza, el desarrollo cognitivo y la estimulaci\u00f3n en la primera infancia. Se refiere Cristian Rojas Barahona, acad\u00e9mico de la Facultad de Psicolog\u00eda.<\/a><\/p><p>\u00a0<\/p><p><strong>MEDIABANCO.COM<\/strong><\/p><p><a href=\"https:\/\/www.mediabanco.com\/exrector-de-la-utalca-recibio-medalla-wilhelm-von-humboldt-2022\/\">Exrector de la UTalca recibi\u00f3 medalla Wilhelm von Humboldt. Se refiere Jochen Fritz, director de las Escuelas de Pedagog\u00edas en Alem\u00e1n.<\/a><\/p><p>\u00a0<\/p><p><strong>EL MERCURIO<\/strong><\/p><p><a href=\"https:\/\/www.litoralpress.cl\/sitio\/Prensa_PaginaCompleta.cshtml?LPKey=GQEDKYXBXWQTKR6OCIM4SHJS2RZVEZQ5UYTE4FWZJBFMQLP6H2IA\">La olla a presi\u00f3n de la crisis migratoria que enfrenta Chile. Se refiere Medardo Aguirre Gonz\u00e1lez, director del Centro Nacional de Estudios Migratorios (CENEM).<\/a><\/p><p>\u00a0<\/p><p><strong>CANAL CNN<\/strong><\/p><p><a href=\"https:\/\/www.litoralpress.cl\/sitio\/RadioTV_Detalles.cshtml?LPKey=XOCPFK6V54FCIBT2BYVURIC43PMN3UTTB46YDJRPZKGM6WTYUOEQYYDNRHPYFBOLSUB4LJSZQNJLU\">\u00bfC\u00f3mo cuidar las plantas de las altas temperaturas? Fen\u00f3meno en las plantas que provocan estas olas de calor. Entrevista a Patricio Gonz\u00e1lez Colville, acad\u00e9mico del Centro de Investigaci\u00f3n y Transferencia en Riego y Agroclimatolog\u00eda (CITRA).<\/a><\/p><p>\u00a0<\/p><p><strong>ELCIUDADANO.COM<\/strong><\/p><p><a href=\"https:\/\/www.elciudadano.com\/chile\/clima-extremo-advierten-que-intensas-olas-de-calor-afectarian-la-produccion-agricola-chilena\/12\/16\/\">Clima extremo: Advierten que intensas olas de calor afectar\u00edan la producci\u00f3n agr\u00edcola chilena. Se refiere Patricio Gonz\u00e1lez Colville, acad\u00e9mico del Centro de Investigaci\u00f3n y Transferencia en Riego y Agroclimatolog\u00eda (CITRA).<\/a><\/p><p>\u00a0<\/p><p><strong>ADPRENSA.CL<\/strong><\/p><p><a href=\"https:\/\/www.adprensa.cl\/cronica\/olas-de-calor-afectarian-produccion-agricola-chilena\/\">Olas de calor afectar\u00edan producci\u00f3n agr\u00edcola chilena. Se refiere Patricio Gonz\u00e1lez Colville, acad\u00e9mico del Centro de Investigaci\u00f3n y Transferencia en Riego y Agroclimatolog\u00eda (CITRA).<\/a><\/p><p>\u00a0<\/p><p><strong>MEDIABANCO.COM<\/strong><\/p><p><a href=\"https:\/\/www.mediabanco.com\/olas-de-calor-afectarian-produccion-agricola-chilena\/\">Olas de calor afectar\u00edan producci\u00f3n agr\u00edcola chilena. Se refiere Patricio Gonz\u00e1lez Colville, acad\u00e9mico del Centro de Investigaci\u00f3n y Transferencia en Riego y Agroclimatolog\u00eda (CITRA).<\/a><\/p><p>\u00a0<\/p><p><strong>DIARIOSENRED.COM<\/strong><\/p><p><a href=\"https:\/\/diariosenred.com\/nacional\/olas-de-calor-afectarian-produccion-agricola-chilena\">Olas de calor afectar\u00edan producci\u00f3n agr\u00edcola chilena. Se refiere Patricio Gonz\u00e1lez Colville, acad\u00e9mico del Centro de Investigaci\u00f3n y Transferencia en Riego y Agroclimatolog\u00eda (CITRA).<\/a><\/p><p>\u00a0<\/p><p><strong>LA PRENSA<\/strong><\/p><p><a href=\"https:\/\/www.litoralpress.cl\/paginaconsultas\/Servicios_NClipSitio\/Get_Imagen_Nota.aspx?LPKey=EESWKYA2BFUC2L2HK4FM6Y4M3NQ3FU6KDKJLIZDM4VHKORCBHM3DARGZJVNI5TGPXZOYW5I7DBQS6\">Advierten sobre efectos de \u201cOlas de Calor\u201d en producci\u00f3n agr\u00edcola. Se refiere Patricio Gonz\u00e1lez Colville, acad\u00e9mico del Centro de Investigaci\u00f3n y Transferencia en Riego y Agroclimatolog\u00eda (CITRA).<\/a><\/p><p>\u00a0<\/p><p><strong>EL HERALDO<\/strong><\/p><p><a href=\"https:\/\/www.litoralpress.cl\/paginaconsultas\/Servicios_NClipSitio\/Get_Imagen_Nota.aspx?LPKey=2POQZIKZDUUW4JIILLYVUQN2XCDNIL5DGY5WGH6QGRPARZOQWFUFLSI4L7FYE3KMF3MD7P5WEWK7G\">Olas de calor afectar\u00edan producci\u00f3n agr\u00edcola chilena. Se refiere Patricio Gonz\u00e1lez Colville, acad\u00e9mico del Centro de Investigaci\u00f3n y Transferencia en Riego y Agroclimatolog\u00eda (CITRA).<\/a><\/p><p>\u00a0<\/p><p><strong>EL LECTOR<\/strong><\/p><p><a href=\"https:\/\/www.litoralpress.cl\/paginaconsultas\/Servicios_NClipSitio\/Get_Imagen_Nota.aspx?LPKey=23ZWQWL6VGO6WXMNNUCZQ3TIZ32B6FP4772J2T4ZD4EQGPQXUZHF7KW2TKATHLJLQQRXI4ZUPACYM\">Olas de calor afectar\u00edan producci\u00f3n agr\u00edcola chilena. Se refiere Patricio Gonz\u00e1lez Colville, acad\u00e9mico del Centro de Investigaci\u00f3n y Transferencia en Riego y Agroclimatolog\u00eda (CITRA).<\/a><\/p><p>\u00a0<\/p><p><strong>RADIO AMIGA<\/strong><\/p><p><a href=\"https:\/\/www.litoralpress.cl\/sitio\/RadioTV_Detalles.cshtml?LPKey=ULQUCCDRVB7BSNOIWE6LNZ2BJJIGHZZ7WENLCT42OCXY7P5RRAG2UHBYINHBXQBZF4DFS6VZUOBTM\">Se estima que la ola de calor en el verano llegar\u00eda a temperaturas entre los 36 y 38 grados en la zona central del pa\u00eds. Se refiere Patricio Gonz\u00e1lez Colville, acad\u00e9mico del Centro de Investigaci\u00f3n y Transferencia en Riego y Agroclimatolog\u00eda (CITRA).<\/a><\/p><p>\u00a0<\/p><p><strong>DIARIOTALCA.CL<\/strong><\/p><p><a href=\"https:\/\/diariotalca.cl\/aseguran-que-olas-de-calor-afectarian-produccion-agricola-en-el-maule\/\">Aseguran que olas de calor afectar\u00edan producci\u00f3n agr\u00edcola en el Maule. Se refiere Patricio Gonz\u00e1lez Colville, acad\u00e9mico del Centro de Investigaci\u00f3n y Transferencia en Riego y Agroclimatolog\u00eda (CITRA).<\/a><\/p><p>\u00a0<\/p><p><strong>ELCENTRO.CL<\/strong><\/p><p><a href=\"https:\/\/elcentro.cl\/2022\/12\/17\/olas-de-calor-afectarian-produccion-agricola-chilena\/\">Olas de calor afectar\u00edan producci\u00f3n agr\u00edcola chilena. Se refiere Patricio Gonz\u00e1lez Colville, acad\u00e9mico del Centro de Investigaci\u00f3n y Transferencia en Riego y Agroclimatolog\u00eda (CITRA).<\/a><\/p><p>\u00a0<\/p><p><strong>REDMAULE.COM<\/strong><\/p><p><a href=\"https:\/\/www.redmaule.com\/nacional\/olas-de-calor-afectarian-produccion-agricola-chilena\">Olas de calor afectar\u00edan producci\u00f3n agr\u00edcola chilena. Se refiere Patricio Gonz\u00e1lez Colville, acad\u00e9mico del Centro de Investigaci\u00f3n y Transferencia en Riego y Agroclimatolog\u00eda (CITRA).<\/a><\/p><p>\u00a0<\/p><p><strong>SEPTIMAPAGINANOTICIAS.CL<\/strong><\/p><p><a href=\"https:\/\/www.septimapaginanoticias.cl\/olas-de-calor-afectarian-produccion-agricola-chilena\">Olas de calor afectar\u00edan producci\u00f3n agr\u00edcola chilena. Se refiere Patricio Gonz\u00e1lez Colville, acad\u00e9mico del Centro de Investigaci\u00f3n y Transferencia en Riego y Agroclimatolog\u00eda (CITRA).<\/a><\/p><p>\u00a0<\/p><p><strong>ELMAULEINFORMA.CL<\/strong><\/p><p><a href=\"https:\/\/elmauleinforma.cl\/olas-de-calor-afectarian-produccion-agricola-chilena\/\">Olas de calor afectar\u00edan producci\u00f3n agr\u00edcola chilena. Se refiere Patricio Gonz\u00e1lez Colville, acad\u00e9mico del Centro de Investigaci\u00f3n y Transferencia en Riego y Agroclimatolog\u00eda (CITRA).<\/a><\/p><p>\u00a0<\/p><p><strong>ENLINEAMAULE.CL<\/strong><\/p><p><a href=\"https:\/\/enlineamaule.cl\/archivo\/50594\">Los \u201cGolpes de sol\u201d pueden causar da\u00f1os las producciones agr\u00edcolas. Se refiere Patricio Gonz\u00e1lez Colville, acad\u00e9mico del Centro de Investigaci\u00f3n y Transferencia en Riego y Agroclimatolog\u00eda (CITRA).<\/a><\/p><p>\u00a0<\/p><p><strong>LINARESENLINEA.CL<\/strong><\/p><p><a href=\"https:\/\/www.linaresenlinea.cl\/2022\/12\/16\/olas-de-calor-afectarian-produccion-agricola-chilena\/\">Olas de calor afectar\u00edan producci\u00f3n agr\u00edcola chilena. Se refiere Patricio Gonz\u00e1lez Colville, acad\u00e9mico del Centro de Investigaci\u00f3n y Transferencia en Riego y Agroclimatolog\u00eda (CITRA).<\/a><\/p><p>\u00a0<\/p><p><strong>RADIOGUAYACAN.CL<\/strong><\/p><p><a href=\"https:\/\/radioguayacan.cl\/index.php\/2022\/12\/16\/olas-de-calor-afectarian-produccion-agricola-chilena\/\">Olas de calor afectar\u00edan producci\u00f3n agr\u00edcola chilena. Se refiere Patricio Gonz\u00e1lez Colville, acad\u00e9mico del Centro de Investigaci\u00f3n y Transferencia en Riego y Agroclimatolog\u00eda (CITRA).<\/a><\/p><p>\u00a0<\/p><p><strong>RADIO 13C<\/strong><\/p><p><a href=\"https:\/\/www.litoralpress.cl\/sitio\/RadioTV_Detalles.cshtml?LPKey=YY3NA2TWO3UV4GFFBIFIUOEV6QZLCBDKIST2A6427MKOM2XF3MZ4AECD5HJLXOZPB6U5JMV7IMR2A\">C\u00f3mo evitar fraudes inform\u00e1ticos. Entrevista a Rodrigo Bustamante, jefe de la Unidad de Seguridad Digital.<\/a><\/p><p>\u00a0<\/p><p><strong>PORTAL RADIOS REGIONALES<\/strong><\/p><p><a href=\"https:\/\/www.litoralpress.cl\/sitio\/RadioTV_Detalles.cshtml?LPKey=M6AHOHSBVU5ATCB2ZL2R3WRJ5O2IRP3QXLZ433KPBFNFZIDJRX4C2YPU36G7LE5FGLXU5RQHGOZUY\">C\u00f3mo debemos ejecutar de forma segura las compras online. Entrevista a Rodrigo Bustamante, jefe de la Unidad de Seguridad Digital.<\/a><\/p><p>\u00a0<\/p><p><strong>RADIOSREGIONALES.CL<\/strong><\/p><p><a href=\"https:\/\/radiosregionales.cl\/entrevista-como-hacer-una-buena-y-segura-compra-online-este-fin-de-ano\/\">\u00bfC\u00f3mo hacer una buena y segura compra online este fin de a\u00f1o? Se refiere Rodrigo Bustamante, jefe de la Unidad de Seguridad Digital.<\/a><\/p><p>\u00a0<\/p><p><strong>EXANTE.CL<\/strong><\/p><p><a href=\"https:\/\/www.ex-ante.cl\/edad-de-jubilacion-un-tabu-que-perpetua-la-brecha-de-genero-en-pensiones-por-andrea-bentancor-y-pablo-pincheira-brown\/\">Edad de jubilaci\u00f3n: un tab\u00fa que perpet\u00faa la brecha de g\u00e9nero en pensiones. Columna de opini\u00f3n de Andrea Bentancor, acad\u00e9mica de la Facultad de Econom\u00eda y Negocios (FEN).<\/a><\/p><p>\u00a0<\/p><p><strong>ADPRENSA.CL<\/strong><\/p><p><a href=\"https:\/\/www.adprensa.cl\/cronica\/entregan-recomendaciones-para-disminuir-la-brecha-salarial-por-genero\/\">Entregan recomendaciones para disminuir la brecha salarial por g\u00e9nero. Se refiere Irene Rojas Mi\u00f1o, directora del Centro de Estudios del Trabajo y de la Seguridad Social (CENTRASS).<\/a><\/p><p>\u00a0<\/p><p><strong>MEDIABANCO.COM<\/strong><\/p><p><a href=\"https:\/\/www.mediabanco.com\/entregan-recomendaciones-para-disminuir-la-brecha-salarial-por-genero\/\">Entregan recomendaciones para disminuir la brecha salarial por g\u00e9nero. Se refiere Irene Rojas Mi\u00f1o, directora del Centro de Estudios del Trabajo y de la Seguridad Social (CENTRASS).<\/a><\/p><p>\u00a0<\/p><p><strong>ELCENTRO.CL<\/strong><\/p><p><a href=\"https:\/\/elcentro.cl\/2022\/12\/18\/entregan-recomendaciones-para-disminuir-la-brecha-salarial-por-genero\/\">Entregan recomendaciones para disminuir la brecha salarial por g\u00e9nero. Se refiere Irene Rojas Mi\u00f1o, directora del Centro de Estudios del Trabajo y de la Seguridad Social (CENTRASS).<\/a><\/p><p>\u00a0<\/p><p><strong>ELCENTRO.CL<\/strong><\/p><p><a href=\"https:\/\/elcentro.cl\/2022\/12\/16\/dejar-que-las-instituciones-funcionen-a-proposito-de-la-nueva-propuesta-para-fiscal-nacional\/\">Dejar que las instituciones funcionen: a prop\u00f3sito de la nueva propuesta para Fiscal Nacional. Columna de opini\u00f3n de Diego Palomo V\u00e9lez, acad\u00e9mico de la Facultad de Ciencias Jur\u00eddicas y Sociales.<\/a><\/p><p>\u00a0<\/p><p><strong>CANAL MEGA<\/strong><\/p><p><a href=\"https:\/\/www.litoralpress.cl\/sitio\/RadioTV_Detalles.cshtml?LPKey=D6F5INU7APMQ763YM6OCDSSPPCCUTM45QZRLN7IG6KOOZTBW6B7DAMZ3TXFMOTDEB3ELRBNLOYP32\">Panel de conversaci\u00f3n sobre aumento de la delincuencia y acuerdo por seguridad, entre otros temas. Se refiere Mauricio Morales Quiroga, director del Centro de An\u00e1lisis Pol\u00edtico (CAP).<\/a><\/p><p>\u00a0<\/p><p><strong>MEGANOTICIAS.CL<\/strong><\/p><p><a href=\"https:\/\/www.meganoticias.cl\/nacional\/399689-mauricio-morales-cadem-analisis-acuerdo-constituyente-atado-18-12-2022.html\">Mauricio Morales analiza la \u00faltima encuesta Cadem y el acuerdo constituyente: &#8220;Todo atado y bien atado&#8221;. Se refiere el director del Centro de An\u00e1lisis Pol\u00edtico (CAP).<\/a><\/p><p>\u00a0<\/p><p><strong>ATENTOSCHILE.CL<\/strong><\/p><p><a href=\"https:\/\/www.litoralpress.cl\/sitio\/RadioTV_Detalles.cshtml?LPKey=GVUODU35ZKZEKDNDBP7Z43H6WKKV6VZN2V4U6MY4AUL6NPFKRWLMYXZQD3KCHGKXPKUZX6XRYXQV4\">Tren de Navidad. Entrevista a Marcela Albornoz Dachelet, directora de Extensi\u00f3n Cultural-Art\u00edstica.<\/a><\/p><p>\u00a0<\/p><p><strong>ELCENTRO.CL<\/strong><\/p><p><a href=\"https:\/\/elcentro.cl\/2022\/12\/16\/tren-de-navidad-de-la-utalca-entregara-cerca-de-mil-regalos-a-ninos-y-ninas\/\">Tren de Navidad de la UTalca entregar\u00e1 cerca de mil regalos a ni\u00f1os y ni\u00f1as.<\/a><\/p><p>\u00a0<\/p><p><strong>LA PRENSA<\/strong><\/p><p><a href=\"https:\/\/www.litoralpress.cl\/paginaconsultas\/Servicios_NClipSitio\/Get_Imagen_Nota.aspx?LPKey=EDMKGHJL56TPX55NHKSJYMXSX7IS5TGMUJ7JL43XRU2MX3GYDG2FPYGBOIPK3NYJAXHK55GBTH4RC\">Este martes todos Invitados a participar en el \u201cGeek Day&#8221;. Se refieren Rodrigo Vergara Cisternas, director Ejecutivo de MacroFacultad en la UTalca e Ignacio Morales, gestor de proyectos MacroFacultad.<\/a><\/p><p>\u00a0<\/p><p><strong>DIARIOESTRATEGIA.CL<\/strong><\/p><p><a href=\"https:\/\/www.diarioestrategia.cl\/texto-diario\/mostrar\/4110775\/gremios-gobierno-empresas-impulsan-tecnologia-encuentro-anual-aie-2022\">Gremios, Gobierno y Empresas Impulsan la Tecnolog\u00eda en Encuentro Anual AIE 2022. Se menciona a la UTalca.<\/a><\/p><p>\u00a0<\/p>\t\t\t\t\t\t<\/div>\n\t\t\t\t<\/div>\n\t\t\t\t\t<\/div>\n\t\t<\/div>\n\t\t\t\t\t\t\t<\/div>\n\t\t<\/section>\n\t\t\t\t\t\t<\/div>\n\t\t\t\t\t<\/div>\n\t\t","protected":false},"excerpt":{"rendered":"<p>MEDIABANCO.COM Universidad de Talca entrega becas a estudiantes destacados 2022. Se refieren Carlos Torres Fuchslocher, rector de la UTalca; Paula Caballero, vicerrectora de Desarrollo Estudiantil; y los estudiantes Juan Agust\u00edn Gachot Squella y Catalina V\u00e1squez Hern\u00e1ndez. \u00a0 LANOTICIA.CL Universidad de Talca entrega becas a estudiantes destacados 2022. Se refieren Carlos Torres Fuchslocher, rector de la &hellip;<\/p>\n<p class=\"read-more\"> <a class=\"\" href=\"https:\/\/www.reportedeprensa.utalca.cl\/?p=6084\"> <span class=\"screen-reader-text\">19 de diciembre de 2022<\/span> Read More &raquo;<\/a><\/p>\n","protected":false},"author":1,"featured_media":0,"comment_status":"closed","ping_status":"open","sticky":false,"template":"","format":"standard","meta":{"_monsterinsights_skip_tracking":false,"_monsterinsights_sitenote_active":false,"_monsterinsights_sitenote_note":"","_monsterinsights_sitenote_category":0},"categories":[28],"tags":[],"_links":{"self":[{"href":"https:\/\/www.reportedeprensa.utalca.cl\/index.php?rest_route=\/wp\/v2\/posts\/6084"}],"collection":[{"href":"https:\/\/www.reportedeprensa.utalca.cl\/index.php?rest_route=\/wp\/v2\/posts"}],"about":[{"href":"https:\/\/www.reportedeprensa.utalca.cl\/index.php?rest_route=\/wp\/v2\/types\/post"}],"author":[{"embeddable":true,"href":"https:\/\/www.reportedeprensa.utalca.cl\/index.php?rest_route=\/wp\/v2\/users\/1"}],"replies":[{"embeddable":true,"href":"https:\/\/www.reportedeprensa.utalca.cl\/index.php?rest_route=%2Fwp%2Fv2%2Fcomments&post=6084"}],"version-history":[{"count":7,"href":"https:\/\/www.reportedeprensa.utalca.cl\/index.php?rest_route=\/wp\/v2\/posts\/6084\/revisions"}],"predecessor-version":[{"id":6095,"href":"https:\/\/www.reportedeprensa.utalca.cl\/index.php?rest_route=\/wp\/v2\/posts\/6084\/revisions\/6095"}],"wp:attachment":[{"href":"https:\/\/www.reportedeprensa.utalca.cl\/index.php?rest_route=%2Fwp%2Fv2%2Fmedia&parent=6084"}],"wp:term":[{"taxonomy":"category","embeddable":true,"href":"https:\/\/www.reportedeprensa.utalca.cl\/index.php?rest_route=%2Fwp%2Fv2%2Fcategories&post=6084"},{"taxonomy":"post_tag","embeddable":true,"href":"https:\/\/www.reportedeprensa.utalca.cl\/index.php?rest_route=%2Fwp%2Fv2%2Ftags&post=6084"}],"curies":[{"name":"wp","href":"https:\/\/api.w.org\/{rel}","templated":true}]}}