{"id":6104,"date":"2022-12-20T10:13:28","date_gmt":"2022-12-20T13:13:28","guid":{"rendered":"https:\/\/www.reportedeprensa.utalca.cl\/?p=6104"},"modified":"2022-12-20T11:25:33","modified_gmt":"2022-12-20T14:25:33","slug":"20-de-diciembre-de-2022","status":"publish","type":"post","link":"https:\/\/www.reportedeprensa.utalca.cl\/?p=6104","title":{"rendered":"20 de diciembre de 2022"},"content":{"rendered":"\t\t<div data-elementor-type=\"wp-post\" data-elementor-id=\"6104\" class=\"elementor elementor-6104\" data-elementor-settings=\"[]\">\n\t\t\t\t\t\t\t<div class=\"elementor-section-wrap\">\n\t\t\t\t\t\t\t<section class=\"elementor-section elementor-top-section elementor-element elementor-element-2a4b4b83 elementor-section-boxed elementor-section-height-default elementor-section-height-default\" data-id=\"2a4b4b83\" data-element_type=\"section\">\n\t\t\t\t\t\t<div class=\"elementor-container elementor-column-gap-default\">\n\t\t\t\t\t<div class=\"elementor-column elementor-col-100 elementor-top-column elementor-element elementor-element-24a78540\" data-id=\"24a78540\" data-element_type=\"column\">\n\t\t\t<div class=\"elementor-widget-wrap elementor-element-populated\">\n\t\t\t\t\t\t\t\t<div class=\"elementor-element elementor-element-55b07e54 elementor-widget elementor-widget-text-editor\" data-id=\"55b07e54\" data-element_type=\"widget\" data-widget_type=\"text-editor.default\">\n\t\t\t\t<div class=\"elementor-widget-container\">\n\t\t\t\t\t\t\t\t<p><strong>REVISTA EL CENTRO<\/strong><\/p><p><a href=\"https:\/\/www.litoralpress.cl\/sitio\/Prensa_PaginaCompleta.cshtml?LPKey=DUTGKWGP6ZS537OWTI26YKRNJLDR7IELHIAE4LRVYLUJBM5ZUC6A\">Carlos Torres Fuchslocher rector de la Universidad de Talca, cuenta cu\u00e1les son las proyecciones de la Casa de Estudios para 2023.<\/a><\/p><p>\u00a0<\/p><p><strong>ELCENTRO.CL<\/strong><\/p><p><a href=\"https:\/\/elcentro.cl\/2022\/12\/19\/exclusiva-carlos-torres-fuchslocher-rector-de-la-universidad-de-talca-cuenta-cuales-son-las-proyecciones-de-la-casa-de-estudios-para-2023\/\">Carlos Torres Fuchslocher rector de la Universidad de Talca, cuenta cu\u00e1les son las proyecciones de la Casa de Estudios para 2023.<\/a><\/p><p>\u00a0<\/p><p><strong>MASQUENOTICIAS.CL<\/strong><\/p><p><a href=\"https:\/\/masquenoticias.cl\/2022\/12\/17\/universidad-de-talca-entrega-becas-a-estudiantes-destacados-2022\/\">Universidad de Talca entrega becas a estudiantes destacadas 2022. Se refieren Carlos Torres Fuchslocher, rector de la UTalca; Paula Caballero, vicerrectora de Desarrollo Estudiantil; y los estudiantes Juan Agust\u00edn Gachot Squella y Catalina V\u00e1squez Hern\u00e1ndez.<\/a><\/p><p>\u00a0<\/p><p><strong>LA PRENSA<\/strong><\/p><p><a href=\"https:\/\/www.litoralpress.cl\/paginaconsultas\/Servicios_NClipSitio\/Get_Imagen_Nota.aspx?LPKey=E5T64CBEGATPY3K4BLCDAVPWGHDFNYGLMKZ74M5E4MZOKPYIOLNUBC2F3P4TIZ53XITH4Z5N6TFRA\">Universidades estatales fortalecen generaci\u00f3n de cultura preventiva en comunidades estudiantiles. Se refiere Carlos Torres, Fuchslocher, rector de la UTalca.<\/a><\/p><p>\u00a0<\/p><p><strong>MASQUENOTICIAS.CL<\/strong><\/p><p><a href=\"https:\/\/masquenoticias.cl\/2022\/12\/18\/investigan-la-relacion-entre-pobreza-el-desarrollo-cognitivo-y-la-estimulacion-en-la-primera-infancia\/\">Investigan la relaci\u00f3n entre pobreza, el desarrollo cognitivo y la estimulaci\u00f3n en la primera infancia. Se refiere Cristi\u00e1n Rojas Barahona, acad\u00e9mico de la Facultad de Psicolog\u00eda.<\/a><\/p><p>\u00a0<\/p><p><strong>DIARIODELAEDUCACION.CL<\/strong><\/p><p><a href=\"https:\/\/diariodelaeducacion.cl\/Nacional\/entregan-recomendaciones-para-disminuir-la-brecha-salarial-por-genero\/\">Entregan recomendaciones para disminuir la brecha salarial por g\u00e9nero. Se refiere Irene Rojas Mi\u00f1o, directora del Centro de Estudios de Derecho del Trabajo y de la Seguridad Social (CENTRASS).<\/a><\/p><p>\u00a0<\/p><p><strong>ENESTRADO.COM<\/strong><\/p><p><a href=\"https:\/\/enestrado.com\/entregan-recomendaciones-para-disminuir-la-brecha-salarial-por-genero\/\">Entregan recomendaciones para disminuir la brecha salarial por g\u00e9nero. Se refiere Irene Rojas Mi\u00f1o, directora del Centro de Estudios de Derecho del Trabajo y de la Seguridad Social (CENTRASS).<\/a><\/p><p>\u00a0<\/p><p><strong>MASQUENOTICIAS.CL<\/strong><\/p><p><a href=\"https:\/\/masquenoticias.cl\/2022\/12\/17\/academica-y-especialista-en-derecho-laboral-entrega-recomendaciones-para-disminuir-la-brecha-salarial-por-genero\/\">Acad\u00e9mica y especialista en derecho laboral entrega recomendaciones para disminuir la brecha salarial por g\u00e9nero. Se refiere Irene Rojas Mi\u00f1o, directora del Centro de Estudios de Derecho del Trabajo y de la Seguridad Social (CENTRASS).<\/a><\/p><p>\u00a0<\/p><p><strong>LA PRENSA<\/strong><\/p><p><a href=\"https:\/\/www.litoralpress.cl\/paginaconsultas\/Servicios_NClipSitio\/Get_Imagen_Nota.aspx?LPKey=SNQEDPMTSGZP7BLSPDO74GYD5EPFISZ5AUUBUF6GNHE2RZSBXVMKPRINWWSZOCR52LPXWDP5MMTLS\">Libro aborda brecha salarial por g\u00e9nero. Se refiere Irene Rojas Mi\u00f1o, directora del Centro de Estudios de Derecho del Trabajo y de la Seguridad Social (CENTRASS).<\/a><\/p><p>\u00a0<\/p><p><strong>DIARIOTALCA.CL<\/strong><\/p><p><a href=\"https:\/\/diariotalca.cl\/experta-entrega-recomendaciones-para-disminuir-la-brecha-salarial-por-genero\/\">Experta entrega recomendaciones para disminuir la brecha salarial por g\u00e9nero. Se refiere Irene Rojas Mi\u00f1o, directora del Centro de Estudios de Derecho del Trabajo y de la Seguridad Social (CENTRASS).<\/a><\/p><p>\u00a0<\/p><p><strong>ELMAULEINFORMA.CL<\/strong><\/p><p><a href=\"https:\/\/elmauleinforma.cl\/recomendaciones-para-disminuir-la-brecha-salarial-por-genero\/\">Recomendaciones para disminuir la brecha salarial por g\u00e9nero. Se refiere Irene Rojas Mi\u00f1o, directora del Centro de Estudios de Derecho del Trabajo y de la Seguridad Social (CENTRASS).<\/a><\/p><p>\u00a0<\/p><p><strong>EL MERCURIO<\/strong><\/p><p><a href=\"https:\/\/www.litoralpress.cl\/sitio\/Prensa_PaginaCompleta.cshtml?LPKey=ITJTM2R556ZYTGI7XMCVHO77635BF5WLX5RN2QOPZX33ZHQTF5PA\">Buena partida, pero dudas sobre el final. Se refiere Patricio Gonz\u00e1lez Colville, acad\u00e9mico del Centro de Investigaci\u00f3n y Transferencia en Riego y Agroclimatolog\u00eda (CITRA).<\/a><\/p><p>\u00a0<\/p><p><strong>RADIO AMIGA<\/strong><\/p><p><a href=\"https:\/\/www.litoralpress.cl\/sitio\/RadioTV_Detalles.cshtml?LPKey=EJBS5HMVSEKWNHF3BGJIHIGHGQ6J2ZLP77SRDFN2Q73QF5NEMNIK7FJJZNLRE6ZPV7E5KD3RNROTI\">Emiten alerta por evento de altas temperaturas en la zona central del pa\u00eds. Se refiere Patricio Gonz\u00e1lez Colville, acad\u00e9mico del Centro de Investigaci\u00f3n y Transferencia en Riego y Agroclimatolog\u00eda (CITRA).<\/a><\/p><p>\u00a0<\/p><p><strong>RADIO BIO-B\u00cdO VALPARA\u00cdSO<\/strong><\/p><p><a href=\"https:\/\/www.litoralpress.cl\/sitio\/RadioTV_Detalles.cshtml?LPKey=RIA3EC367LX5DYF6XKAPR2DGHNAPUIMASQRZH3HQ5GKCZOEITXOOHGBBQ4RDWJTQS6657XUKETTVM\">Entrevista a Iv\u00e1n Palomo Gonz\u00e1lez, acad\u00e9mico de la Facultad de Ciencias de la Salud.<\/a><\/p><p>\u00a0<\/p><p><strong>RADIO GUAYAC\u00c1N<\/strong><\/p><p><a href=\"https:\/\/www.litoralpress.cl\/sitio\/RadioTV_Detalles.cshtml?LPKey=QAHLZVACRT3DEIB7GBBHEEOB435SWFWWCI56AJF3DHXXOSMJTNGGEHG2XND3PC7ONH7Y4PFGY7LS2\">Entrevista a Iv\u00e1n Palomo Gonz\u00e1lez, acad\u00e9mico de la Facultad de Ciencias de la Salud.<\/a><\/p><p>\u00a0<\/p><p><strong>24HORAS.CL<\/strong><\/p><p><a href=\"https:\/\/www.24horas.cl\/actualidad\/nacional\/gripe-aviar-conoce-los-sintomas-y-consejos-para-no-exponerse-al-virus\">Gripe Aviar: Conoce los s\u00edntomas y consejos para no exponerse al virus. Se refiere \u00c9rika Retamal Contreras, directora del Departamento de Salud P\u00fablica.<\/a><\/p><p>\u00a0<\/p><p><strong>MEDIABANCO.COM<\/strong><\/p><p><a href=\"https:\/\/www.mediabanco.com\/influenza-aviar-en-chile-cuidados-y-recomendaciones-para-no-exponerse-al-virus\/\">Influenza Aviar en Chile: cuidados y recomendaciones para no exponerse al virus. Se refiere \u00c9rika Retamal Contreras, directora del Departamento de Salud P\u00fablica.<\/a><\/p><p>\u00a0<\/p><p><strong>MASQUENOTICIAS.CL<\/strong><\/p><p><a href=\"https:\/\/masquenoticias.cl\/2022\/12\/19\/influenza-aviar-en-chile-cuidados-y-recomendaciones-para-no-exponerse-al-virus\/\">Influenza Aviar en Chile: cuidados y recomendaciones para no exponerse al virus. Se refiere \u00c9rika Retamal Contreras, directora del Departamento de Salud P\u00fablica.<\/a><\/p><p>\u00a0<\/p><p><strong>TVMAULE.CL<\/strong><\/p><p><a href=\"https:\/\/www.tvmaule.cl\/influenza-aviar-en-chile-cuidados-y-recomendaciones-para-no-exponerse-al-virus\/\">Influenza Aviar en Chile: cuidados y recomendaciones para no exponerse al virus. Se refiere \u00c9rika Retamal Contreras, directora del Departamento de Salud P\u00fablica.<\/a><\/p><p>\u00a0<\/p><p><strong>ELTIPOGRAFO.CL<\/strong><\/p><p><a href=\"https:\/\/eltipografo.cl\/2022\/12\/influenza-aviar-en-chile-cuidados-y-recomendaciones-para-no-exponerse-al-virus\">Influenza Aviar en Chile: cuidados y recomendaciones para no exponerse al virus. Se refiere \u00c9rika Retamal Contreras, directora del Departamento de Salud P\u00fablica.<\/a><\/p><p>\u00a0<\/p><p><strong>G5NOTICIAS.CL<\/strong><\/p><p><a href=\"https:\/\/g5noticias.cl\/2022\/12\/19\/influenza-aviar-en-chile-cuidados-y-recomendaciones-para-no-exponerse-al-virus\/\">Influenza Aviar en Chile: cuidados y recomendaciones para no exponerse al virus. Se refiere \u00c9rika Retamal Contreras, directora del Departamento de Salud P\u00fablica.<\/a><\/p><p>\u00a0<\/p><p><strong>EMOL.COM<\/strong><\/p><p><a href=\"https:\/\/www.emol.com\/noticias\/Economia\/2022\/12\/19\/1081313\/competencia-feroz-litio-fusion-nuclear.html\">Competencia feroz y fusi\u00f3n nuclear: Expertos afirman que cada vez es m\u00e1s urgente impulsar la industria del litio en Chile. Se refiere Francisco Rivas Salda\u00f1a, director de la Escuela de Ingenier\u00eda Civil de Minas.<\/a><\/p><p>\u00a0<\/p><p><strong>NUEVAMINERIA.COM<\/strong><\/p><p><a href=\"https:\/\/www.nuevamineria.com\/revista\/competencia-y-fusion-nuclear-expertos-consideran-urgente-impulsar-la-industria-del-litio-en-chile\/\">Competencia feroz y fusi\u00f3n nuclear: Expertos afirman que cada vez es m\u00e1s urgente impulsar la industria del litio en Chile. Se refiere Francisco Rivas Salda\u00f1a, director de la Escuela de Ingenier\u00eda Civil de Minas.<\/a><\/p><p>\u00a0<\/p><p><strong>REDIMIN.CL<\/strong><\/p><p><a href=\"https:\/\/www.redimin.cl\/competencia-feroz-y-fusion-nuclear-expertos-afirman-que-cada-vez-es-mas-urgente-impulsar-la-industria-del-litio-en-chile\/\">Competencia feroz y fusi\u00f3n nuclear: Expertos afirman que cada vez es m\u00e1s urgente impulsar la industria del litio en Chile. Se refiere Francisco Rivas Salda\u00f1a, director de la Escuela de Ingenier\u00eda Civil de Minas.<\/a><\/p><p>\u00a0<\/p><p><strong>REVISTA EL CENTRO<\/strong><\/p><p><a href=\"https:\/\/www.litoralpress.cl\/sitio\/Prensa_PaginaCompleta.cshtml?LPKey=BCAIW6GWA24WMVMBIHSE7ABPVOI7SDWCGHYIXDBFOK3BHIHGRRAA\">Conozca la nueva Fundaci\u00f3n Maule explicada por su presidente el exministro y empresario Alfredo Moreno. Se menciona a \u00c1lvaro Rojas Mar\u00edn, exrector de la UTalca.<\/a><\/p><p>\u00a0<\/p><p><strong>BIOBIOCHILE.CL<\/strong><\/p><p><a href=\"https:\/\/www.biobiochile.cl\/noticias\/economia\/actualidad-economica\/2022\/12\/19\/estudio-revela-calidad-nutricional-del-ketchup-algunas-marcas-superan-los-azucares-totales.shtml\">Estudio revela calidad nutricional del k\u00e9tchup: algunas marcas superan los az\u00facares totales. Se menciona estudio de la UTalca.<\/a><\/p><p>\u00a0<\/p><p><strong>COOPERATIVA.CL<\/strong><\/p><p><a href=\"https:\/\/www.cooperativa.cl\/noticias\/pais\/salud\/ahora-le-toco-al-ketchup-estudio-revela-que-marcas-no-cumplen-con-la\/2022-12-19\/191936.html\">Ahora le toc\u00f3 al k\u00e9tchup: Estudio revela qu\u00e9 marcas no cumplen con la normativa en Chile. Se menciona estudio de la UTalca.<\/a><\/p><p>\u00a0<\/p><p><strong>ELCIUDADANO.COM<\/strong><\/p><p><a href=\"https:\/\/www.elciudadano.com\/actualidad\/estudio-sobre-ketchup-en-chile-alerta-presencia-de-azucar-mayor-a-la-declarada-por-marcas-en-etiquetas-de-productos\/12\/19\/\">Estudio sobre k\u00e9tchup en Chile alerta presencia de az\u00facar mayor a la declarada por marcas en etiquetas de productos. Se menciona estudio de la UTalca.<\/a><\/p><p>\u00a0<\/p><p><strong>ELPERIODISTA.CL<\/strong><\/p><p><a href=\"https:\/\/www.elperiodista.cl\/2022\/12\/odecu-recomienda-no-consumir-ketchup\/\">ODECU recomienda no consumir k\u00e9tchup. Se menciona estudio de la UTalca.<\/a><\/p><p>\u00a0<\/p><p><strong>LA TERCERA<\/strong><\/p><p><a href=\"https:\/\/www.litoralpress.cl\/sitio\/Prensa_PaginaCompleta.cshtml?LPKey=6MHWXVQHCMWIKE7BQKUTHB5TWPY5PQTGX2UFVL2SGCHTVRBYI5YA\">Inmigrantes pierden m\u00e1s de 30 mil puestos de trabajo en siete meses y haitianos son los que tienen la mayor tasa de desempleo. Se menciona estudio de la UTalca.<\/a><\/p><p>\u00a0<\/p><p><strong>LATERCERA.COM<\/strong><\/p><p><a href=\"https:\/\/www.latercera.com\/pulso\/noticia\/inmigrantes-pierden-mas-de-30-mil-puestos-de-trabajo-en-siete-meses-y-haitianos-son-los-que-tienen-la-mayor-tasa-de-desempleo\/Q5LWVYR3L5EKXNIZYJBSINDSRI\/\">Inmigrantes pierden m\u00e1s de 30 mil puestos de trabajo en siete meses y haitianos son los que tienen la mayor tasa de desempleo. Se menciona estudio de la UTalca.<\/a><\/p><p>\u00a0<\/p><p><strong>ELDIARIODESANTIAGO.CL<\/strong><\/p><p><a href=\"https:\/\/eldiariodesantiago.cl\/archivo\/123702\">Inmigrantes pierden m\u00e1s de 30 mil puestos de trabajo en siete meses y haitianos son los que tienen la mayor tasa de desempleo. Se menciona estudio de la UTalca.<\/a><\/p><p>\u00a0<\/p><p><strong>LA SEGUNDA<\/strong><\/p><p><a href=\"https:\/\/www.litoralpress.cl\/sitio\/Prensa_PaginaCompleta.cshtml?LPKey=KDWAACPRRCOLABIYYD6IBWWMTHZMQSYUWCGURX5MIHZHBT5TFXTQ\">Encuestas muestran estrecho margen de apoyo ciudadano al acuerdo constituyente. Se refiere Mauricio Morales, director del Centro de An\u00e1lisis Pol\u00edtico (CAP).<\/a><\/p><p>\u00a0<\/p><p><strong>CANAL MEGA<\/strong><\/p><p><a href=\"https:\/\/www.litoralpress.cl\/sitio\/RadioTV_Detalles.cshtml?LPKey=UR7WT557ZVXSYATNPT7OA6PDINAYCURLEFPZIK64F3MOH25HZRJYAGYWI5STN2DB56KKD3A7KRT5M\">Un 51% aprueba el Acuerdo por Chile, seg\u00fan Cadem. Se refiere Mauricio Morales, director del Centro de An\u00e1lisis Pol\u00edtico (CAP).<\/a><\/p><p>\u00a0<\/p><p><strong>EL CENTRO<\/strong><\/p><p><a href=\"https:\/\/www.litoralpress.cl\/sitio\/Prensa_PaginaCompleta.cshtml?LPKey=5Y3WF3DAYKHCYCLGPNNGABQEPXO7EANPZ354ZITM7LIMUUNII6ZQ\">Crisis pol\u00edtica en Per\u00fa: \u00bfC\u00f3mo afecta a Chile? Se refiere Alejandra M\u00e1rquez, acad\u00e9mica del Centro de An\u00e1lisis Pol\u00edtico (CAP).<\/a><\/p><p>\u00a0<\/p>\t\t\t\t\t\t<\/div>\n\t\t\t\t<\/div>\n\t\t\t\t\t<\/div>\n\t\t<\/div>\n\t\t\t\t\t\t\t<\/div>\n\t\t<\/section>\n\t\t\t\t\t\t<\/div>\n\t\t\t\t\t<\/div>\n\t\t","protected":false},"excerpt":{"rendered":"<p>REVISTA EL CENTRO Carlos Torres Fuchslocher rector de la Universidad de Talca, cuenta cu\u00e1les son las proyecciones de la Casa de Estudios para 2023. \u00a0 ELCENTRO.CL Carlos Torres Fuchslocher rector de la Universidad de Talca, cuenta cu\u00e1les son las proyecciones de la Casa de Estudios para 2023. \u00a0 MASQUENOTICIAS.CL Universidad de Talca entrega becas a &hellip;<\/p>\n<p class=\"read-more\"> <a class=\"\" href=\"https:\/\/www.reportedeprensa.utalca.cl\/?p=6104\"> <span class=\"screen-reader-text\">20 de diciembre de 2022<\/span> Read More &raquo;<\/a><\/p>\n","protected":false},"author":1,"featured_media":0,"comment_status":"closed","ping_status":"open","sticky":false,"template":"","format":"standard","meta":{"_monsterinsights_skip_tracking":false,"_monsterinsights_sitenote_active":false,"_monsterinsights_sitenote_note":"","_monsterinsights_sitenote_category":0},"categories":[28],"tags":[],"_links":{"self":[{"href":"https:\/\/www.reportedeprensa.utalca.cl\/index.php?rest_route=\/wp\/v2\/posts\/6104"}],"collection":[{"href":"https:\/\/www.reportedeprensa.utalca.cl\/index.php?rest_route=\/wp\/v2\/posts"}],"about":[{"href":"https:\/\/www.reportedeprensa.utalca.cl\/index.php?rest_route=\/wp\/v2\/types\/post"}],"author":[{"embeddable":true,"href":"https:\/\/www.reportedeprensa.utalca.cl\/index.php?rest_route=\/wp\/v2\/users\/1"}],"replies":[{"embeddable":true,"href":"https:\/\/www.reportedeprensa.utalca.cl\/index.php?rest_route=%2Fwp%2Fv2%2Fcomments&post=6104"}],"version-history":[{"count":10,"href":"https:\/\/www.reportedeprensa.utalca.cl\/index.php?rest_route=\/wp\/v2\/posts\/6104\/revisions"}],"predecessor-version":[{"id":6124,"href":"https:\/\/www.reportedeprensa.utalca.cl\/index.php?rest_route=\/wp\/v2\/posts\/6104\/revisions\/6124"}],"wp:attachment":[{"href":"https:\/\/www.reportedeprensa.utalca.cl\/index.php?rest_route=%2Fwp%2Fv2%2Fmedia&parent=6104"}],"wp:term":[{"taxonomy":"category","embeddable":true,"href":"https:\/\/www.reportedeprensa.utalca.cl\/index.php?rest_route=%2Fwp%2Fv2%2Fcategories&post=6104"},{"taxonomy":"post_tag","embeddable":true,"href":"https:\/\/www.reportedeprensa.utalca.cl\/index.php?rest_route=%2Fwp%2Fv2%2Ftags&post=6104"}],"curies":[{"name":"wp","href":"https:\/\/api.w.org\/{rel}","templated":true}]}}