{"id":6125,"date":"2022-12-21T10:08:32","date_gmt":"2022-12-21T13:08:32","guid":{"rendered":"https:\/\/www.reportedeprensa.utalca.cl\/?p=6125"},"modified":"2022-12-21T10:18:53","modified_gmt":"2022-12-21T13:18:53","slug":"21-de-diciembre-de-2022","status":"publish","type":"post","link":"https:\/\/www.reportedeprensa.utalca.cl\/?p=6125","title":{"rendered":"21 de diciembre de 2022"},"content":{"rendered":"\t\t<div data-elementor-type=\"wp-post\" data-elementor-id=\"6125\" class=\"elementor elementor-6125\" data-elementor-settings=\"[]\">\n\t\t\t\t\t\t\t<div class=\"elementor-section-wrap\">\n\t\t\t\t\t\t\t<section class=\"elementor-section elementor-top-section elementor-element elementor-element-2a4b4b83 elementor-section-boxed elementor-section-height-default elementor-section-height-default\" data-id=\"2a4b4b83\" data-element_type=\"section\">\n\t\t\t\t\t\t<div class=\"elementor-container elementor-column-gap-default\">\n\t\t\t\t\t<div class=\"elementor-column elementor-col-100 elementor-top-column elementor-element elementor-element-24a78540\" data-id=\"24a78540\" data-element_type=\"column\">\n\t\t\t<div class=\"elementor-widget-wrap elementor-element-populated\">\n\t\t\t\t\t\t\t\t<div class=\"elementor-element elementor-element-55b07e54 elementor-widget elementor-widget-text-editor\" data-id=\"55b07e54\" data-element_type=\"widget\" data-widget_type=\"text-editor.default\">\n\t\t\t\t<div class=\"elementor-widget-container\">\n\t\t\t\t\t\t\t\t<p><strong>LA PRENSA<\/strong><\/p><p><a href=\"https:\/\/www.litoralpress.cl\/paginaconsultas\/Servicios_NClipSitio\/Get_Imagen_Nota.aspx?LPKey=4F5DKBIAIMS6AJW7GGOYOP2GFU7G2G6AIFOXC2ZVQFXGAV4FRWVWGKB3HDN6EOEHGMF2HCRNXQW42\">Estudiantes de la UTalca reciben becas al m\u00e9rito.\u00a0 Se refieren Carlos Torres Fuchslocher, rector de la UTalca; Paula Caballero, vicerrectora de Desarrollo Estudiantil y Catalina V\u00e1squez Hern\u00e1ndez, estudiante.<\/a><\/p><p>\u00a0<\/p><p><strong>LAS \u00daLTIMAS NOTICIAS<\/strong><\/p><p><a href=\"https:\/\/www.litoralpress.cl\/sitio\/Prensa_PaginaCompleta.cshtml?LPKey=LZKS5MG2S6FNVAZYOZVFKJYOMCIQSPCH77CG3IWQWRIB2QLTAEOQ\">Selecci\u00f3n de becas poco conocidas que entregan las universidades. Se menciona beca de la UTalca.<\/a><\/p><p>\u00a0<\/p><p><strong>ELCENTRO.CL<\/strong><\/p><p><a href=\"https:\/\/elcentro.cl\/2022\/12\/20\/ranking-nacional-destaca-a-la-universidad-de-talca-en-innovacion-desarrollo-e-investigacion\/\">Ranking nacional destaca a la Universidad de Talca en Innovaci\u00f3n, Desarrollo e Investigaci\u00f3n. Se refiere Ariela Vergara Jaque, vicerrectora de Innovaci\u00f3n.<\/a><\/p><p>\u00a0<\/p><p><strong>MEDIABANCO.COM<\/strong><\/p><p><a href=\"https:\/\/www.mediabanco.com\/tren-de-navidad-de-la-utalca-recorrio-el-maule-junto-al-viejo-pascuero\/\">Tren de Navidad de la UTalca recorri\u00f3 el Maule junto al Viejo Pascuero. Se refieren Isabel Hern\u00e1ndez Fern\u00e1ndez, secretaria General y Marcela Albornoz Dachelet, directora de Extensi\u00f3n Cultural-Art\u00edstica.<\/a><\/p><p>\u00a0<\/p><p><strong>MASQUENOTICIAS.CL<\/strong><\/p><p><a href=\"https:\/\/masquenoticias.cl\/2022\/12\/20\/tren-de-navidad-de-la-utalca-recorrio-el-maule-junto-al-viejo-pascuero\/\">Tren de Navidad de la UTalca recorri\u00f3 el Maule junto al Viejo Pascuero. Se refieren Isabel Hern\u00e1ndez Fern\u00e1ndez, secretaria General y Marcela Albornoz Dachelet, directora de Extensi\u00f3n Cultural-Art\u00edstica.<\/a><\/p><p>\u00a0<\/p><p><strong>TVMAULE.CL<\/strong><\/p><p><a href=\"https:\/\/www.tvmaule.cl\/viejito-pascuero-recorrio-el-maule-en-el-tren-de-navidad-de-la-utalca\/\">Viejito Pascuero recorri\u00f3 el Maule en el tren de Navidad de la UTalca. Se refieren Isabel Hern\u00e1ndez Fern\u00e1ndez, secretaria General y Marcela Albornoz Dachelet, directora de Extensi\u00f3n Cultural-Art\u00edstica.<\/a><\/p><p>\u00a0<\/p><p><strong>UESTATALES.CL<\/strong><\/p><p><a href=\"http:\/\/uestatales.cl\/cue\/?q=node\/9735\">En la Universidad de Talca se realiz\u00f3 Encuentro del Comit\u00e9 Ejecutivo del Centro Interuniversitario de Envejecimiento Saludable del CUECH. Se refieren Isabel Hern\u00e1ndez Fern\u00e1ndez, secretaria General, Carlos Padilla Espinoza, decano de la Facultad de Ciencias de la Salud e Iv\u00e1n Palomo Gonz\u00e1lez, acad\u00e9mico de la misma unidad acad\u00e9mica.<\/a><\/p><p>\u00a0<\/p><p><strong>EL MERCURIO<\/strong><\/p><p><a href=\"https:\/\/www.litoralpress.cl\/sitio\/Prensa_PaginaCompleta.cshtml?LPKey=KTUHDKU2KD7HN5SYBFXEZMH7BGNIJGUT5HLPUN5EOYE5WL6OWR7Q\">Primavera culmina hoy como la segunda m\u00e1s c\u00e1lida registrada. Se refiere Patricio Gonz\u00e1lez Colville, acad\u00e9mico del Centro de Investigaci\u00f3n y Transferencia en Riego y Agroclimatolog\u00eda (CITRA).<\/a><\/p><p>\u00a0<\/p><p><strong>EL LECTOR<\/strong><\/p><p><a href=\"https:\/\/www.litoralpress.cl\/paginaconsultas\/Servicios_NClipSitio\/Get_Imagen_Nota.aspx?LPKey=3CC3BH2H76BC4AOV6DWMLKHODU34Z5AIFQRO2HPSHSVKGGEHWJJ7TXKP3ZUU7LZOERRRB7TM4KRUG\">Influenza Aviar en Chile: cuidados y recomendaciones para no exponerse al virus. Se refiere \u00c9rika Retamal Contreras, directora del Departamento de Salud P\u00fablica.<\/a><\/p><p>\u00a0<\/p><p><strong>EL L\u00cdDER<\/strong><\/p><p><a href=\"https:\/\/www.litoralpress.cl\/paginaconsultas\/Servicios_NClipSitio\/Get_Imagen_Nota.aspx?LPKey=J3VNRGF2VSV3TE7HZKU27MXNCCDTKIYXDQ2HS3ROTH2LTJR3MP6KNKLFGGY7XNH2XPAEON7AJWPWU\">Gripe aviar: reiteran llamado a no tocar aves muertas o enfermas en el Litoral.\u00a0 Se refiere \u00c9rika Retamal Contreras, directora del Departamento de Salud P\u00fablica.<\/a><\/p><p>\u00a0<\/p><p><strong>ADPRENSA.CL<\/strong><\/p><p><a href=\"https:\/\/www.adprensa.cl\/cronica\/influenza-aviar-en-chile-cuidados-y-recomendaciones-para-no-exponerse-al-virus-2\/\">Influenza Aviar en Chile: cuidados y recomendaciones para no exponerse al virus. Se refiere \u00c9rika Retamal Contreras, directora del Departamento de Salud P\u00fablica.<\/a><\/p><p>\u00a0<\/p><p><strong>LANOTICIA.CL<\/strong><\/p><p><a href=\"https:\/\/lanoticia.cl\/influenza-aviar-en-chile-cuidados-y-recomendaciones-para-no-exponerse-al-virus\/\">Influenza Aviar en Chile: cuidados y recomendaciones para no exponerse al virus. Se refiere \u00c9rika Retamal Contreras, directora del Departamento de Salud P\u00fablica.<\/a><\/p><p>\u00a0<\/p><p><strong>ELCIUDADANO.COM<\/strong><\/p><p><a href=\"https:\/\/www.elciudadano.com\/chile\/experta-preve-aumento-de-casos-de-virus-hanta-para-este-verano\/12\/20\/\">Experta prev\u00e9 aumento de casos de virus Hanta para este verano. Se refiere Barbra Fern\u00e1ndez Tapia, acad\u00e9mica de la Facultad de Ciencias de la Salud.<\/a><\/p><p>\u00a0<\/p><p><strong>ELPERIODISTA.CL<\/strong><\/p><p><a href=\"https:\/\/www.elperiodista.cl\/2022\/12\/experta-preve-aumento-de-casos-de-virus-hanta-para-este-verano\/\">Experta prev\u00e9 aumento de casos de virus Hanta para este verano. Se refiere Barbra Fern\u00e1ndez Tapia, acad\u00e9mica de la Facultad de Ciencias de la Salud.<\/a><\/p><p>\u00a0<\/p><p><strong>MEDIABANCO.COM<\/strong><\/p><p><a href=\"https:\/\/www.mediabanco.com\/experta-preve-aumento-de-casos-de-virus-hanta-para-este-verano\/\">Experta prev\u00e9 aumento de casos de virus Hanta para este verano. Se refiere Barbra Fern\u00e1ndez Tapia, acad\u00e9mica de la Facultad de Ciencias de la Salud.<\/a><\/p><p>\u00a0<\/p><p><strong>ELCENTRO.CL<\/strong><\/p><p><a href=\"https:\/\/elcentro.cl\/2022\/12\/20\/experta-preve-aumento-de-casos-de-virus-hanta-para-este-verano\/\">Experta prev\u00e9 aumento de casos de virus Hanta para este verano. Se refiere Barbra Fern\u00e1ndez Tapia, acad\u00e9mica de la Facultad de Ciencias de la Salud.<\/a><\/p><p>\u00a0<\/p><p><strong>ELDIARIOSANTIAGO.CL<\/strong><\/p><p><a href=\"https:\/\/eldiariosantiago.cl\/2022\/12\/20\/experta-preve-aumento-de-casos-de-virus-hanta-para-este-verano\/\">Experta prev\u00e9 aumento de casos de virus Hanta para este verano. Se refiere Barbra Fern\u00e1ndez Tapia, acad\u00e9mica de la Facultad de Ciencias de la Salud.<\/a><\/p><p>\u00a0<\/p><p><strong>RADIO COOPERATIVA<\/strong><\/p><p><a href=\"https:\/\/www.litoralpress.cl\/sitio\/RadioTV_Detalles.cshtml?LPKey=BTL5WNJSG5CK2EVOSWZOGHHS4DO45R6OXCHVSYZBUALQXJP5LWPGBWAUEVIRAOWRF32EULOR6YNLU\">Funcionarios del Ministerio P\u00fablico, magistrados y defensores p\u00fablicos contin\u00faan en paro. Se refiere Diego Palomo V\u00e9lez, acad\u00e9mico de la Facultad de Ciencias Jur\u00eddicas y Sociales.<\/a><\/p><p>\u00a0<\/p><p><strong>COOPERATIVA.CL<\/strong><\/p><p><a href=\"https:\/\/www.cooperativa.cl\/noticias\/pais\/judicial\/ministerio-publico\/reajuste-fiscales-plantean-inconsecuencia-del-gobierno-cuyo-discurso\/2022-12-20\/140158.html\">Reajuste: Fiscales plantean inconsecuencia del Gobierno, cuyo &#8220;discurso ha sido de permanente preocupaci\u00f3n por la seguridad&#8221;. Se refiere Diego Palomo V\u00e9lez, acad\u00e9mico de la Facultad de Ciencias Jur\u00eddicas y Sociales.<\/a><\/p><p>\u00a0<\/p><p><strong>ELCENTRO.CL<\/strong><\/p><p><a href=\"https:\/\/elcentro.cl\/2022\/12\/20\/mas-alla-del-elegido-otra-vez-sobre-la-eleccion-de-fiscal-nacional\/\">M\u00e1s all\u00e1 del elegido. Otra vez sobre la elecci\u00f3n de Fiscal Nacional. Columna de opini\u00f3n de Diego Palomo V\u00e9lez, acad\u00e9mico de la Facultad de Ciencias Jur\u00eddicas y Sociales.<\/a><\/p><p>\u00a0<\/p><p><strong>G5NOTICIAS.CL<\/strong><\/p><p><a href=\"https:\/\/g5noticias.cl\/2022\/12\/20\/entregan-recomendaciones-para-disminuir-la-brecha-salarial-por-genero\/\">Entregan recomendaciones para disminuir la brecha salarial por g\u00e9nero. Se refiere Irene Rojas Mi\u00f1o, directora del Centro de Estudios de Derecho del Trabajo y de la Seguridad Social (CENTRASS).<\/a><\/p><p>\u00a0<\/p><p><strong>BLOOMBERGLINEA.COM<\/strong><\/p><p><a href=\"https:\/\/www.bloomberglinea.com\/2022\/12\/15\/inflacion-en-chile-pese-al-mal-dato-de-noviembre-todos-esperan-que-se-desacelere\/\">IPC Chile 2023: Estos son los motivos que apuntan a su desaceleraci\u00f3n. Se refiere Rodrigo Saens, acad\u00e9mico de la Facultad de Econom\u00eda y Negocios (FEN).<\/a><\/p><p>\u00a0<\/p><p><strong>RADIO INFINITA<\/strong><\/p><p><a href=\"https:\/\/www.litoralpress.cl\/sitio\/RadioTV_Detalles.cshtml?LPKey=KHZA3ZADGRJATPFJUSAFDADKTJ3WHW55HWUMVFF677PDPFXIYNT45YSGWKT6IOFFMBEMAVD7BJNNW\">Comentario de Mauricio Morales Quiroga, director del Centro de An\u00e1lisis Pol\u00edtico (CAP).<\/a><\/p><p>\u00a0<\/p><p><strong>ELMOSTRADOR.CL<\/strong><\/p><p><a href=\"https:\/\/www.elmostrador.cl\/noticias\/pais\/2022\/12\/20\/el-plan-fracaso-y-la-estrategia-de-tirar-la-pelota-al-corner-en-una-nueva-derrota-del-comite-politico-del-gobierno\/\">El plan &#8220;fracaso&#8221; y la estrategia de &#8220;tirar la pelota al c\u00f3rner&#8221; en una nueva derrota del comit\u00e9 pol\u00edtico del Gobierno. Se refiere Mauricio Morales Quiroga, director del Centro de An\u00e1lisis Pol\u00edtico (CAP).<\/a><\/p><p>\u00a0<\/p>\t\t\t\t\t\t<\/div>\n\t\t\t\t<\/div>\n\t\t\t\t\t<\/div>\n\t\t<\/div>\n\t\t\t\t\t\t\t<\/div>\n\t\t<\/section>\n\t\t\t\t\t\t<\/div>\n\t\t\t\t\t<\/div>\n\t\t","protected":false},"excerpt":{"rendered":"<p>LA PRENSA Estudiantes de la UTalca reciben becas al m\u00e9rito.\u00a0 Se refieren Carlos Torres Fuchslocher, rector de la UTalca; Paula Caballero, vicerrectora de Desarrollo Estudiantil y Catalina V\u00e1squez Hern\u00e1ndez, estudiante. \u00a0 LAS \u00daLTIMAS NOTICIAS Selecci\u00f3n de becas poco conocidas que entregan las universidades. Se menciona beca de la UTalca. \u00a0 ELCENTRO.CL Ranking nacional destaca a &hellip;<\/p>\n<p class=\"read-more\"> <a class=\"\" href=\"https:\/\/www.reportedeprensa.utalca.cl\/?p=6125\"> <span class=\"screen-reader-text\">21 de diciembre de 2022<\/span> Read More &raquo;<\/a><\/p>\n","protected":false},"author":1,"featured_media":0,"comment_status":"closed","ping_status":"open","sticky":false,"template":"","format":"standard","meta":{"_monsterinsights_skip_tracking":false,"_monsterinsights_sitenote_active":false,"_monsterinsights_sitenote_note":"","_monsterinsights_sitenote_category":0},"categories":[28],"tags":[],"_links":{"self":[{"href":"https:\/\/www.reportedeprensa.utalca.cl\/index.php?rest_route=\/wp\/v2\/posts\/6125"}],"collection":[{"href":"https:\/\/www.reportedeprensa.utalca.cl\/index.php?rest_route=\/wp\/v2\/posts"}],"about":[{"href":"https:\/\/www.reportedeprensa.utalca.cl\/index.php?rest_route=\/wp\/v2\/types\/post"}],"author":[{"embeddable":true,"href":"https:\/\/www.reportedeprensa.utalca.cl\/index.php?rest_route=\/wp\/v2\/users\/1"}],"replies":[{"embeddable":true,"href":"https:\/\/www.reportedeprensa.utalca.cl\/index.php?rest_route=%2Fwp%2Fv2%2Fcomments&post=6125"}],"version-history":[{"count":7,"href":"https:\/\/www.reportedeprensa.utalca.cl\/index.php?rest_route=\/wp\/v2\/posts\/6125\/revisions"}],"predecessor-version":[{"id":6141,"href":"https:\/\/www.reportedeprensa.utalca.cl\/index.php?rest_route=\/wp\/v2\/posts\/6125\/revisions\/6141"}],"wp:attachment":[{"href":"https:\/\/www.reportedeprensa.utalca.cl\/index.php?rest_route=%2Fwp%2Fv2%2Fmedia&parent=6125"}],"wp:term":[{"taxonomy":"category","embeddable":true,"href":"https:\/\/www.reportedeprensa.utalca.cl\/index.php?rest_route=%2Fwp%2Fv2%2Fcategories&post=6125"},{"taxonomy":"post_tag","embeddable":true,"href":"https:\/\/www.reportedeprensa.utalca.cl\/index.php?rest_route=%2Fwp%2Fv2%2Ftags&post=6125"}],"curies":[{"name":"wp","href":"https:\/\/api.w.org\/{rel}","templated":true}]}}