{"id":613,"date":"2021-04-01T08:33:04","date_gmt":"2021-04-01T11:33:04","guid":{"rendered":"https:\/\/www.reportedeprensa.utalca.cl\/?p=613"},"modified":"2021-04-01T08:44:03","modified_gmt":"2021-04-01T11:44:03","slug":"01-de-abril-de-2021","status":"publish","type":"post","link":"https:\/\/www.reportedeprensa.utalca.cl\/?p=613","title":{"rendered":"01 de abril de 2021"},"content":{"rendered":"\t\t<div data-elementor-type=\"wp-post\" data-elementor-id=\"613\" class=\"elementor elementor-613\" data-elementor-settings=\"[]\">\n\t\t\t\t\t\t\t<div class=\"elementor-section-wrap\">\n\t\t\t\t\t\t\t<section class=\"elementor-section elementor-top-section elementor-element elementor-element-a06ca45 elementor-section-boxed elementor-section-height-default elementor-section-height-default\" data-id=\"a06ca45\" data-element_type=\"section\">\n\t\t\t\t\t\t<div class=\"elementor-container elementor-column-gap-default\">\n\t\t\t\t\t<div class=\"elementor-column elementor-col-100 elementor-top-column elementor-element elementor-element-1486c35\" data-id=\"1486c35\" data-element_type=\"column\">\n\t\t\t<div class=\"elementor-widget-wrap elementor-element-populated\">\n\t\t\t\t\t\t\t\t<div class=\"elementor-element elementor-element-42b145e elementor-widget elementor-widget-text-editor\" data-id=\"42b145e\" data-element_type=\"widget\" data-widget_type=\"text-editor.default\">\n\t\t\t\t<div class=\"elementor-widget-container\">\n\t\t\t\t\t\t\t\t<p><b>CANAL 13<\/b><\/p><p><a style=\"font-style: inherit; font-weight: inherit; background-color: #ffffff; font-family: -apple-system, BlinkMacSystemFont,;\" href=\"https:\/\/www.litoralpress.cl\/Archivos\/o.%c3%9c14.Hgvu.R.Kf.F.A.O.%c3%9c.Hvc.E3wg.%c3%96.%c3%96.mp4\" target=\"_blank\" rel=\"noopener\">La vacuna baja hospitalizaci\u00f3n de mayores de 70 a\u00f1os. Se refiere Marcelo Alarc\u00f3n, acad\u00e9mico del Departamento de Bioqu\u00edmica Cl\u00ednica e Inmunohematolog\u00eda de la UTalca.<\/a><\/p>\t\t\t\t\t\t<\/div>\n\t\t\t\t<\/div>\n\t\t\t\t<div class=\"elementor-element elementor-element-dd86164 elementor-widget elementor-widget-text-editor\" data-id=\"dd86164\" data-element_type=\"widget\" data-widget_type=\"text-editor.default\">\n\t\t\t\t<div class=\"elementor-widget-container\">\n\t\t\t\t\t\t\t\t<p><b>EL HERALDO (Portada)<\/b><\/p><p><a style=\"font-style: inherit; font-weight: inherit; background-color: #ffffff; font-family: -apple-system, BlinkMacSystemFont,;\" href=\"https:\/\/www.litoralpress.cl\/paginaconsultas\/Servicios_NClip\/Get_Imagen_Pagina.aspx?LPKey=.Ye.Qd.Zog.T6xjo.F.Z6q.Kmog.Ay8.Ve.U\/x5.Oi.H2\/.Qq.Cwk7qy.U.%C3%96\" target=\"_blank\" rel=\"noopener\">UTalca se suma a campa\u00f1a para informar y educar sobre el proceso constitucional.<\/a><\/p>\t\t\t\t\t\t<\/div>\n\t\t\t\t<\/div>\n\t\t\t\t<div class=\"elementor-element elementor-element-6178e63 elementor-widget elementor-widget-text-editor\" data-id=\"6178e63\" data-element_type=\"widget\" data-widget_type=\"text-editor.default\">\n\t\t\t\t<div class=\"elementor-widget-container\">\n\t\t\t\t\t\t\t\t<p><b>EL HERALDO<\/b><\/p><p><a style=\"font-style: inherit; font-weight: inherit; background-color: #ffffff; font-family: -apple-system, BlinkMacSystemFont,;\" href=\"https:\/\/www.litoralpress.cl\/paginaconsultas\/Servicios_NClip\/Get_Imagen_Pagina.aspx?LPKey=.Bp.C.Rj.Mb.L.Grt.Im0fy5ws6.Yb73zgz5f9.Ufi.Hd.N.H.U6i.Vxo.%C3%96\" target=\"_blank\" rel=\"noopener\">UTalca se suma a campa\u00f1a para informar y educar sobre el proceso constitucional.<\/a><\/p>\t\t\t\t\t\t<\/div>\n\t\t\t\t<\/div>\n\t\t\t\t<div class=\"elementor-element elementor-element-b0a1013 elementor-widget elementor-widget-text-editor\" data-id=\"b0a1013\" data-element_type=\"widget\" data-widget_type=\"text-editor.default\">\n\t\t\t\t<div class=\"elementor-widget-container\">\n\t\t\t\t\t\t\t\t<p><b>DIARIOELHERALDO.CL<\/b><\/p><p><a style=\"font-style: inherit; font-weight: inherit; background-color: #ffffff; font-family: -apple-system, BlinkMacSystemFont,;\" href=\"http:\/\/www.diarioelheraldo.cl\/noticia\/utalca-se-suma-a-campana-para-informar-y-educar-sobre-el-proceso-constitucional\" target=\"_blank\" rel=\"noopener\">UTalca se suma a campa\u00f1a para informar y educar sobre el proceso constitucional.<\/a><\/p>\t\t\t\t\t\t<\/div>\n\t\t\t\t<\/div>\n\t\t\t\t<div class=\"elementor-element elementor-element-1d83064 elementor-widget elementor-widget-text-editor\" data-id=\"1d83064\" data-element_type=\"widget\" data-widget_type=\"text-editor.default\">\n\t\t\t\t<div class=\"elementor-widget-container\">\n\t\t\t\t\t\t\t\t<p><b>ADPRENSA.CL<\/b><\/p><p><a style=\"font-style: inherit; font-weight: inherit; background-color: #ffffff; font-family: -apple-system, BlinkMacSystemFont,;\" href=\"https:\/\/www.adprensa.cl\/cronica\/campustv-ya-esta-al-aire-en-curico\/\" target=\"_blank\" rel=\"noopener\">CAMPUSTV ya est\u00e1 al aire en Curic\u00f3.<\/a><\/p>\t\t\t\t\t\t<\/div>\n\t\t\t\t<\/div>\n\t\t\t\t<div class=\"elementor-element elementor-element-7a469a4 elementor-widget elementor-widget-text-editor\" data-id=\"7a469a4\" data-element_type=\"widget\" data-widget_type=\"text-editor.default\">\n\t\t\t\t<div class=\"elementor-widget-container\">\n\t\t\t\t\t\t\t\t<p><b>CNNCHILE.COM<\/b><\/p><p><a style=\"font-style: inherit; font-weight: inherit; background-color: #ffffff; font-family: -apple-system, BlinkMacSystemFont,;\" href=\"https:\/\/www.cnnchile.com\/lodijeronencnn\/ivan-palomo-importancia-estrategias-politica-publica-envejecimiento-saludable_20210330\/\" target=\"_blank\" rel=\"noopener\">Iv\u00e1n Palomo recalc\u00f3 la importancia de crear estrategias de pol\u00edticas p\u00fablicas que apunten al \u201cenvejecimiento saludable\u201d.<\/a><\/p>\t\t\t\t\t\t<\/div>\n\t\t\t\t<\/div>\n\t\t\t\t<div class=\"elementor-element elementor-element-4d70c69 elementor-widget elementor-widget-text-editor\" data-id=\"4d70c69\" data-element_type=\"widget\" data-widget_type=\"text-editor.default\">\n\t\t\t\t<div class=\"elementor-widget-container\">\n\t\t\t\t\t\t\t\t<p><b>LA DISCUSI\u00d3N<\/b><\/p><p><a style=\"font-style: inherit; font-weight: inherit; background-color: #ffffff; font-family: -apple-system, BlinkMacSystemFont,;\" href=\"https:\/\/www.litoralpress.cl\/sitio\/Prensa_PaginaCompleta.cshtml?LPKey=o.Pxr.Odtje5.I.O.L.%C3%9Ci.K2arg.Njk.Kla.Qv.B.V.Zf.C.J.S40.Trgq.Is.%C3%96\" target=\"_blank\" rel=\"noopener\">Aumento de casos activos no se traduce en m\u00e1s uso de residencias sanitarias. Se refiere Erika Retamal, directora de Salud P\u00fablica de la UTalca.<\/a><\/p>\t\t\t\t\t\t<\/div>\n\t\t\t\t<\/div>\n\t\t\t\t<div class=\"elementor-element elementor-element-5b09614 elementor-widget elementor-widget-text-editor\" data-id=\"5b09614\" data-element_type=\"widget\" data-widget_type=\"text-editor.default\">\n\t\t\t\t<div class=\"elementor-widget-container\">\n\t\t\t\t\t\t\t\t<p><b>DIALOGOSUR.CL<\/b><\/p><p><a style=\"font-style: inherit; font-weight: inherit; background-color: #ffffff; font-family: -apple-system, BlinkMacSystemFont,;\" href=\"https:\/\/dialogosur.cl\/aumento-de-camas-criticas-advierten-que-debe-existir-reforzamiento-del-personal-sanitario-por-el-desgaste-acumulado-en-el-combate-de-la-pandemia\/\" target=\"_blank\" rel=\"noopener\">Aumento de camas cr\u00edticas: advierten que debe existir reforzamiento del personal sanitario por el desgaste acumulado en el combate de la pandemia. Se refiere Erika Retamal, directora de Salud P\u00fablica y Sandra Alvear, directora del Mag\u00edster en Gesti\u00f3n de Sistemas de Salud de la UTalca.<\/a><\/p>\t\t\t\t\t\t<\/div>\n\t\t\t\t<\/div>\n\t\t\t\t<div class=\"elementor-element elementor-element-f2fb3ae elementor-widget elementor-widget-text-editor\" data-id=\"f2fb3ae\" data-element_type=\"widget\" data-widget_type=\"text-editor.default\">\n\t\t\t\t<div class=\"elementor-widget-container\">\n\t\t\t\t\t\t\t\t<p><b>RADIOMAGALLANES.CL<\/b><\/p><p><a style=\"font-style: inherit; font-weight: inherit; background-color: #ffffff; font-family: -apple-system, BlinkMacSystemFont,;\" href=\"https:\/\/www.radiomagallanes.cl\/noticia.php?id_not=95395\" target=\"_blank\" rel=\"noopener\">Aumento de camas cr\u00edticas: advierten que debe existir reforzamiento del personal sanitario por el desgaste acumulado en el combate de la pandemia.\u00a0 Se refiere Erika Retamal, directora de Salud P\u00fablica y Sandra Alvear, directora del Mag\u00edster en Gesti\u00f3n de Sistemas de Salud de la UTalca.<\/a><\/p>\t\t\t\t\t\t<\/div>\n\t\t\t\t<\/div>\n\t\t\t\t<div class=\"elementor-element elementor-element-14d86c3 elementor-widget elementor-widget-text-editor\" data-id=\"14d86c3\" data-element_type=\"widget\" data-widget_type=\"text-editor.default\">\n\t\t\t\t<div class=\"elementor-widget-container\">\n\t\t\t\t\t\t\t\t<p><b>ADPRENSA.CL<\/b><\/p><p><a style=\"font-style: inherit; font-weight: inherit; background-color: #ffffff; font-family: -apple-system, BlinkMacSystemFont,;\" href=\"https:\/\/www.adprensa.cl\/cronica\/especialista-advierte-que-aumento-de-obesidad-detectado-en-escolares-sera-dificil-de-tratar-en-pandemia\/\" target=\"_blank\" rel=\"noopener\">Especialista advierte que aumento de obesidad detectado en escolares ser\u00e1 dif\u00edcil de tratar en pandemia. Se refiere Emilia Giacaman, acad\u00e9mica de la Escuela de Nutrici\u00f3n y Diet\u00e9tica de la UTalca.<\/a><\/p>\t\t\t\t\t\t<\/div>\n\t\t\t\t<\/div>\n\t\t\t\t<div class=\"elementor-element elementor-element-f81ee8b elementor-widget elementor-widget-text-editor\" data-id=\"f81ee8b\" data-element_type=\"widget\" data-widget_type=\"text-editor.default\">\n\t\t\t\t<div class=\"elementor-widget-container\">\n\t\t\t\t\t\t\t\t<p><b>UNIVERSIDADESESTATALES.CL<\/b><\/p><p><a style=\"font-style: inherit; font-weight: inherit; background-color: #ffffff; font-family: -apple-system, BlinkMacSystemFont,;\" href=\"http:\/\/www.universidadesestatales.cl\/cue\/?q=node\/8553\" target=\"_blank\" rel=\"noopener\">Especialista advierte que aumento de obesidad detectado en escolares ser\u00e1 dif\u00edcil de tratar en pandemia. Se refiere Emilia Giacaman, acad\u00e9mica de la Escuela de Nutrici\u00f3n y Diet\u00e9tica de la UTalca.<\/a><\/p>\t\t\t\t\t\t<\/div>\n\t\t\t\t<\/div>\n\t\t\t\t<div class=\"elementor-element elementor-element-a2a3ec6 elementor-widget elementor-widget-text-editor\" data-id=\"a2a3ec6\" data-element_type=\"widget\" data-widget_type=\"text-editor.default\">\n\t\t\t\t<div class=\"elementor-widget-container\">\n\t\t\t\t\t\t\t\t<p><b>PORTALEDUCACION.CL<\/b><\/p><p><a style=\"font-style: inherit; font-weight: inherit; background-color: #ffffff; font-family: -apple-system, BlinkMacSystemFont,;\" href=\"https:\/\/portaleducacion.cl\/index.php\/2021\/03\/31\/especialista-advierte-que-aumento-de-obesidad-detectado-en-escolares-sera-dificil-de-tratar-en-pandemia\/\" target=\"_blank\" rel=\"noopener\">Especialista advierte que aumento de obesidad detectado en escolares ser\u00e1 dif\u00edcil de tratar en pandemia. Se refiere Emilia Giacaman, acad\u00e9mica de la Escuela de Nutrici\u00f3n y Diet\u00e9tica de la UTalca.<\/a><\/p>\t\t\t\t\t\t<\/div>\n\t\t\t\t<\/div>\n\t\t\t\t<div class=\"elementor-element elementor-element-0d570e2 elementor-widget elementor-widget-text-editor\" data-id=\"0d570e2\" data-element_type=\"widget\" data-widget_type=\"text-editor.default\">\n\t\t\t\t<div class=\"elementor-widget-container\">\n\t\t\t\t\t\t\t\t<p><b>MAULEE.CL<\/b><\/p><p><a style=\"font-style: inherit; font-weight: inherit; background-color: #ffffff; font-family: -apple-system, BlinkMacSystemFont,;\" href=\"https:\/\/www.maulee.cl\/especialista-advierte-que-aumento-de-obesidad-detectado-en-escolares-sera-dificil-de-tratar-en-pandemia\/\" target=\"_blank\" rel=\"noopener\">Especialista advierte que aumento de obesidad detectado en escolares ser\u00e1 dif\u00edcil de tratar en pandemia. Se refiere Emilia Giacaman, acad\u00e9mica de la Escuela de Nutrici\u00f3n y Diet\u00e9tica de la UTalca.<\/a><\/p>\t\t\t\t\t\t<\/div>\n\t\t\t\t<\/div>\n\t\t\t\t<div class=\"elementor-element elementor-element-8e72086 elementor-widget elementor-widget-text-editor\" data-id=\"8e72086\" data-element_type=\"widget\" data-widget_type=\"text-editor.default\">\n\t\t\t\t<div class=\"elementor-widget-container\">\n\t\t\t\t\t\t\t\t<p><b>SEPTIMAPAGINANOTICIAS.CL<\/b><\/p><p><a style=\"font-style: inherit; font-weight: inherit; background-color: #ffffff; font-family: -apple-system, BlinkMacSystemFont,;\" href=\"https:\/\/www.septimapaginanoticias.cl\/post\/especialista-advierte-que-aumento-de-obesidad-detectado-en-escolares-sera-dificil-de-tratar-en-pandemia\" target=\"_blank\" rel=\"noopener\">Especialista advierte que aumento de obesidad detectado en escolares ser\u00e1 dif\u00edcil de tratar en pandemia. Se refiere Emilia Giacaman, acad\u00e9mica de la Escuela de Nutrici\u00f3n y Diet\u00e9tica de la UTalca.<\/a><\/p>\t\t\t\t\t\t<\/div>\n\t\t\t\t<\/div>\n\t\t\t\t<div class=\"elementor-element elementor-element-a822625 elementor-widget elementor-widget-text-editor\" data-id=\"a822625\" data-element_type=\"widget\" data-widget_type=\"text-editor.default\">\n\t\t\t\t<div class=\"elementor-widget-container\">\n\t\t\t\t\t\t\t\t<p><b>SEXTANOTICIAS.CL<\/b><\/p><p><a style=\"font-style: inherit; font-weight: inherit; background-color: #ffffff; font-family: -apple-system, BlinkMacSystemFont,;\" href=\"https:\/\/www.sextanoticias.cl\/especialista-advierte-que-aumento-de-obesidad-detectado-en-escolares-sera-dificil-de-tratar-en-pandemia\/\" target=\"_blank\" rel=\"noopener\">Especialista advierte que aumento de obesidad detectado en escolares ser\u00e1 dif\u00edcil de tratar en pandemia. Se refiere Emilia Giacaman, acad\u00e9mica de la Escuela de Nutrici\u00f3n y Diet\u00e9tica de la UTalca.<\/a><\/p>\t\t\t\t\t\t<\/div>\n\t\t\t\t<\/div>\n\t\t\t\t<div class=\"elementor-element elementor-element-35b2d63 elementor-widget elementor-widget-text-editor\" data-id=\"35b2d63\" data-element_type=\"widget\" data-widget_type=\"text-editor.default\">\n\t\t\t\t<div class=\"elementor-widget-container\">\n\t\t\t\t\t\t\t\t<p><b>ENLINEAMAULE.CL<\/b><\/p><p><a style=\"font-style: inherit; font-weight: inherit; background-color: #ffffff; font-family: -apple-system, BlinkMacSystemFont,;\" href=\"https:\/\/enlineamaule.cl\/archivo\/42778\" target=\"_blank\" rel=\"noopener\">JUNAEB present\u00f3 datos que reflejan un aumento en la obesidad infantil en los \u00faltimos a\u00f1os en Chile. Igualmente, nutricionista de la UTalca recomend\u00f3 restringir el consumo de huevitos de chocolate en Pascua de Resurrecci\u00f3n.<\/a><\/p>\t\t\t\t\t\t<\/div>\n\t\t\t\t<\/div>\n\t\t\t\t<div class=\"elementor-element elementor-element-ec66970 elementor-widget elementor-widget-text-editor\" data-id=\"ec66970\" data-element_type=\"widget\" data-widget_type=\"text-editor.default\">\n\t\t\t\t<div class=\"elementor-widget-container\">\n\t\t\t\t\t\t\t\t<p><b>LA PRENSA<\/b><\/p><p><a style=\"font-style: inherit; font-weight: inherit; background-color: #ffffff; font-family: -apple-system, BlinkMacSystemFont,;\" href=\"https:\/\/www.litoralpress.cl\/paginaconsultas\/Servicios_NClip\/Get_Imagen_Pagina.aspx?LPKey=.Uflq.Pa808.Dn7.E1.G.D.B.Tony.Muuj.N.%C3%9Cf.Q.L9.Ta0g.Xs.A0t900.%C3%96\" target=\"_blank\" rel=\"noopener\">\u00bfQu\u00e9 funciones tendr\u00e1n los gobernadores regionales y qu\u00e9 diferencias tienen con los actuales intendentes? Se refiere Mauricio Morales, acad\u00e9mico del Centro de An\u00e1lisis Pol\u00edtico (CAP) de la UTalca.<\/a><\/p>\t\t\t\t\t\t<\/div>\n\t\t\t\t<\/div>\n\t\t\t\t<div class=\"elementor-element elementor-element-a29185c elementor-widget elementor-widget-text-editor\" data-id=\"a29185c\" data-element_type=\"widget\" data-widget_type=\"text-editor.default\">\n\t\t\t\t<div class=\"elementor-widget-container\">\n\t\t\t\t\t\t\t\t<p><b>RADIO COOPERATIVA<\/b><\/p><p><a style=\"font-style: inherit; font-weight: inherit; background-color: #ffffff; font-family: -apple-system, BlinkMacSystemFont,;\" href=\"https:\/\/www.litoralpress.cl\/Archivos\/.Z39b70.Ta.Q.B7.Lr.T2.J.Qpf.Pj.A.%c3%96.%c3%96.mp3\" target=\"_blank\" rel=\"noopener\">La postergaci\u00f3n de la elecci\u00f3n complica a los candidatos a gobernadores regionales. Se refiere Mauricio Morales, acad\u00e9mico del Centro de An\u00e1lisis Pol\u00edtico (CAP) de la UTalca.<\/a><\/p>\t\t\t\t\t\t<\/div>\n\t\t\t\t<\/div>\n\t\t\t\t<div class=\"elementor-element elementor-element-93ba203 elementor-widget elementor-widget-text-editor\" data-id=\"93ba203\" data-element_type=\"widget\" data-widget_type=\"text-editor.default\">\n\t\t\t\t<div class=\"elementor-widget-container\">\n\t\t\t\t\t\t\t\t<p><b>COOPERATIVA.CL<\/b><\/p><p><a style=\"font-style: inherit; font-weight: inherit; background-color: #ffffff; font-family: -apple-system, BlinkMacSystemFont,;\" href=\"https:\/\/www.cooperativa.cl\/noticias\/pais\/politica\/elecciones\/prorroga-de-las-elecciones-experto-dice-que-candidatos-a-gobernadores\/2021-03-31\/083712.html\" target=\"_blank\" rel=\"noopener\">Pr\u00f3rroga de las elecciones: Experto dice que candidatos a gobernadores est\u00e1n &#8220;en el peor de los mundos&#8221;. Se refiere Mauricio Morales, acad\u00e9mico del Centro de An\u00e1lisis Pol\u00edtico (CAP) de la UTalca.<\/a><\/p>\t\t\t\t\t\t<\/div>\n\t\t\t\t<\/div>\n\t\t\t\t<div class=\"elementor-element elementor-element-ed56b79 elementor-widget elementor-widget-text-editor\" data-id=\"ed56b79\" data-element_type=\"widget\" data-widget_type=\"text-editor.default\">\n\t\t\t\t<div class=\"elementor-widget-container\">\n\t\t\t\t\t\t\t\t<p><b>EMOL.COM<\/b><\/p><p><a style=\"font-style: inherit; font-weight: inherit; background-color: #ffffff; font-family: -apple-system, BlinkMacSystemFont,;\" href=\"https:\/\/www.emol.com\/noticias\/Nacional\/2021\/03\/31\/1016559\/Ganadores-Perdedores-Cumbre-Candidatos-Oposicion.html\" target=\"_blank\" rel=\"noopener\">Cumbre de candidatos de oposici\u00f3n: Los ganadores y perdedores tras la reuni\u00f3n y sus efectos en los abanderados. Se refiere Mauricio Morales, acad\u00e9mico del Centro de An\u00e1lisis Pol\u00edtico (CAP) de la UTalca.<\/a><\/p>\t\t\t\t\t\t<\/div>\n\t\t\t\t<\/div>\n\t\t\t\t<div class=\"elementor-element elementor-element-92de268 elementor-widget elementor-widget-text-editor\" data-id=\"92de268\" data-element_type=\"widget\" data-widget_type=\"text-editor.default\">\n\t\t\t\t<div class=\"elementor-widget-container\">\n\t\t\t\t\t\t\t\t<p><b>NUEVOPODER.CL<\/b><\/p><p><a style=\"font-style: inherit; font-weight: inherit; background-color: #ffffff; font-family: -apple-system, BlinkMacSystemFont,;\" href=\"http:\/\/www.nuevopoder.cl\/ganadores-y-perdedores-de-la-cumbre-de-presidenciables-de-oposicion\/\" target=\"_blank\" rel=\"noopener\">Ganadores y perdedores de la cumbre de presidenciables de oposici\u00f3n. Se refiere Mauricio Morales, acad\u00e9mico del Centro de An\u00e1lisis Pol\u00edtico (CAP) de la UTalca.<\/a><\/p>\t\t\t\t\t\t<\/div>\n\t\t\t\t<\/div>\n\t\t\t\t<div class=\"elementor-element elementor-element-82a45e4 elementor-widget elementor-widget-text-editor\" data-id=\"82a45e4\" data-element_type=\"widget\" data-widget_type=\"text-editor.default\">\n\t\t\t\t<div class=\"elementor-widget-container\">\n\t\t\t\t\t\t\t\t<p><b>LA SEGUNDA<\/b><\/p><p><a style=\"font-style: inherit; font-weight: inherit; background-color: #ffffff; font-family: -apple-system, BlinkMacSystemFont,;\" href=\"https:\/\/www.litoralpress.cl\/paginaconsultas\/Servicios_NClip\/Get_Imagen_Pagina.aspx?LPKey=51.Kg2yoy.W.Y.Q.Et1ee.J4.Q0.Gk.V3.B.Z.Aogfh.V.%C3%9C.Rrpf.Qe.O.E6.A.%C3%96\" target=\"_blank\" rel=\"noopener\">El todo o nada de Mu\u00f1oz para evitar un nuevo desastre del PPD. Se refiere Mauricio Morales, acad\u00e9mico del Centro de An\u00e1lisis Pol\u00edtico (CAP) de la UTalca.<\/a><\/p>\t\t\t\t\t\t<\/div>\n\t\t\t\t<\/div>\n\t\t\t\t<div class=\"elementor-element elementor-element-ae4891d elementor-widget elementor-widget-text-editor\" data-id=\"ae4891d\" data-element_type=\"widget\" data-widget_type=\"text-editor.default\">\n\t\t\t\t<div class=\"elementor-widget-container\">\n\t\t\t\t\t\t\t\t<p><b>LAS \u00daLTIMAS NOTICIAS<\/b><\/p><p><a style=\"font-style: inherit; font-weight: inherit; background-color: #ffffff; font-family: -apple-system, BlinkMacSystemFont,;\" href=\"https:\/\/www.litoralpress.cl\/paginaconsultas\/Servicios_NClip\/Get_Imagen_Pagina.aspx?LPKey=.Shw.N.Sb.Lus.Ni.Otn.%C3%9C.R.C.De.I.E.Z4e.D.E.P.I52.Rfaem0t.Ij.R.Jgk.%C3%96\" target=\"_blank\" rel=\"noopener\">Por qu\u00e9 Evelyn Matthei y Daniel Jadue podr\u00e1n postular a dos cargos a la vez. Se refiere Mauricio Morales, acad\u00e9mico del Centro de An\u00e1lisis Pol\u00edtico (CAP) de la UTalca.<\/a><\/p>\t\t\t\t\t\t<\/div>\n\t\t\t\t<\/div>\n\t\t\t\t<div class=\"elementor-element elementor-element-922d785 elementor-widget elementor-widget-text-editor\" data-id=\"922d785\" data-element_type=\"widget\" data-widget_type=\"text-editor.default\">\n\t\t\t\t<div class=\"elementor-widget-container\">\n\t\t\t\t\t\t\t\t<p><b>REGIONALISTA.CL<\/b><\/p><p><a style=\"font-style: inherit; font-weight: inherit; background-color: #ffffff; font-family: -apple-system, BlinkMacSystemFont,;\" href=\"https:\/\/regionalista.cl\/dia-de-las-regiones-declaracion-de-la-red-de-centros-de-estudios-regionales-y-territoriales-de-universidades-chilenas\/\" target=\"_blank\" rel=\"noopener\">D\u00eda de las regiones: Declaraci\u00f3n de la Red de Centros de Estudios Regionales y Territoriales de Universidades Chilenas. Se menciona a la UTalca.<\/a><\/p>\t\t\t\t\t\t<\/div>\n\t\t\t\t<\/div>\n\t\t\t\t<div class=\"elementor-element elementor-element-21037ee elementor-widget elementor-widget-text-editor\" data-id=\"21037ee\" data-element_type=\"widget\" data-widget_type=\"text-editor.default\">\n\t\t\t\t<div class=\"elementor-widget-container\">\n\t\t\t\t\t\t\t\t<p><b>ELCALBUCANO.CL<\/b><\/p><p><a style=\"font-style: inherit; font-weight: inherit; background-color: #ffffff; font-family: -apple-system, BlinkMacSystemFont,;\" href=\"https:\/\/www.elcalbucano.cl\/2021\/03\/red-de-centros-de-estudios-regionales-y-territoriales-de-universidades-chilenas\/\" target=\"_blank\" rel=\"noopener\">Red de Centros de Estudios Regionales y Territoriales de Universidades Chilenas. Se menciona a la UTalca.<\/a><\/p>\t\t\t\t\t\t<\/div>\n\t\t\t\t<\/div>\n\t\t\t\t\t<\/div>\n\t\t<\/div>\n\t\t\t\t\t\t\t<\/div>\n\t\t<\/section>\n\t\t\t\t\t\t<\/div>\n\t\t\t\t\t<\/div>\n\t\t","protected":false},"excerpt":{"rendered":"<p>CANAL 13 La vacuna baja hospitalizaci\u00f3n de mayores de 70 a\u00f1os. Se refiere Marcelo Alarc\u00f3n, acad\u00e9mico del Departamento de Bioqu\u00edmica Cl\u00ednica e Inmunohematolog\u00eda de la UTalca. EL HERALDO (Portada) UTalca se suma a campa\u00f1a para informar y educar sobre el proceso constitucional. EL HERALDO UTalca se suma a campa\u00f1a para informar y educar sobre el &hellip;<\/p>\n<p class=\"read-more\"> <a class=\"\" href=\"https:\/\/www.reportedeprensa.utalca.cl\/?p=613\"> <span class=\"screen-reader-text\">01 de abril de 2021<\/span> Read More &raquo;<\/a><\/p>\n","protected":false},"author":1,"featured_media":0,"comment_status":"closed","ping_status":"open","sticky":false,"template":"elementor_theme","format":"standard","meta":{"_monsterinsights_skip_tracking":false,"_monsterinsights_sitenote_active":false,"_monsterinsights_sitenote_note":"","_monsterinsights_sitenote_category":0},"categories":[7],"tags":[],"_links":{"self":[{"href":"https:\/\/www.reportedeprensa.utalca.cl\/index.php?rest_route=\/wp\/v2\/posts\/613"}],"collection":[{"href":"https:\/\/www.reportedeprensa.utalca.cl\/index.php?rest_route=\/wp\/v2\/posts"}],"about":[{"href":"https:\/\/www.reportedeprensa.utalca.cl\/index.php?rest_route=\/wp\/v2\/types\/post"}],"author":[{"embeddable":true,"href":"https:\/\/www.reportedeprensa.utalca.cl\/index.php?rest_route=\/wp\/v2\/users\/1"}],"replies":[{"embeddable":true,"href":"https:\/\/www.reportedeprensa.utalca.cl\/index.php?rest_route=%2Fwp%2Fv2%2Fcomments&post=613"}],"version-history":[{"count":4,"href":"https:\/\/www.reportedeprensa.utalca.cl\/index.php?rest_route=\/wp\/v2\/posts\/613\/revisions"}],"predecessor-version":[{"id":617,"href":"https:\/\/www.reportedeprensa.utalca.cl\/index.php?rest_route=\/wp\/v2\/posts\/613\/revisions\/617"}],"wp:attachment":[{"href":"https:\/\/www.reportedeprensa.utalca.cl\/index.php?rest_route=%2Fwp%2Fv2%2Fmedia&parent=613"}],"wp:term":[{"taxonomy":"category","embeddable":true,"href":"https:\/\/www.reportedeprensa.utalca.cl\/index.php?rest_route=%2Fwp%2Fv2%2Fcategories&post=613"},{"taxonomy":"post_tag","embeddable":true,"href":"https:\/\/www.reportedeprensa.utalca.cl\/index.php?rest_route=%2Fwp%2Fv2%2Ftags&post=613"}],"curies":[{"name":"wp","href":"https:\/\/api.w.org\/{rel}","templated":true}]}}