{"id":6146,"date":"2022-12-22T11:41:02","date_gmt":"2022-12-22T14:41:02","guid":{"rendered":"https:\/\/www.reportedeprensa.utalca.cl\/?p=6146"},"modified":"2022-12-22T11:55:36","modified_gmt":"2022-12-22T14:55:36","slug":"22-de-diciembre-de-2022","status":"publish","type":"post","link":"https:\/\/www.reportedeprensa.utalca.cl\/?p=6146","title":{"rendered":"22 de diciembre de 2022"},"content":{"rendered":"\t\t<div data-elementor-type=\"wp-post\" data-elementor-id=\"6146\" class=\"elementor elementor-6146\" data-elementor-settings=\"[]\">\n\t\t\t\t\t\t\t<div class=\"elementor-section-wrap\">\n\t\t\t\t\t\t\t<section class=\"elementor-section elementor-top-section elementor-element elementor-element-2a4b4b83 elementor-section-boxed elementor-section-height-default elementor-section-height-default\" data-id=\"2a4b4b83\" data-element_type=\"section\">\n\t\t\t\t\t\t<div class=\"elementor-container elementor-column-gap-default\">\n\t\t\t\t\t<div class=\"elementor-column elementor-col-100 elementor-top-column elementor-element elementor-element-24a78540\" data-id=\"24a78540\" data-element_type=\"column\">\n\t\t\t<div class=\"elementor-widget-wrap elementor-element-populated\">\n\t\t\t\t\t\t\t\t<div class=\"elementor-element elementor-element-55b07e54 elementor-widget elementor-widget-text-editor\" data-id=\"55b07e54\" data-element_type=\"widget\" data-widget_type=\"text-editor.default\">\n\t\t\t\t<div class=\"elementor-widget-container\">\n\t\t\t\t\t\t\t\t<p><strong>LA PRENSA<\/strong><\/p><p><a href=\"https:\/\/www.litoralpress.cl\/paginaconsultas\/Servicios_NClipSitio\/Get_Imagen_Nota.aspx?LPKey=CFSY5Q6UO7AWMD5Z6PG24FWZ7LT77MHBZDXSAX4VGZ2X4QNGRZFWOEPWMEXQERBZR4EHQZZMZZILU\">Viejo Pascuero no olvid\u00f3 a ni\u00f1os del ramal y regres\u00f3 a visitarlos a bordo de tren navide\u00f1o.\u00a0 Se refieren Isabel Hern\u00e1ndez Fern\u00e1ndez, secretaria General y Marcela Albornoz Dachelet, directora de Extensi\u00f3n Art\u00edstica-Cultural.<\/a><\/p><p>\u00a0<\/p><p><strong>EL LECTOR<\/strong><\/p><p><a href=\"https:\/\/www.litoralpress.cl\/paginaconsultas\/Servicios_NClipSitio\/Get_Imagen_Nota.aspx?LPKey=FMQRBN4QRSM3LMQXMF6W5XPMHG73ZEKJGF2Y2A66IFTPULOHR3ODPCDCMCP2WENLXN4QGEX6T2JPK\">Tren de Navidad de la UTalca recorri\u00f3 el Maule junto al Viejo Pascuero. Se refieren Isabel Hern\u00e1ndez Fern\u00e1ndez, secretaria General y Marcela Albornoz Dachelet, directora de Extensi\u00f3n Art\u00edstica-Cultural.<\/a><\/p><p>\u00a0<\/p><p><strong>CANAL CONTIVISI\u00d3N<\/strong><\/p><p><a href=\"https:\/\/www.litoralpress.cl\/sitio\/RadioTV_Detalles.cshtml?LPKey=7SKAXRMGMADTRPHVGZBX5LBASP4F6KLL5XJVXMJDDYPJIMZHEYUQQQG3H7ZM2GTXPVTUDUOXLGVPW\">El esperado tren de navidad de la U. Talca recorri\u00f3 las estaciones del ramal Talca Constituci\u00f3n. Se refieren Isabel Hern\u00e1ndez Fern\u00e1ndez, secretaria General y Marcela Albornoz Dachelet, directora de Extensi\u00f3n Art\u00edstica-Cultural.<\/a><\/p><p>\u00a0<\/p><p><strong>DIARIOTALCA.CL<\/strong><\/p><p><a href=\"https:\/\/diariotalca.cl\/ninos-felices-tras-llegada-del-tren-de-la-navidad\/\">Ni\u00f1os felices tras llegada del tren de la Navidad. Se refieren Isabel Hern\u00e1ndez Fern\u00e1ndez, secretaria General y Marcela Albornoz Dachelet, directora de Extensi\u00f3n Art\u00edstica-Cultural.<\/a><\/p><p>\u00a0<\/p><p><strong>ADPRENSA.CL<\/strong><\/p><p><a href=\"https:\/\/www.adprensa.cl\/cronica\/utalca-acogio-encuentro-nacional-del-centro-interuniversitario-de-envejecimiento-saludable\/\">UTalca acogi\u00f3 encuentro nacional del Centro Interuniversitario de Envejecimiento Saludable. Se refieren Isabel Hern\u00e1ndez Fern\u00e1ndez, secretaria General, Carlos Padilla Espinoza, decano de la Facultad de Ciencias de la Salud e Iv\u00e1n Palomo Gonz\u00e1lez, acad\u00e9mico de la misma Facultad.<\/a><\/p><p>\u00a0<\/p><p><strong>MEDIABANCO.COM<\/strong><\/p><p><a href=\"https:\/\/www.mediabanco.com\/utalca-acogio-encuentro-nacional-del-centro-interuniversitario-de-envejecimiento-saludable\/\">UTalca acogi\u00f3 encuentro nacional del Centro Interuniversitario de Envejecimiento Saludable. Se refieren Isabel Hern\u00e1ndez Fern\u00e1ndez, secretaria General, Carlos Padilla Espinoza, decano de la Facultad de Ciencias de la Salud e Iv\u00e1n Palomo Gonz\u00e1lez, acad\u00e9mico de la misma Facultad<\/a><\/p><p>\u00a0<\/p><p><strong>ELDIARIOSANTIAGO.CL<\/strong><\/p><p><a href=\"https:\/\/eldiariosantiago.cl\/2022\/12\/21\/utalca-acogio-encuentro-nacional-del-centro-interuniversitario-de-envejecimiento-saludable\/\">UTalca acogi\u00f3 encuentro nacional del Centro Interuniversitario de Envejecimiento Saludable. Se refieren Isabel Hern\u00e1ndez Fern\u00e1ndez, secretaria General, Carlos Padilla Espinoza, decano de la Facultad de Ciencias de la Salud e Iv\u00e1n Palomo Gonz\u00e1lez, acad\u00e9mico de la misma Facultad.<\/a><\/p><p>\u00a0<\/p><p><strong>ELMOSTRADOR.CL<\/strong><\/p><p><a href=\"https:\/\/www.elmostrador.cl\/braga\/2022\/12\/21\/ausencia-de-politicas-publicas-y-poca-transparencia-los-desafios-para-acabar-con-la-brecha-laboral-de-genero\/\">Ausencia de pol\u00edticas p\u00fablicas y poca transparencia: los desaf\u00edos para acabar con la brecha laboral de g\u00e9nero. Se refiere Irene Rojas Mi\u00f1o, directora del Centro de Estudios de Derecho del Trabajo y de la Seguridad Social (CENTRASS).<\/a><\/p><p>\u00a0<\/p><p><strong>CHILEESNOTICIA.COM<\/strong><\/p><p><a href=\"https:\/\/chileesnoticia.com\/2022\/12\/21\/ausencia-de-politicas-publicas-y-poca-transparencia-los-desafios-para-acabar-con-la-brecha-laboral-de-genero\/\">Ausencia de pol\u00edticas p\u00fablicas y poca transparencia: los desaf\u00edos para acabar con la brecha laboral de g\u00e9nero. Se refiere Irene Rojas Mi\u00f1o, directora del Centro de Estudios de Derecho del Trabajo y de la Seguridad Social (CENTRASS).<\/a><\/p><p>\u00a0<\/p><p><strong>EL MERCURIO<\/strong><\/p><p><a href=\"https:\/\/www.litoralpress.cl\/paginaconsultas\/Servicios_NClipSitio\/Get_Imagen_Nota.aspx?LPKey=3BIVCCXFG7NMWAA3KDXB6LWXLFF46U42WYORBSZTCCZYPQLUTFHKBPU67IODVUDYNHRAO2X3LW4B6\">2023, el a\u00f1o en que la log\u00edstica deber\u00e1 adaptarse a la recesi\u00f3n y ser resiliente. Se refiere Yerko Cort\u00e9s, acad\u00e9mico de la Facultad de Econom\u00eda y Negocios (FEN).<\/a><\/p><p>\u00a0<\/p><p><strong>RADIO BIO-B\u00cdO<\/strong><\/p><p><a href=\"https:\/\/www.litoralpress.cl\/sitio\/RadioTV_Detalles.cshtml?LPKey=FYZLEN7FPNNAHJVGXQDH4NMP2Y6EHDYK2SEDTG54THOPNGFSDGFOWJJM5AC2GVZYVQI5H5S2BZ7UM\">Esta tarde comenzar\u00e1 el verano tras una de las primaveras m\u00e1s c\u00e1lidas jam\u00e1s registradas. Se menciona a Patricio Gonz\u00e1lez, acad\u00e9mico del Centro de Investigaci\u00f3n y Transferencia en Riego y Agroclimatolog\u00eda (CITRA).<\/a><\/p><p>\u00a0<\/p><p><strong>CENTROSURNOTICIAS.CL<\/strong><\/p><p><a href=\"https:\/\/centrosurnoticias.cl\/olas-de-calor-afectarian-produccion-agricola-chilena\/\">Olas de calor afectar\u00edan la producci\u00f3n agr\u00edcola chilena. Se refiere Patricio Gonz\u00e1lez, acad\u00e9mico del Centro de Investigaci\u00f3n y Transferencia en Riego y Agroclimatolog\u00eda (CITRA).<\/a><\/p><p>\u00a0<\/p><p><strong>CANAL MEGA<\/strong><\/p><p><a href=\"https:\/\/www.litoralpress.cl\/sitio\/RadioTV_Detalles.cshtml?LPKey=HWG2FWL74TCVROGAXYIACBDO4N7Q6KHQHQZWJJRCEIQKWME5TRQ5QWJ7Y4QE76ZJ62OZQYTBGTVIG\">Odecu analiz\u00f3 13 marcas de k\u00e9tchup que se venden en Chile y descubri\u00f3 mayor presencia de az\u00facar que la indicada en los envases. Se refiere Francisco Monsalve Abaca, acad\u00e9mico de la Facultad de Ciencias de la Salud.<\/a><\/p><p>\u00a0<\/p><p><strong>CANAL UCHILE<\/strong><\/p><p><a href=\"https:\/\/www.litoralpress.cl\/sitio\/RadioTV_Detalles.cshtml?LPKey=IYB6KRE4LOF4XGHVIHBQRJGPWZOUFHCXPLLSYIYSB3HWNLBB33KCC5TWZKLEBQC5AMP3FGF52GZ5Q\">Entrevista a Natalia Uribe Ortiz, acad\u00e9mica de la Facultad de Psicolog\u00eda.<\/a><\/p><p>\u00a0<\/p><p><strong>EL L\u00cdDER<\/strong><\/p><p><a href=\"https:\/\/www.litoralpress.cl\/paginaconsultas\/Servicios_NClipSitio\/Get_Imagen_Nota.aspx?LPKey=2TDGVJDKTLCMMQLS52HXR4VD3P23FKKRIMJJNVPCUJT3QO6UYF6OEDUXDCJCDKYMEITX7EMLHYMHO\">Los contagios de coronavirus siguen a la baja en la provincia de San Antonio. Se refiere \u00c9rika Retamal Contreras, directora del Departamento de Salud P\u00fablica.<\/a><\/p><p>\u00a0<\/p><p><strong>DIARIOTALCA.CL<\/strong><\/p><p><a href=\"https:\/\/diariotalca.cl\/influenza-aviar-cuidados-y-recomendaciones-para-no-exponerse-al-virus\/\">Influenza Aviar: cuidados y recomendaciones para no exponerse al virus. Se refiere \u00c9rika Retamal Contreras, directora del Departamento de Salud P\u00fablica.<\/a><\/p><p>\u00a0<\/p><p><strong>ELMAULEINFORMA.CL<\/strong><\/p><p><a href=\"https:\/\/elmauleinforma.cl\/influenza-aviar-en-chile-cuidados-y-recomendaciones-para-no-exponerse-al-virus\/\">Influenza Aviar en Chile: cuidados y recomendaciones para no exponerse al virus. Se refiere \u00c9rika Retamal Contreras, directora del Departamento de Salud P\u00fablica.<\/a><\/p><p>\u00a0<\/p><p><strong>LA PRENSA<\/strong><\/p><p><a href=\"https:\/\/www.litoralpress.cl\/paginaconsultas\/Servicios_NClipSitio\/Get_Imagen_Nota.aspx?LPKey=QYF6SVTEJI4TY4UCNS4DMV5NSW3J4M6UWDIC6W5CCIIDHUU4QPTQOADN2HHNSUVVVFTVBJNGBMVPK\">Experta UTalca advierte posible aumento de casos de virus Hanta durante \u00e9poca veraniega. Se refiere Barbra Fern\u00e1ndez Tapia, acad\u00e9mica de la Facultad de Ciencias de la Salud.<\/a><\/p><p>\u00a0<\/p><p><strong>CANAL CONTIVISI\u00d3N<\/strong><\/p><p><a href=\"https:\/\/www.litoralpress.cl\/sitio\/RadioTV_Detalles.cshtml?LPKey=Q2ELCS55BLL5PNUXVSBEPBQ4GO7MADSNNNT5TUMVI5FW72PSXXTXFLJJOAXXAN36XUWFWD3QNOTW2\">Proyectan posible aumento de casos de contagio de virus hanta para este verano. Se refiere Barbra Fern\u00e1ndez Tapia, acad\u00e9mica de la Facultad de Ciencias de la Salud.<\/a><\/p><p>\u00a0<\/p><p><strong>MASQUENOTICIAS.CL<\/strong><\/p><p><a href=\"https:\/\/masquenoticias.cl\/2022\/12\/20\/experta-preve-aumento-de-casos-de-virus-hanta-para-este-verano\/\">Experta prev\u00e9 aumento de casos de virus Hanta para este verano. Se refiere Barbra Fern\u00e1ndez Tapia, acad\u00e9mica de la Facultad de Ciencias de la Salud.<\/a><\/p><p>\u00a0<\/p><p><strong>ADPRENSA.CL<\/strong><\/p><p><a href=\"https:\/\/www.adprensa.cl\/cronica\/experta-preve-aumento-de-casos-de-virus-hanta-para-este-verano\/\">Experta prev\u00e9 aumento de casos de virus Hanta para este verano. Se refiere Barbra Fern\u00e1ndez Tapia, acad\u00e9mica de la Facultad de Ciencias de la Salud.<\/a><\/p><p>\u00a0<\/p><p><strong>G5NOTICIAS.CL<\/strong><\/p><p><a href=\"https:\/\/g5noticias.cl\/2022\/12\/21\/experta-preve-aumento-de-casos-de-virus-hanta-para-este-verano\/\">Experta prev\u00e9 aumento de casos de virus Hanta para este verano. Se refiere Barbra Fern\u00e1ndez Tapia, acad\u00e9mica de la Facultad de Ciencias de la Salud.<\/a><\/p><p>\u00a0<\/p><p><strong>CANAL TVN RED MAULE<\/strong><\/p><p><a href=\"https:\/\/www.litoralpress.cl\/sitio\/RadioTV_Detalles.cshtml?LPKey=F5CL7W44RBCW65BP32WLLJQ34PS4ONZU2TLKTMEIRHOIH7HVEF2CJ4SH4JI2LZUJW5J2MKSGQMCQ4\">Sand\u00edas son uno de los frutos ideales de la temporada. Se refiere Ana Karina Peralta Madariaga, directora del Centro de Inocuidad Alimentaria.<\/a><\/p><p>\u00a0<\/p><p><strong>LAS \u00daLTIMAS NOTICIAS<\/strong><\/p><p><a href=\"https:\/\/www.litoralpress.cl\/sitio\/Prensa_PaginaCompleta.cshtml?LPKey=RPSPSBC5Z55RJGHB3G7DJ4K7HIO7UAMG7IANSDMJIJMNCX2QX6LA\">Y sin dejar caer una sola gota: vea cu\u00e1nto le cuesta el lavado en seco para el auto. Se refiere Di\u00f3genes Hern\u00e1ndez Espinoza, acad\u00e9mico del Instituto de Qu\u00edmica de los Recursos Naturales.<\/a><\/p><p>\u00a0<\/p><p><strong>\u00a0<\/strong><strong>RADIO INFINITA<\/strong><\/p><p><a href=\"https:\/\/www.litoralpress.cl\/sitio\/RadioTV_Detalles.cshtml?LPKey=KLHZQRHIEZDCUAMDCUIAUFXU2JOJSQVGIDH3SWY4WG3CTVL6K7TOOUL6PUHQKD5SXQSFTCPOQMVRA\">Comentario de Mauricio Morales Quiroga, director del Centro de An\u00e1lisis Pol\u00edtico (CAP).<\/a><\/p><p>\u00a0<\/p><p><strong>RADIO AGRICULTURA<\/strong><\/p><p><a href=\"https:\/\/www.litoralpress.cl\/sitio\/RadioTV_Detalles.cshtml?LPKey=4QO2FRI6MDTFADG24PW3PX543PO4FGQVLKBKBAHYE3JSSZO47P2OVO6ECEWQB4SW724OUHKTKQCWC\">Entrevista a Mauricio Morales Quiroga, director del Centro de An\u00e1lisis Pol\u00edtico (CAP).<\/a><\/p><p>\u00a0<\/p><p><strong>MEDIABANCO.COM<\/strong><\/p><p><a href=\"https:\/\/www.mediabanco.com\/escuela-padre-hurtado-de-curico-gano-concurso-descubriendo-talentos-cientificos-de-la-utalca\/\">Se refieren Karin Saavedra, Redlich, directora General de Vinculaci\u00f3n con el Medio y C\u00e9sar Retamal Bravo, acad\u00e9mico de la Facultad de Ingenier\u00eda.<\/a><\/p><p>\u00a0<\/p><p><strong>LA PRENSA<\/strong><\/p><p><a href=\"https:\/\/www.litoralpress.cl\/paginaconsultas\/Servicios_NClipSitio\/Get_Imagen_Nota.aspx?LPKey=UGXJDNQBXJYWMOOY2C2FRZL7BM64XZVA3W27YH2TSRFXRRNMBLSJJ4NH5W62GECW7PUQLS4LG2EII\">Alumnos de Curic\u00f3 ganan versi\u00f3n 2022 del concurso \u201cDescubriendo Talentos Cient\u00edficos\u201d.<\/a><\/p><p>\u00a0<\/p>\t\t\t\t\t\t<\/div>\n\t\t\t\t<\/div>\n\t\t\t\t\t<\/div>\n\t\t<\/div>\n\t\t\t\t\t\t\t<\/div>\n\t\t<\/section>\n\t\t\t\t\t\t<\/div>\n\t\t\t\t\t<\/div>\n\t\t","protected":false},"excerpt":{"rendered":"<p>LA PRENSA Viejo Pascuero no olvid\u00f3 a ni\u00f1os del ramal y regres\u00f3 a visitarlos a bordo de tren navide\u00f1o.\u00a0 Se refieren Isabel Hern\u00e1ndez Fern\u00e1ndez, secretaria General y Marcela Albornoz Dachelet, directora de Extensi\u00f3n Art\u00edstica-Cultural. \u00a0 EL LECTOR Tren de Navidad de la UTalca recorri\u00f3 el Maule junto al Viejo Pascuero. Se refieren Isabel Hern\u00e1ndez Fern\u00e1ndez, &hellip;<\/p>\n<p class=\"read-more\"> <a class=\"\" href=\"https:\/\/www.reportedeprensa.utalca.cl\/?p=6146\"> <span class=\"screen-reader-text\">22 de diciembre de 2022<\/span> Read More &raquo;<\/a><\/p>\n","protected":false},"author":1,"featured_media":0,"comment_status":"closed","ping_status":"open","sticky":false,"template":"","format":"standard","meta":{"_monsterinsights_skip_tracking":false,"_monsterinsights_sitenote_active":false,"_monsterinsights_sitenote_note":"","_monsterinsights_sitenote_category":0},"categories":[28],"tags":[],"_links":{"self":[{"href":"https:\/\/www.reportedeprensa.utalca.cl\/index.php?rest_route=\/wp\/v2\/posts\/6146"}],"collection":[{"href":"https:\/\/www.reportedeprensa.utalca.cl\/index.php?rest_route=\/wp\/v2\/posts"}],"about":[{"href":"https:\/\/www.reportedeprensa.utalca.cl\/index.php?rest_route=\/wp\/v2\/types\/post"}],"author":[{"embeddable":true,"href":"https:\/\/www.reportedeprensa.utalca.cl\/index.php?rest_route=\/wp\/v2\/users\/1"}],"replies":[{"embeddable":true,"href":"https:\/\/www.reportedeprensa.utalca.cl\/index.php?rest_route=%2Fwp%2Fv2%2Fcomments&post=6146"}],"version-history":[{"count":4,"href":"https:\/\/www.reportedeprensa.utalca.cl\/index.php?rest_route=\/wp\/v2\/posts\/6146\/revisions"}],"predecessor-version":[{"id":6150,"href":"https:\/\/www.reportedeprensa.utalca.cl\/index.php?rest_route=\/wp\/v2\/posts\/6146\/revisions\/6150"}],"wp:attachment":[{"href":"https:\/\/www.reportedeprensa.utalca.cl\/index.php?rest_route=%2Fwp%2Fv2%2Fmedia&parent=6146"}],"wp:term":[{"taxonomy":"category","embeddable":true,"href":"https:\/\/www.reportedeprensa.utalca.cl\/index.php?rest_route=%2Fwp%2Fv2%2Fcategories&post=6146"},{"taxonomy":"post_tag","embeddable":true,"href":"https:\/\/www.reportedeprensa.utalca.cl\/index.php?rest_route=%2Fwp%2Fv2%2Ftags&post=6146"}],"curies":[{"name":"wp","href":"https:\/\/api.w.org\/{rel}","templated":true}]}}