{"id":6164,"date":"2022-12-26T10:14:29","date_gmt":"2022-12-26T13:14:29","guid":{"rendered":"https:\/\/www.reportedeprensa.utalca.cl\/?p=6164"},"modified":"2022-12-26T10:34:17","modified_gmt":"2022-12-26T13:34:17","slug":"26-de-diciembre-de-2022","status":"publish","type":"post","link":"https:\/\/www.reportedeprensa.utalca.cl\/?p=6164","title":{"rendered":"26 de diciembre de 2022"},"content":{"rendered":"\t\t<div data-elementor-type=\"wp-post\" data-elementor-id=\"6164\" class=\"elementor elementor-6164\" data-elementor-settings=\"[]\">\n\t\t\t\t\t\t\t<div class=\"elementor-section-wrap\">\n\t\t\t\t\t\t\t<section class=\"elementor-section elementor-top-section elementor-element elementor-element-2a4b4b83 elementor-section-boxed elementor-section-height-default elementor-section-height-default\" data-id=\"2a4b4b83\" data-element_type=\"section\">\n\t\t\t\t\t\t<div class=\"elementor-container elementor-column-gap-default\">\n\t\t\t\t\t<div class=\"elementor-column elementor-col-100 elementor-top-column elementor-element elementor-element-24a78540\" data-id=\"24a78540\" data-element_type=\"column\">\n\t\t\t<div class=\"elementor-widget-wrap elementor-element-populated\">\n\t\t\t\t\t\t\t\t<div class=\"elementor-element elementor-element-55b07e54 elementor-widget elementor-widget-text-editor\" data-id=\"55b07e54\" data-element_type=\"widget\" data-widget_type=\"text-editor.default\">\n\t\t\t\t<div class=\"elementor-widget-container\">\n\t\t\t\t\t\t\t\t<p><strong>DIARIOTALCA.CL<\/strong><\/p><p><a href=\"https:\/\/diariotalca.cl\/ranking-nacional-destaca-a-la-utalca-en-innovacion-desarrollo-e-investigacion\/\">Ranking nacional destaca a la UTalca en Innovaci\u00f3n, Desarrollo e Investigaci\u00f3n. Se refiere Ariela Vergara Jaque, vicerrectora de Innovaci\u00f3n.<\/a><\/p><p>\u00a0<\/p><p><strong>RADIO FUTURA<\/strong><\/p><p><a href=\"https:\/\/www.litoralpress.cl\/sitio\/RadioTV_Detalles.cshtml?LPKey=HADS4PCQGU2OSDXJJ56XRYK4UB6HBEW3IPQEPBJ7RWSPYPY3OYZGU424LR6J6XMYLFCPSF2LPHZVS\">Entrevista a Mauricio V\u00e9liz Campos, decano de la Facultad de Ciencias de la Educaci\u00f3n.<\/a><\/p><p>\u00a0<\/p><p><strong>RADIO BUENA NUEVA <\/strong><\/p><p><a href=\"https:\/\/www.litoralpress.cl\/sitio\/RadioTV_Detalles.cshtml?LPKey=LGH7ACOQIAXA4YPALHECHJP45XKUS73ZOEMIAY4AO2FSZHOH5KFHTCCBRT4PV7MTSX6KNCITHMTPY\">Entrevista a Nicol\u00e1s Hormaz\u00e1bal Gonz\u00e1lez, coordinador de Vinculaci\u00f3n con el Medio y Extensi\u00f3n de la Facultad de Ciencias de la Educaci\u00f3n.<\/a><\/p><p>\u00a0<\/p><p><strong>ADPRENSA.CL<\/strong><\/p><p><a href=\"https:\/\/www.adprensa.cl\/espectaculos\/k-pop-el-fenomeno-mundial-que-llega-a-las-aulas-universitarias\/\">K-pop: el fen\u00f3meno mundial que llega a las aulas universitarias. Se refiere Javiera Montecino Rebolledo, directora de Apoyo a Organizaciones e Iniciativas Estudiantiles de la UTalca (DAOI) y Sol Moris Rojas, estudiante.<\/a><\/p><p>\u00a0<\/p><p><strong>MEDIABANCO.COM<\/strong><\/p><p><a href=\"https:\/\/www.mediabanco.com\/k-pop-el-fenomeno-mundial-que-llega-a-las-aulas-universitarias\/\">K-pop: el fen\u00f3meno mundial que llega a las aulas universitarias. Se refiere Javiera Montecino Rebolledo, directora de Apoyo a Organizaciones e Iniciativas Estudiantiles de la UTalca (DAOI) y Sol Moris Rojas, estudiante.<\/a><\/p><p>\u00a0<\/p><p><strong>MASQUENOTICIAS.CL<\/strong><\/p><p><a href=\"https:\/\/masquenoticias.cl\/2022\/12\/22\/k-pop-el-fenomeno-mundial-que-llega-a-las-aulas-universitarias\/\">K-pop: el fen\u00f3meno mundial que llega a las aulas universitarias. Se refiere Javiera Montecino Rebolledo, directora de Apoyo a Organizaciones e Iniciativas Estudiantiles de la UTalca (DAOI) y Sol Moris Rojas, estudiante.<\/a><\/p><p>\u00a0<\/p><p><strong>ELCENTRO.CL<\/strong><\/p><p><a href=\"https:\/\/elcentro.cl\/2022\/12\/22\/k-pop-el-fenomeno-mundial-que-llega-a-las-aulas-universitarias\/\">K-pop: el fen\u00f3meno mundial que llega a las aulas universitarias. Se refiere Javiera Montecino Rebolledo, directora de Apoyo a Organizaciones e Iniciativas Estudiantiles de la UTalca (DAOI) y Sol Moris Rojas, estudiante.<\/a><\/p><p>\u00a0<\/p><p><strong>ELDIARIOSANTIAGO.CL<\/strong><\/p><p><a href=\"https:\/\/eldiariosantiago.cl\/2022\/12\/22\/k-pop-el-fenomeno-mundial-que-llega-a-las-aulas-universitarias\/\">K-pop: el fen\u00f3meno mundial que llega a las aulas universitarias. Se refiere Javiera Montecino Rebolledo, directora de Apoyo a Organizaciones e Iniciativas Estudiantiles de la UTalca (DAOI) y Sol Moris Rojas, estudiante.<\/a><\/p><p>\u00a0<\/p><p><strong>EL MERCURIO<\/strong><\/p><p><a href=\"https:\/\/www.litoralpress.cl\/paginaconsultas\/Servicios_NClipSitio\/Get_Imagen_Nota.aspx?LPKey=4EU77HXWQ2W3PIJCUGASURPIDEEXLJCYMS7E2564JG24QZCRRJALMBGKML6CNCWEYNDY6WJHTJSMK\">Plebiscito del 4-S: El hito que marcar\u00e1 los pr\u00f3ximos a\u00f1os. Se refiere V\u00edctor Brangier Pe\u00f1ailillo, acad\u00e9mico del Instituto de Estudios Human\u00edsticos Juan Ignacio Molina.<\/a><\/p><p>\u00a0<\/p><p><strong>LATERCERA.COM<\/strong><\/p><p><a href=\"https:\/\/www.latercera.com\/practico\/noticia\/no-mas-suenos-humedos-consejos-y-productos-para-dormir-bien-cuando-hace-calor\/KLNFMFR2RZGFRIWDC5PRI5XZX4\/\">No m\u00e1s sue\u00f1os h\u00famedos: consejos y productos para dormir bien cuando hace calor. Se refiere Mar\u00eda Luisa del Campo Hitschfeld, directora del Centro Tecnol\u00f3gico Kipus.<\/a><\/p><p>\u00a0<\/p><p><strong>DIARIOTALCA.CL<\/strong><\/p><p><a href=\"https:\/\/diariotalca.cl\/influenza-aviar-cuidados-y-recomendaciones-para-no-exponerse-al-virus\/#respond\">Influenza Aviar: cuidados y recomendaciones para no exponerse al virus. Se refiere \u00c9rika Retamal Contreras, directora del Departamento de Salud P\u00fablica.<\/a><\/p><p>\u00a0<\/p><p><strong>G5NOTICIAS.CL<\/strong><\/p><p><a href=\"https:\/\/g5noticias.cl\/2022\/12\/24\/utalca-acogio-encuentro-nacional-del-centro-interuniversitario-de-envejecimiento-saludable\/\">UTalca acogi\u00f3 encuentro nacional del Centro Interuniversitario de Envejecimiento Saludable. Se refieren Isabel Hern\u00e1ndez Fern\u00e1ndez, secretaria General, Carlos Padilla Espinoza, decano de la Facultad de Ciencias de la Salud e Iv\u00e1n Palomo Gonz\u00e1lez, acad\u00e9mico de la misma Facultad.<\/a><\/p><p>\u00a0<\/p><p><strong>EL C\u00d3NDOR<\/strong><\/p><p><a href=\"https:\/\/www.litoralpress.cl\/paginaconsultas\/Servicios_NClipSitio\/Get_Imagen_Nota.aspx?LPKey=N6CNNEVAH6D5W6RV3VPHPTZOH4YJ6VNK5EXJY7U5G2DHZKVONYFDHDSTBCSZDA4KYXSCI3EJGH4VI\">Experta prev\u00e9 aumento de casos de virus Hanta para este verano. Se refiere Barbra Fern\u00e1ndez Tapia.<\/a><\/p><p>\u00a0<\/p><p><strong>RADIO AMIGA<\/strong><\/p><p><a href=\"https:\/\/www.litoralpress.cl\/sitio\/RadioTV_Detalles.cshtml?LPKey=TURPFNRU7SRBEDHYCXXAA2ZAYOSDILN7AZVLMRBIKZFOF76NTVHCFP5YQM5C3I5ACPYSPEZRJPP3I\">Aumentan casos y especies de aves afectadas en Chile por la gripe aviar. Se refiere Barbra Fern\u00e1ndez Tapia.<\/a><\/p><p>\u00a0<\/p><p><strong>RADIO.UCHILE.CL<\/strong><\/p><p><a href=\"https:\/\/radio.uchile.cl\/2022\/12\/25\/profesor-francisco-rivas-y-urgencia-de-una-politica-nacional-del-litio-hoy-es-cuando-los-precios-estan-altos\/\">Profesor Francisco Rivas y urgencia de una Pol\u00edtica Nacional del Litio: \u201cHoy es cuando los precios est\u00e1n altos\u201d. Se refiere el director de Ingenier\u00eda Civil de Minas.<\/a><\/p><p>\u00a0<\/p><p><strong>SUSTENTABLE.CL<\/strong><\/p><p><a href=\"https:\/\/www.sustentable.cl\/opinion-sustentabilidad-ambiental-en-riesgo-por-incendios-forestales-por-ph-d-marcia-vasquez-sandoval-academica-de-la-facultad-de-ingenieria-de-la-universidad-de-talca\/\">Sustentabilidad ambiental en riesgo por incendios forestales. Se refiere Marcia V\u00e1squez Sandoval, acad\u00e9mica de la Facultad de Ingenier\u00eda.<\/a><\/p><p>\u00a0<\/p><p><strong>LA PRENSA<\/strong><\/p><p><a href=\"https:\/\/www.litoralpress.cl\/paginaconsultas\/Servicios_NClipSitio\/Get_Imagen_Nota.aspx?LPKey=X2PCFJBIQ7OWYKGQUQED3GGV334GRWZQDDT4TSZN7RDNWMWMPKST6BI22ZWU3SCVXPFBP2FMMJNRG\">Cl\u00faster: Turismo de monta\u00f1a. Columna de opini\u00f3n de Jorge Navarrete Bustamante, director del Mag\u00edster en Gesti\u00f3n y Pol\u00edticas P\u00fablicas.<\/a><\/p><p>\u00a0<\/p><p><strong>EL MERCURIO<\/strong><\/p><p><a href=\"https:\/\/www.litoralpress.cl\/paginaconsultas\/Servicios_NClipSitio\/Get_Imagen_Nota.aspx?LPKey=U5S4HUVPLTIVIIWXWJ5BOMUFZ7WK7DMJ5OTK2RBXEVTNKJRBH4OWVPNR2SK3ANZZ4ERHISARFE6X2\">Evaluaci\u00f3n de actuales subsidios y m\u00e1s fiscalizaci\u00f3n: Informe propone medidas para la informalidad laboral. Se menciona a la UTalca.<\/a><\/p><p>\u00a0<\/p><p><strong>LA PRENSA<\/strong><\/p><p><a href=\"https:\/\/www.litoralpress.cl\/paginaconsultas\/Servicios_NClipSitio\/Get_Imagen_Nota.aspx?LPKey=RSVIJ5G3T5SCVYBJ725PA2AKXENMY6YWTBIJ46DOLJ4JUEVHT6APELRT4BLFLQCS76KRCTSHN7JX2\">Experto UTalca pronostica recesi\u00f3n en el pa\u00eds. Se refiere Rodrigo Saens Navarrete, acad\u00e9mico de la Facultad de Econom\u00eda y Negocios (FEN).<\/a><\/p><p>\u00a0<\/p><p><strong>EL LECTOR<\/strong><\/p><p><a href=\"https:\/\/www.litoralpress.cl\/paginaconsultas\/Servicios_NClipSitio\/Get_Imagen_Nota.aspx?LPKey=NIGRXWAHSRAVQOIFBR4G5CTNEA6KTLDMRW6LFVOYWLP7TKY4M6A7FUZPPEPXNG2TQAN6SNK7HA6QW\">Expectativas econ\u00f3micas 2023: Experto pronostica recesi\u00f3n en el pa\u00eds. Se refiere Rodrigo Saens Navarrete, acad\u00e9mico de la Facultad de Econom\u00eda y Negocios (FEN).<\/a><\/p><p>\u00a0<\/p><p><strong>ADPRENSA.CL<\/strong><\/p><p><a href=\"https:\/\/www.adprensa.cl\/actividades-academicas\/expectativas-economicas-2023-experto-pronostica-recesion-en-el-pais\/\">Expectativas econ\u00f3micas 2023: Experto pronostica recesi\u00f3n en el pa\u00eds. Se refiere Rodrigo Saens Navarrete, acad\u00e9mico de la Facultad de Econom\u00eda y Negocios (FEN).<\/a><\/p><p>\u00a0<\/p><p><strong>MEDIABANCO.COM<\/strong><\/p><p><a href=\"https:\/\/www.mediabanco.com\/expectativas-economicas-2023-experto-pronostica-recesion-en-el-pais\/\">Expectativas econ\u00f3micas 2023: Experto pronostica recesi\u00f3n en el pa\u00eds. Se refiere Rodrigo Saens Navarrete, acad\u00e9mico de la Facultad de Econom\u00eda y Negocios (FEN).<\/a><\/p><p>\u00a0<\/p><p><strong>DIARIOTALCA.CL<\/strong><\/p><p><a href=\"https:\/\/diariotalca.cl\/expectativas-economicas-2023-experto-utalca-pronostica-recesion-en-el-pais\/\">Expectativas econ\u00f3micas 2023: Experto pronostica recesi\u00f3n en el pa\u00eds. Se refiere Rodrigo Saens Navarrete, acad\u00e9mico de la Facultad de Econom\u00eda y Negocios (FEN).<\/a><\/p><p>\u00a0<\/p><p><strong>ELCENTRO.CL<\/strong><\/p><p><a href=\"https:\/\/elcentro.cl\/2022\/12\/23\/expectativas-economicas-2023-experto-pronostica-recesion-en-el-pais\/\">Expectativas econ\u00f3micas 2023: Experto pronostica recesi\u00f3n en el pa\u00eds. Se refiere Rodrigo Saens Navarrete, acad\u00e9mico de la Facultad de Econom\u00eda y Negocios (FEN).<\/a><\/p><p>\u00a0<\/p><p><strong>ELMAULEINFORMA.CL<\/strong><\/p><p><a href=\"https:\/\/elmauleinforma.cl\/expectativas-economicas-2023-experto-pronostica-recesion-en-el-pais\/\">Expectativas econ\u00f3micas 2023: Experto pronostica recesi\u00f3n en el pa\u00eds. Se refiere Rodrigo Saens Navarrete, acad\u00e9mico de la Facultad de Econom\u00eda y Negocios (FEN).<\/a><\/p><p>\u00a0<\/p><p><strong>G5NOTICIAS.CL<\/strong><\/p><p><a href=\"https:\/\/g5noticias.cl\/2022\/12\/24\/expectativas-economicas-2023-experto-pronostica-recesion-en-el-pais\/\">Expectativas econ\u00f3micas 2023: Experto pronostica recesi\u00f3n en el pa\u00eds. Se refiere Rodrigo Saens Navarrete, acad\u00e9mico de la Facultad de Econom\u00eda y Negocios (FEN).<\/a><\/p><p>\u00a0<\/p><p><strong>ADPRENSA.CL<\/strong><\/p><p><a href=\"https:\/\/www.adprensa.cl\/cronica\/emprendedores-de-pelluhue-y-cauquenes-conocieron-el-centro-de-inocuidad-alimentaria-de-la-utalca\/\">Emprendedores de Pelluhue y Cauquenes conocieron el Centro de Inocuidad Alimentaria de la UTalca. Se refiere Ana Karina Peralta, directora de dicha unidad.<\/a><\/p><p>\u00a0<\/p><p><strong>MEDIABANCO.COM<\/strong><\/p><p><a href=\"https:\/\/www.mediabanco.com\/emprendedores-de-pelluhue-y-cauquenes-conocieron-el-centro-de-inocuidad-alimentaria-de-la-utalca\/\">Emprendedores de Pelluhue y Cauquenes conocieron el Centro de Inocuidad Alimentaria de la UTalca. Se refiere Ana Karina Peralta, directora de dicha unidad.<\/a><\/p><p>\u00a0<\/p><p><strong>LA TERCERA<\/strong><\/p><p><a href=\"https:\/\/www.litoralpress.cl\/paginaconsultas\/Servicios_NClipSitio\/Get_Imagen_Nota.aspx?LPKey=CDN46NEQ5SNYOQJ3SXOVGMBZ6AMMKIFWCOJGC3IMPXHWJOYWBMYOXDH3IHR4XMKFV6WWEFS2JNMRM\">\u00bfLa tercera ser\u00e1 la vencida? Carta al director de Diego Palomo V\u00e9lez, acad\u00e9mico de la Facultad de Ciencias Jur\u00eddicas y Sociales.<\/a><\/p><p>\u00a0<\/p><p><strong>LATERCERA.COM<\/strong><\/p><p><a href=\"https:\/\/www.latercera.com\/opinion\/noticia\/la-tercera-sera-la-vencida\/EILHM5LADFHTXKPXZGVW4MEDSI\/\">\u00bfLa tercera ser\u00e1 la vencida? Carta al director de Diego Palomo V\u00e9lez, acad\u00e9mico de la Facultad de Ciencias Jur\u00eddicas y Sociales.<\/a><\/p><p>\u00a0<\/p><p><strong>ELCENTRO.CL<\/strong><\/p><p><a href=\"https:\/\/elcentro.cl\/2022\/12\/25\/es-lo-que-hay-el-show-de-mala-factura-en-que-se-ha-convertido-el-nombramiento-de-nuevo-fiscal-nacional\/\">\u00bfEs lo que hay?: El \u201cShow\u201d de mala factura en que se ha convertido el nombramiento de nuevo Fiscal Nacional. Columna de opini\u00f3n de Diego Palomo V\u00e9lez, acad\u00e9mico de la Facultad de Ciencias Jur\u00eddicas y Sociales.<\/a><\/p><p>\u00a0<\/p><p><strong>LA SEGUNDA<\/strong><\/p><p><a href=\"https:\/\/www.litoralpress.cl\/sitio\/Prensa_PaginaCompleta.cshtml?LPKey=VLEVH4T4RP56ZBWPDRMMBYICBMY637CPNPLOFX3J5N6IWGT6FOQA\">Amarillos: O van con Chile Vamos o se quedan fuera. Se refiere Mauricio Morales Quiroga, director del Centro de An\u00e1lisis Pol\u00edtico (CAP).<\/a><\/p><p>\u00a0<\/p><p><strong>CANAL MEGA<\/strong><\/p><p><a href=\"https:\/\/www.litoralpress.cl\/sitio\/RadioTV_Detalles.cshtml?LPKey=ACCRSOM6AQWMDCYEK6RD4TTGLYJZKNONVJEGZXSY2GRY4QGFUR62IGDP6VHLOBPKPVM7YTQBJFM5K\">\u00bfC\u00f3mo ser\u00e1 el proceso constituyente? Se refiere Mauricio Morales Quiroga, director del Centro de An\u00e1lisis Pol\u00edtico (CAP).<\/a><\/p><p>\u00a0<\/p><p><strong>RADIO INFINITA<\/strong><\/p><p><a href=\"https:\/\/www.litoralpress.cl\/sitio\/RadioTV_Detalles.cshtml?LPKey=HZI5H5COKMCNEMNMLTABJEBPWW7R2TXMB6RS7VKQSJ3JI2XZXQCA55CT5KKDJJXKMG3YEW6GXKHY6\">Comentario de Mauricio Morales Quiroga, director del Centro de An\u00e1lisis Pol\u00edtico (CAP).<\/a><\/p><p>\u00a0<\/p><p><strong>MEGANOTICIAS.CL<\/strong><\/p><p><a href=\"https:\/\/www.meganoticias.cl\/nacional\/400450-mauricio-morales-academico-encuesta-cadem-proceso-constitucional-con-el-pie-derecho-25-12-2022.html\">Mauricio Morales analiza la \u00faltima encuesta Cadem y el proceso constitucional: &#8220;Con el pie derecho&#8221;. Se refiere el director del Centro de An\u00e1lisis Pol\u00edtico (CAP).<\/a><\/p><p>\u00a0<\/p><p><strong>ELDESCONCIERTO.CL<\/strong><\/p><p><a href=\"https:\/\/www.eldesconcierto.cl\/reportajes\/2022\/12\/25\/ganadores-y-perdedores-del-2022-el-balance-de-los-protagonistas-del-ano-segun-analistas.html\">Ganadores y perdedores del 2022: El balance de los protagonistas del a\u00f1o, seg\u00fan analistas. Se refiere Mauricio Morales Quiroga, director del Centro de An\u00e1lisis Pol\u00edtico (CAP).<\/a><\/p><p>\u00a0<\/p><p><strong>CANAL TVN RED MAULE<\/strong><\/p><p><a href=\"https:\/\/www.litoralpress.cl\/sitio\/RadioTV_Detalles.cshtml?LPKey=QJ5JSI53BETUINEB4DDTMSDY4D3VIRO44OM2NSI3CW3MLN2TVDLQYM54FODX2KIGJJHAZQQ3QBGO6\">Escuela Padre Hurtado gan\u00f3 concurso cient\u00edfico. Se menciona al Concurso de la UTalca Descubriendo Talentos Cient\u00edficos (DTC).<\/a><\/p><p>\u00a0<\/p><p><strong>RADIO AMIGA<\/strong><\/p><p><a href=\"https:\/\/www.litoralpress.cl\/sitio\/RadioTV_Detalles.cshtml?LPKey=KRY2L5MBUDXBLDOXATQQCW4JXOH6G6ANXLQ76WIJR5KUDTN2EBAHKM3G3GQYZYSA4SGTNH74H75OY\">Final del Concurso Descubriendo Talentos Cient\u00edficos. Se refieren Karin Saavedra Redlich, directora General de Vinculaci\u00f3n con el Medio y C\u00e9sar Retamal Bravo, acad\u00e9mico de la Facultad de Ingenier\u00eda.<\/a><\/p><p>\u00a0<\/p><p><strong>GLOBEDIA.COM<\/strong><\/p><p><a href=\"http:\/\/cl.globedia.com\/estudiar-turismo-chile-merece-pena\">Estudiar Turismo en Chile \u00bfMerece la pena? Se menciona a la UTalca.<\/a><\/p><p>\u00a0<\/p>\t\t\t\t\t\t<\/div>\n\t\t\t\t<\/div>\n\t\t\t\t\t<\/div>\n\t\t<\/div>\n\t\t\t\t\t\t\t<\/div>\n\t\t<\/section>\n\t\t\t\t\t\t<\/div>\n\t\t\t\t\t<\/div>\n\t\t","protected":false},"excerpt":{"rendered":"<p>DIARIOTALCA.CL Ranking nacional destaca a la UTalca en Innovaci\u00f3n, Desarrollo e Investigaci\u00f3n. Se refiere Ariela Vergara Jaque, vicerrectora de Innovaci\u00f3n. \u00a0 RADIO FUTURA Entrevista a Mauricio V\u00e9liz Campos, decano de la Facultad de Ciencias de la Educaci\u00f3n. \u00a0 RADIO BUENA NUEVA Entrevista a Nicol\u00e1s Hormaz\u00e1bal Gonz\u00e1lez, coordinador de Vinculaci\u00f3n con el Medio y Extensi\u00f3n de &hellip;<\/p>\n<p class=\"read-more\"> <a class=\"\" href=\"https:\/\/www.reportedeprensa.utalca.cl\/?p=6164\"> <span class=\"screen-reader-text\">26 de diciembre de 2022<\/span> Read More &raquo;<\/a><\/p>\n","protected":false},"author":1,"featured_media":0,"comment_status":"closed","ping_status":"open","sticky":false,"template":"","format":"standard","meta":{"_monsterinsights_skip_tracking":false,"_monsterinsights_sitenote_active":false,"_monsterinsights_sitenote_note":"","_monsterinsights_sitenote_category":0},"categories":[28],"tags":[],"_links":{"self":[{"href":"https:\/\/www.reportedeprensa.utalca.cl\/index.php?rest_route=\/wp\/v2\/posts\/6164"}],"collection":[{"href":"https:\/\/www.reportedeprensa.utalca.cl\/index.php?rest_route=\/wp\/v2\/posts"}],"about":[{"href":"https:\/\/www.reportedeprensa.utalca.cl\/index.php?rest_route=\/wp\/v2\/types\/post"}],"author":[{"embeddable":true,"href":"https:\/\/www.reportedeprensa.utalca.cl\/index.php?rest_route=\/wp\/v2\/users\/1"}],"replies":[{"embeddable":true,"href":"https:\/\/www.reportedeprensa.utalca.cl\/index.php?rest_route=%2Fwp%2Fv2%2Fcomments&post=6164"}],"version-history":[{"count":4,"href":"https:\/\/www.reportedeprensa.utalca.cl\/index.php?rest_route=\/wp\/v2\/posts\/6164\/revisions"}],"predecessor-version":[{"id":6168,"href":"https:\/\/www.reportedeprensa.utalca.cl\/index.php?rest_route=\/wp\/v2\/posts\/6164\/revisions\/6168"}],"wp:attachment":[{"href":"https:\/\/www.reportedeprensa.utalca.cl\/index.php?rest_route=%2Fwp%2Fv2%2Fmedia&parent=6164"}],"wp:term":[{"taxonomy":"category","embeddable":true,"href":"https:\/\/www.reportedeprensa.utalca.cl\/index.php?rest_route=%2Fwp%2Fv2%2Fcategories&post=6164"},{"taxonomy":"post_tag","embeddable":true,"href":"https:\/\/www.reportedeprensa.utalca.cl\/index.php?rest_route=%2Fwp%2Fv2%2Ftags&post=6164"}],"curies":[{"name":"wp","href":"https:\/\/api.w.org\/{rel}","templated":true}]}}