{"id":6181,"date":"2022-12-27T11:33:02","date_gmt":"2022-12-27T14:33:02","guid":{"rendered":"https:\/\/www.reportedeprensa.utalca.cl\/?p=6181"},"modified":"2022-12-27T11:41:46","modified_gmt":"2022-12-27T14:41:46","slug":"27-de-diciembre-de-2022","status":"publish","type":"post","link":"https:\/\/www.reportedeprensa.utalca.cl\/?p=6181","title":{"rendered":"27 de diciembre de 2022"},"content":{"rendered":"\t\t<div data-elementor-type=\"wp-post\" data-elementor-id=\"6181\" class=\"elementor elementor-6181\" data-elementor-settings=\"[]\">\n\t\t\t\t\t\t\t<div class=\"elementor-section-wrap\">\n\t\t\t\t\t\t\t<section class=\"elementor-section elementor-top-section elementor-element elementor-element-2a4b4b83 elementor-section-boxed elementor-section-height-default elementor-section-height-default\" data-id=\"2a4b4b83\" data-element_type=\"section\">\n\t\t\t\t\t\t<div class=\"elementor-container elementor-column-gap-default\">\n\t\t\t\t\t<div class=\"elementor-column elementor-col-100 elementor-top-column elementor-element elementor-element-24a78540\" data-id=\"24a78540\" data-element_type=\"column\">\n\t\t\t<div class=\"elementor-widget-wrap elementor-element-populated\">\n\t\t\t\t\t\t\t\t<div class=\"elementor-element elementor-element-55b07e54 elementor-widget elementor-widget-text-editor\" data-id=\"55b07e54\" data-element_type=\"widget\" data-widget_type=\"text-editor.default\">\n\t\t\t\t<div class=\"elementor-widget-container\">\n\t\t\t\t\t\t\t\t<p><strong>ADPRENSA.CL<\/strong><\/p><p><a href=\"https:\/\/www.adprensa.cl\/cronica\/utalca-apoyara-las-postulaciones-de-estudiantes-a-las-instituciones-de-educacion-superior-2\/\">UTalca apoyar\u00e1 las postulaciones de estudiantes a las instituciones de educaci\u00f3n superior. Se refiere Paola Morales Norambuena, directora de Ciclo de Vida Estudiantil (CIVE).<\/a><\/p><p>\u00a0<\/p><p><strong>MEDIABANCO.COM<\/strong><\/p><p><a href=\"https:\/\/www.mediabanco.com\/utalca-apoyara-las-postulaciones-de-estudiantes-a-las-instituciones-de-educacion-superior\/\">UTalca apoyar\u00e1 las postulaciones de estudiantes a las instituciones de educaci\u00f3n superior. Se refiere Paola Morales Norambuena, directora de Ciclo de Vida Estudiantil (CIVE).<\/a><\/p><p>\u00a0<\/p><p><strong>MASQUENOTICIAS.CL<\/strong><\/p><p><a href=\"https:\/\/masquenoticias.cl\/2022\/12\/26\/utalca-apoyara-las-postulaciones-de-estudiantes-a-las-instituciones-de-educacion-superior\/\">UTalca apoyar\u00e1 las postulaciones de estudiantes a las instituciones de educaci\u00f3n superior. Se refiere Paola Morales Norambuena, directora de Ciclo de Vida Estudiantil (CIVE).<\/a><\/p><p>\u00a0<\/p><p><strong>DIARIOELHERALDO.CL<\/strong><\/p><p><a href=\"https:\/\/www.diarioelheraldo.cl\/noticia\/utalca-apoyara-las-postulaciones-de-estudiantes-a-las-instituciones-de-educacion-superior-\">UTalca apoyar\u00e1 las postulaciones de estudiantes a las instituciones de educaci\u00f3n superior. Se refiere Paola Morales Norambuena, directora de Ciclo de Vida Estudiantil (CIVE).<\/a><\/p><p>\u00a0<\/p><p><strong>ELMAULEINFORMA.CL<\/strong><\/p><p><a href=\"https:\/\/elmauleinforma.cl\/utalca-apoyara-las-postulaciones-de-estudiantes-a-las-instituciones-de-educacion-superior\/\">UTalca apoyar\u00e1 las postulaciones de estudiantes a las instituciones de educaci\u00f3n superior. Se refiere Paola Morales Norambuena, directora de Ciclo de Vida Estudiantil (CIVE).<\/a><\/p><p>\u00a0<\/p><p><strong>MAULENEWS.COM<\/strong><\/p><p><a href=\"https:\/\/www.maulenews.com\/2022\/12\/utalca-apoyara-las-postulaciones-de.html\">UTalca apoyar\u00e1 las postulaciones de estudiantes a las instituciones de educaci\u00f3n superior. Se refiere Paola Morales Norambuena, directora de Ciclo de Vida Estudiantil (CIVE).<\/a><\/p><p>\u00a0<\/p><p><strong>LA PRENSA<\/strong><\/p><p><a href=\"https:\/\/www.litoralpress.cl\/paginaconsultas\/Servicios_NClipSitio\/Get_Imagen_Nota.aspx?LPKey=P5TUHHFS7WHIBFPIGPWF7JOMD4NNIWVGVWLLLMPNXWHIGLMPR5YNH6YNP2ZLDREBMTHAKZGSLLXII\">Investigaci\u00f3n revela diferencias cognitivas en ni\u00f1os dependiendo de su vulnerabilidad social. Se refiere Cristi\u00e1n Rojas Barahona, acad\u00e9mico de la Facultad de Psicolog\u00eda.<\/a><\/p><p>\u00a0<\/p><p><strong>RADIO FM+<\/strong><\/p><p><a href=\"https:\/\/www.litoralpress.cl\/sitio\/RadioTV_Detalles.cshtml?LPKey=OMK6KCN35GOCL3TWOT34ADNEFEKOEUBEKDKN3ORCGQXF32RDBCYHAUV4VCATU7RPJSEPI7PJBN6HC\">Entrevista a Fabio Dur\u00e1n, director de la Escuela de Ingenier\u00eda Civil en Bioinform\u00e1tica.<\/a><\/p><p>\u00a0<\/p><p><strong>CANAL TVR<\/strong><\/p><p><a href=\"https:\/\/www.litoralpress.cl\/sitio\/RadioTV_Detalles.cshtml?LPKey=6UICXUU5FCIRNJGOPAGUCCPZTYDQ4S2BZRVSQZH5I6CDWAFOC2J43G6WMP4XMUFKLS7W4E223QZSK\">Casi mil aves silvestres han muerto por Gripe Aviar seg\u00fan cifras del SAG. Se refiere \u00c9rika Retamal Contreras, director del Departamento de Salud P\u00fablica.<\/a><\/p><p>\u00a0<\/p><p><strong>CANAL UCHILE TV<\/strong><\/p><p><a href=\"https:\/\/www.litoralpress.cl\/sitio\/RadioTV_Detalles.cshtml?LPKey=26JZ672VZSEVUOG43CHAR6EXDDQ7Q5LFZGNO7GPRXTF62HJKNGO44AMZWPE63E6SPBJIRCPDKWXTQ\">Entrevista a Dayana Machado Bosc\u00e1n, acad\u00e9mica de la Escuela de Medicina.<\/a><\/p><p>\u00a0<\/p><p><strong>PUBLIMETRO<\/strong><\/p><p><a href=\"https:\/\/www.litoralpress.cl\/sitio\/Prensa_PaginaCompleta.cshtml?LPKey=GU7ILOHGOBRJB26SQTAB6HPOQWE76PPFSI3SK6QVGK2EUAJ3MKWA\">Idea del autopr\u00e9stamo de fondos pone presi\u00f3n a la reforma de pensiones. Se refiere Leidy Garc\u00eda P\u00e9rez, acad\u00e9mica de la Facultad de Econom\u00eda y Negocios (FEN).<\/a><\/p><p>\u00a0<\/p><p><strong>EMOL TV<\/strong><\/p><p><a href=\"https:\/\/www.litoralpress.cl\/sitio\/RadioTV_Detalles.cshtml?LPKey=J7OEAHGP6CNOZEXLJTOXU5TRERKQEPRI6M7TR3YBQRW66BDMNY5PGN7Y2QKVS62ZQPQYC6EOGEX2C\">An\u00e1lisis de brechas de g\u00e9nero en pensiones. Entrevista a Andrea Bentancor, acad\u00e9mica de la Facultad de Econom\u00eda y Negocios (FEN).\u00a0<\/a><\/p><p>\u00a0<\/p><p><strong>TV.EMOL.COM<\/strong><\/p><p><a href=\"https:\/\/tv.emol.com\/detail\/20221223113138061\/en-vivo-academica-andrea-bentancor-analiza-la-brecha-de-genero-en-pensiones\">Bentancor y edad de jubilaci\u00f3n: &#8220;Mujeres se est\u00e1n retirando promedio a los 62, se ha ido corriendo&#8221;. Se refiere Andrea Bentancor, acad\u00e9mica de la Facultad de Econom\u00eda y Negocios (FEN).<\/a><\/p><p>\u00a0<\/p><p><strong>CANAL UCHILE TV<\/strong><\/p><p><a href=\"https:\/\/www.litoralpress.cl\/sitio\/RadioTV_Detalles.cshtml?LPKey=HD347F65TKMIGURBA27HJ7CPEQBSFUBWVABCWWK3ELOPGQCIFXUCHVONPPHGLJOTG6DALYXYBVLW6\">Entrevista a Germ\u00e1n Lobos Andrade, acad\u00e9mico de la Facultad de Econom\u00eda y Negocios (FEN).<\/a><\/p><p>\u00a0<\/p><p><strong>RADIO GUAYAC\u00c1N<\/strong><\/p><p><a href=\"https:\/\/www.litoralpress.cl\/sitio\/RadioTV_Detalles.cshtml?LPKey=GIPDZKZVUKLIZC74W4S4UGWODG2GHXAWWGEAOZLW33JJNBRVN73AVEO4WQXYWG7N75QWS6YQHWP42\">Entrevista a Rodrigo Saens Navarrete, acad\u00e9mico de la Facultad de Econom\u00eda y Negocios (FEN).<\/a><\/p><p>\u00a0<\/p><p><strong>MASQUENOTICIAS.CL<\/strong><\/p><p><a href=\"https:\/\/masquenoticias.cl\/2022\/12\/26\/expectativas-economicas-2023-experto-pronostica-recesion-en-el-pais\/\">Expectativas econ\u00f3micas 2023: Experto pronostica recesi\u00f3n en el pa\u00eds. Se refiere Rodrigo Saens Navarrete, acad\u00e9mico de la Facultad de Econom\u00eda y Negocios (FEN).<\/a><\/p><p>\u00a0<\/p><p><strong>ELDIARIOSANTIAGO.CL<\/strong><\/p><p><a href=\"https:\/\/eldiariosantiago.cl\/2022\/12\/26\/expectativas-economicas-2023-experto-pronostica-recesion-en-el-pais\/\">Expectativas econ\u00f3micas 2023: Experto pronostica recesi\u00f3n en el pa\u00eds. Se refiere Rodrigo Saens Navarrete, acad\u00e9mico de la Facultad de Econom\u00eda y Negocios (FEN).<\/a><\/p><p>\u00a0<\/p><p><strong>ENLINEAMAULE.CL<\/strong><\/p><p><a href=\"https:\/\/enlineamaule.cl\/archivo\/50716\">Econom\u00eda en Chile 2023: Economista de la UTalca proyecta recesi\u00f3n y desempleo. Se refiere Rodrigo Saens Navarrete, acad\u00e9mico de la Facultad de Econom\u00eda y Negocios (FEN).<\/a><\/p><p>\u00a0<\/p><p><strong>ENLINEAMAULE.CL<\/strong><\/p><p><a href=\"https:\/\/enlineamaule.cl\/archivo\/50706\">Ni\u00f1os ciegos recibieron innovadores elementos educativos creados por estudiantes de la Universidad de Talca. Se refieren Claudio Aravena Aranda, acad\u00e9mico de la Facultad de Ingenier\u00eda y Daniela Barra, estudiante.<\/a><\/p><p>\u00a0<\/p><p><strong>LA PRENSA<\/strong><\/p><p><a href=\"https:\/\/www.litoralpress.cl\/paginaconsultas\/Servicios_NClipSitio\/Get_Imagen_Nota.aspx?LPKey=WOEKRZT23LWAWA7KZVLZAECQF42OINMGJI7BHXSWFI7HM7CCEEEEJGVHGGIP5YRLDV5MLRYDBHCEG\">Emprendedores conocen centro de Inocuidad. Se refiere Ana Karina Peralta Madariaga, directora del Centro de Inocuidad Alimentaria.<\/a><\/p><p>\u00a0<\/p><p><strong>DIARIOTALCA.CL<\/strong><\/p><p><a href=\"https:\/\/diariotalca.cl\/emprendedores-de-pelluhue-y-cauquenes-visitaron-centro-de-inocuidad-alimentaria\/\">Emprendedores de Pelluhue y Cauquenes visitaron Centro de Inocuidad Alimentaria. Se refiere Ana Karina Peralta Madariaga, directora de la unidad.<\/a><\/p><p>\u00a0<\/p><p><strong>ELMAULEINFORMA.CL<\/strong><\/p><p><a href=\"https:\/\/elmauleinforma.cl\/emprendedores-de-pelluhue-y-cauquenes-conocieron-el-centro-de-inocuidad-alimentaria-de-la-utalca\/\">Emprendedores de Pelluhue y Cauquenes conocieron el Centro de Inocuidad Alimentaria de la UTalca. Se refiere Ana Karina Peralta Madariaga, directora de la unidad.<\/a><\/p><p>\u00a0<\/p><p><strong>CAUQUENESNET.CL<\/strong><\/p><p><a href=\"https:\/\/cauquenesnet.cl\/2022\/12\/25\/emprendedores-de-pelluhue-y-cauquenes-conocieron-el-centro-de-inocuidad-alimentaria-de-la-utalca\/\">Emprendedores de Pelluhue y Cauquenes conocieron el Centro de Inocuidad Alimentaria de la UTalca. Se refiere Ana Karina Peralta Madariaga, directora de la unidad.<\/a><\/p><p>\u00a0<\/p><p><strong>PUBLIMICRO.CL<\/strong><\/p><p><a href=\"https:\/\/publimicro.cl\/emprendedores-de-pelluhue-y-cauquenes-conocieron-el-centro-de-inocuidad-alimentaria-de-la-utalca\/\">Emprendedores de Pelluhue y Cauquenes conocieron el Centro de Inocuidad Alimentaria de la UTalca.<\/a><\/p><p>\u00a0<\/p><p><strong>LA NACI\u00d3N ARGENTINA<\/strong><\/p><p><a href=\"https:\/\/www.litoralpress.cl\/sitio\/Prensa_PaginaCompleta.cshtml?LPKey=PEUQDFQYXSFOMNQQ2SIKNHRIK4QVBCG5CLGO2QLRFO4HPSPVSZPQ\">Boric desat\u00f3 una pol\u00e9mica con el anuncio de la apertura de una embajada de Chile en los territorios palestinos. Se refiere Alejandra M\u00e1rquez Cabrera, acad\u00e9mica del Centro de An\u00e1lisis Pol\u00edtico (CAP).<\/a><\/p><p>\u00a0<\/p><p><strong>RADIO INFINITA<\/strong><\/p><p><a href=\"https:\/\/www.litoralpress.cl\/sitio\/RadioTV_Detalles.cshtml?LPKey=M5XPORQCFFRSWF7WZUA4W4V74XBBLF5TW33BDB7YMJWZWU23UJVULH6ZSYAIDUHLUXLA5EWWDUYDM\">Comentario de Mauricio Morales, director del Centro de An\u00e1lisis Pol\u00edtico (CAP).<\/a><\/p><p>\u00a0<\/p><p><strong>ATENTOSCHILE.CL<\/strong><\/p><p><a href=\"https:\/\/www.litoralpress.cl\/sitio\/RadioTV_Detalles.cshtml?LPKey=QDFUOFEWOD5GF36SZLKPSFR4WX4QHALWEFN3IAJL2SXTFMY6UVNC6LLB745UWYJLXUHNVHRFIRACC\">Entrevista a Mario Herrera, acad\u00e9mico del Centro de An\u00e1lisis Pol\u00edtico (CAP).<\/a><\/p><p>\u00a0<\/p>\t\t\t\t\t\t<\/div>\n\t\t\t\t<\/div>\n\t\t\t\t\t<\/div>\n\t\t<\/div>\n\t\t\t\t\t\t\t<\/div>\n\t\t<\/section>\n\t\t\t\t\t\t<\/div>\n\t\t\t\t\t<\/div>\n\t\t","protected":false},"excerpt":{"rendered":"<p>ADPRENSA.CL UTalca apoyar\u00e1 las postulaciones de estudiantes a las instituciones de educaci\u00f3n superior. Se refiere Paola Morales Norambuena, directora de Ciclo de Vida Estudiantil (CIVE). \u00a0 MEDIABANCO.COM UTalca apoyar\u00e1 las postulaciones de estudiantes a las instituciones de educaci\u00f3n superior. Se refiere Paola Morales Norambuena, directora de Ciclo de Vida Estudiantil (CIVE). \u00a0 MASQUENOTICIAS.CL UTalca apoyar\u00e1 &hellip;<\/p>\n<p class=\"read-more\"> <a class=\"\" href=\"https:\/\/www.reportedeprensa.utalca.cl\/?p=6181\"> <span class=\"screen-reader-text\">27 de diciembre de 2022<\/span> Read More &raquo;<\/a><\/p>\n","protected":false},"author":1,"featured_media":0,"comment_status":"closed","ping_status":"open","sticky":false,"template":"","format":"standard","meta":{"_monsterinsights_skip_tracking":false,"_monsterinsights_sitenote_active":false,"_monsterinsights_sitenote_note":"","_monsterinsights_sitenote_category":0},"categories":[28],"tags":[],"_links":{"self":[{"href":"https:\/\/www.reportedeprensa.utalca.cl\/index.php?rest_route=\/wp\/v2\/posts\/6181"}],"collection":[{"href":"https:\/\/www.reportedeprensa.utalca.cl\/index.php?rest_route=\/wp\/v2\/posts"}],"about":[{"href":"https:\/\/www.reportedeprensa.utalca.cl\/index.php?rest_route=\/wp\/v2\/types\/post"}],"author":[{"embeddable":true,"href":"https:\/\/www.reportedeprensa.utalca.cl\/index.php?rest_route=\/wp\/v2\/users\/1"}],"replies":[{"embeddable":true,"href":"https:\/\/www.reportedeprensa.utalca.cl\/index.php?rest_route=%2Fwp%2Fv2%2Fcomments&post=6181"}],"version-history":[{"count":4,"href":"https:\/\/www.reportedeprensa.utalca.cl\/index.php?rest_route=\/wp\/v2\/posts\/6181\/revisions"}],"predecessor-version":[{"id":6185,"href":"https:\/\/www.reportedeprensa.utalca.cl\/index.php?rest_route=\/wp\/v2\/posts\/6181\/revisions\/6185"}],"wp:attachment":[{"href":"https:\/\/www.reportedeprensa.utalca.cl\/index.php?rest_route=%2Fwp%2Fv2%2Fmedia&parent=6181"}],"wp:term":[{"taxonomy":"category","embeddable":true,"href":"https:\/\/www.reportedeprensa.utalca.cl\/index.php?rest_route=%2Fwp%2Fv2%2Fcategories&post=6181"},{"taxonomy":"post_tag","embeddable":true,"href":"https:\/\/www.reportedeprensa.utalca.cl\/index.php?rest_route=%2Fwp%2Fv2%2Ftags&post=6181"}],"curies":[{"name":"wp","href":"https:\/\/api.w.org\/{rel}","templated":true}]}}