{"id":6211,"date":"2022-12-29T09:20:34","date_gmt":"2022-12-29T12:20:34","guid":{"rendered":"https:\/\/www.reportedeprensa.utalca.cl\/?p=6211"},"modified":"2022-12-29T09:28:16","modified_gmt":"2022-12-29T12:28:16","slug":"29-de-diciembre-de-2022","status":"publish","type":"post","link":"https:\/\/www.reportedeprensa.utalca.cl\/?p=6211","title":{"rendered":"29 de diciembre de 2022"},"content":{"rendered":"\t\t<div data-elementor-type=\"wp-post\" data-elementor-id=\"6211\" class=\"elementor elementor-6211\" data-elementor-settings=\"[]\">\n\t\t\t\t\t\t\t<div class=\"elementor-section-wrap\">\n\t\t\t\t\t\t\t<section class=\"elementor-section elementor-top-section elementor-element elementor-element-2a4b4b83 elementor-section-boxed elementor-section-height-default elementor-section-height-default\" data-id=\"2a4b4b83\" data-element_type=\"section\">\n\t\t\t\t\t\t<div class=\"elementor-container elementor-column-gap-default\">\n\t\t\t\t\t<div class=\"elementor-column elementor-col-100 elementor-top-column elementor-element elementor-element-24a78540\" data-id=\"24a78540\" data-element_type=\"column\">\n\t\t\t<div class=\"elementor-widget-wrap elementor-element-populated\">\n\t\t\t\t\t\t\t\t<div class=\"elementor-element elementor-element-55b07e54 elementor-widget elementor-widget-text-editor\" data-id=\"55b07e54\" data-element_type=\"widget\" data-widget_type=\"text-editor.default\">\n\t\t\t\t<div class=\"elementor-widget-container\">\n\t\t\t\t\t\t\t\t<p><strong>EL MERCURIO<\/strong><\/p><p><a href=\"https:\/\/www.litoralpress.cl\/paginaconsultas\/Servicios_NClipSitio\/Get_Imagen_Nota.aspx?LPKey=UXIUTIGSFKHGW6Q7NSAAPLWPHOE2EWF4NZ36OMWV6LNAVLKDDYF7PKYACS6DAX4Y2TJ6DN7SRAGNO\">Ranking de Desempe\u00f1o 2022 pone bajo la lupa la calidad de las universidades chilenas. Se menciona a la UTalca que mantiene 6\u00b0 lugar.<\/a><\/p><p>\u00a0<\/p><p><strong>EL MERCURIO<\/strong><\/p><p><a href=\"https:\/\/www.litoralpress.cl\/paginaconsultas\/Servicios_NClipSitio\/Get_Imagen_Nota.aspx?LPKey=JKTYXUF5J66C3NXOZGQNX5JAAAUYGCE2NGXU2OOCNKTBF52JYGDDQG27ZZQUC4LFFICOKMLG72GSS\">Instituciones que han instalado pr\u00e1cticas innovadoras en sus aulas lideran en materia de Docencia. Se menciona a la UTalca que sube un puesto en esta \u00e1rea.<\/a><\/p><p>\u00a0<\/p><p><strong>EL MERCURIO<\/strong><\/p><p><a href=\"https:\/\/www.litoralpress.cl\/paginaconsultas\/Servicios_NClipSitio\/Get_Imagen_Nota.aspx?LPKey=VBGNJJWAMQX3E275W34WS7ASP5CDQ2KS3UFKOV4PUYTCT3GMOBWEG4I4GKFUOGZ7X7IPCWNJCYADY\">Zoom a la Investigaci\u00f3n que producen las universidades chilenas revela interesantes tendencias del sistema. Se menciona a la UTalca que sube un puesto en esta \u00e1rea.<\/a><\/p><p>\u00a0<\/p><p><strong>EL MERCURIO<\/strong><\/p><p><a href=\"https:\/\/www.litoralpress.cl\/paginaconsultas\/Servicios_NClipSitio\/Get_Imagen_Nota.aspx?LPKey=W6KZHS3ULMCOOHOHEL6YLWY7N6ZUULMS44YL5OZ2ZTVQPUW5CD3WQ4QBGW6NRCEUTROV3T7Z7NZMA\">Planteles de regiones acaparan las primeras ubicaciones por su labor en Vinculaci\u00f3n con el Medio. Se menciona a la UTalca que mantiene su lugar en esta \u00e1rea. \u00a0<\/a><\/p><p>\u00a0<\/p><p><strong>ADPRENSA.CL<\/strong><\/p><p><a href=\"https:\/\/www.adprensa.cl\/cronica\/utalca-abre-la-primera-especialidad-en-odontogeriatria-de-chile\/\">UTalca abre la primera Especialidad en Odontogeriatr\u00eda de Chile. Se refiere Soraya Le\u00f3n Araya, directora de dicha especialidad y Rodrigo Giacaman Sarah, decano de la Facultad de Odontolog\u00eda.<\/a><\/p><p>\u00a0<\/p><p><strong>MASQUENOTICIAS.CL<\/strong><\/p><p><a href=\"https:\/\/masquenoticias.cl\/2022\/12\/28\/utalca-abre-la-primera-especialidad-en-odontogeriatria-de-chile\/\">UTalca abre la primera Especialidad en Odontogeriatr\u00eda de Chile. Se refiere Soraya Le\u00f3n Araya, directora de dicha especialidad y Rodrigo Giacaman Sarah, decano de la Facultad de Odontolog\u00eda.<\/a><\/p><p>\u00a0<\/p><p><strong>MEDIABANCO.COM<\/strong><\/p><p><a href=\"https:\/\/www.mediabanco.com\/utalca-abre-la-primera-especialidad-en-odontogeriatria-de-chile\/\">UTalca abre la primera Especialidad en Odontogeriatr\u00eda de Chile. Se refiere Soraya Le\u00f3n Araya, directora de dicha especialidad y Rodrigo Giacaman Sarah, decano de la Facultad de Odontolog\u00eda.<\/a><\/p><p>\u00a0<\/p><p><strong>DIARIOELHERALDO.CL<\/strong><\/p><p><a href=\"https:\/\/www.diarioelheraldo.cl\/noticia\/utalca-abre-la-primera-especialidad-en-odontogeriatria-de-chile-\">UTalca abre la primera Especialidad en Odontogeriatr\u00eda de Chile. Se refiere Soraya Le\u00f3n Araya, directora de dicha especialidad y Rodrigo Giacaman Sarah, decano de la Facultad de Odontolog\u00eda.<\/a><\/p><p>\u00a0<\/p><p><strong>MAULENEWS.COM<\/strong><\/p><p><a href=\"https:\/\/www.maulenews.com\/2022\/12\/utalca-abre-la-primera-especialidad-en.html\">UTalca abre la primera Especialidad en Odontogeriatr\u00eda de Chile. Se refiere Soraya Le\u00f3n Araya, directora de dicha especialidad y Rodrigo Giacaman Sarah, decano de la Facultad de Odontolog\u00eda.<\/a><\/p><p>\u00a0<\/p><p><strong>EL LECTOR<\/strong><\/p><p><a href=\"https:\/\/www.litoralpress.cl\/paginaconsultas\/Servicios_NClipSitio\/Get_Imagen_Nota.aspx?LPKey=CYIY3K4TNVBRTPHASFXAGL4RN7A3YTJATBOTJB3L6HLJKRWMPIW54AJTIFOCH7XSJFAM7OUTHAYMG\">UTalca apoyar\u00e1 las postulaciones de estudiantes. Se refiere Paola Morales Norambuena, directora del Ciclo de Vida Estudiantil (CIVE).<\/a><\/p><p>\u00a0<\/p><p><strong>CANAL CONTIVISI\u00d3N<\/strong><\/p><p><a href=\"https:\/\/www.litoralpress.cl\/sitio\/RadioTV_Detalles.cshtml?LPKey=KNYCT3ZVZXIJZ7OIWQ7GBHCJJEVVOJYTHKYDCX7FEYTT6VXCEBGWKJNBPPY5YUMHND63D3AQSFM4W\">Estudiantes de la Universidad de Talca se re\u00fanen en torno a la m\u00fasica coreana. Se refieren Javier Montecino Rebolledo, directora de Apoyo a Organizaciones e iniciativas estudiantiles (DAOI) y Sol Moris Rojas, estudiante.<\/a><\/p><p>\u00a0<\/p><p><strong>CANAL 30 MULTICOM<\/strong><\/p><p><a href=\"https:\/\/www.litoralpress.cl\/sitio\/RadioTV_Detalles.cshtml?LPKey=LCGGMH56FPRG7EHYJI366GCJLPJNLA4OPWDVSTWFZIZL45U6XKDBNJ4BBTBK6Y3M5TYTSUM3XYBXM\">Ley de registro nacional de deudores de alimentos. Entrevista Marcela Acu\u00f1a, acad\u00e9mica de la Facultad de Ciencias Jur\u00eddicas y Sociales.<\/a><\/p><p>\u00a0<\/p><p><strong>PAISCIRCULAR.CL<\/strong><\/p><p><a href=\"https:\/\/www.paiscircular.cl\/agua\/grupo-partner-lanza-programa-el-camino-del-agua-para-restaurar-el-equilibrio-hidrico-de-los-vinedos-nacionales\/\">Grupo Partner lanza programa \u201cEl camino del agua\u201d para restaurar el equilibrio h\u00eddrico de los vi\u00f1edos nacionales. Se menciona al Centro de Vid y el Vino. \u00a0<\/a><\/p><p>\u00a0<\/p><p><strong>RADIO GUAYAC\u00c1N<\/strong><\/p><p><a href=\"https:\/\/www.litoralpress.cl\/sitio\/RadioTV_Detalles.cshtml?LPKey=VOT4G57SQMUMBX5T7LUFXOEODVHB3VT46EQFRLN37DRHYUUID4CYFMJZO3LR47DPHSQQJ5PEMSAGQ\">Nueva variante del Covid-19. Entrevista a \u00c9rika Retamal Contreras, directora del Departamento de Salud P\u00fablica.<\/a><\/p><p>\u00a0<\/p><p><strong>EL LECTOR<\/strong><\/p><p><a href=\"https:\/\/www.litoralpress.cl\/paginaconsultas\/Servicios_NClipSitio\/Get_Imagen_Nota.aspx?LPKey=B6MYD6776JARYS7OU7UBENZX5FO57JZ6B4IA5KLVSNAZCKFUWHFBRG36MJV5E2KLTS7ZS2GA6FOMQ\">UTalca entreg\u00f3 aparato que mejora la postura de profesora. Se refieren Natalia Ibarra, gestora del Centro Tecnol\u00f3gico de Telerrehabilitaci\u00f3n y Neurociencias del Movimiento Humano (CTTN) y Carlos \u00c1vila, estudiante de Ingenier\u00eda Civil Mecatr\u00f3nica.<\/a><\/p><p>\u00a0<\/p><p><strong>EL C\u00d3NDOR<\/strong><\/p><p><a href=\"https:\/\/www.litoralpress.cl\/paginaconsultas\/Servicios_NClipSitio\/Get_Imagen_Nota.aspx?LPKey=5SBGLOEDZZPKYREEWDMR27EDBII3HWMQDZUPIVPJVGDPXBBPQWZIF7G63MLCNJKGE4KB4REHUZJYM\">Expectativas econ\u00f3micas 2023: Experto pronostica recesi\u00f3n en el pa\u00eds. Se refiere Rodrigo Saens Navarrete, acad\u00e9mico de la Facultad de Econom\u00eda y Negocios (FEN).<\/a><\/p><p>\u00a0<\/p><p><strong>EL LECTOR<\/strong><\/p><p><a href=\"https:\/\/www.litoralpress.cl\/sitio\/RadioTV_Detalles.cshtml?LPKey=A4Q2UXQ23GTHWG74MN3DEMVGSKCFTSXS5XPO7S5M4QGD2LG4DO6G2HS2TGGXOZRNZBMD6WIWJSXYA\">Emprendedores de Pelluhue y Cauquenes conocieron el Centro de Inocuidad Alimentaria de la UTalca. Se refiere Ana Karina Peralta Madariaga, directora de esta unidad.<\/a><\/p><p>\u00a0<\/p><p><strong>RADIO INFINITA<\/strong><\/p><p><a href=\"https:\/\/www.litoralpress.cl\/sitio\/RadioTV_Detalles.cshtml?LPKey=A4Q2UXQ23GTHWG74MN3DEMVGSKCFTSXS5XPO7S5M4QGD2LG4DO6G2HS2TGGXOZRNZBMD6WIWJSXYA\">Comentario de Mauricio Morales Quiroga, director del Centro de An\u00e1lisis Pol\u00edtico (CAP).<\/a><\/p>\t\t\t\t\t\t<\/div>\n\t\t\t\t<\/div>\n\t\t\t\t\t<\/div>\n\t\t<\/div>\n\t\t\t\t\t\t\t<\/div>\n\t\t<\/section>\n\t\t\t\t\t\t<\/div>\n\t\t\t\t\t<\/div>\n\t\t","protected":false},"excerpt":{"rendered":"<p>EL MERCURIO Ranking de Desempe\u00f1o 2022 pone bajo la lupa la calidad de las universidades chilenas. Se menciona a la UTalca que mantiene 6\u00b0 lugar. \u00a0 EL MERCURIO Instituciones que han instalado pr\u00e1cticas innovadoras en sus aulas lideran en materia de Docencia. Se menciona a la UTalca que sube un puesto en esta \u00e1rea. \u00a0 &hellip;<\/p>\n<p class=\"read-more\"> <a class=\"\" href=\"https:\/\/www.reportedeprensa.utalca.cl\/?p=6211\"> <span class=\"screen-reader-text\">29 de diciembre de 2022<\/span> Read More &raquo;<\/a><\/p>\n","protected":false},"author":1,"featured_media":0,"comment_status":"closed","ping_status":"open","sticky":false,"template":"","format":"standard","meta":{"_monsterinsights_skip_tracking":false,"_monsterinsights_sitenote_active":false,"_monsterinsights_sitenote_note":"","_monsterinsights_sitenote_category":0},"categories":[28],"tags":[],"_links":{"self":[{"href":"https:\/\/www.reportedeprensa.utalca.cl\/index.php?rest_route=\/wp\/v2\/posts\/6211"}],"collection":[{"href":"https:\/\/www.reportedeprensa.utalca.cl\/index.php?rest_route=\/wp\/v2\/posts"}],"about":[{"href":"https:\/\/www.reportedeprensa.utalca.cl\/index.php?rest_route=\/wp\/v2\/types\/post"}],"author":[{"embeddable":true,"href":"https:\/\/www.reportedeprensa.utalca.cl\/index.php?rest_route=\/wp\/v2\/users\/1"}],"replies":[{"embeddable":true,"href":"https:\/\/www.reportedeprensa.utalca.cl\/index.php?rest_route=%2Fwp%2Fv2%2Fcomments&post=6211"}],"version-history":[{"count":4,"href":"https:\/\/www.reportedeprensa.utalca.cl\/index.php?rest_route=\/wp\/v2\/posts\/6211\/revisions"}],"predecessor-version":[{"id":6215,"href":"https:\/\/www.reportedeprensa.utalca.cl\/index.php?rest_route=\/wp\/v2\/posts\/6211\/revisions\/6215"}],"wp:attachment":[{"href":"https:\/\/www.reportedeprensa.utalca.cl\/index.php?rest_route=%2Fwp%2Fv2%2Fmedia&parent=6211"}],"wp:term":[{"taxonomy":"category","embeddable":true,"href":"https:\/\/www.reportedeprensa.utalca.cl\/index.php?rest_route=%2Fwp%2Fv2%2Fcategories&post=6211"},{"taxonomy":"post_tag","embeddable":true,"href":"https:\/\/www.reportedeprensa.utalca.cl\/index.php?rest_route=%2Fwp%2Fv2%2Ftags&post=6211"}],"curies":[{"name":"wp","href":"https:\/\/api.w.org\/{rel}","templated":true}]}}