{"id":6226,"date":"2023-01-03T09:56:19","date_gmt":"2023-01-03T12:56:19","guid":{"rendered":"https:\/\/www.reportedeprensa.utalca.cl\/?p=6226"},"modified":"2023-01-03T11:11:04","modified_gmt":"2023-01-03T14:11:04","slug":"03-de-enero-de-2023","status":"publish","type":"post","link":"https:\/\/www.reportedeprensa.utalca.cl\/?p=6226","title":{"rendered":"03 de enero de 2023"},"content":{"rendered":"\t\t<div data-elementor-type=\"wp-post\" data-elementor-id=\"6226\" class=\"elementor elementor-6226\" data-elementor-settings=\"[]\">\n\t\t\t\t\t\t\t<div class=\"elementor-section-wrap\">\n\t\t\t\t\t\t\t<section class=\"elementor-section elementor-top-section elementor-element elementor-element-2a4b4b83 elementor-section-boxed elementor-section-height-default elementor-section-height-default\" data-id=\"2a4b4b83\" data-element_type=\"section\">\n\t\t\t\t\t\t<div class=\"elementor-container elementor-column-gap-default\">\n\t\t\t\t\t<div class=\"elementor-column elementor-col-100 elementor-top-column elementor-element elementor-element-24a78540\" data-id=\"24a78540\" data-element_type=\"column\">\n\t\t\t<div class=\"elementor-widget-wrap elementor-element-populated\">\n\t\t\t\t\t\t\t\t<div class=\"elementor-element elementor-element-55b07e54 elementor-widget elementor-widget-text-editor\" data-id=\"55b07e54\" data-element_type=\"widget\" data-widget_type=\"text-editor.default\">\n\t\t\t\t<div class=\"elementor-widget-container\">\n\t\t\t\t\t\t\t\t<p><strong>EMOL<\/strong><\/p><p><a href=\"https:\/\/www.emol.com\/noticias\/Nacional\/2022\/12\/29\/1082423\/ranking-desempeno-institucional-universidades-chile.html\">Ocho de las diez universidades mejor evaluadas en el Ranking de Desempe\u00f1o 2022 son de regiones: Revisa el listado completo. Se menciona a la UTalca en 6\u00b0 lugar.<\/a><\/p><p>\u00a0<\/p><p><strong>ADPRENSA.CL<\/strong><\/p><p><a href=\"https:\/\/www.adprensa.cl\/cronica\/universidad-de-talca-formacion-academica-publica-y-de-calidad-desde-el-maule\/\">Universidad de Talca: formaci\u00f3n acad\u00e9mica p\u00fablica y de calidad desde el Maule. Se refieren Paula Manr\u00edquez Novoa, vicerrectora de Pregrado; Paola Morales Norambuena, director de Ciclo de Vida Estudiantil; y los estudiantes P\u00eda Dur\u00e1n P\u00e9rez y Luis Godoy.<\/a><\/p><p>\u00a0<\/p><p><strong>MEDIABANCO.COM<\/strong><\/p><p><a href=\"https:\/\/www.mediabanco.com\/universidad-de-talca-formacion-academica-publica-y-de-calidad-desde-el-maule\/\">Universidad de Talca: formaci\u00f3n acad\u00e9mica p\u00fablica y de calidad desde el Maule. Se refieren Paula Manr\u00edquez Novoa, vicerrectora de Pregrado; Paola Morales Norambuena, director de Ciclo de Vida Estudiantil; y los estudiantes P\u00eda Dur\u00e1n P\u00e9rez y Luis Godoy.<\/a><\/p><p>\u00a0<\/p><p><strong>\u00a0<\/strong><strong>EL LECTOR<\/strong><\/p><p><a href=\"https:\/\/www.litoralpress.cl\/paginaconsultas\/Servicios_NClipSitio\/Get_Imagen_Nota.aspx?LPKey=EBSLB6EBSGPZFSI24S4WCTLCJ4PXIYWZ6DFHADYMDDETQXTWLI6EGSS2RD5E76K5BGEMWYS3IGRWQ\">Universidad de Talca: formaci\u00f3n acad\u00e9mica p\u00fablica y de calidad desde el Maule. Se refieren Paula Manr\u00edquez Novoa, vicerrectora de Pregrado; Paola Morales Norambuena, director de Ciclo de Vida Estudiantil; y los estudiantes P\u00eda Dur\u00e1n P\u00e9rez y Luis Godoy.<\/a><\/p><p>\u00a0<\/p><p><strong>MAULENEWS.COM<\/strong><\/p><p><a href=\"https:\/\/www.maulenews.com\/2022\/12\/universidad-de-talca-formacion.html\">Universidad de Talca: formaci\u00f3n acad\u00e9mica p\u00fablica y de calidad desde el Maule. Se refieren Paula Manr\u00edquez Novoa, vicerrectora de Pregrado; Paola Morales Norambuena, director de Ciclo de Vida Estudiantil; y los estudiantes P\u00eda Dur\u00e1n P\u00e9rez y Luis Godoy.<\/a><\/p><p>\u00a0<\/p><p><strong>CAUQUENESNET.CL<\/strong><\/p><p><a href=\"https:\/\/cauquenesnet.cl\/2022\/12\/30\/universidad-de-talca-formacion-academica-publica-y-de-calidad-desde-el-maule\/\">Universidad de Talca: formaci\u00f3n acad\u00e9mica p\u00fablica y de calidad desde el Maule. Se refieren Paula Manr\u00edquez Novoa, vicerrectora de Pregrado; Paola Morales Norambuena, director de Ciclo de Vida Estudiantil; y los estudiantes P\u00eda Dur\u00e1n P\u00e9rez y Luis Godoy.<\/a><\/p><p>\u00a0<\/p><p><strong>ENCANCHA.CL<\/strong><\/p><p><a href=\"https:\/\/www.encancha.cl\/enlahora\/servicios\/2022\/12\/30\/becas-internas-de-universidades-conoce-cuales-son-en-que-consisten-que-es-lo-que-cubren-196285.html\">Becas internas de universidades: Conoce cu\u00e1les son, en qu\u00e9 consisten y qu\u00e9 es lo que cubren. Se menciona a la UTalca.<\/a><\/p><p>\u00a0<\/p><p><strong>RADIO COOPERATIVA<\/strong><\/p><p><a href=\"https:\/\/www.litoralpress.cl\/sitio\/RadioTV_Detalles.cshtml?LPKey=O3IZYXUOUIGJHCNKDIR5Y5NY77TN7LQXGA4J6TE4Q2AJQIELSC4ZAGEXEAVNEBCQY6LUCE2M76NEQ\">Se van a dar a conocer los resultados de la Prueba de Acceso a la Educaci\u00f3n Superior (PAES) y con ello comienza un nuevo per\u00edodo de postulaci\u00f3n a las universidades. Se refiere Felipe Figueroa, psic\u00f3logo del Programa PACE UTalca.<\/a><\/p><p>\u00a0<\/p><p><strong>COOPERATIVA.CL<\/strong><\/p><p><a href=\"https:\/\/www.cooperativa.cl\/noticias\/pais\/educacion\/admision-universitaria\/este-martes-se-dan-a-conocer-los-resultados-de-la-paes\/2023-01-02\/132607.html\">Este martes se dan a conocer los resultados de la PAES. Se refiere Felipe Figueroa, psic\u00f3logo del Programa PACE UTalca.<\/a><\/p><p>\u00a0<\/p><p><strong>MEDIABANCO.COM<\/strong><\/p><p><a href=\"https:\/\/www.mediabanco.com\/entregan-recomendaciones-para-el-proceso-de-postulacion-a-la-educacion-superior\/\">Entregan recomendaciones para el proceso de postulaci\u00f3n a la educaci\u00f3n superior. Se refieren Paola Morales Norambuena, director de Ciclo de Vida Estudiantil; y los profesionales del programa PACE UTalca Felipe Figueroa, Clara Lora y Osjaimar Torrealba.<\/a><\/p><p>\u00a0<\/p><p><strong>CHILEESNOTICIA.COM<\/strong><\/p><p><a href=\"https:\/\/chileesnoticia.com\/2023\/01\/02\/este-martes-se-dan-a-conocer-los-resultados-de-la-paes\/\">Este martes se dan a conocer los resultados de la PAES. Se refiere Felipe Figueroa, psic\u00f3logo del Programa PACE UTalca.<\/a><\/p><p>\u00a0<\/p><p><strong>ELMAULEINFORMA.CL<\/strong><\/p><p><a href=\"https:\/\/elmauleinforma.cl\/recomendaciones-para-el-proceso-de-postulacion-a-la-educacion-superior\/\">Recomendaciones para el proceso de postulaci\u00f3n a la educaci\u00f3n superior. Se refieren Paola Morales Norambuena, director de Ciclo de Vida Estudiantil; y los profesionales del programa PACE UTalca Felipe Figueroa, Clara Lora y Osjaimar Torrealba.<\/a><\/p><p>\u00a0<\/p><p><strong>G5NOTICIAS.CL<\/strong><\/p><p><a href=\"https:\/\/g5noticias.cl\/2023\/01\/02\/entregan-recomendaciones-para-el-proceso-de-postulacion-a-la-educacion-superior\/\">Entregan recomendaciones para el proceso de postulaci\u00f3n a la educaci\u00f3n superior. Se refieren Paola Morales Norambuena, director de Ciclo de Vida Estudiantil; y los profesionales del programa PACE UTalca Felipe Figueroa, Clara Lora y Osjaimar Torrealba.<\/a><\/p><p>\u00a0<\/p><p><strong>G5NOTICIAS.CL<\/strong><\/p><p><a href=\"https:\/\/g5noticias.cl\/2023\/01\/01\/utalca-apoyara-las-postulaciones-de-estudiantes-a-las-instituciones-de-educacion-superior\/\">UTalca apoyar\u00e1 las postulaciones de estudiantes a las instituciones de educaci\u00f3n superior. Se refiere Paola Morales Norambuena, director de Ciclo de Vida Estudiantil.<\/a><\/p><p>\u00a0<\/p><p><strong>EL MERCURIO<\/strong><\/p><p><a href=\"https:\/\/www.litoralpress.cl\/paginaconsultas\/Servicios_NClipSitio\/Get_Imagen_Nota.aspx?LPKey=SZOUV3WB5GGUXSNVCIRXEXY33NIG7P37OCCKIRXHLZBLQBBSEROWWAQHR3P26BMTYMY5CAFIYGGHA\">Ni\u00f1os con discapacidad visual recibieron elementos educativos creados por estudiantes universitarios. Se refieren Carlos Torres Fuschlocher, rector de la UTalca; Claudio Aravena Aranda, acad\u00e9mico de la Facultad de Ingenier\u00eda; y Daniela Barra, estudiante.<\/a><\/p><p>\u00a0<\/p><p><strong>LA TERCERA<\/strong><\/p><p><a href=\"https:\/\/www.litoralpress.cl\/sitio\/Prensa_PaginaCompleta.cshtml?LPKey=4BSGD63ICS3A7I7AAQXKTWIU3JIYKWTN542W5POL45SXQ5JGAW7Q\">Pronostican un aumento del virus Hanta en Chile. Se refiere B\u00e1rbara Fern\u00e1ndez Tapia, acad\u00e9mica de la Facultad de Ciencias de la Salud.<\/a><\/p><p>\u00a0<\/p><p><strong>LATERCERA.COM<\/strong><\/p><p><a href=\"https:\/\/www.latercera.com\/que-pasa\/noticia\/medicos-anticipan-alza-de-casos-en-chile-de-peligroso-virus-este-verano\/UEXIFJZ5ZVE6TI5NZ4RSPWFKVE\/\">M\u00e9dicos anticipan alza de casos en Chile de peligroso virus este verano. Se refiere B\u00e1rbara Fern\u00e1ndez Tapia, acad\u00e9mica de la Facultad de Ciencias de la Salud.<\/a><\/p><p>\u00a0<\/p><p><strong>RADIO ADN<\/strong><\/p><p><a href=\"https:\/\/www.litoralpress.cl\/sitio\/RadioTV_Detalles.cshtml?LPKey=VY7QRPH72SCUNSBKNA2JG77CBK2AE5O4HYYDOHRRT5WYV64YG3ZQTCKWSLAW4XGPFXU7G7YWWG7MA\">Autoridades sanitarias ponen en marcha medidas para enfrentar la gripe aviar. Se refiere \u00c9rika Retamal Contreras, directora del Departamento de Salud P\u00fablica.<\/a><\/p><p>\u00a0<\/p><p><strong>EMOL.COM<\/strong><\/p><p><a href=\"https:\/\/www.emol.com\/noticias\/Nacional\/2022\/12\/30\/1082548\/medidas-minsal-fronteras-expertos-bf7.html\">Subvariante BF.7 en Chile: Expertos valoran testeo a viajeros de China, pero llaman a &#8220;dar nuevo impulso&#8221; a vacunaci\u00f3n bivalente. Se refiere Daniel Jim\u00e9nez, director de Salud del Estudiante.<\/a><\/p><p>\u00a0<\/p><p><strong>EL HERALDO<\/strong><\/p><p><a href=\"https:\/\/www.litoralpress.cl\/paginaconsultas\/Servicios_NClipSitio\/Get_Imagen_Nota.aspx?LPKey=6M6YVZJGHYZ2YFRJZHLC2YATM5PWGAHA7723OZMWHESD7RTZSIZ7QD5RUS4FQNOBIS4TM32OGQYFS\">UTalca abre la primera Especialidad en Odontogeriatr\u00eda de Chile. Se refieren Soraya Le\u00f3n Araya, directora de la especialidad y Rodrigo Giacaman Sarah, decano de la Facultad de Odontolog\u00eda.<\/a><\/p><p>\u00a0<\/p><p><strong>LA PRENSA<\/strong><\/p><p><a href=\"https:\/\/www.litoralpress.cl\/paginaconsultas\/Servicios_NClipSitio\/Get_Imagen_Nota.aspx?LPKey=B3ZCAD3JTVNFWNEI6R7G56FPZKGQWLJPFUU2PYPN6CPDP7VV5XDNOM5C236T2RFPYXP2T6M4BINP6\">Abren especialidad de Odontogeriatr\u00eda en el Maule. Se refiere Soraya Le\u00f3n Araya, directora de la especialidad.<\/a><\/p><p>\u00a0<\/p><p><strong>LANOTICIA.CL<\/strong><\/p><p><a href=\"https:\/\/lanoticia.cl\/utalca-abre-la-primera-especialidad-en-odontogeriatria-de-chile\/\">UTalca abre la primera Especialidad en Odontogeriatr\u00eda de Chile. Se refieren Soraya Le\u00f3n Araya, directora de la especialidad y Rodrigo Giacaman Sarah, decano de la Facultad de Odontolog\u00eda.<\/a><\/p><p>\u00a0<\/p><p><strong>G5NOTICIAS.CL<\/strong><\/p><p><a href=\"https:\/\/g5noticias.cl\/2022\/12\/29\/utalca-abre-la-primera-especialidad-en-odontogeriatria-de-chile\/\">UTalca abre la primera Especialidad en Odontogeriatr\u00eda de Chile. Se refieren Soraya Le\u00f3n Araya, directora de la especialidad y Rodrigo Giacaman Sarah, decano de la Facultad de Odontolog\u00eda.<\/a><\/p><p>\u00a0<\/p><p><strong>LA TERCERA<\/strong><\/p><p><a href=\"https:\/\/www.litoralpress.cl\/paginaconsultas\/Servicios_NClipSitio\/Get_Imagen_Nota.aspx?LPKey=X4XE3DWOACFXHWO4CWDYIM2JLRWX4PMTB4INGEVYJV4IUO6MVSUS36DNADOHNCNQE3GMR2MLUHRRS\">La guerra del aire acondicionado: recomendaciones la paz en el hogar y en las oficinas. Se refiere Mar\u00eda Luisa del Campo Hitschfeld, directora del Centro Tecnol\u00f3gico Kipus.<\/a><\/p><p>\u00a0<\/p><p><strong>LATERCERA.COM<\/strong><\/p><p><a href=\"https:\/\/www.latercera.com\/practico\/noticia\/la-guerra-del-aire-acondicionado-recomendaciones-para-la-paz-en-el-hogar-y-en-las-oficinas\/4ZFEWPK6H5A67LEUZLN2H5YLIA\/\">La guerra del aire acondicionado: recomendaciones para la paz en el hogar y en las oficinas. Se refiere Mar\u00eda Luisa del Campo Hitschfeld, directora del Centro Tecnol\u00f3gico Kipus.<\/a><\/p><p>\u00a0<\/p><p><strong>CHILEESNOTICIA.COM<\/strong><\/p><p><a href=\"https:\/\/chileesnoticia.com\/2022\/12\/29\/la-guerra-del-aire-acondicionado-recomendaciones-para-la-paz-en-el-hogar-y-en-las-oficinas\/\">La guerra del aire acondicionado: recomendaciones para la paz en el hogar y en las oficinas. Se refiere Mar\u00eda Luisa del Campo Hitschfeld, directora del Centro Tecnol\u00f3gico Kipus.<\/a><\/p><p>\u00a0<\/p><p><strong>EL MERCURIO<\/strong><\/p><p><a href=\"https:\/\/www.litoralpress.cl\/paginaconsultas\/Servicios_NClipSitio\/Get_Imagen_Nota.aspx?LPKey=JTMXC7PGIMXQ6LJ33OKNVSPPMBX3WSKBLBZP6TPZ246BQD4CYYDVIDJPRL7FWXHDJAB5Y2AIWPOWI\">Promesa incumplida: el a\u00f1o termin\u00f3 sin definirse el trazado del proyecto del tren Santiago-Valpara\u00edso. Se refiere Armando Dur\u00e1n Bustamante, acad\u00e9mico de la Facultad de Ingenier\u00eda.<\/a><\/p><p>\u00a0<\/p><p><strong>EL MERCURIO<\/strong><\/p><p><a href=\"https:\/\/www.litoralpress.cl\/paginaconsultas\/Servicios_NClipSitio\/Get_Imagen_Nota.aspx?LPKey=7LXIFDDFEHPDQXIS2TDEGS4IBME2WCNAIVZRUC25ZEIRJWZ6KW7ICUOA3EARH3A5TNI7K2JXY3KDE\">Sustentabilidad: el eje que renueva la educaci\u00f3n en el agro. Se refiere Hermine Vogel, decana de la Facultad de Ciencias Agrarias.<\/a><\/p><p>\u00a0<\/p><p><strong>LAS \u00daLTIMAS NOTICIAS<\/strong><\/p><p><a href=\"https:\/\/www.litoralpress.cl\/paginaconsultas\/Servicios_NClipSitio\/Get_Imagen_Nota.aspx?LPKey=RVREPM7P6QKBZYVM3KDPLC7FTQNVVRB7UOKIQTKHVAKEWJTBQNXGFFYTXC3S6KLBPGRUWAPITFXN6\">Grupo Partner lanza programa \u201cEl camino del agua\u201d. Se menciona al Centro de la Vid y el Vino.<\/a><\/p><p>\u00a0<\/p><p><strong>PORTALDELCAMPO.CL<\/strong><\/p><p><a href=\"https:\/\/portaldelcampo.cl\/Noticias\/91045_GRUPO-PARTNER-LANZA-PROGRAMA--EL-CAMINO-DEL-AGUA--PARA-RESTAURAR-EL-EQUILIBRIO-H%C3%8DDRICO-DE-LOS-VI%C3%91EDOS-NACIONALES-CON-UNA-MEJORA-SUSTANCIAL-DE-LA-CALIDAD-DE-LA-UVA.html\">Grupo Partner lanza programa \u00abEl camino del agua\u00bb. Se menciona al Centro de la Vid y el Vino.<\/a><\/p><p>\u00a0<\/p><p><strong>PORTALAGROCHILE.CL<\/strong><\/p><p><a href=\"https:\/\/www.portalagrochile.cl\/2022\/12\/30\/grupo-partner-lanza-programa-el-camino-del-agua-para-restaurar-el-equilibrio-hidrico-de-los-vinedos-nacionales-con-una-mejora-sustancial-de-la-calidad-de-la-uva\/\">Grupo Partner lanza programa \u00abEl camino del agua\u00bb. Se menciona al Centro de la Vid y el Vino.<\/a><\/p><p>\u00a0<\/p><p><strong>REDAGRICOLA.COM<\/strong><\/p><p><a href=\"https:\/\/www.redagricola.com\/cl\/productores-de-manzanas-buscan-soluciones-ante-su-momento-mas-dificil\/\">Productores de manzanas buscan soluciones ante su momento m\u00e1s dif\u00edcil. Se refiere \u00c1lvaro Sep\u00falveda, investigador del Centro Pom\u00e1ceas.<\/a><\/p><p>\u00a0<\/p><p><strong>CANAL TVR<\/strong><\/p><p><a href=\"https:\/\/www.litoralpress.cl\/sitio\/RadioTV_Detalles.cshtml?LPKey=DD2RHCQ2QADW7TUASR7UQ2S26QRQESUG7FPQ2UJVZQ5VT5XOHSOHZ4ETNEIVVYZGDH2KCS5MH5SIM\">Capacitan a emprendedores en Pelluhue y Cauquenes en inocuidad alimentaria. Se refiere Ana Karina Peralta Madariaga, directora del Centro de Inocuidad Alimentaria.<\/a><\/p><p>\u00a0<\/p><p><strong>ADPRENSA.CL<\/strong><\/p><p><a href=\"https:\/\/www.adprensa.cl\/cronica\/utalca-y-consultora-pwc-chile-firman-convenio-que-apunta-a-fortalecer-el-modelo-educativo\/\">UTalca y Consultora PwC Chile firman convenio que apunta a fortalecer modelo educativo. Se refieren Carlos Torres Fuschlocher, rector de la UTalca; Rodrigo Herrera Leiva, decano de la Facultad de Econom\u00eda y Negocios (FEN); y Valent\u00edn Santander Ram\u00edrez, director de la Escuela de Auditor\u00eda e Ingenier\u00eda en Control de Gesti\u00f3n.<\/a><\/p><p>\u00a0<\/p><p><strong>MEDIABANCO.COM<\/strong><\/p><p><a href=\"https:\/\/www.mediabanco.com\/utalca-y-consultora-pwc-chile-firman-convenio-que-apunta-a-fortalecer-modelo-educativo\/\">UTalca y Consultora PwC Chile firman convenio que apunta a fortalecer modelo educativo. Se refieren Carlos Torres Fuschlocher, rector de la UTalca; Rodrigo Herrera Leiva, decano de la Facultad de Econom\u00eda y Negocios (FEN); y Valent\u00edn Santander Ram\u00edrez, director de la Escuela de Auditor\u00eda e Ingenier\u00eda en Control de Gesti\u00f3n.<\/a><\/p><p>\u00a0<\/p><p><strong>MAULENEWS.COM<\/strong><\/p><p><a href=\"https:\/\/www.maulenews.com\/2023\/01\/utalca-y-consultora-pwc-chile-firman.html\">UTalca y Consultora PwC Chile firman convenio que apunta a fortalecer modelo educativo. Se refieren Carlos Torres Fuschlocher, rector de la UTalca; Rodrigo Herrera Leiva, decano de la Facultad de Econom\u00eda y Negocios (FEN); y Valent\u00edn Santander Ram\u00edrez, director de la Escuela de Auditor\u00eda e Ingenier\u00eda en Control de Gesti\u00f3n.<\/a><\/p><p>\u00a0<\/p><p><strong>CANAL TV 5 LINARES<\/strong><\/p><p><a href=\"https:\/\/www.litoralpress.cl\/sitio\/RadioTV_Detalles.cshtml?LPKey=PQ6IP3MAZMJUZ7OPZDPNHWBRL5FO2GECKQ43MFMDRYUQIO23KCVCDSKPG7S7RV3JAREWBGHTR73DK\">Situaci\u00f3n econ\u00f3mica cierre 2022. Se refiere Juan Andr\u00e9s Riquelme Won, director del Mag\u00edster en Econom\u00eda.<\/a><\/p><p>\u00a0<\/p><p><strong>MEGANOTICIAS.CL<\/strong><\/p><p><a href=\"https:\/\/www.meganoticias.cl\/nacional\/401176-mauricio-morales-academico-encuesta-cadem-proceso-constitucional-con-el-pie-derecho-25-12-2022.html\">Mauricio Morales y su an\u00e1lisis de \u00faltima encuesta Cadem por el cierre del a\u00f1o pol\u00edtico 2022: &#8220;Al borde del precipicio&#8221;. Se refiere Mauricio Morales, director del Centro de An\u00e1lisis Pol\u00edtico (CAP).<\/a><\/p><p>\u00a0<\/p><p><strong>EMOL.COM<\/strong><\/p><p><a href=\"https:\/\/www.emol.com\/noticias\/Nacional\/2022\/12\/30\/1082427\/hitos-politicos-2022-analisis-expertos.html\">Hitos, desaf\u00edos, los que brillaron y las decepciones: El balance de 12 analistas pol\u00edticos de lo que dej\u00f3 este 2022. Se refiere Mauricio Morales, director del Centro de An\u00e1lisis Pol\u00edtico (CAP).<\/a><\/p><p>\u00a0<\/p><p><strong>DF.CL<\/strong><\/p><p><a href=\"https:\/\/www.litoralpress.cl\/paginaconsultas\/Documentos\/Get_Imagen.aspx?lpkey=ZMNTNKBK42BZMNAOH6O3QKH2ZOSRYQ7MQB2GIDBNBNP7J32QLJE34ONDAL4EGKU7B5R5SAJZOXQQ4\">Los desaf\u00edos de Boric en 2023. Se refiere Mauricio Morales, director del Centro de An\u00e1lisis Pol\u00edtico (CAP).<\/a><\/p><p>\u00a0<\/p><p><strong>EL LECTOR<\/strong><\/p><p><a href=\"https:\/\/www.litoralpress.cl\/paginaconsultas\/Servicios_NClipSitio\/Get_Imagen_Nota.aspx?LPKey=XOWEN5T57HGQQXDFBVDTAN42D7PFSHO7MSDSQW4FD26CPENJJZQPMW6O4YBMYJRN4HPOLF6J6KPWQ\">Destacada periodista y escritora Amparo Pozo don\u00f3 documentos culturales a la Universidad de Talca. Se refiere Carlos Torres Fuschlocher, rector de la UTalca.<\/a><\/p><p>\u00a0<\/p><p><strong>LA PRENSA<\/strong><\/p><p><a href=\"https:\/\/www.litoralpress.cl\/paginaconsultas\/Servicios_NClipSitio\/Get_Imagen_Nota.aspx?LPKey=GRAP7MFKQXYDIHG7FMNKY7X6TANUTJBHC776Y3GOJTGAEO663FWDH4HFPEH3F6PV3L2NHFIKUCT6U\">Donan archivo de historias talquinas. Se menciona a la UTalca.<\/a><\/p><p>\u00a0<\/p><p><strong>ADPRENSA.CL<\/strong><\/p><p><a href=\"https:\/\/www.adprensa.cl\/actividades-academicas\/destacada-periodista-y-escritora-amparo-pozo-dono-documentos-culturales-a-la-universidad-de-talca\/\">Destacada periodista y escritora Amparo Pozo don\u00f3 documentos culturales a la Universidad de Talca. Se refieren Carlos Torres Fuschlocher, rector de la UTalca; Marcela Albornoz Dachelet, directora de Extensi\u00f3n Cultural-Art\u00edstica; Pedro Emilio Zamorano P\u00e9rez, director del Instituto de Estudios Human\u00edsticos Juan Ignacio Molina; y V\u00edctor Brangier Pe\u00f1ailillo, director del Centro de Documentaci\u00f3n Patrimonial (CDP).<\/a><\/p><p>\u00a0<\/p><p><strong>MEDIABANCO.COM<\/strong><\/p><p><a href=\"https:\/\/www.mediabanco.com\/destacada-periodista-y-escritora-amparo-pozo-dono-documentos-culturales-a-la-universidad-de-talca\/\">Destacada periodista y escritora Amparo Pozo don\u00f3 documentos culturales a la Universidad de Talca. Se refieren Carlos Torres Fuschlocher, rector de la UTalca; Marcela Albornoz Dachelet, directora de Extensi\u00f3n Cultural-Art\u00edstica; Pedro Emilio Zamorano P\u00e9rez, director del Instituto de Estudios Human\u00edsticos Juan Ignacio Molina; y V\u00edctor Brangier Pe\u00f1ailillo, director del Centro de Documentaci\u00f3n Patrimonial (CDP).<\/a><\/p><p>\u00a0<\/p><p><strong>CANAL TVN RED MAULE<\/strong><\/p><p><a href=\"https:\/\/www.litoralpress.cl\/sitio\/RadioTV_Detalles.cshtml?LPKey=376RA2IMJOTP7FTBFXF2MVP3MQUZW5GEVQDIUOMVVU6Y5T3I2BNWWCOKTRCIEVAD4LYK2662M4NCE\">Destacada periodista y escritora Amparo Pozo don\u00f3 documentos culturales a la Universidad de Talca.<\/a><\/p><p>\u00a0<\/p><p><strong>ELCENTRO.CL<\/strong><\/p><p><a href=\"https:\/\/elcentro.cl\/2023\/01\/01\/destacada-periodista-y-escritora-amparo-pozo-dono-documentos-culturales-a-la-universidad-de-talca\/\">Destacada periodista y escritora Amparo Pozo don\u00f3 documentos culturales a la Universidad de Talca. Se refieren Carlos Torres Fuschlocher, rector de la UTalca; Marcela Albornoz Dachelet, directora de Extensi\u00f3n Cultural-Art\u00edstica; Pedro Emilio Zamorano P\u00e9rez, director del Instituto de Estudios Human\u00edsticos Juan Ignacio Molina; y V\u00edctor Brangier Pe\u00f1ailillo, director del Centro de Documentaci\u00f3n Patrimonial (CDP).<\/a><\/p><p>\u00a0<\/p><p><strong>LANOTICIA.CL<\/strong><\/p><p><a href=\"https:\/\/lanoticia.cl\/destacada-periodista-y-escritora-amparo-pozo-dono-documentos-culturales-a-la-universidad-de-talca\/\">Destacada periodista y escritora Amparo Pozo don\u00f3 documentos culturales a la Universidad de Talca. Se refieren Carlos Torres Fuschlocher, rector de la UTalca; Marcela Albornoz Dachelet, directora de Extensi\u00f3n Cultural-Art\u00edstica; Pedro Emilio Zamorano P\u00e9rez, director del Instituto de Estudios Human\u00edsticos Juan Ignacio Molina; y V\u00edctor Brangier Pe\u00f1ailillo, director del Centro de Documentaci\u00f3n Patrimonial (CDP).<\/a><\/p><p>\u00a0<\/p><p><strong>TVMAULE.CL<\/strong><\/p><p><a href=\"https:\/\/www.tvmaule.cl\/periodista-y-escritora-amparo-pozao-dono-documentos-culturales-a-la-utalca\/\">Periodista y escritora Amparo Pozo don\u00f3 documentos culturales a la UTalca. Se refieren Carlos Torres Fuschlocher, rector de la UTalca; Marcela Albornoz Dachelet, directora de Extensi\u00f3n Cultural-Art\u00edstica; Pedro Emilio Zamorano P\u00e9rez, director del Instituto de Estudios Human\u00edsticos Juan Ignacio Molina; y V\u00edctor Brangier Pe\u00f1ailillo, director del Centro de Documentaci\u00f3n Patrimonial (CDP).<\/a><\/p><p>\u00a0<\/p><p><strong>ELDIARIOSANTIAGO.CL<\/strong><\/p><p><a href=\"https:\/\/eldiariosantiago.cl\/2022\/12\/30\/destacada-periodista-y-escritora-amparo-pozo-dono-documentos-culturales-a-la-universidad-de-talca\/\">Destacada periodista y escritora Amparo Pozo don\u00f3 documentos culturales a la Universidad de Talca. Se refieren Carlos Torres Fuschlocher, rector de la UTalca; Marcela Albornoz Dachelet, directora de Extensi\u00f3n Cultural-Art\u00edstica; Pedro Emilio Zamorano P\u00e9rez, director del Instituto de Estudios Human\u00edsticos Juan Ignacio Molina; y V\u00edctor Brangier Pe\u00f1ailillo, director del Centro de Documentaci\u00f3n Patrimonial (CDP).<\/a><\/p><p>\u00a0<\/p><p><strong>G5NOTICIAS.CL<\/strong><\/p><p><a href=\"https:\/\/g5noticias.cl\/2022\/12\/31\/destacada-periodista-y-escritora-amparo-pozo-dono-documentos-culturales-a-la-universidad-de-talca\/\">Destacada periodista y escritora Amparo Pozo don\u00f3 documentos culturales a la Universidad de Talca. Se refieren Carlos Torres Fuschlocher, rector de la UTalca; Marcela Albornoz Dachelet, directora de Extensi\u00f3n Cultural-Art\u00edstica; Pedro Emilio Zamorano P\u00e9rez, director del Instituto de Estudios Human\u00edsticos Juan Ignacio Molina; y V\u00edctor Brangier Pe\u00f1ailillo, director del Centro de Documentaci\u00f3n Patrimonial (CDP).<\/a><\/p><p>\u00a0<\/p><p><strong>MEDIABANCO.COM<\/strong><\/p><p><a href=\"https:\/\/www.mediabanco.com\/utalca-participa-en-encuentro-latinoamericano-de-la-industria-alimentaria\/\">UTalca participa en encuentro latinoamericano de la industria alimentaria. Se refieren Patricio Araya, coordinador Proyecto Tecnopolo; Freddy Barrientos, encargado de Servicios Tecnol\u00f3gicos del Centro de Estudios de Alimentos Procesados (CEAP) y Tamara P\u00e9rez, gestora del Proyecto Ines I+D \u2013ANID.<\/a><\/p><p>\u00a0<\/p><p><strong>DIARIOTALCA.CL<\/strong><\/p><p><a href=\"https:\/\/diariotalca.cl\/utalca-participo-en-evento-latinoamericano-de-la-industria-alimentaria\/\">UTalca particip\u00f3 en evento latinoamericano de la industria alimentaria. Se refieren Patricio Araya, coordinador Proyecto Tecnopolo; Freddy Barrientos, encargado de Servicios Tecnol\u00f3gicos del Centro de Estudios de Alimentos Procesados (CEAP) y Tamara P\u00e9rez, gestora del Proyecto Ines I+D \u2013ANID.<\/a><\/p><p>\u00a0<\/p><p><strong>MAULENEWS.COM<\/strong><\/p><p><a href=\"https:\/\/www.maulenews.com\/2022\/12\/utalca-participa-en-encuentro.html\">UTalca participa en encuentro latinoamericano de la industria alimentaria. Se refieren Patricio Araya, coordinador Proyecto Tecnopolo; Freddy Barrientos, encargado de Servicios Tecnol\u00f3gicos del Centro de Estudios de Alimentos Procesados (CEAP) y Tamara P\u00e9rez, gestora del Proyecto Ines I+D \u2013ANID.<\/a><\/p><p>\u00a0<\/p><p><strong>PRIMERAFUENTE.CL<\/strong><\/p><p><a href=\"https:\/\/primerafuente.cl\/2022\/12\/28\/escuela-padre-hurtado-de-curico-gano-concurso-descubriendo-talentos-cientificos-de-la-utalca\/\">Escuela Padre Hurtado de Curic\u00f3 gan\u00f3 Concurso Descubriendo Talentos Cient\u00edficos de la UTalca. Se refieren Karin Saavedra Redlich, directora General de Vinculaci\u00f3n con el Medio y C\u00e9sar Retamal Bravo, acad\u00e9mico de la Facultad de Ingenier\u00eda.<\/a><\/p><p>\u00a0<\/p>\t\t\t\t\t\t<\/div>\n\t\t\t\t<\/div>\n\t\t\t\t\t<\/div>\n\t\t<\/div>\n\t\t\t\t\t\t\t<\/div>\n\t\t<\/section>\n\t\t\t\t\t\t<\/div>\n\t\t\t\t\t<\/div>\n\t\t","protected":false},"excerpt":{"rendered":"<p>EMOL Ocho de las diez universidades mejor evaluadas en el Ranking de Desempe\u00f1o 2022 son de regiones: Revisa el listado completo. Se menciona a la UTalca en 6\u00b0 lugar. \u00a0 ADPRENSA.CL Universidad de Talca: formaci\u00f3n acad\u00e9mica p\u00fablica y de calidad desde el Maule. Se refieren Paula Manr\u00edquez Novoa, vicerrectora de Pregrado; Paola Morales Norambuena, director &hellip;<\/p>\n<p class=\"read-more\"> <a class=\"\" href=\"https:\/\/www.reportedeprensa.utalca.cl\/?p=6226\"> <span class=\"screen-reader-text\">03 de enero de 2023<\/span> Read More &raquo;<\/a><\/p>\n","protected":false},"author":1,"featured_media":0,"comment_status":"closed","ping_status":"open","sticky":false,"template":"","format":"standard","meta":{"_monsterinsights_skip_tracking":false,"_monsterinsights_sitenote_active":false,"_monsterinsights_sitenote_note":"","_monsterinsights_sitenote_category":0},"categories":[29],"tags":[],"_links":{"self":[{"href":"https:\/\/www.reportedeprensa.utalca.cl\/index.php?rest_route=\/wp\/v2\/posts\/6226"}],"collection":[{"href":"https:\/\/www.reportedeprensa.utalca.cl\/index.php?rest_route=\/wp\/v2\/posts"}],"about":[{"href":"https:\/\/www.reportedeprensa.utalca.cl\/index.php?rest_route=\/wp\/v2\/types\/post"}],"author":[{"embeddable":true,"href":"https:\/\/www.reportedeprensa.utalca.cl\/index.php?rest_route=\/wp\/v2\/users\/1"}],"replies":[{"embeddable":true,"href":"https:\/\/www.reportedeprensa.utalca.cl\/index.php?rest_route=%2Fwp%2Fv2%2Fcomments&post=6226"}],"version-history":[{"count":5,"href":"https:\/\/www.reportedeprensa.utalca.cl\/index.php?rest_route=\/wp\/v2\/posts\/6226\/revisions"}],"predecessor-version":[{"id":6233,"href":"https:\/\/www.reportedeprensa.utalca.cl\/index.php?rest_route=\/wp\/v2\/posts\/6226\/revisions\/6233"}],"wp:attachment":[{"href":"https:\/\/www.reportedeprensa.utalca.cl\/index.php?rest_route=%2Fwp%2Fv2%2Fmedia&parent=6226"}],"wp:term":[{"taxonomy":"category","embeddable":true,"href":"https:\/\/www.reportedeprensa.utalca.cl\/index.php?rest_route=%2Fwp%2Fv2%2Fcategories&post=6226"},{"taxonomy":"post_tag","embeddable":true,"href":"https:\/\/www.reportedeprensa.utalca.cl\/index.php?rest_route=%2Fwp%2Fv2%2Ftags&post=6226"}],"curies":[{"name":"wp","href":"https:\/\/api.w.org\/{rel}","templated":true}]}}