{"id":6248,"date":"2023-01-04T10:30:30","date_gmt":"2023-01-04T13:30:30","guid":{"rendered":"https:\/\/www.reportedeprensa.utalca.cl\/?p=6248"},"modified":"2023-01-04T10:40:16","modified_gmt":"2023-01-04T13:40:16","slug":"04-de-enero-de-2023","status":"publish","type":"post","link":"https:\/\/www.reportedeprensa.utalca.cl\/?p=6248","title":{"rendered":"04 de enero de 2023"},"content":{"rendered":"\t\t<div data-elementor-type=\"wp-post\" data-elementor-id=\"6248\" class=\"elementor elementor-6248\" data-elementor-settings=\"[]\">\n\t\t\t\t\t\t\t<div class=\"elementor-section-wrap\">\n\t\t\t\t\t\t\t<section class=\"elementor-section elementor-top-section elementor-element elementor-element-2a4b4b83 elementor-section-boxed elementor-section-height-default elementor-section-height-default\" data-id=\"2a4b4b83\" data-element_type=\"section\">\n\t\t\t\t\t\t<div class=\"elementor-container elementor-column-gap-default\">\n\t\t\t\t\t<div class=\"elementor-column elementor-col-100 elementor-top-column elementor-element elementor-element-24a78540\" data-id=\"24a78540\" data-element_type=\"column\">\n\t\t\t<div class=\"elementor-widget-wrap elementor-element-populated\">\n\t\t\t\t\t\t\t\t<div class=\"elementor-element elementor-element-55b07e54 elementor-widget elementor-widget-text-editor\" data-id=\"55b07e54\" data-element_type=\"widget\" data-widget_type=\"text-editor.default\">\n\t\t\t\t<div class=\"elementor-widget-container\">\n\t\t\t\t\t\t\t\t<p><strong>EL D\u00cdA<\/strong><\/p><p><a href=\"https:\/\/www.litoralpress.cl\/paginaconsultas\/Servicios_NClipSitio\/Get_Imagen_Nota.aspx?LPKey=RT3M2FZSQQLT3MVX5VNUYWKJAJTGA7DRJA6XEI5TUJFCMHPDZSMKM766ERF7EHUY3OLE2TPAAYPVU\">Revelan ranking de desempe\u00f1o institucional de Universidades 2022. Se menciona a la UTalca<\/a><\/p><p>\u00a0<\/p><p><strong>RADIO COOPERATIVA<\/strong><\/p><p><a href=\"https:\/\/www.litoralpress.cl\/sitio\/RadioTV_Detalles.cshtml?LPKey=MLZHQE2MUOLYX3MVVSQFTXC7LHJM552DWSN7VB7A7HAD7QZRNVRXA5NETNU5B4LPJPFVRLEITIMTQ\">Hoy se conocen los resultados de PAES por lo que postulantes y universidades se preparan para un nuevo proceso de admisi\u00f3n. Se refiere Paola Morales Norambuena, directora de Ciclo de Vida Estudiantil.<\/a><\/p><p>\u00a0<\/p><p><strong>RADIO BIO-B\u00cdO DE VALPARA\u00cdSO<\/strong><\/p><p><a href=\"https:\/\/www.litoralpress.cl\/sitio\/RadioTV_Detalles.cshtml?LPKey=J4ZNJJY2ZEESJ54UW6BS56WMWEL4KNFW2QWPA3JRT3XA2CPIKUMUXDZPUF2FMVGVXWCDTGUPIADNG\">Expertos entregan recomendaciones para continuar con el proceso de postulaci\u00f3n tras resultados de la PAES. Se refiere Felipe Figueroa, psic\u00f3logo del Programa PACE UTalca.<\/a><\/p><p>\u00a0<\/p><p><strong>LATERCERA.COM<\/strong><\/p><p><a href=\"https:\/\/www.latercera.com\/servicios\/noticia\/admision-2023-listado-de-universidades-adscritas-a-la-gratuidad\/INABUZSKLFCHVM7ZAIMSNU3HMU\/\">Admisi\u00f3n 2023: listado de universidades adscritas a la gratuidad. Se menciona a la UTalca.<\/a><\/p><p>\u00a0<\/p><p><strong>MEGANOTICIAS.CL<\/strong><\/p><p><a href=\"https:\/\/www.meganoticias.cl\/dato-util\/401264-puntaje-de-corte-medicina-admision-2023-paes-pdp-03-01-2022.html\">Admisi\u00f3n 2023: \u00bfCu\u00e1l es el puntaje de corte para ingresar a estudiar medicina? Se menciona a la UTalca.<\/a><\/p><p>\u00a0<\/p><p><strong>LOS40.CL<\/strong><\/p><p><a href=\"https:\/\/los40.cl\/2023\/mujeres-ingenieras-de-chile-iniciativas-de-las-universidades-para-el-ingreso-de-mujeres-133634.html\">Mujeres ingenieras de Chile: iniciativas de las universidades para el ingreso de mujeres. Se menciona el Programa Ingenieras para el Mundo.<\/a><\/p><p>\u00a0<\/p><p><strong>EL HERALDO<\/strong><\/p><p><a href=\"https:\/\/www.litoralpress.cl\/paginaconsultas\/Servicios_NClipSitio\/Get_Imagen_Nota.aspx?LPKey=7C2TTIHAGLJFFDULNJQGFFJM2WWIYKCVY7RME3WOP3SHDAKDEW4UUVZW5DPCWB66AP44XYCTIA3NU\">Este martes se dan a conocer los resultados de la PAES. Se refiere Felipe Figueroa, psic\u00f3logo del Programa PACE UTalca.<\/a><\/p><p>\u00a0<\/p><p><strong>EL MERCURIO DE VALPARA\u00cdSO<\/strong><\/p><p><a href=\"https:\/\/www.litoralpress.cl\/paginaconsultas\/Servicios_NClipSitio\/Get_Imagen_Nota.aspx?LPKey=D6JVW5RQLVMJMEAY5PDRLJCXIH7VAAWT5OEY42LKRPJWQGEOXEZUHI6THNESQLES6P5JBXQQ5M6CO\">PAES: hoy se saben resultados y parten las postulaciones. Se refieren Osjaimar Torrealba y Felipe Figueroa, profesionales del Programa PACE UTalca.<\/a><\/p><p>\u00a0<\/p><p><strong>EL SUR<\/strong><\/p><p><a href=\"https:\/\/www.litoralpress.cl\/paginaconsultas\/Servicios_NClipSitio\/Get_Imagen_Nota.aspx?LPKey=3MSIDJYCCBF2DKSAEVJGRE6AGMUWPFDMGQKPNQS5GGZ4FQKG6LDZBC3IAGJFDGMTFNPB7QMEXAR2U\">PAES: hoy se saben resultados y parten las postulaciones. Se refieren Osjaimar Torrealba y Felipe Figueroa, profesionales del Programa PACE UTalca.<\/a><\/p><p>\u00a0<\/p><p><strong>CR\u00d3NICA DE CHILL\u00c1N<\/strong><\/p><p><a href=\"https:\/\/www.litoralpress.cl\/paginaconsultas\/Servicios_NClipSitio\/Get_Imagen_Nota.aspx?LPKey=GLMXN4PRKAY6CQ3QB5U2NY7DPJXDES3Q6ZAS4HGFRUMY2KYOKLX24WPGZGNONYIC2FZKWLA6JIPWG\">PAES: hoy se saben resultados y parten las postulaciones. Se refieren Osjaimar Torrealba y Felipe Figueroa, profesionales del Programa PACE UTalca.<\/a><\/p><p>\u00a0<\/p><p><strong>LA DISCUSI\u00d3N DE CHILL\u00c1N<\/strong><\/p><p><a href=\"https:\/\/www.litoralpress.cl\/paginaconsultas\/Servicios_NClipSitio\/Get_Imagen_Nota.aspx?LPKey=JOAZDD73B46Y6F2CVYAXYAUNOCE7P5IPFPAVKQA7OUYQ2WLER5ONKB2WYJ73GPXCWYLEXUSFG3DZU\">Hoy se conocen los resultados de la PAES y se inician las postulaciones. Se refiere Felipe Figueroa, director del Programa PACE UTalca.<\/a><\/p><p>\u00a0<\/p><p><strong>EL DIARIO DE ATACAMA<\/strong><\/p><p><a href=\"https:\/\/www.litoralpress.cl\/paginaconsultas\/Servicios_NClipSitio\/Get_Imagen_Nota.aspx?LPKey=PI4KOSWHKRD5HTCE725RPITLCR3ZXADDVWVDENFFBC7ZEBLXUTICMI2F2IUKWZHZ4UZQK4PLIIAXA\">PAES: hoy se saben resultados y parten las postulaciones. Se refieren Osjaimar Torrealba y Felipe Figueroa, profesionales del Programa PACE UTalca.<\/a><\/p><p>\u00a0<\/p><p><strong>EL MERCURIO DE ANTOFAGASTA<\/strong><\/p><p><a href=\"https:\/\/www.litoralpress.cl\/paginaconsultas\/Servicios_NClipSitio\/Get_Imagen_Nota.aspx?LPKey=SGQ7L3IHNACXRW2TEZX6IIXRDWFLT6PA4AKUE4VO5QM6V6KMECUJTXITPAQKZYGC2LII3KN4PTRXW\">PAES: hoy se saben resultados y parten las postulaciones. Se refieren Osjaimar Torrealba y Felipe Figueroa, profesionales del Programa PACE UTalca.<\/a><\/p><p>\u00a0<\/p><p><strong>EL MERCURIO DE CALAMA<\/strong><\/p><p><a href=\"https:\/\/www.litoralpress.cl\/paginaconsultas\/Servicios_NClipSitio\/Get_Imagen_Nota.aspx?LPKey=2ZBXGT437IA4FZD5OAP5MAVPMEE5W3PGPMKYIDM6QIWMIWKQXQWLNOR3M4VK6IL62SICN6S4WNH3G\">PAES: hoy se saben resultados y parten las postulaciones. Se refieren Osjaimar Torrealba y Felipe Figueroa, profesionales del Programa PACE UTalca.<\/a><\/p><p>\u00a0<\/p><p><strong>AUSTRAL REGI\u00d3N DE LOS R\u00cdOS<\/strong><\/p><p><a href=\"https:\/\/www.litoralpress.cl\/paginaconsultas\/Servicios_NClipSitio\/Get_Imagen_Nota.aspx?LPKey=4JQTZGGIM4S74QLC2WFLEE3HYO4IARB4JNG4XFNYH7WRXUUR4ECP44WZM7FLY6IWQCHUMG2C2R4IY\">PAES: hoy se saben resultados y parten las postulaciones. Se refieren Osjaimar Torrealba y Felipe Figueroa, profesionales del Programa PACE UTalca.<\/a><\/p><p>\u00a0<\/p><p><strong>AUSTRAL DE OSORNO<\/strong><\/p><p><a href=\"https:\/\/www.litoralpress.cl\/paginaconsultas\/Servicios_NClipSitio\/Get_Imagen_Nota.aspx?LPKey=X55NT3XRSKSMXZ635GI3LCGZWDEWFA6V4RYASNUKXVF55LR4UGX2XYNVAHNED3FOMV3NPJE5CA6XC\">PAES: hoy se saben resultados y parten las postulaciones. Se refieren Osjaimar Torrealba y Felipe Figueroa, profesionales del Programa PACE UTalca.<\/a><\/p><p>\u00a0<\/p><p><strong>EL LLANQUIHUE<\/strong><\/p><p><a href=\"https:\/\/www.litoralpress.cl\/paginaconsultas\/Servicios_NClipSitio\/Get_Imagen_Nota.aspx?LPKey=P5LNNX5TU2DFNSBSDBL6KAZGNZH6ZCKND4LBHQC2W3DGRLUVTTJACER7R3OUKCXFVEFVGW6OO424Q\">PAES: hoy se saben resultados y parten las postulaciones. Se refieren Osjaimar Torrealba y Felipe Figueroa, profesionales del Programa PACE UTalca.<\/a><\/p><p>\u00a0<\/p><p><strong>ELCENTRO.CL<\/strong><\/p><p><a href=\"https:\/\/elcentro.cl\/2023\/01\/03\/paes-los-resultados-ya-estan-disponibles-conozca-las-recomendaciones-para-acceder-a-la-educacion-superior-entregadas-por-expertos\/\">Se refieren Paola Morales Norambuena, directora de Ciclo de Vida Estudiantil (CIVE); y los profesionales del programa PACE UTalca Felipe Figueroa, Clara Lora y Osjaimar Torrealba.<\/a><\/p><p>\u00a0<\/p><p><strong>EMOL.COM<\/strong><\/p><p><a href=\"https:\/\/www.emol.com\/noticias\/Nacional\/2023\/01\/03\/1082781\/reacciones-dichos-presidente-indulto-mateluna.html\">Justificaci\u00f3n de indulto a Mateluna: Las reacciones pol\u00edticas a los dichos del Presidente y el an\u00e1lisis de los expertos. Se refiere Ra\u00fal Carnevali Rodr\u00edguez, director del Centro de Estudios de Derecho Penal (CEDEP).<\/a><\/p><p>\u00a0<\/p><p><strong>G5NOTICIAS.CL<\/strong><\/p><p><a href=\"https:\/\/g5noticias.cl\/2023\/01\/03\/utalca-entrego-aparato-que-mejora-la-postura-de-profesora-con-discapacidad\/\">UTalca entreg\u00f3 aparato que mejora la postura de profesora con discapacidad. Se refieren Natalia Ibarra, gestora del Centro Tecnol\u00f3gico de Telerrehabilitaci\u00f3n y Neurociencias del Movimiento Humano (CTTN) y Carlos \u00c1vila, estudiante.<\/a><\/p><p>\u00a0<\/p><p><strong>LA PRENSA<\/strong><\/p><p><a href=\"https:\/\/www.litoralpress.cl\/paginaconsultas\/Servicios_NClipSitio\/Get_Imagen_Nota.aspx?LPKey=VTDKEKPFBWBENAUYDQJIBQBBHW5DI6VF6G3GSAL3Q7JOHSSERMGCQWGHTQXJ64DXWMWX4TYMPBE7Q\">Acad\u00e9mica sostiene que no fue buena decisi\u00f3n eliminar el uso de mascarilla. Se refiere \u00c9rika Retamal Contreras, directora del Departamento de Salud P\u00fablica de la UTalca.<\/a><\/p><p>\u00a0<\/p><p><strong>RADIO GUAYAC\u00c1N<\/strong><\/p><p><a href=\"https:\/\/www.litoralpress.cl\/sitio\/RadioTV_Detalles.cshtml?LPKey=LVWX2G2QO7KNHJR2E4NK23HC42YWP5RGUYOEPVRIMMKLWZIPKDXBD47IIALVAFVEJSNDMZNWUSO6A\">Virus Hanta durante el verano. Entrevista a Barbra Fern\u00e1ndez, acad\u00e9mica de la Facultad de Ciencias de la Salud.<\/a><\/p><p>\u00a0<\/p><p><strong>ADPRENSA.CL<\/strong><\/p><p><a href=\"https:\/\/www.adprensa.cl\/cronica\/cooperativas-campesinas-recibiran-apoyo-para-el-desarrollo-de-iniciativas-de-innovacion\/\">Cooperativas campesinas recibir\u00e1n apoyo para el desarrollo de iniciativas de innovaci\u00f3n. Se refiere Pablo Villalobos Mateluna, acad\u00e9mico de la Facultad de Ciencias Agrarias.<\/a><\/p><p>\u00a0<\/p><p><strong>MEDIABANCO.COM<\/strong><\/p><p><a href=\"https:\/\/www.mediabanco.com\/cooperativas-campesinas-recibiran-apoyo-para-el-desarrollo-de-iniciativas-de-innovacion\/\">Cooperativas campesinas recibir\u00e1n apoyo para el desarrollo de iniciativas de innovaci\u00f3n. Se refiere Pablo Villalobos Mateluna, acad\u00e9mico de la Facultad de Ciencias Agrarias.<\/a><\/p><p>\u00a0<\/p><p><strong>LATRIBUNA.CL<\/strong><\/p><p><a href=\"https:\/\/www.latribuna.cl\/educacion\/2023\/01\/03\/cooperativas-campesinas-recibiran-apoyo-para-el-desarrollo-de-iniciativas-de-innovacion.html\">Cooperativas campesinas recibir\u00e1n apoyo para el desarrollo de iniciativas de innovaci\u00f3n. Se refiere Pablo Villalobos Mateluna, acad\u00e9mico de la Facultad de Ciencias Agrarias.<\/a><\/p><p>\u00a0<\/p><p><strong>G5NOTICIAS.CL<\/strong><\/p><p><a href=\"https:\/\/g5noticias.cl\/2023\/01\/04\/cooperativas-campesinas-recibiran-apoyo-para-el-desarrollo-de-iniciativas-de-innovacion\/\">Cooperativas campesinas recibir\u00e1n apoyo para el desarrollo de iniciativas de innovaci\u00f3n. Se refiere Pablo Villalobos Mateluna, acad\u00e9mico de la Facultad de Ciencias Agrarias.<\/a><\/p><p>\u00a0<\/p><p><strong>LA TRIBUNA<\/strong><\/p><p><a href=\"https:\/\/www.litoralpress.cl\/paginaconsultas\/Servicios_NClipSitio\/Get_Imagen_Nota.aspx?LPKey=MG73L3F4D4B7N37CKGXL6MOJY42BP2KHWMFEW46YAGCMFR7W6PAEOIPKM32EB3CX3QY63X4RC3BJS\">Reportan alza en el precio de los alimentos por la sequ\u00eda en Chile. Se refiere Patricio Gonz\u00e1lez Colville, acad\u00e9mico del Centro de Investigaci\u00f3n y Transferencia en Riego y Agroclimatolog\u00eda.<\/a><\/p><p>\u00a0<\/p><p><strong>ELMAULEINFORMA.CL<\/strong><\/p><p><a href=\"https:\/\/elmauleinforma.cl\/chile-economia-2022-2023-y-2024\/\">Chile econom\u00eda: 2022, 2023 y 2024. Columna de opini\u00f3n de Jorge Navarrete Bustamante, director del Mag\u00edster en Gesti\u00f3n de Pol\u00edticas P\u00fablicas.<\/a><\/p><p>\u00a0<\/p><p><strong>RADIO BIO-B\u00cdO<\/strong><\/p><p><a href=\"https:\/\/www.litoralpress.cl\/sitio\/RadioTV_Detalles.cshtml?LPKey=AJFGXRPHK2TKEZXZV2FL3N6JS77R5F3ZCKR7CQMNP6MDTQHKTBJN2EDXBIIT2OFA5NICPIXXEMUSY\">Actividad econ\u00f3mica se contrajo en un 2,5% en noviembre. Se refiere Rodrigo Saens Navarrete, acad\u00e9mico de la Facultad de Econom\u00eda y Negocios (FEN).<\/a><\/p><p>\u00a0<\/p><p><strong>RADIO INFINITA<\/strong><\/p><p><a href=\"https:\/\/www.litoralpress.cl\/sitio\/RadioTV_Detalles.cshtml?LPKey=HKD72TTJ3ZBHC6NM4KQZD655VHNC4CSKJ6VARMMB3BESCLAKW2HIDZVDOE42M23HPPALGZG7XDSLU\">Comentario de Mauricio Morales Quiroga, director del Centro de An\u00e1lisis Pol\u00edtico (CAP).<\/a><\/p><p>\u00a0<\/p><p><strong>EL MERCURIO DE VALPARA\u00cdSO<\/strong><\/p><p><a href=\"https:\/\/www.litoralpress.cl\/paginaconsultas\/Servicios_NClipSitio\/Get_Imagen_Nota.aspx?LPKey=R3MWJVQ6E4IYTS4ZPJ2A3TVH663FNXGN7OIEMIY4RNVYNAOFHN5YQULB6GFRNKYR4OPUVNST4XBNU\">Cadem: 61% desaprueba gesti\u00f3n de Boric y aprobaci\u00f3n coincide con Pi\u00f1era en 2019. Se refiere Mauricio Morales Quiroga, director del Centro de An\u00e1lisis Pol\u00edtico (CAP).<\/a><\/p><p>\u00a0<\/p><p><strong>EL DIARIO DE ATACAMA<\/strong><\/p><p><a href=\"https:\/\/www.litoralpress.cl\/paginaconsultas\/Servicios_NClipSitio\/Get_Imagen_Nota.aspx?LPKey=5KYWBG25PRW2K4W4WSJKLUYXIRBS4HWTGAOPZKMZDRF3JLO2KX746IU5SX5T7RPFR3YVHZOZE6VLW\">Cadem: 61% desaprueba gesti\u00f3n de Boric y aprobaci\u00f3n coincide con Pi\u00f1era en 2019. Se refiere Mauricio Morales Quiroga, director del Centro de An\u00e1lisis Pol\u00edtico (CAP).<\/a><\/p><p>\u00a0<\/p><p><strong>EL MERCURIO DE CALAMA<\/strong><\/p><p><a href=\"https:\/\/www.litoralpress.cl\/paginaconsultas\/Servicios_NClipSitio\/Get_Imagen_Nota.aspx?LPKey=QOL7PNW3IJTW7YAQZVE7OBKRHQXXBWH6QFOFPZM3I2Y6THMWNO2DWEBV3RJ64FJ32QKVUBLFTMESO\">Cadem: 61% desaprueba gesti\u00f3n de Boric y aprobaci\u00f3n coincide con Pi\u00f1era en 2019. Se refiere Mauricio Morales Quiroga, director del Centro de An\u00e1lisis Pol\u00edtico (CAP).<\/a><\/p><p>\u00a0<\/p><p><strong>EL SUR<\/strong><\/p><p><a href=\"https:\/\/www.litoralpress.cl\/paginaconsultas\/Servicios_NClipSitio\/Get_Imagen_Nota.aspx?LPKey=IDFAQJUVXBEHHMCZQ6SAMDAD5UAYWYSQYTCGN7426WZWXU7EGHCUZ4F675Z6VZEDSRCZVGNBXGC5U\">Cadem: 61% desaprueba gesti\u00f3n de Boric y aprobaci\u00f3n coincide con Pi\u00f1era en 2019. Se refiere Mauricio Morales Quiroga, director del Centro de An\u00e1lisis Pol\u00edtico (CAP).<\/a><\/p><p>\u00a0<\/p><p><strong>AUSTRAL DE LA ARAUCAN\u00cdA<\/strong><\/p><p><a href=\"https:\/\/www.litoralpress.cl\/paginaconsultas\/Servicios_NClipSitio\/Get_Imagen_Nota.aspx?LPKey=IYUB3GT3LY76VUZF3K27E2PS4XNOQ63Q2LWZ7JEXT7HP5TTTHZ6O4X2HAWKYTEWDNZV2Y7IXH2QDU\">Cadem: 61% desaprueba gesti\u00f3n de Boric y aprobaci\u00f3n coincide con Pi\u00f1era en 2019. Se refiere Mauricio Morales Quiroga, director del Centro de An\u00e1lisis Pol\u00edtico (CAP).<\/a><\/p><p>\u00a0<\/p><p><strong>AUSTRAL REGI\u00d3N DE LOS R\u00cdOS<\/strong><\/p><p><a href=\"https:\/\/www.litoralpress.cl\/paginaconsultas\/Servicios_NClipSitio\/Get_Imagen_Nota.aspx?LPKey=YF3ECEFD4BKVP5EC42LA5NT67XLZ3ILH3JJLE46RYM5Y3YCPHBDKSSE6HBTZ5D4XUWLJNZ7Q7PC4U\">Cadem: 61% desaprueba gesti\u00f3n de Boric y aprobaci\u00f3n coincide con Pi\u00f1era en 2019. Se refiere Mauricio Morales Quiroga, director del Centro de An\u00e1lisis Pol\u00edtico (CAP).<\/a><\/p><p>\u00a0<\/p><p><strong>AUSTRAL DE OSORNO<\/strong><\/p><p><a href=\"https:\/\/www.litoralpress.cl\/paginaconsultas\/Servicios_NClipSitio\/Get_Imagen_Nota.aspx?LPKey=3OPIONMOOBDYJ53KIQIDOA6KFJWTEYHPM5JHGZRLB2N2QLW2362SESUTNDQRX73FUCGBHNMHRNSPQ\">Cadem: 61% desaprueba gesti\u00f3n de Boric y aprobaci\u00f3n coincide con Pi\u00f1era en 2019. Se refiere Mauricio Morales Quiroga, director del Centro de An\u00e1lisis Pol\u00edtico (CAP).<\/a><\/p><p>\u00a0<\/p><p><strong>EL LLANQUIHUE<\/strong><\/p><p><a href=\"https:\/\/www.litoralpress.cl\/paginaconsultas\/Servicios_NClipSitio\/Get_Imagen_Nota.aspx?LPKey=CXOQ2KPMQWIZNEAW6OLVISTOLREBINGTYYYQO4RGA6BVUBK6WIWMFZK3QOD6PJ3DYDG3B36FGO6YC\">Cadem: 61% desaprueba gesti\u00f3n de Boric y aprobaci\u00f3n coincide con Pi\u00f1era en 2019. Se refiere Mauricio Morales Quiroga, director del Centro de An\u00e1lisis Pol\u00edtico (CAP).<\/a><\/p><p>\u00a0<\/p><p><strong>DIARIO TALCA<\/strong><\/p><p><a href=\"https:\/\/www.litoralpress.cl\/sitio\/Prensa_PaginaCompleta.cshtml?LPKey=Q4VWXYKQVIA5OXHNDJRKZNKFPXE5NUIMMGTWWDLHSLIVKFHQJSTQ\">Un peque\u00f1o para\u00edso en medio de la ciudad. Se refiere al Jard\u00edn Bot\u00e1nico y Arboretum.<\/a><\/p><p>\u00a0<\/p><p><strong>ELCENTRO.CL<\/strong><\/p><p><a href=\"https:\/\/elcentro.cl\/2023\/01\/03\/inofood-utalca-participa-en-encuentro-latinoamericano-de-la-industria-alimentaria\/\">Inofood: UTalca participa en encuentro latinoamericano de la industria alimentaria. Se refieren Patricio Araya, coordinador Proyecto Tecnopolo; Freddy Barrientos, encargado de Servicios Tecnol\u00f3gicos del Centro de Estudios de Alimentos Procesados (CEAP) y Tamara P\u00e9rez, gestora del Proyecto InES I+D \u2013ANID.<\/a><\/p><p>\u00a0<\/p>\t\t\t\t\t\t<\/div>\n\t\t\t\t<\/div>\n\t\t\t\t\t<\/div>\n\t\t<\/div>\n\t\t\t\t\t\t\t<\/div>\n\t\t<\/section>\n\t\t\t\t\t\t<\/div>\n\t\t\t\t\t<\/div>\n\t\t","protected":false},"excerpt":{"rendered":"<p>EL D\u00cdA Revelan ranking de desempe\u00f1o institucional de Universidades 2022. Se menciona a la UTalca \u00a0 RADIO COOPERATIVA Hoy se conocen los resultados de PAES por lo que postulantes y universidades se preparan para un nuevo proceso de admisi\u00f3n. Se refiere Paola Morales Norambuena, directora de Ciclo de Vida Estudiantil. \u00a0 RADIO BIO-B\u00cdO DE VALPARA\u00cdSO &hellip;<\/p>\n<p class=\"read-more\"> <a class=\"\" href=\"https:\/\/www.reportedeprensa.utalca.cl\/?p=6248\"> <span class=\"screen-reader-text\">04 de enero de 2023<\/span> Read More &raquo;<\/a><\/p>\n","protected":false},"author":1,"featured_media":0,"comment_status":"closed","ping_status":"open","sticky":false,"template":"","format":"standard","meta":{"_monsterinsights_skip_tracking":false,"_monsterinsights_sitenote_active":false,"_monsterinsights_sitenote_note":"","_monsterinsights_sitenote_category":0},"categories":[29],"tags":[],"_links":{"self":[{"href":"https:\/\/www.reportedeprensa.utalca.cl\/index.php?rest_route=\/wp\/v2\/posts\/6248"}],"collection":[{"href":"https:\/\/www.reportedeprensa.utalca.cl\/index.php?rest_route=\/wp\/v2\/posts"}],"about":[{"href":"https:\/\/www.reportedeprensa.utalca.cl\/index.php?rest_route=\/wp\/v2\/types\/post"}],"author":[{"embeddable":true,"href":"https:\/\/www.reportedeprensa.utalca.cl\/index.php?rest_route=\/wp\/v2\/users\/1"}],"replies":[{"embeddable":true,"href":"https:\/\/www.reportedeprensa.utalca.cl\/index.php?rest_route=%2Fwp%2Fv2%2Fcomments&post=6248"}],"version-history":[{"count":4,"href":"https:\/\/www.reportedeprensa.utalca.cl\/index.php?rest_route=\/wp\/v2\/posts\/6248\/revisions"}],"predecessor-version":[{"id":6255,"href":"https:\/\/www.reportedeprensa.utalca.cl\/index.php?rest_route=\/wp\/v2\/posts\/6248\/revisions\/6255"}],"wp:attachment":[{"href":"https:\/\/www.reportedeprensa.utalca.cl\/index.php?rest_route=%2Fwp%2Fv2%2Fmedia&parent=6248"}],"wp:term":[{"taxonomy":"category","embeddable":true,"href":"https:\/\/www.reportedeprensa.utalca.cl\/index.php?rest_route=%2Fwp%2Fv2%2Fcategories&post=6248"},{"taxonomy":"post_tag","embeddable":true,"href":"https:\/\/www.reportedeprensa.utalca.cl\/index.php?rest_route=%2Fwp%2Fv2%2Ftags&post=6248"}],"curies":[{"name":"wp","href":"https:\/\/api.w.org\/{rel}","templated":true}]}}