{"id":626,"date":"2021-04-05T09:39:40","date_gmt":"2021-04-05T12:39:40","guid":{"rendered":"https:\/\/www.reportedeprensa.utalca.cl\/?p=626"},"modified":"2021-04-05T10:08:41","modified_gmt":"2021-04-05T13:08:41","slug":"05-de-abril-de-2021","status":"publish","type":"post","link":"https:\/\/www.reportedeprensa.utalca.cl\/?p=626","title":{"rendered":"05 de abril de 2021"},"content":{"rendered":"\t\t<div data-elementor-type=\"wp-post\" data-elementor-id=\"626\" class=\"elementor elementor-626\" data-elementor-settings=\"[]\">\n\t\t\t\t\t\t\t<div class=\"elementor-section-wrap\">\n\t\t\t\t\t\t\t<section class=\"elementor-section elementor-top-section elementor-element elementor-element-a06ca45 elementor-section-boxed elementor-section-height-default elementor-section-height-default\" data-id=\"a06ca45\" data-element_type=\"section\">\n\t\t\t\t\t\t<div class=\"elementor-container elementor-column-gap-default\">\n\t\t\t\t\t<div class=\"elementor-column elementor-col-100 elementor-top-column elementor-element elementor-element-1486c35\" data-id=\"1486c35\" data-element_type=\"column\">\n\t\t\t<div class=\"elementor-widget-wrap elementor-element-populated\">\n\t\t\t\t\t\t\t\t<div class=\"elementor-element elementor-element-42b145e elementor-widget elementor-widget-text-editor\" data-id=\"42b145e\" data-element_type=\"widget\" data-widget_type=\"text-editor.default\">\n\t\t\t\t<div class=\"elementor-widget-container\">\n\t\t\t\t\t\t\t\t<p><b>EL MERCURIO<\/b><\/p><p><a style=\"font-style: inherit; font-weight: inherit; background-color: #ffffff; font-family: -apple-system, BlinkMacSystemFont,;\" href=\"https:\/\/www.litoralpress.cl\/paginaconsultas\/Servicios_NClip\/Get_Imagen_Nota.aspx?LPKey=.E7.Zv.S.Ww.B.C8.O.Qp.H.%C3%9C.Cv.Y69g9l.Pe.Qz3ol.Bm.M.Zu.Fw.Ou4.Slu.R29hg.I.Fo.Bl.Vxe.H.%C3%9C8f.Eng4\" target=\"_blank\" rel=\"noopener\">Mujeres inmigrantes han sufrido con mayor fuerza los efectos de la pandemia. Se refiere Medardo Aguirre, director del Centro Nacional de Estudios Migratorios (CENEM) de la UTalca.<\/a><\/p>\t\t\t\t\t\t<\/div>\n\t\t\t\t<\/div>\n\t\t\t\t<div class=\"elementor-element elementor-element-d656ed8 elementor-widget elementor-widget-text-editor\" data-id=\"d656ed8\" data-element_type=\"widget\" data-widget_type=\"text-editor.default\">\n\t\t\t\t<div class=\"elementor-widget-container\">\n\t\t\t\t\t\t\t\t<p><b>RADIO BIOB\u00cdO<\/b><\/p><p><a style=\"font-style: inherit; font-weight: inherit; background-color: #ffffff; font-family: -apple-system, BlinkMacSystemFont,;\" href=\"https:\/\/www.litoralpress.cl\/Archivos\/f08y.Q.E.A.Cpc4lp.Yy.R.F.G.Ri.A.A.%c3%96.%c3%96.mp3\" target=\"_blank\" rel=\"noopener\">El 80,7% de migrantes vieron afectados sus ingresos desde la pandemia. Se refiere Medardo Aguirre, director del Centro Nacional de Estudios Migratorios (CENEM) de la UTalca.<\/a><\/p>\t\t\t\t\t\t<\/div>\n\t\t\t\t<\/div>\n\t\t\t\t<div class=\"elementor-element elementor-element-fe544fd elementor-widget elementor-widget-text-editor\" data-id=\"fe544fd\" data-element_type=\"widget\" data-widget_type=\"text-editor.default\">\n\t\t\t\t<div class=\"elementor-widget-container\">\n\t\t\t\t\t\t\t\t<p><b>EL MERCURIO<\/b><\/p><p><a style=\"font-style: inherit; font-weight: inherit; background-color: #ffffff; font-family: -apple-system, BlinkMacSystemFont,;\" href=\"https:\/\/www.litoralpress.cl\/paginaconsultas\/Servicios_NClip\/Get_Imagen_Nota.aspx?LPKey=.Xi.C09ovh.A.W.C7t.Vo.Ey1w7tr.Om.L.I.D.M.Vw.Uc1h1.R.Cs\/2pm8zrsqldw.Hu5vm8az.H.Ksa52\" target=\"_blank\" rel=\"noopener\">Embalses de mayor capacidad de acumulaci\u00f3n de agua en el pa\u00eds registran d\u00e9ficit de 55%. Se refiere Patricio Gonz\u00e1lez, agroclimat\u00f3logo de la UTalca.<\/a><\/p>\t\t\t\t\t\t<\/div>\n\t\t\t\t<\/div>\n\t\t\t\t<div class=\"elementor-element elementor-element-30378b4 elementor-widget elementor-widget-text-editor\" data-id=\"30378b4\" data-element_type=\"widget\" data-widget_type=\"text-editor.default\">\n\t\t\t\t<div class=\"elementor-widget-container\">\n\t\t\t\t\t\t\t\t<p><b>EL MERCURIO<\/b><\/p><p><a style=\"font-style: inherit; font-weight: inherit; background-color: #ffffff; font-family: -apple-system, BlinkMacSystemFont,;\" href=\"https:\/\/www.litoralpress.cl\/paginaconsultas\/Servicios_NClip\/Get_Imagen_Nota.aspx?LPKey=ptkj7.T.R.Fd.I.N.Vf\/.U.Q.Uu.G.C.E79uj.N.B.D.W.Rm.U6l.Gt6.Vwv.F.Bu101.Q0.Zv.P.Iwry.M.Wm3.U40.H.P\" target=\"_blank\" rel=\"noopener\">Contagios se aceleran en grupos de personas m\u00e1s j\u00f3venes por nuevas cepas y movilidad. Se refiere Marcelo Alarc\u00f3n, acad\u00e9mico del Departamento de Bioqu\u00edmica Cl\u00ednica e Inmunohematolog\u00eda de la UTalca.<\/a><\/p>\t\t\t\t\t\t<\/div>\n\t\t\t\t<\/div>\n\t\t\t\t<div class=\"elementor-element elementor-element-87b6c74 elementor-widget elementor-widget-text-editor\" data-id=\"87b6c74\" data-element_type=\"widget\" data-widget_type=\"text-editor.default\">\n\t\t\t\t<div class=\"elementor-widget-container\">\n\t\t\t\t\t\t\t\t<p><b>ELMERCURIO.COM<\/b><\/p><p><a style=\"font-style: inherit; font-weight: inherit; background-color: #ffffff; font-family: -apple-system, BlinkMacSystemFont,;\" href=\"https:\/\/www.litoralpress.cl\/paginaconsultas\/Documentos\/Get_Imagen.aspx?lpkey=.Et.P.E.Ww.C.Qq.R.H.Qc.Ru1.Hdkxs.Hr.Zw.I.F.Da.Wbe2j.Zjzoh.Oo.L.K8.H8k.%C3%9Ca58.Pmy.Y.Y27.R.U.D0.F.H\" target=\"_blank\" rel=\"noopener\">Contagios se aceleran en grupos de personas m\u00e1s j\u00f3venes por nuevas cepas y movilidad. Se refiere Marcelo Alarc\u00f3n, acad\u00e9mico del Departamento de Bioqu\u00edmica Cl\u00ednica e Inmunohematolog\u00eda de la UTalca.<\/a><\/p>\t\t\t\t\t\t<\/div>\n\t\t\t\t<\/div>\n\t\t\t\t<div class=\"elementor-element elementor-element-33d21de elementor-widget elementor-widget-text-editor\" data-id=\"33d21de\" data-element_type=\"widget\" data-widget_type=\"text-editor.default\">\n\t\t\t\t<div class=\"elementor-widget-container\">\n\t\t\t\t\t\t\t\t<p><b>CANAL MEGA (Mucho Gusto)<\/b><\/p><p><a style=\"font-style: inherit; font-weight: inherit; background-color: #ffffff; font-family: -apple-system, BlinkMacSystemFont,;\" href=\"https:\/\/www.litoralpress.cl\/Archivos\/rrz.E.%c3%9cd5w.Hpxo.A.D.F.N.P-.N1.Fg.%c3%96.%c3%96.mp4\" target=\"_blank\" rel=\"noopener\">Aglomeraciones y situaci\u00f3n de la pandemia de COVID-19. Se refieren Erika Retamal y Leticia de Albuquerque, directora y acad\u00e9mica del Departamento de Salud P\u00fablica de la UTalca, respectivamente.<\/a><\/p>\t\t\t\t\t\t<\/div>\n\t\t\t\t<\/div>\n\t\t\t\t<div class=\"elementor-element elementor-element-1d11b54 elementor-widget elementor-widget-text-editor\" data-id=\"1d11b54\" data-element_type=\"widget\" data-widget_type=\"text-editor.default\">\n\t\t\t\t<div class=\"elementor-widget-container\">\n\t\t\t\t\t\t\t\t<p><b>CANAL CNN CHILE<\/b><\/p><p><a style=\"font-style: inherit; font-weight: inherit; background-color: #ffffff; font-family: -apple-system, BlinkMacSystemFont,;\" href=\"https:\/\/www.litoralpress.cl\/Archivos\/b.Dpi.%c3%9cap.K.X4i.Tk.Q.Fx.Oo.%c3%9c.Op.Q.%c3%96.%c3%96.mp4\" target=\"_blank\" rel=\"noopener\">Entrevista a Iv\u00e1n Palomo, acad\u00e9mico de la UTalca y coordinador de la Red de Envejecimiento de las Universidades Estatales.<\/a><\/p>\t\t\t\t\t\t<\/div>\n\t\t\t\t<\/div>\n\t\t\t\t<div class=\"elementor-element elementor-element-f74d739 elementor-widget elementor-widget-text-editor\" data-id=\"f74d739\" data-element_type=\"widget\" data-widget_type=\"text-editor.default\">\n\t\t\t\t<div class=\"elementor-widget-container\">\n\t\t\t\t\t\t\t\t<p><b>LAS \u00daLTIMAS NOTICIAS<\/b><\/p><p><a style=\"font-style: inherit; font-weight: inherit; background-color: #ffffff; font-family: -apple-system, BlinkMacSystemFont,;\" href=\"https:\/\/www.litoralpress.cl\/paginaconsultas\/Servicios_NClip\/Get_Imagen_Nota.aspx?LPKey=.X.C.R5s\/f0g4.Xzb3.Ad.P.I5yt.M.L.Kr4.Hf.G2.Y5.Oqf.S.V.Y.E.S.L.%C3%9C1k.Y.Cf0wq.Xk.Woh.Q4.E.Een.Xfr\" target=\"_blank\" rel=\"noopener\">As\u00ed le fue a Chile en el ranking mundial de investigaci\u00f3n. Se menciona a la UTalca.<\/a><\/p>\t\t\t\t\t\t<\/div>\n\t\t\t\t<\/div>\n\t\t\t\t<div class=\"elementor-element elementor-element-20b6921 elementor-widget elementor-widget-text-editor\" data-id=\"20b6921\" data-element_type=\"widget\" data-widget_type=\"text-editor.default\">\n\t\t\t\t<div class=\"elementor-widget-container\">\n\t\t\t\t\t\t\t\t<p><b>UNIVERSIDADESESTATALES.CL<\/b><\/p><p><a style=\"font-style: inherit; font-weight: inherit; background-color: #ffffff; font-family: -apple-system, BlinkMacSystemFont,;\" href=\"http:\/\/www.universidadesestatales.cl\/cue\/?q=node\/8565\" target=\"_blank\" rel=\"noopener\">Universidad de Talca se posiciona en 7\u00b0 lugar nacional en ranking de investigaci\u00f3n Scimago.<\/a><\/p>\t\t\t\t\t\t<\/div>\n\t\t\t\t<\/div>\n\t\t\t\t<div class=\"elementor-element elementor-element-bfe2bfc elementor-widget elementor-widget-text-editor\" data-id=\"bfe2bfc\" data-element_type=\"widget\" data-widget_type=\"text-editor.default\">\n\t\t\t\t<div class=\"elementor-widget-container\">\n\t\t\t\t\t\t\t\t<p><b>ADPRENSA.CL<\/b><\/p><p><a style=\"font-style: inherit; font-weight: inherit; background-color: #ffffff; font-family: -apple-system, BlinkMacSystemFont,;\" href=\"https:\/\/www.adprensa.cl\/cronica\/universidad-de-talca-se-posiciona-en-7-lugar-nacional-en-ranking-de-investigacion-scimago\/\" target=\"_blank\" rel=\"noopener\">Universidad de Talca se posiciona en 7\u00b0 lugar nacional en ranking de investigaci\u00f3n Scimago.<\/a><\/p>\t\t\t\t\t\t<\/div>\n\t\t\t\t<\/div>\n\t\t\t\t<div class=\"elementor-element elementor-element-5dd8d71 elementor-widget elementor-widget-text-editor\" data-id=\"5dd8d71\" data-element_type=\"widget\" data-widget_type=\"text-editor.default\">\n\t\t\t\t<div class=\"elementor-widget-container\">\n\t\t\t\t\t\t\t\t<p><b>PORTALEDUCACION.CL<\/b><\/p><p><a style=\"font-style: inherit; font-weight: inherit; background-color: #ffffff; font-family: -apple-system, BlinkMacSystemFont,;\" href=\"https:\/\/portaleducacion.cl\/index.php\/2021\/04\/01\/universidad-de-talca-se-posiciona-en-7-lugar-nacional-en-ranking-de-investigacion-scimago\/\" target=\"_blank\" rel=\"noopener\">Universidad de Talca se posiciona en 7\u00b0 lugar nacional en ranking de investigaci\u00f3n Scimago.<\/a><\/p>\t\t\t\t\t\t<\/div>\n\t\t\t\t<\/div>\n\t\t\t\t<div class=\"elementor-element elementor-element-d4c01e8 elementor-widget elementor-widget-text-editor\" data-id=\"d4c01e8\" data-element_type=\"widget\" data-widget_type=\"text-editor.default\">\n\t\t\t\t<div class=\"elementor-widget-container\">\n\t\t\t\t\t\t\t\t<p><b>MAULEE.CL<\/b><\/p><p><a style=\"font-style: inherit; font-weight: inherit; background-color: #ffffff; font-family: -apple-system, BlinkMacSystemFont,;\" href=\"https:\/\/www.maulee.cl\/universidad-de-talca-se-posiciona-en-7-lugar-nacional-en-ranking-de-investigacion-scimago\/\" target=\"_blank\" rel=\"noopener\">Universidad de Talca se posiciona en 7\u00b0 lugar nacional en ranking de investigaci\u00f3n Scimago.<\/a><\/p>\t\t\t\t\t\t<\/div>\n\t\t\t\t<\/div>\n\t\t\t\t<div class=\"elementor-element elementor-element-e1981ba elementor-widget elementor-widget-text-editor\" data-id=\"e1981ba\" data-element_type=\"widget\" data-widget_type=\"text-editor.default\">\n\t\t\t\t<div class=\"elementor-widget-container\">\n\t\t\t\t\t\t\t\t<p><b>DIALOGOSUR.CL<\/b><\/p><p><a style=\"font-style: inherit; font-weight: inherit; background-color: #ffffff; font-family: -apple-system, BlinkMacSystemFont,;\" href=\"https:\/\/dialogosur.cl\/universidad-de-talca-se-posiciona-en-7-lugar-nacional-en-ranking-de-investigacion-scimago\/\" target=\"_blank\" rel=\"noopener\">Universidad de Talca se posiciona en 7\u00b0 lugar nacional en ranking de investigaci\u00f3n Scimago.<\/a><\/p>\t\t\t\t\t\t<\/div>\n\t\t\t\t<\/div>\n\t\t\t\t<div class=\"elementor-element elementor-element-6d12cca elementor-widget elementor-widget-text-editor\" data-id=\"6d12cca\" data-element_type=\"widget\" data-widget_type=\"text-editor.default\">\n\t\t\t\t<div class=\"elementor-widget-container\">\n\t\t\t\t\t\t\t\t<p><b>SEXTANOTICIAS.CL<\/b><\/p><p><a style=\"font-style: inherit; font-weight: inherit; background-color: #ffffff; font-family: -apple-system, BlinkMacSystemFont,;\" href=\"https:\/\/www.sextanoticias.cl\/universidad-de-talca-se-posiciona-en-7-lugar-nacional-en-ranking-de-investigacion-scimago\/\" target=\"_blank\" rel=\"noopener\">Universidad de Talca se posiciona en 7\u00b0 lugar nacional en ranking de investigaci\u00f3n Scimago.<\/a><\/p>\t\t\t\t\t\t<\/div>\n\t\t\t\t<\/div>\n\t\t\t\t<div class=\"elementor-element elementor-element-9416412 elementor-widget elementor-widget-text-editor\" data-id=\"9416412\" data-element_type=\"widget\" data-widget_type=\"text-editor.default\">\n\t\t\t\t<div class=\"elementor-widget-container\">\n\t\t\t\t\t\t\t\t<p><b>UNIVERSIDADESESTATALES.CL<\/b><\/p><p><a style=\"font-style: inherit; font-weight: inherit; background-color: #ffffff; font-family: -apple-system, BlinkMacSystemFont,;\" href=\"http:\/\/www.universidadesestatales.cl\/cue\/?q=node\/8561\" target=\"_blank\" rel=\"noopener\">CAMPUSTV ya est\u00e1 al aire en Curic\u00f3.<\/a><\/p>\t\t\t\t\t\t<\/div>\n\t\t\t\t<\/div>\n\t\t\t\t<div class=\"elementor-element elementor-element-4105a96 elementor-widget elementor-widget-text-editor\" data-id=\"4105a96\" data-element_type=\"widget\" data-widget_type=\"text-editor.default\">\n\t\t\t\t<div class=\"elementor-widget-container\">\n\t\t\t\t\t\t\t\t<p><b>LA PRENSA (Portada)<\/b><\/p><p><a style=\"font-style: inherit; font-weight: inherit; background-color: #ffffff; font-family: -apple-system, BlinkMacSystemFont,;\" href=\"https:\/\/www.litoralpress.cl\/paginaconsultas\/Servicios_NClip\/Get_Imagen_Nota.aspx?LPKey=w.Ne.Uc1.Bec.F0.A.O.N.B0zv\/3.Ex\/axx.Vk0w.D.Spu.Q6.Ioah.Hc8l.Av.O8s9a5tn.Kzxw.Hbm5.Wr\" target=\"_blank\" rel=\"noopener\">Canal de la Universidad de Talca al aire en Curic\u00f3.<\/a><\/p>\t\t\t\t\t\t<\/div>\n\t\t\t\t<\/div>\n\t\t\t\t<div class=\"elementor-element elementor-element-78ebb38 elementor-widget elementor-widget-text-editor\" data-id=\"78ebb38\" data-element_type=\"widget\" data-widget_type=\"text-editor.default\">\n\t\t\t\t<div class=\"elementor-widget-container\">\n\t\t\t\t\t\t\t\t<p><b>LA PRENSA<\/b><\/p><p><a style=\"font-style: inherit; font-weight: inherit; background-color: #ffffff; font-family: -apple-system, BlinkMacSystemFont,;\" href=\"https:\/\/www.litoralpress.cl\/paginaconsultas\/Servicios_NClip\/Get_Imagen_Nota.aspx?LPKey=a.O.O.Z.Pcyb.%C3%9C.Xwhbked.O3.Ik.I.G9m\/.F.E.K.Xzg9.I9.N.E0kz9.Tm.B.G.Rts75c.Qi.Uf8.U.%C3%9Cs.La.Bu.En\" target=\"_blank\" rel=\"noopener\">Canal de la Universidad de Talca ya est\u00e1 al aire en Curic\u00f3.<\/a><\/p>\t\t\t\t\t\t<\/div>\n\t\t\t\t<\/div>\n\t\t\t\t<div class=\"elementor-element elementor-element-e46d155 elementor-widget elementor-widget-text-editor\" data-id=\"e46d155\" data-element_type=\"widget\" data-widget_type=\"text-editor.default\">\n\t\t\t\t<div class=\"elementor-widget-container\">\n\t\t\t\t\t\t\t\t<p><b>DIARIOLAPRENSA.CL<\/b><\/p><p><a style=\"font-style: inherit; font-weight: inherit; background-color: #ffffff; font-family: -apple-system, BlinkMacSystemFont,;\" href=\"https:\/\/new.diariolaprensa.cl\/index.php\/2021\/04\/01\/canal-de-la-universidad-de-talca-ya-esta-al-aire-en-curico\/\" target=\"_blank\" rel=\"noopener\">Canal de la Universidad de Talca ya est\u00e1 al aire en Curic\u00f3.<\/a><\/p>\t\t\t\t\t\t<\/div>\n\t\t\t\t<\/div>\n\t\t\t\t<div class=\"elementor-element elementor-element-da3b7e2 elementor-widget elementor-widget-text-editor\" data-id=\"da3b7e2\" data-element_type=\"widget\" data-widget_type=\"text-editor.default\">\n\t\t\t\t<div class=\"elementor-widget-container\">\n\t\t\t\t\t\t\t\t<p><b>VIVIMOSLANOTICIA.CL<\/b><\/p><p><a style=\"font-style: inherit; font-weight: inherit; background-color: #ffffff; font-family: -apple-system, BlinkMacSystemFont,;\" href=\"https:\/\/vivimoslanoticia.cl\/noticias\/tendencias\/2021\/04\/01\/campustv-ya-esta-al-aire-en-curico\/\" target=\"_blank\" rel=\"noopener\">CAMPUSTV ya est\u00e1 al aire en Curic\u00f3.<\/a><\/p>\t\t\t\t\t\t<\/div>\n\t\t\t\t<\/div>\n\t\t\t\t<div class=\"elementor-element elementor-element-b7fbe99 elementor-widget elementor-widget-text-editor\" data-id=\"b7fbe99\" data-element_type=\"widget\" data-widget_type=\"text-editor.default\">\n\t\t\t\t<div class=\"elementor-widget-container\">\n\t\t\t\t\t\t\t\t<p><b>EL HERALDO<\/b><\/p><p><a style=\"font-style: inherit; font-weight: inherit; background-color: #ffffff; font-family: -apple-system, BlinkMacSystemFont,;\" href=\"https:\/\/www.litoralpress.cl\/paginaconsultas\/Servicios_NClip\/Get_Imagen_Nota.aspx?LPKey=.V.Fj.Ayflyt0rje4ee.J325.A8.Icau.Zsx7.Xb.K4.A.Xc.Ki.Pz5e.Dxfiu.Cv.Y.W2y.Vo.N8.Cr.H7.%C3%9C.J\" target=\"_blank\" rel=\"noopener\">UTalca integra consorcio para fortalecer la formaci\u00f3n en bioeconom\u00eda.<\/a><\/p>\t\t\t\t\t\t<\/div>\n\t\t\t\t<\/div>\n\t\t\t\t<div class=\"elementor-element elementor-element-c6c459c elementor-widget elementor-widget-text-editor\" data-id=\"c6c459c\" data-element_type=\"widget\" data-widget_type=\"text-editor.default\">\n\t\t\t\t<div class=\"elementor-widget-container\">\n\t\t\t\t\t\t\t\t<p><b>DIARIOELHERALDO.CL<\/b><\/p><p><a style=\"font-style: inherit; font-weight: inherit; background-color: #ffffff; font-family: -apple-system, BlinkMacSystemFont,;\" href=\"http:\/\/www.diarioelheraldo.cl\/noticia\/utalca-integra-consorcio-para-fortalecer-la-formacion-en-bioeconomia\" target=\"_blank\" rel=\"noopener\">UTalca integra consorcio para fortalecer la formaci\u00f3n en bioeconom\u00eda.<\/a><\/p>\t\t\t\t\t\t<\/div>\n\t\t\t\t<\/div>\n\t\t\t\t<div class=\"elementor-element elementor-element-b68c74a elementor-widget elementor-widget-text-editor\" data-id=\"b68c74a\" data-element_type=\"widget\" data-widget_type=\"text-editor.default\">\n\t\t\t\t<div class=\"elementor-widget-container\">\n\t\t\t\t\t\t\t\t<p><b>PRESSLATAM.CL<\/b><\/p><p><a style=\"font-style: inherit; font-weight: inherit; background-color: #ffffff; font-family: -apple-system, BlinkMacSystemFont,;\" href=\"https:\/\/presslatam.cl\/2021\/04\/chile-y-finlandia-cooperan-para-la-mejora-de-la-educacion-en-bioeconomia\/\" target=\"_blank\" rel=\"noopener\">Chile y Finlandia cooperan para la mejora de la educaci\u00f3n en bioeconom\u00eda. Se menciona a la UTalca.<\/a><\/p>\t\t\t\t\t\t<\/div>\n\t\t\t\t<\/div>\n\t\t\t\t<div class=\"elementor-element elementor-element-68f74c2 elementor-widget elementor-widget-text-editor\" data-id=\"68f74c2\" data-element_type=\"widget\" data-widget_type=\"text-editor.default\">\n\t\t\t\t<div class=\"elementor-widget-container\">\n\t\t\t\t\t\t\t\t<p><b>EMOL.COM<\/b><\/p><p><a style=\"font-style: inherit; font-weight: inherit; background-color: #ffffff; font-family: -apple-system, BlinkMacSystemFont,;\" href=\"https:\/\/www.emol.com\/noticias\/Nacional\/2021\/04\/03\/1016521\/secuenciacion-genomica-chile-variantes-covid.html\" target=\"_blank\" rel=\"noopener\">Secuenciaci\u00f3n gen\u00f3mica del Sars-CoV-2: Los esfuerzos en Chile para detectar las variantes del COVID-19 a tiempo. Se menciona a la UTalca.<\/a><\/p>\t\t\t\t\t\t<\/div>\n\t\t\t\t<\/div>\n\t\t\t\t<div class=\"elementor-element elementor-element-1af864a elementor-widget elementor-widget-text-editor\" data-id=\"1af864a\" data-element_type=\"widget\" data-widget_type=\"text-editor.default\">\n\t\t\t\t<div class=\"elementor-widget-container\">\n\t\t\t\t\t\t\t\t<p><b>EMOL.COM<\/b><\/p><p><a style=\"font-style: inherit; font-weight: inherit; background-color: #ffffff; font-family: -apple-system, BlinkMacSystemFont,;\" href=\"https:\/\/www.emol.com\/noticias\/Nacional\/2021\/04\/01\/1016726\/endurecimiento-medidas-minsal-evaluacion-expertos.html\" target=\"_blank\" rel=\"noopener\">Adecuadas a la situaci\u00f3n actual y llegan un poco tarde: Expertos analizan las medidas restrictivas anunciadas por Salud. Se refiere Daniel Jim\u00e9nez, epidemi\u00f3logo y director de Salud del Estudiante de la UTalca.<\/a><\/p>\t\t\t\t\t\t<\/div>\n\t\t\t\t<\/div>\n\t\t\t\t<div class=\"elementor-element elementor-element-914ccdc elementor-widget elementor-widget-text-editor\" data-id=\"914ccdc\" data-element_type=\"widget\" data-widget_type=\"text-editor.default\">\n\t\t\t\t<div class=\"elementor-widget-container\">\n\t\t\t\t\t\t\t\t<p><b>RADIO COOPERATIVA<\/b><\/p><p><a style=\"font-style: inherit; font-weight: inherit; background-color: #ffffff; font-family: -apple-system, BlinkMacSystemFont,;\" href=\"https:\/\/www.litoralpress.cl\/Archivos\/p.S1b.C.Fzwqt4nq.P.D.Q.Vq.V.K.Bg.%c3%96.%c3%96.mp3\" target=\"_blank\" rel=\"noopener\">Comienza el plan de control de episodios cr\u00edticos de calidad del aire en nueve regiones. Se refiere Felipe Varas, acad\u00e9mico del Centro Tecnol\u00f3gico Kipus de la UTalca.<\/a><\/p>\t\t\t\t\t\t<\/div>\n\t\t\t\t<\/div>\n\t\t\t\t<div class=\"elementor-element elementor-element-32df1e3 elementor-widget elementor-widget-text-editor\" data-id=\"32df1e3\" data-element_type=\"widget\" data-widget_type=\"text-editor.default\">\n\t\t\t\t<div class=\"elementor-widget-container\">\n\t\t\t\t\t\t\t\t<p><b>EL HERALDO<\/b><\/p><p><a style=\"font-style: inherit; font-weight: inherit; background-color: #ffffff; font-family: -apple-system, BlinkMacSystemFont,;\" href=\"https:\/\/www.litoralpress.cl\/paginaconsultas\/Servicios_NClip\/Get_Imagen_Nota.aspx?LPKey=o4vw.Rw.Ti4.Ak.B.Tau.Pj9.Cw.A9hptlrz.O.O.At3.B.A.Fq48.D2z.Djy.Lslvb.Dp.Q.N.N5w.Ai.D.L.Hir\" target=\"_blank\" rel=\"noopener\">Aumento de camas cr\u00edticas: advierten que debe existir reforzamiento del personal sanitario por el desgaste acumulado en el combate de la pandemia. Se refieren Erika Retamal, directora de Salud P\u00fablica y Sandra Alvear, directora del Mag\u00edster en Gesti\u00f3n de Sistemas de Salud de la UTalca.<\/a><\/p>\t\t\t\t\t\t<\/div>\n\t\t\t\t<\/div>\n\t\t\t\t<div class=\"elementor-element elementor-element-2ffb960 elementor-widget elementor-widget-text-editor\" data-id=\"2ffb960\" data-element_type=\"widget\" data-widget_type=\"text-editor.default\">\n\t\t\t\t<div class=\"elementor-widget-container\">\n\t\t\t\t\t\t\t\t<p><b>DIARIOELHERALDO.CL<\/b><\/p><p><a style=\"font-style: inherit; font-weight: inherit; background-color: #ffffff; font-family: -apple-system, BlinkMacSystemFont,;\" href=\"http:\/\/www.diarioelheraldo.cl\/noticia\/aumento-de-camas-criticas-advierten-que-debe-existir-reforzamiento-del-personal-sanitario-por-el-desgaste-acumulado-en-el-combate-de-la-pandemia-\" target=\"_blank\" rel=\"noopener\">Aumento de camas cr\u00edticas: advierten que debe existir reforzamiento del personal sanitario por el desgaste acumulado en el combate de la pandemia. Se refieren Erika Retamal, directora de Salud P\u00fablica y Sandra Alvear, directora del Mag\u00edster en Gesti\u00f3n de Sistemas de Salud de la UTalca.<\/a><\/p>\t\t\t\t\t\t<\/div>\n\t\t\t\t<\/div>\n\t\t\t\t<div class=\"elementor-element elementor-element-b50c42f elementor-widget elementor-widget-text-editor\" data-id=\"b50c42f\" data-element_type=\"widget\" data-widget_type=\"text-editor.default\">\n\t\t\t\t<div class=\"elementor-widget-container\">\n\t\t\t\t\t\t\t\t<p><b>ADPRENSA.CL<\/b><\/p><p><a style=\"font-style: inherit; font-weight: inherit; background-color: #ffffff; font-family: -apple-system, BlinkMacSystemFont,;\" href=\"https:\/\/www.adprensa.cl\/cronica\/estudiantes-de-ingenieria-comercial-cuentan-como-fue-pasar-del-aula-a-trabajar-en-una-multinacional\/\" target=\"_blank\" rel=\"noopener\">Estudiantes de Ingenier\u00eda Comercial cuentan c\u00f3mo fue pasar del aula a trabajar en una multinacional. Se refiere Diego Rodr\u00edguez, director de la Escuela de Ingenier\u00eda Comercial del Campus Santiago de la UTalca.<\/a><\/p>\t\t\t\t\t\t<\/div>\n\t\t\t\t<\/div>\n\t\t\t\t<div class=\"elementor-element elementor-element-f315d80 elementor-widget elementor-widget-text-editor\" data-id=\"f315d80\" data-element_type=\"widget\" data-widget_type=\"text-editor.default\">\n\t\t\t\t<div class=\"elementor-widget-container\">\n\t\t\t\t\t\t\t\t<p><b>EL HERALDO<\/b><\/p><p><a style=\"font-style: inherit; font-weight: inherit; background-color: #ffffff; font-family: -apple-system, BlinkMacSystemFont,;\" href=\"https:\/\/www.litoralpress.cl\/paginaconsultas\/Servicios_NClip\/Get_Imagen_Pagina.aspx?LPKey=n.N.C.E.E.Qd4.H.X3.Y0.O\/lfmn.L.D.O.Am.Ebvb.Rgqn.H.G5.D3v.Bg.M.S.Y.%C3%96\" target=\"_blank\" rel=\"noopener\">Estudiantes de Ingenier\u00eda Comercial cuentan c\u00f3mo fue pasar del aula a trabajar en una multinacional. Se refiere Diego Rodr\u00edguez, director de la Escuela de Ingenier\u00eda Comercial del Campus Santiago de la UTalca.<\/a><\/p>\t\t\t\t\t\t<\/div>\n\t\t\t\t<\/div>\n\t\t\t\t<div class=\"elementor-element elementor-element-daf5aff elementor-widget elementor-widget-text-editor\" data-id=\"daf5aff\" data-element_type=\"widget\" data-widget_type=\"text-editor.default\">\n\t\t\t\t<div class=\"elementor-widget-container\">\n\t\t\t\t\t\t\t\t<p><b>ADPRENSA.CL<\/b><\/p><p><a style=\"font-style: inherit; font-weight: inherit; background-color: #ffffff; font-family: -apple-system, BlinkMacSystemFont,;\" href=\"https:\/\/www.adprensa.cl\/cronica\/vacuna-contra-el-vph-uso-del-preservativo-y-toma-del-pap-pueden-evitar-el-cancer-cervicouterino\/\" target=\"_blank\" rel=\"noopener\">Vacuna contra el VPH, uso del preservativo y toma del PAP pueden evitar el c\u00e1ncer cervicouterino. Se refiere Mar\u00eda Pilar Garc\u00eda, acad\u00e9mica de la Escuela de Obstetricia de la UTalca.<\/a><\/p>\t\t\t\t\t\t<\/div>\n\t\t\t\t<\/div>\n\t\t\t\t<div class=\"elementor-element elementor-element-5ba8245 elementor-widget elementor-widget-text-editor\" data-id=\"5ba8245\" data-element_type=\"widget\" data-widget_type=\"text-editor.default\">\n\t\t\t\t<div class=\"elementor-widget-container\">\n\t\t\t\t\t\t\t\t<p><b>RADIOMAGALLANES.CL<\/b><\/p><p><a style=\"font-style: inherit; font-weight: inherit; background-color: #ffffff; font-family: -apple-system, BlinkMacSystemFont,;\" href=\"https:\/\/www.radiomagallanes.cl\/noticia.php?id_not=95429\" target=\"_blank\" rel=\"noopener\">Vacuna contra el VPH, uso del preservativo y toma del PAP pueden evitar el c\u00e1ncer cervicouterino. Se refiere Mar\u00eda Pilar Garc\u00eda, acad\u00e9mica de la Escuela de Obstetricia de la UTalca.<\/a><\/p>\t\t\t\t\t\t<\/div>\n\t\t\t\t<\/div>\n\t\t\t\t<div class=\"elementor-element elementor-element-f54fdb3 elementor-widget elementor-widget-text-editor\" data-id=\"f54fdb3\" data-element_type=\"widget\" data-widget_type=\"text-editor.default\">\n\t\t\t\t<div class=\"elementor-widget-container\">\n\t\t\t\t\t\t\t\t<p><b>ADPRENSA.CL<\/b><\/p><p><a style=\"font-style: inherit; font-weight: inherit; background-color: #ffffff; font-family: -apple-system, BlinkMacSystemFont,;\" href=\"https:\/\/www.adprensa.cl\/cronica\/el-debate-sobre-el-sistema-de-pensiones-y-su-proyeccion-sera-el-foco-de-seminarios-organizados-por-la-utalca\/\" target=\"_blank\" rel=\"noopener\">El debate sobre el sistema de pensiones y su proyecci\u00f3n ser\u00e1 el foco de seminarios organizados por la UTalca.<\/a><\/p>\t\t\t\t\t\t<\/div>\n\t\t\t\t<\/div>\n\t\t\t\t<div class=\"elementor-element elementor-element-226a827 elementor-widget elementor-widget-text-editor\" data-id=\"226a827\" data-element_type=\"widget\" data-widget_type=\"text-editor.default\">\n\t\t\t\t<div class=\"elementor-widget-container\">\n\t\t\t\t\t\t\t\t<p><b>EL HERALDO<\/b><\/p><p><a style=\"font-style: inherit; font-weight: inherit; background-color: #ffffff; font-family: -apple-system, BlinkMacSystemFont,;\" href=\"https:\/\/www.litoralpress.cl\/paginaconsultas\/Servicios_NClip\/Get_Imagen_Nota.aspx?LPKey=y.G.V.K.Kc.Pj.Q.B.Jg.A.H.D7.L.Sg5d.G.C6a7.U.O.Hs.N.Az1.Ui49.If.%C3%9C.Ixcz.Os.M.R\/.Aci.Ri.M\/z4g.Dtlz\" target=\"_blank\" rel=\"noopener\">Especialista advierte que aumento de obesidad detectado en escolares ser\u00e1 dif\u00edcil de tratar en pandemia. Se refiere Emilia Giacaman, acad\u00e9mica de la Escuela de Nutrici\u00f3n y Diet\u00e9tica de la UTalca.<\/a><\/p>\t\t\t\t\t\t<\/div>\n\t\t\t\t<\/div>\n\t\t\t\t<div class=\"elementor-element elementor-element-efe2d74 elementor-widget elementor-widget-text-editor\" data-id=\"efe2d74\" data-element_type=\"widget\" data-widget_type=\"text-editor.default\">\n\t\t\t\t<div class=\"elementor-widget-container\">\n\t\t\t\t\t\t\t\t<p><b>DIARIOELHERALDO.CL<\/b><\/p><p><a style=\"font-style: inherit; font-weight: inherit; background-color: #ffffff; font-family: -apple-system, BlinkMacSystemFont,;\" href=\"http:\/\/www.diarioelheraldo.cl\/noticia\/especialista-advierte-que-aumento-de-obesidad-detectado-en-escolares-sera-dificil-de-tratar-en-pandemia\" target=\"_blank\" rel=\"noopener\">Especialista advierte que aumento de obesidad detectado en escolares ser\u00e1 dif\u00edcil de tratar en pandemia. Se refiere Emilia Giacaman, acad\u00e9mica de la Escuela de Nutrici\u00f3n y Diet\u00e9tica de la UTalca.<\/a><\/p>\t\t\t\t\t\t<\/div>\n\t\t\t\t<\/div>\n\t\t\t\t<div class=\"elementor-element elementor-element-8cb9937 elementor-widget elementor-widget-text-editor\" data-id=\"8cb9937\" data-element_type=\"widget\" data-widget_type=\"text-editor.default\">\n\t\t\t\t<div class=\"elementor-widget-container\">\n\t\t\t\t\t\t\t\t<p><b>RADIO AMIGA<\/b><\/p><p><a style=\"font-style: inherit; font-weight: inherit; background-color: #ffffff; font-family: -apple-system, BlinkMacSystemFont,;\" href=\"https:\/\/www.litoralpress.cl\/Archivos\/ie.Rz.%c3%9c1h82.J6.Lv.%c3%9cyth0.N9jw.%c3%96.%c3%96.mp3\" target=\"_blank\" rel=\"noopener\">Aumento de la obesidad infantil en el pa\u00eds. Se refiere Emilia Giacaman, acad\u00e9mica de la Escuela de Nutrici\u00f3n y Diet\u00e9tica de la UTalca.<\/a><\/p>\t\t\t\t\t\t<\/div>\n\t\t\t\t<\/div>\n\t\t\t\t<div class=\"elementor-element elementor-element-c326d71 elementor-widget elementor-widget-text-editor\" data-id=\"c326d71\" data-element_type=\"widget\" data-widget_type=\"text-editor.default\">\n\t\t\t\t<div class=\"elementor-widget-container\">\n\t\t\t\t\t\t\t\t<p><b>LINARESENLINEA.CL<\/b><\/p><p><a style=\"font-style: inherit; font-weight: inherit; background-color: #ffffff; font-family: -apple-system, BlinkMacSystemFont,;\" href=\"https:\/\/www.linaresenlinea.cl\/2021\/04\/01\/especialista-advierte-que-aumento-de-obesidad-detectado-en-escolares-sera-dificil-de-tratar-en-pandemia\/\" target=\"_blank\" rel=\"noopener\">Especialista advierte que aumento de obesidad detectado en escolares ser\u00e1 dif\u00edcil de tratar en pandemia. Se refiere Emilia Giacaman, acad\u00e9mica de la Escuela de Nutrici\u00f3n y Diet\u00e9tica de la UTalca.<\/a><\/p>\t\t\t\t\t\t<\/div>\n\t\t\t\t<\/div>\n\t\t\t\t<div class=\"elementor-element elementor-element-034bb58 elementor-widget elementor-widget-text-editor\" data-id=\"034bb58\" data-element_type=\"widget\" data-widget_type=\"text-editor.default\">\n\t\t\t\t<div class=\"elementor-widget-container\">\n\t\t\t\t\t\t\t\t<p><b>LAVOZDELAREGION.CL<\/b><\/p><p><a style=\"font-style: inherit; font-weight: inherit; background-color: #ffffff; font-family: -apple-system, BlinkMacSystemFont,;\" href=\"https:\/\/lavozdelaregion.cl\/index.php\/3660-especialista-advierte-que-aumento-de-obesidad-detectado-en-escolares-sera-dificil-de-tratar-en-pandemia\" target=\"_blank\" rel=\"noopener\">Especialista advierte que aumento de obesidad detectado en escolares ser\u00e1 dif\u00edcil de tratar en pandemia. Se refiere Emilia Giacaman, acad\u00e9mica de la Escuela de Nutrici\u00f3n y Diet\u00e9tica de la UTalca.<\/a><\/p>\t\t\t\t\t\t<\/div>\n\t\t\t\t<\/div>\n\t\t\t\t<div class=\"elementor-element elementor-element-c1ec6cf elementor-widget elementor-widget-text-editor\" data-id=\"c1ec6cf\" data-element_type=\"widget\" data-widget_type=\"text-editor.default\">\n\t\t\t\t<div class=\"elementor-widget-container\">\n\t\t\t\t\t\t\t\t<p><b>DIARIOVIREGION.CL<\/b><\/p><p><a style=\"font-style: inherit; font-weight: inherit; background-color: #ffffff; font-family: -apple-system, BlinkMacSystemFont,;\" href=\"https:\/\/www.diarioviregion.cl\/index.php\/noticias\/15880-especialista-advierte-que-aumento-de-obesidad-detectado-en-escolares-sera-dificil-de-tratar-en-pandemia\" target=\"_blank\" rel=\"noopener\">Especialista advierte que aumento de obesidad detectado en escolares ser\u00e1 dif\u00edcil de tratar en pandemia. Se refiere Emilia Giacaman, acad\u00e9mica de la Escuela de Nutrici\u00f3n y Diet\u00e9tica de la UTalca.<\/a><\/p>\t\t\t\t\t\t<\/div>\n\t\t\t\t<\/div>\n\t\t\t\t<div class=\"elementor-element elementor-element-66ef6a8 elementor-widget elementor-widget-text-editor\" data-id=\"66ef6a8\" data-element_type=\"widget\" data-widget_type=\"text-editor.default\">\n\t\t\t\t<div class=\"elementor-widget-container\">\n\t\t\t\t\t\t\t\t<p><b>LA TERCERA<\/b><\/p><p><a style=\"font-style: inherit; font-weight: inherit; background-color: #ffffff; font-family: -apple-system, BlinkMacSystemFont,;\" href=\"https:\/\/www.litoralpress.cl\/paginaconsultas\/Servicios_NClip\/Get_Imagen_Nota.aspx?LPKey=wc.Dc.V.T.Tz9.Q7.G.Dl.%C3%9C3.Qd.Pe0.Rr6\/.%C3%9C6iwum.Ina.%C3%9Co60.%C3%9C33.Q.Inkd.Dr1.M.Ci2\/.C8.Vm\/3q.Q.Of\" target=\"_blank\" rel=\"noopener\">Participaci\u00f3n electoral, no es s\u00f3lo la pandemia. Columna de opini\u00f3n de Mauricio Morales, acad\u00e9mico del Centro de An\u00e1lisis Pol\u00edtico (CAP) de la UTalca.<\/a><\/p>\t\t\t\t\t\t<\/div>\n\t\t\t\t<\/div>\n\t\t\t\t<div class=\"elementor-element elementor-element-5addf03 elementor-widget elementor-widget-text-editor\" data-id=\"5addf03\" data-element_type=\"widget\" data-widget_type=\"text-editor.default\">\n\t\t\t\t<div class=\"elementor-widget-container\">\n\t\t\t\t\t\t\t\t<p><b>LATERCERA.COM<\/b><\/p><p><a style=\"font-style: inherit; font-weight: inherit; background-color: #ffffff; font-family: -apple-system, BlinkMacSystemFont,;\" href=\"https:\/\/www.latercera.com\/opinion\/noticia\/columna-de-mauricio-morales-participacion-electoral-no-es-solo-la-pandemia\/SRFPSCEMOJFHPESDLTY4GMP2RA\/\" target=\"_blank\" rel=\"noopener\">Columna de Mauricio Morales, acad\u00e9mico del Centro de An\u00e1lisis Pol\u00edtico (CAP) de la UTalca: Participaci\u00f3n electoral, no es solo la pandemia.<\/a><\/p>\t\t\t\t\t\t<\/div>\n\t\t\t\t<\/div>\n\t\t\t\t<div class=\"elementor-element elementor-element-de13a1f elementor-widget elementor-widget-text-editor\" data-id=\"de13a1f\" data-element_type=\"widget\" data-widget_type=\"text-editor.default\">\n\t\t\t\t<div class=\"elementor-widget-container\">\n\t\t\t\t\t\t\t\t<p><b>LAPRENSAAUSTRAL.CL<\/b><\/p><p><a style=\"font-style: inherit; font-weight: inherit; background-color: #ffffff; font-family: -apple-system, BlinkMacSystemFont,;\" href=\"https:\/\/laprensaaustral.cl\/2021\/04\/04\/mauricio-morales-academico-participacion-electoral-no-es-solo-la-pandemia\/\" target=\"_blank\" rel=\"noopener\">Mauricio Morales, acad\u00e9mico del Centro de An\u00e1lisis Pol\u00edtico (CAP) de la UTalca: Participaci\u00f3n electoral, no es s\u00f3lo la pandemia.<\/a><\/p>\t\t\t\t\t\t<\/div>\n\t\t\t\t<\/div>\n\t\t\t\t<div class=\"elementor-element elementor-element-81e3d28 elementor-widget elementor-widget-text-editor\" data-id=\"81e3d28\" data-element_type=\"widget\" data-widget_type=\"text-editor.default\">\n\t\t\t\t<div class=\"elementor-widget-container\">\n\t\t\t\t\t\t\t\t<p><b>EL MAGALLANES<\/b><\/p><p><a style=\"font-style: inherit; font-weight: inherit; background-color: #ffffff; font-family: -apple-system, BlinkMacSystemFont,;\" href=\"https:\/\/www.litoralpress.cl\/paginaconsultas\/Servicios_NClip\/Get_Imagen_Nota.aspx?LPKey=.J3gq.Ong.I.U.O.O.Tlwm6mqd.M.Dt4.Z.D.Rq.Y.Tj.U.Ie.H21x.U.N.Njs.R.Sj.I8s.Mm.Dew0.N.O.Q14.C52\/.W\" target=\"_blank\" rel=\"noopener\">Participaci\u00f3n electoral, no es s\u00f3lo la pandemia. Columna de opini\u00f3n de Mauricio Morales, acad\u00e9mico del Centro de An\u00e1lisis Pol\u00edtico (CAP) de la UTalca.<\/a><\/p>\t\t\t\t\t\t<\/div>\n\t\t\t\t<\/div>\n\t\t\t\t<div class=\"elementor-element elementor-element-7c60a3f elementor-widget elementor-widget-text-editor\" data-id=\"7c60a3f\" data-element_type=\"widget\" data-widget_type=\"text-editor.default\">\n\t\t\t\t<div class=\"elementor-widget-container\">\n\t\t\t\t\t\t\t\t<p><b>LAS \u00daLTIMAS NOTICIAS<\/b><\/p><p><a style=\"font-style: inherit; font-weight: inherit; background-color: #ffffff; font-family: -apple-system, BlinkMacSystemFont,;\" href=\"https:\/\/www.litoralpress.cl\/paginaconsultas\/Servicios_NClip\/Get_Imagen_Nota.aspx?LPKey=c\/28.Bm.Km.W.C6.Yxlvkb2c5y.S.Pm2c.Slm.Xxg.Z.Cso.R1n.C.Apu3.N20r.A.Sbo.G3.Pxi.Ua.Mg.%C3%9C.G.Q\" target=\"_blank\" rel=\"noopener\">Desbordes: \u201cAl decir que uno vende humo est\u00e1 descalificando\u201d. Se refiere Mauricio Morales, acad\u00e9mico del Centro de An\u00e1lisis Pol\u00edtico (CAP) de la UTalca.<\/a><\/p>\t\t\t\t\t\t<\/div>\n\t\t\t\t<\/div>\n\t\t\t\t<div class=\"elementor-element elementor-element-eda7637 elementor-widget elementor-widget-text-editor\" data-id=\"eda7637\" data-element_type=\"widget\" data-widget_type=\"text-editor.default\">\n\t\t\t\t<div class=\"elementor-widget-container\">\n\t\t\t\t\t\t\t\t<p><b>DIALOGOSUR.CL<\/b><\/p><p><a style=\"font-style: inherit; font-weight: inherit; background-color: #ffffff; font-family: -apple-system, BlinkMacSystemFont,;\" href=\"https:\/\/dialogosur.cl\/cumbre-de-candidatos-de-oposicion-los-ganadores-y-perdedores-tras-la-reunion-y-sus-efectos-en-los-abanderados\/\" target=\"_blank\" rel=\"noopener\">Cumbre de candidatos de oposici\u00f3n: Los ganadores y perdedores tras la reuni\u00f3n y sus efectos en los abanderados. Se refiere de Mauricio Morales, acad\u00e9mico del Centro de An\u00e1lisis Pol\u00edtico (CAP) de la UTalca.<\/a><\/p>\t\t\t\t\t\t<\/div>\n\t\t\t\t<\/div>\n\t\t\t\t<div class=\"elementor-element elementor-element-922d785 elementor-widget elementor-widget-text-editor\" data-id=\"922d785\" data-element_type=\"widget\" data-widget_type=\"text-editor.default\">\n\t\t\t\t<div class=\"elementor-widget-container\">\n\t\t\t\t\t\t\t\t<p><b>NUEVOPODER.CL<\/b><\/p><p><a style=\"font-style: inherit; font-weight: inherit; background-color: #ffffff; font-family: -apple-system, BlinkMacSystemFont,;\" href=\"http:\/\/www.nuevopoder.cl\/discusion-urgente-del-tpp11-en-el-senado-pone-a-prueba-a-gbno-y-oposicion\/\" target=\"_blank\" rel=\"noopener\">Discusi\u00f3n urgente del TPP11 en el Senado pone a prueba a Gobierno y oposici\u00f3n. Se refiere Mauricio Morales, acad\u00e9mico del Centro de An\u00e1lisis Pol\u00edtico (CAP) de la UTalca.<\/a><\/p>\t\t\t\t\t\t<\/div>\n\t\t\t\t<\/div>\n\t\t\t\t<div class=\"elementor-element elementor-element-428a037 elementor-widget elementor-widget-text-editor\" data-id=\"428a037\" data-element_type=\"widget\" data-widget_type=\"text-editor.default\">\n\t\t\t\t<div class=\"elementor-widget-container\">\n\t\t\t\t\t\t\t\t<p><b>INDAP.GOB.CL<\/b><\/p><p><a style=\"font-style: inherit; font-weight: inherit; background-color: #ffffff; font-family: -apple-system, BlinkMacSystemFont,;\" href=\"http:\/\/www.indap.gob.cl\/noticias\/detalle\/2021\/04\/01\/indap-y-thinkagro-de-la-universidad-de-talca-introducen-a-agricultores-en-tecnolog%C3%ADas-digitales\" target=\"_blank\" rel=\"noopener\">INDAP y Thinkagro de la Universidad de Talca introducen a los agricultores en el mundo digital.<\/a><\/p>\t\t\t\t\t\t<\/div>\n\t\t\t\t<\/div>\n\t\t\t\t<div class=\"elementor-element elementor-element-78197a8 elementor-widget elementor-widget-text-editor\" data-id=\"78197a8\" data-element_type=\"widget\" data-widget_type=\"text-editor.default\">\n\t\t\t\t<div class=\"elementor-widget-container\">\n\t\t\t\t\t\t\t\t<p><b>CANAL TVN RED MAULE<\/b><\/p><p><a style=\"font-style: inherit; font-weight: inherit; background-color: #ffffff; font-family: -apple-system, BlinkMacSystemFont,;\" href=\"https:\/\/www.litoralpress.cl\/Archivos\/3p.W1zh.J2.Xj.Xkjgczhuebow.%c3%96.%c3%96.mp4\" target=\"_blank\" rel=\"noopener\">Panoramas: Documental sobre Amparo Pozo en canal de Youtube del Centro de Extensi\u00f3n de la UTalca.<\/a><\/p>\t\t\t\t\t\t<\/div>\n\t\t\t\t<\/div>\n\t\t\t\t\t<\/div>\n\t\t<\/div>\n\t\t\t\t\t\t\t<\/div>\n\t\t<\/section>\n\t\t\t\t\t\t<\/div>\n\t\t\t\t\t<\/div>\n\t\t","protected":false},"excerpt":{"rendered":"<p>EL MERCURIO Mujeres inmigrantes han sufrido con mayor fuerza los efectos de la pandemia. Se refiere Medardo Aguirre, director del Centro Nacional de Estudios Migratorios (CENEM) de la UTalca. RADIO BIOB\u00cdO El 80,7% de migrantes vieron afectados sus ingresos desde la pandemia. Se refiere Medardo Aguirre, director del Centro Nacional de Estudios Migratorios (CENEM) de &hellip;<\/p>\n<p class=\"read-more\"> <a class=\"\" href=\"https:\/\/www.reportedeprensa.utalca.cl\/?p=626\"> <span class=\"screen-reader-text\">05 de abril de 2021<\/span> Read More &raquo;<\/a><\/p>\n","protected":false},"author":1,"featured_media":0,"comment_status":"closed","ping_status":"open","sticky":false,"template":"elementor_theme","format":"standard","meta":{"_monsterinsights_skip_tracking":false,"_monsterinsights_sitenote_active":false,"_monsterinsights_sitenote_note":"","_monsterinsights_sitenote_category":0},"categories":[7],"tags":[],"_links":{"self":[{"href":"https:\/\/www.reportedeprensa.utalca.cl\/index.php?rest_route=\/wp\/v2\/posts\/626"}],"collection":[{"href":"https:\/\/www.reportedeprensa.utalca.cl\/index.php?rest_route=\/wp\/v2\/posts"}],"about":[{"href":"https:\/\/www.reportedeprensa.utalca.cl\/index.php?rest_route=\/wp\/v2\/types\/post"}],"author":[{"embeddable":true,"href":"https:\/\/www.reportedeprensa.utalca.cl\/index.php?rest_route=\/wp\/v2\/users\/1"}],"replies":[{"embeddable":true,"href":"https:\/\/www.reportedeprensa.utalca.cl\/index.php?rest_route=%2Fwp%2Fv2%2Fcomments&post=626"}],"version-history":[{"count":4,"href":"https:\/\/www.reportedeprensa.utalca.cl\/index.php?rest_route=\/wp\/v2\/posts\/626\/revisions"}],"predecessor-version":[{"id":630,"href":"https:\/\/www.reportedeprensa.utalca.cl\/index.php?rest_route=\/wp\/v2\/posts\/626\/revisions\/630"}],"wp:attachment":[{"href":"https:\/\/www.reportedeprensa.utalca.cl\/index.php?rest_route=%2Fwp%2Fv2%2Fmedia&parent=626"}],"wp:term":[{"taxonomy":"category","embeddable":true,"href":"https:\/\/www.reportedeprensa.utalca.cl\/index.php?rest_route=%2Fwp%2Fv2%2Fcategories&post=626"},{"taxonomy":"post_tag","embeddable":true,"href":"https:\/\/www.reportedeprensa.utalca.cl\/index.php?rest_route=%2Fwp%2Fv2%2Ftags&post=626"}],"curies":[{"name":"wp","href":"https:\/\/api.w.org\/{rel}","templated":true}]}}