{"id":6263,"date":"2023-01-05T09:44:22","date_gmt":"2023-01-05T12:44:22","guid":{"rendered":"https:\/\/www.reportedeprensa.utalca.cl\/?p=6263"},"modified":"2023-01-05T09:49:27","modified_gmt":"2023-01-05T12:49:27","slug":"05-de-enero-de-2023","status":"publish","type":"post","link":"https:\/\/www.reportedeprensa.utalca.cl\/?p=6263","title":{"rendered":"05 de enero de 2023"},"content":{"rendered":"\t\t<div data-elementor-type=\"wp-post\" data-elementor-id=\"6263\" class=\"elementor elementor-6263\" data-elementor-settings=\"[]\">\n\t\t\t\t\t\t\t<div class=\"elementor-section-wrap\">\n\t\t\t\t\t\t\t<section class=\"elementor-section elementor-top-section elementor-element elementor-element-2a4b4b83 elementor-section-boxed elementor-section-height-default elementor-section-height-default\" data-id=\"2a4b4b83\" data-element_type=\"section\">\n\t\t\t\t\t\t<div class=\"elementor-container elementor-column-gap-default\">\n\t\t\t\t\t<div class=\"elementor-column elementor-col-100 elementor-top-column elementor-element elementor-element-24a78540\" data-id=\"24a78540\" data-element_type=\"column\">\n\t\t\t<div class=\"elementor-widget-wrap elementor-element-populated\">\n\t\t\t\t\t\t\t\t<div class=\"elementor-element elementor-element-55b07e54 elementor-widget elementor-widget-text-editor\" data-id=\"55b07e54\" data-element_type=\"widget\" data-widget_type=\"text-editor.default\">\n\t\t\t\t<div class=\"elementor-widget-container\">\n\t\t\t\t\t\t\t\t<p><strong>RADIO CONDELL<\/strong><\/p><p><a href=\"https:\/\/www.litoralpress.cl\/sitio\/RadioTV_Detalles.cshtml?LPKey=IC3CWE35SBDJ2VVHWDA7REAACTVYE7JFOXKIB44OR3FYYNZPNBMX33FXG6FRUSYUR2VSLPJLXYTE6\">Entrevista a Javier Mu\u00f1oz Vidal, decano de la Facultad de Ingenier\u00eda.<\/a><\/p><p>\u00a0<\/p><p><strong>24HORAS.CL<\/strong><\/p><p><a href=\"https:\/\/www.24horas.cl\/te-sirve\/fuas-2023-revisa-cuales-son-las-instituciones-educacionales-gratuidad\">FUAS 2023: Revisa cu\u00e1les son las instituciones educacionales que cuentan con gratuidad. Se menciona la UTalca.<\/a><\/p><p>\u00a0<\/p><p><strong>REDGOL.CL<\/strong><\/p><p><a href=\"https:\/\/redgol.cl\/tendencias\/Cuales-son-las-mejores-universidades-para-estudiar-Derecho-20230104-0042.html\">Cu\u00e1les son las mejores universidades para estudiar Derecho. Se menciona la Universidad de Talca en 3er. Lugar.<\/a><\/p><p>\u00a0<\/p><p><strong>ADPRENSA.CL<\/strong><\/p><p><a href=\"https:\/\/www.adprensa.cl\/cronica\/utalca-entregara-becas-y-fondos-para-promover-la-igualdad-de-genero\/\">UTalca entregar\u00e1 becas y fondos para promover la igualdad de g\u00e9nero. Se refieren Carlos Torres Fuschlocher, rector de la UTalca; Isabel Hern\u00e1ndez Fern\u00e1ndez, secretaria General; Karin Saavedra, directora General de Vinculaci\u00f3n con el Medio; \u00c9rika Retamal, directora del Departamento de Salud P\u00fablica; y Vaitiare de la Fuente, estudiante de Psicolog\u00eda.<\/a><\/p><p>\u00a0<\/p><p><strong>ELCENTRO.CL<\/strong><\/p><p><a href=\"https:\/\/elcentro.cl\/2023\/01\/04\/utalca-entregara-becas-y-fondospara-promover-la-igualdad-de-genero\/\">UTalca entregar\u00e1 becas y fondos para promover la igualdad de g\u00e9nero. Se refieren Carlos Torres Fuschlocher, rector de la UTalca; Isabel Hern\u00e1ndez Fern\u00e1ndez, secretaria General; Karin Saavedra, directora General de Vinculaci\u00f3n con el Medio; \u00c9rika Retamal, directora del Departamento de Salud P\u00fablica; y Vaitiare de la Fuente, estudiante de Psicolog\u00eda.<\/a><\/p><p>\u00a0<\/p><p><strong>DIARIOELHERALDO.CL<\/strong><\/p><p><a href=\"https:\/\/www.diarioelheraldo.cl\/noticia\/utalca-entregara-becas-y-fondos-para-promover-la-igualdad-de-genero-\">UTalca entregar\u00e1 becas y fondos para promover la igualdad de g\u00e9nero. Se refieren Carlos Torres Fuschlocher, rector de la UTalca; Isabel Hern\u00e1ndez Fern\u00e1ndez, secretaria General; Karin Saavedra, directora General de Vinculaci\u00f3n con el Medio; \u00c9rika Retamal, directora del Departamento de Salud P\u00fablica; y Vaitiare de la Fuente, estudiante de Psicolog\u00eda.<\/a><\/p><p>\u00a0<\/p><p><strong>MEDIABANCO.COM<\/strong><\/p><p><a href=\"https:\/\/www.mediabanco.com\/utalca-entregara-becas-y-fondos-para-promover-la-igualdad-de-genero\/\">UTalca entregar\u00e1 becas y fondos para promover la igualdad de g\u00e9nero. Se refieren Carlos Torres Fuschlocher, rector de la UTalca; Isabel Hern\u00e1ndez Fern\u00e1ndez, secretaria General; Karin Saavedra, directora General de Vinculaci\u00f3n con el Medio; \u00c9rika Retamal, directora del Departamento de Salud P\u00fablica; y Vaitiare de la Fuente, estudiante de Psicolog\u00eda.<\/a><\/p><p>\u00a0<\/p><p><strong>MAULENEWS.COM<\/strong><\/p><p><a href=\"https:\/\/www.maulenews.com\/2023\/01\/utalca-entregara-becas-y-fondos-para.html\">UTalca entregar\u00e1 becas y fondos para promover la igualdad de g\u00e9nero. Se refieren Carlos Torres Fuschlocher, rector de la UTalca; Isabel Hern\u00e1ndez Fern\u00e1ndez, secretaria General; Karin Saavedra, directora General de Vinculaci\u00f3n con el Medio; \u00c9rika Retamal, directora del Departamento de Salud P\u00fablica; y Vaitiare de la Fuente, estudiante de Psicolog\u00eda.<\/a><\/p><p>\u00a0<\/p><p><strong>BIOBIOCHILE.CL<\/strong><\/p><p><a href=\"https:\/\/www.biobiochile.cl\/especial\/noticias\/admision\/admision-notas\/2023\/01\/04\/alumnos-de-colegios-particulares-mantienen-brecha-sobre-municipales-en-la-paes-segun-estudio-de-la-uc.shtml\">Alumnos de colegios particulares mantienen brecha sobre municipales en la PAES seg\u00fan estudio de la UC. Se refiere Nibaldo Benavides, director del Instituto de Investigaci\u00f3n y Desarrollo Educacional (IIDE).<\/a><\/p><p>\u00a0<\/p><p><strong>EL MERCURIO<\/strong><\/p><p><a href=\"https:\/\/www.litoralpress.cl\/paginaconsultas\/Documentos\/Get_Imagen.aspx?lpkey=X7SWSVFLOWGGCDBQSMBBK4JQW6PKKJIDYCAXI5J3VAVUA5ECWHNOXVM4CJUHWA5UKA5UQ3TIJFJGE\">Sustentabilidad: El eje que renueva la educaci\u00f3n en el agro. Se refiere Hermine Vogel, decana de la Facultad de Ciencias Agrarias.<\/a><\/p><p>\u00a0<\/p><p><strong>LA PRENSA<\/strong><\/p><p><a href=\"https:\/\/www.litoralpress.cl\/paginaconsultas\/Servicios_NClipSitio\/Get_Imagen_Nota.aspx?LPKey=2R6DPLNTW3MVTUS3ZY7762YJGQKZIYIQZ3IF2XRXMI7BI4YS7KVCHMKUDQ6GPGXCVVKCEJR3MISKM\">Iniciativas de innovaci\u00f3n permitir\u00e1n apoyar a Cooperativas Campesinas. Se refiere Pablo Villalobos Mateluna, acad\u00e9mico de la Facultad de Ciencias Agrarias.<\/a><\/p><p>\u00a0<\/p><p><strong>ELMAULEINFORMA.CL<\/strong><\/p><p><a href=\"https:\/\/elmauleinforma.cl\/cooperativas-campesinas-recibiran-apoyo-para-el-desarrollo-de-iniciativas-de-innovacion\/\">Cooperativas campesinas recibir\u00e1n apoyo para el desarrollo de iniciativas de innovaci\u00f3n. Se refiere Pablo Villalobos Mateluna, acad\u00e9mico de la Facultad de Ciencias Agrarias.<\/a><\/p><p>\u00a0<\/p><p><strong>G5NOTICIAS.CL<\/strong><\/p><p><a href=\"https:\/\/g5noticias.cl\/2023\/01\/04\/cooperativas-campesinas-recibiran-apoyo-para-el-desarrollo-de-iniciativas-de-innovacion\/\">Cooperativas campesinas recibir\u00e1n apoyo para el desarrollo de iniciativas de innovaci\u00f3n. Se refiere Pablo Villalobos Mateluna, acad\u00e9mico de la Facultad de Ciencias Agrarias.<\/a><\/p><p>\u00a0<\/p><p><strong>DECOOPCHILE.CL<\/strong><\/p><p><a href=\"http:\/\/www.decoopchile.cl\/cooperativas-campesinas-recibiran-apoyo-para-el-desarrollo-de-iniciativas-de-innovacion\/\">Cooperativas campesinas recibir\u00e1n apoyo para el desarrollo de iniciativas de innovaci\u00f3n. Se refiere Pablo Villalobos Mateluna, acad\u00e9mico de la Facultad de Ciencias Agrarias.<\/a><\/p><p>\u00a0<\/p><p><strong>REVISTAEI.CL<\/strong><\/p><p><a href=\"https:\/\/www.revistaei.cl\/2023\/01\/04\/investigadores-concluyen-que-tecnologias-de-generacion-limpia-aportan-flexibilidad-al-sen\/\">Investigadores concluyen que tecnolog\u00edas de generaci\u00f3n limpia aportan flexibilidad al SEN. Se refiere Eduardo \u00c1lvarez Miranda, acad\u00e9mico de la Facultad de Econom\u00eda y Negocios (FEN).<\/a><\/p><p>\u00a0<\/p><p><strong>CANAL MEGA<\/strong><\/p><p><a href=\"https:\/\/www.litoralpress.cl\/sitio\/RadioTV_Detalles.cshtml?LPKey=NKSAYTINPUO66ST4ERUOG5IMMBOVXCYINYSCGA37UTREIZR6GJU6VXIZHS34MXVMIZTPZ2CTAXER6\">An\u00e1lisis de la encuesta CEP. Entrevista a Mauricio Morales Quiroga, director del Centro de An\u00e1lisis Pol\u00edtico (CAP).<\/a><\/p><p>\u00a0<\/p><p><strong>RADIO INFINITA<\/strong><\/p><p><a href=\"https:\/\/www.litoralpress.cl\/sitio\/RadioTV_Detalles.cshtml?LPKey=NRTMIV2FY4CXDPTTW5XOLA6PSTUMMQ2C4X3FLTWYPKJLZMKRMX3ESYW3M7ECF2FE6LM3HQ5PV7NGO\">Comentario de Mauricio Morales Quiroga, director del Centro de An\u00e1lisis Pol\u00edtico (CAP).<\/a><\/p><p>\u00a0<\/p><p><strong>REVISTA NOS<\/strong><\/p><p><a href=\"https:\/\/www.litoralpress.cl\/sitio\/Prensa_PaginaCompleta.cshtml?LPKey=VDBPO7HLSYCVBEYEHTCMYKX4Y4QNBBTUHWHUNN3NK7GGAASR2YSQ\">&#8220;Nuestra orquesta es un orgullo para la ciudad y para todo Chile. Se refiere el exalumno Jerson Mella Bravo, director de la Orquesta de Ni\u00f1os de Curanilahue.<\/a><\/p><p>\u00a0<\/p>\t\t\t\t\t\t<\/div>\n\t\t\t\t<\/div>\n\t\t\t\t\t<\/div>\n\t\t<\/div>\n\t\t\t\t\t\t\t<\/div>\n\t\t<\/section>\n\t\t\t\t\t\t<\/div>\n\t\t\t\t\t<\/div>\n\t\t","protected":false},"excerpt":{"rendered":"<p>RADIO CONDELL Entrevista a Javier Mu\u00f1oz Vidal, decano de la Facultad de Ingenier\u00eda. \u00a0 24HORAS.CL FUAS 2023: Revisa cu\u00e1les son las instituciones educacionales que cuentan con gratuidad. Se menciona la UTalca. \u00a0 REDGOL.CL Cu\u00e1les son las mejores universidades para estudiar Derecho. Se menciona la Universidad de Talca en 3er. Lugar. \u00a0 ADPRENSA.CL UTalca entregar\u00e1 becas &hellip;<\/p>\n<p class=\"read-more\"> <a class=\"\" href=\"https:\/\/www.reportedeprensa.utalca.cl\/?p=6263\"> <span class=\"screen-reader-text\">05 de enero de 2023<\/span> Read More &raquo;<\/a><\/p>\n","protected":false},"author":1,"featured_media":0,"comment_status":"closed","ping_status":"open","sticky":false,"template":"","format":"standard","meta":{"_monsterinsights_skip_tracking":false,"_monsterinsights_sitenote_active":false,"_monsterinsights_sitenote_note":"","_monsterinsights_sitenote_category":0},"categories":[29],"tags":[],"_links":{"self":[{"href":"https:\/\/www.reportedeprensa.utalca.cl\/index.php?rest_route=\/wp\/v2\/posts\/6263"}],"collection":[{"href":"https:\/\/www.reportedeprensa.utalca.cl\/index.php?rest_route=\/wp\/v2\/posts"}],"about":[{"href":"https:\/\/www.reportedeprensa.utalca.cl\/index.php?rest_route=\/wp\/v2\/types\/post"}],"author":[{"embeddable":true,"href":"https:\/\/www.reportedeprensa.utalca.cl\/index.php?rest_route=\/wp\/v2\/users\/1"}],"replies":[{"embeddable":true,"href":"https:\/\/www.reportedeprensa.utalca.cl\/index.php?rest_route=%2Fwp%2Fv2%2Fcomments&post=6263"}],"version-history":[{"count":4,"href":"https:\/\/www.reportedeprensa.utalca.cl\/index.php?rest_route=\/wp\/v2\/posts\/6263\/revisions"}],"predecessor-version":[{"id":6267,"href":"https:\/\/www.reportedeprensa.utalca.cl\/index.php?rest_route=\/wp\/v2\/posts\/6263\/revisions\/6267"}],"wp:attachment":[{"href":"https:\/\/www.reportedeprensa.utalca.cl\/index.php?rest_route=%2Fwp%2Fv2%2Fmedia&parent=6263"}],"wp:term":[{"taxonomy":"category","embeddable":true,"href":"https:\/\/www.reportedeprensa.utalca.cl\/index.php?rest_route=%2Fwp%2Fv2%2Fcategories&post=6263"},{"taxonomy":"post_tag","embeddable":true,"href":"https:\/\/www.reportedeprensa.utalca.cl\/index.php?rest_route=%2Fwp%2Fv2%2Ftags&post=6263"}],"curies":[{"name":"wp","href":"https:\/\/api.w.org\/{rel}","templated":true}]}}