{"id":6278,"date":"2023-01-06T10:13:11","date_gmt":"2023-01-06T13:13:11","guid":{"rendered":"https:\/\/www.reportedeprensa.utalca.cl\/?p=6278"},"modified":"2023-01-06T10:39:23","modified_gmt":"2023-01-06T13:39:23","slug":"06-de-enero-de-2023","status":"publish","type":"post","link":"https:\/\/www.reportedeprensa.utalca.cl\/?p=6278","title":{"rendered":"06 de enero de 2023"},"content":{"rendered":"\t\t<div data-elementor-type=\"wp-post\" data-elementor-id=\"6278\" class=\"elementor elementor-6278\" data-elementor-settings=\"[]\">\n\t\t\t\t\t\t\t<div class=\"elementor-section-wrap\">\n\t\t\t\t\t\t\t<section class=\"elementor-section elementor-top-section elementor-element elementor-element-2a4b4b83 elementor-section-boxed elementor-section-height-default elementor-section-height-default\" data-id=\"2a4b4b83\" data-element_type=\"section\">\n\t\t\t\t\t\t<div class=\"elementor-container elementor-column-gap-default\">\n\t\t\t\t\t<div class=\"elementor-column elementor-col-100 elementor-top-column elementor-element elementor-element-24a78540\" data-id=\"24a78540\" data-element_type=\"column\">\n\t\t\t<div class=\"elementor-widget-wrap elementor-element-populated\">\n\t\t\t\t\t\t\t\t<div class=\"elementor-element elementor-element-55b07e54 elementor-widget elementor-widget-text-editor\" data-id=\"55b07e54\" data-element_type=\"widget\" data-widget_type=\"text-editor.default\">\n\t\t\t\t<div class=\"elementor-widget-container\">\n\t\t\t\t\t\t\t\t<p><strong>ADPRENSA.CL<\/strong><\/p><p><a href=\"https:\/\/www.adprensa.cl\/cronica\/premio-nobel-de-la-paz-se-presenta-en-el-congreso-futuro-2023-maule\/\">Premio Nobel de la Paz se presenta en el Congreso Futuro 2023 Maule. Se refiere Carlos Torres Fuschlocher, rector de la UTalca.<\/a><\/p><p>\u00a0<\/p><p><strong>MEDIABANCO.COM<\/strong><\/p><p><a href=\"https:\/\/www.mediabanco.com\/premio-nobel-de-la-paz-se-presenta-en-el-congreso-futuro-2023-maule\/\">Premio Nobel de la Paz se presenta en el Congreso Futuro 2023 Maule. Se refiere Carlos Torres Fuschlocher, rector de la UTalca.<\/a><\/p><p>\u00a0<\/p><p><strong>LA PRENSA<\/strong><\/p><p><a href=\"https:\/\/www.litoralpress.cl\/paginaconsultas\/Servicios_NClipSitio\/Get_Imagen_Nota.aspx?LPKey=YX5W2IY3RWRKF3PU6S3DCPMX3HCQ2CIRF2EX6C7NG64JO3P727TWG62DRKL2NQ4UD5GP7I7AG3YNM\">Premio Nobel de la Paz se presenta en el Congreso Futuro 2023 Maule.<\/a><\/p><p>\u00a0<\/p><p><strong>DIARIOTALCA.CL<\/strong><\/p><p><a href=\"https:\/\/diariotalca.cl\/premio-nobel-de-la-paz-se-presentara-en-el-congreso-futuro-2023-maule\/\">Premio Nobel de la Paz se presentar\u00e1 en el Congreso Futuro 2023 Maule. Se refiere Carlos Torres Fuschlocher, rector de la UTalca.<\/a><\/p><p>\u00a0<\/p><p><strong>ELMAULEINFORMA.CL<\/strong><\/p><p><a href=\"https:\/\/elmauleinforma.cl\/premio-nobel-de-la-paz-se-presenta-en-el-congreso-futuro-2023-maule\/\">Premio Nobel de la Paz se presenta en el Congreso Futuro 2023 Maule. Se refiere Carlos Torres Fuschlocher, rector de la UTalca.<\/a><\/p><p>\u00a0<\/p><p><strong>ELDIARIODEMAULE.CL<\/strong><\/p><p><a href=\"https:\/\/eldiariodemaule.cl\/premio-nobel-de-la-paz-se-presenta-en-congreso-futuro-2023\/\">Premio Nobel de la Paz se presenta en el Congreso Futuro 2023 Maule. Se refiere Carlos Torres Fuschlocher, rector de la UTalca.<\/a><\/p><p>\u00a0<\/p><p><strong>RADIO NUEVO MUNDO<\/strong><\/p><p><a href=\"https:\/\/www.litoralpress.cl\/sitio\/RadioTV_Detalles.cshtml?LPKey=3OTNPBMGUQDUWAVX7TZBH5HF65XMBMVJ2MQKQS45EJXUORTNXV6SKOGP7UGGVFP6FG2K6SPAFXPDG\">Congreso Futuro 2023 en la Regi\u00f3n del Maule. Entrevista a Roberto Jara Rojas, director de Investigaci\u00f3n.<\/a><\/p><p>\u00a0<\/p><p><strong>LAS \u00daLTIMAS NOTICIAS<\/strong><\/p><p><a href=\"https:\/\/www.litoralpress.cl\/sitio\/Prensa_PaginaCompleta.cshtml?LPKey=7JLIAB2MK4QFZELPAJPJII4PSE4HX5XIZH2JEH63QL4ZEAZW6DIA\">Estado de la acreditaci\u00f3n y gratuidad de las 55 universidades chilenas. Se menciona a la UTalca.<\/a><\/p><p>\u00a0<\/p><p><strong>EL MERCURIO<\/strong><\/p><p><a href=\"https:\/\/www.litoralpress.cl\/sitio\/Prensa_PaginaCompleta.cshtml?LPKey=GE5K6Q7KMHLY2QRPGHV7S7G5G2CUYXKYWTQ7ECARMKMVQRMM3QVQ\">Al visitar sitios naturales: Seis claves para pasear sin da\u00f1ar la flora ni la fauna nativas durante estas vacaciones. Se refiere Blas Lavandero Icaza, acad\u00e9mico del Instituto de Ciencias Biol\u00f3gicas.<\/a><\/p><p>\u00a0<\/p><p><strong>RADIO BIO-B\u00cdO<\/strong><\/p><p><a href=\"https:\/\/www.litoralpress.cl\/sitio\/RadioTV_Detalles.cshtml?LPKey=P5LRYPJ4UEDF5IEFVD2JWUHYPUUK7CRHRI54465BKM3L6P34X5IDD25UDDDLLD3AHGY536EF6YSSW\">Colegios particulares sacaron, en promedio, 171 puntos m\u00e1s que los establecimientos municipales en la PAES. Se refiere Nibaldo Benavides Moreno, director del Instituto de Investigaci\u00f3n y Desarrollo Educacional (IIDE).<\/a><\/p><p>\u00a0<\/p><p><strong>RADIO BUENA NUEVA<\/strong><\/p><p><a href=\"https:\/\/www.litoralpress.cl\/sitio\/RadioTV_Detalles.cshtml?LPKey=UJQILF7MJPXYRW5ESDYUJIY6KQ6PI6IZ6STXD5JSXYKXGOOMED63N4FWSB6V7VQJ72ZVULERLMIOU\">Entrevista a Mauricio V\u00e9liz Campos, decano de la Facultad de Ciencias de la Educaci\u00f3n.<\/a><\/p><p>\u00a0<\/p><p><strong>RADIO VLN<\/strong><\/p><p><a href=\"https:\/\/www.litoralpress.cl\/sitio\/RadioTV_Detalles.cshtml?LPKey=T6BRWO6BVG6KJBPYKCQPC72DPI3YYQCIWJ5CCXDCJVIU5H4ABX36SRDY2364RLA6JXBQXY7JMBSFW\">Entrevista a Daniel D\u00edaz Besoa\u00edn, director de la Escuela de Ingenier\u00eda Civil Mecatr\u00f3nica.<\/a><\/p><p>\u00a0<\/p><p><strong>EL HERALDO<\/strong><\/p><p><a href=\"https:\/\/www.litoralpress.cl\/paginaconsultas\/Servicios_NClipSitio\/Get_Imagen_Nota.aspx?LPKey=JBSAMXYLJHNSEKZLKX4EMQX4LCAJX6R3VVUAQYQHIYDTUX26QHOQ6DQSENOVZG62W5QQOYLDOD5Y4\">UTalca entregar\u00e1 becas y fondos para promover la igualdad de g\u00e9nero. Se refieren Carlos Torres Fuschlocher, rector de la UTalca; Isabel Hern\u00e1ndez Fern\u00e1ndez, secretaria General; Karin Saavedra, directora General de Vinculaci\u00f3n con el Medio; \u00c9rika Retamal, directora del Departamento de Salud P\u00fablica; y Vaitiare de la Fuente, estudiante de Psicolog\u00eda.<\/a><\/p><p>\u00a0<\/p><p><strong>LA PRENSA<\/strong><\/p><p><a href=\"https:\/\/www.litoralpress.cl\/paginaconsultas\/Servicios_NClipSitio\/Get_Imagen_Nota.aspx?LPKey=JWHWV22TQHC7V52YCBJZU4VV4DZITY7M7HWV5UYBHPVBBP74VXU4EQVE6HA5A62XVFPA6YND3GGEU\">Anuncian becas y fondos para promover igualdad de g\u00e9nero. Se refiere Carlos Torres Fuschlocher, rector de la UTalca.<\/a><\/p><p>\u00a0<\/p><p><strong>LANOTICIA.CL<\/strong><\/p><p><a href=\"https:\/\/lanoticia.cl\/utalca-entregara-becas-y-fondos-para-promover-la-igualdad-de-genero\/\">UTalca entregar\u00e1 becas y fondos para promover la igualdad de g\u00e9nero. Se refieren Carlos Torres Fuschlocher, rector de la UTalca; Isabel Hern\u00e1ndez Fern\u00e1ndez, secretaria General; Karin Saavedra, directora General de Vinculaci\u00f3n con el Medio; \u00c9rika Retamal, directora del Departamento de Salud P\u00fablica; y Vaitiare de la Fuente, estudiante de Psicolog\u00eda.<\/a><\/p><p>\u00a0<\/p><p><strong>EL LECTOR<\/strong><\/p><p><a href=\"https:\/\/www.litoralpress.cl\/paginaconsultas\/Servicios_NClipSitio\/Get_Imagen_Nota.aspx?LPKey=NE634ELLMCOXI55X7FH4IBABJ3E2SK6AO3ETNBQ4MYTMHHRJX7UOOWTVJGUWYGG4ETRZYEIRQHZLA\">Entregan recomendaciones para el proceso de postulaci\u00f3n a la educaci\u00f3n superior. Se refiere Felipe Figueroa, Clara Lora y Osjaimar Torrealba, profesionales del programa PACE UTalca.<\/a><\/p><p>\u00a0<\/p><p><strong>DIARIOTALCA.CL<\/strong><\/p><p><a href=\"https:\/\/diariotalca.cl\/paes-2022-recomendaciones-para-postular-a-la-educacion-superior\/#respond\">PAES 2022: Recomendaciones para postular a la educaci\u00f3n superior. Se refiere Felipe Figueroa, Clara Lora y Osjaimar Torrealba, profesionales del programa PACE UTalca.<\/a><\/p><p>\u00a0<\/p><p><strong>ELCIUDADANO.COM<\/strong><\/p><p><a href=\"https:\/\/www.elciudadano.com\/chile\/el-maule-implementan-laboratorio-para-monitorear-emisiones-contaminantes-de-las-empresas\/01\/05\/\">El Maule: Implementan laboratorio para monitorear emisiones contaminantes de las empresas. Se refiere Felipe Varas Concha, acad\u00e9mico de la Facultad de Ingenier\u00eda.<\/a><\/p><p>\u00a0<\/p><p><strong>MEDIABANCO.COM<\/strong><\/p><p><a href=\"https:\/\/www.mediabanco.com\/crean-laboratorio-para-monitorear-material-particulado-de-empresas\/\">Crean laboratorio para monitorear material particulado de empresas. Se refieren Mar\u00eda Luisa del Campo Hitchfeld, directora del Centro Tecnol\u00f3gico Kipus y Felipe Varas Concha, acad\u00e9mico de la Facultad de Ingenier\u00eda.<\/a><\/p><p>\u00a0<\/p><p><strong>LA PRENSA<\/strong><\/p><p><a href=\"https:\/\/www.litoralpress.cl\/paginaconsultas\/Servicios_NClipSitio\/Get_Imagen_Nota.aspx?LPKey=2U4P2RGSRQ4IUNZSPNJLIJPMKZCKQ7YPHOHRKISXMR3URTPORARJYT3JQGVSSJKFPVZTZRK3PVT2Y\">Crean laboratorio para monitorear material particulado. Se refiere Felipe Varas Concha, acad\u00e9mico de la Facultad de Ingenier\u00eda.<\/a><\/p><p>\u00a0<\/p><p><strong>ELDINAMO.CL<\/strong><\/p><p><a href=\"https:\/\/especiales.eldinamo.cl\/nuevas-economias\/2023\/01\/05\/investigadores-chilenos-ratifican-que-es-necesario-incorporar-energias-renovables-al-sistema-electrico-nacional\/\">Investigadores chilenos ratifican que es necesario incorporar energ\u00edas renovables al sistema el\u00e9ctrico nacional. Se refiere Eduardo \u00c1lvarez Miranda, acad\u00e9mico de la Facultad de Econom\u00eda y Negocios (FEN).<\/a><\/p><p>\u00a0<\/p><p><strong>DIARIOESTRATEGIA.CL<\/strong><\/p><p><a href=\"https:\/\/www.diarioestrategia.cl\/texto-diario\/mostrar\/4129610\/sustentable-flexible-futuro-energias-renovables-chile\">Sustentable y flexible: el futuro de las energ\u00edas renovables en Chile. Se refiere Eduardo \u00c1lvarez Miranda, acad\u00e9mico de la Facultad de Econom\u00eda y Negocios (FEN).<\/a><\/p><p>\u00a0<\/p><p><strong>EMB.CL<\/strong><\/p><p><a href=\"http:\/\/www.emb.cl\/electroindustria\/noticia.mvc?nid=20230105w21&amp;ni=sustentable-y-flexible-el-futuro-de-las-energias-renovables-en-chile\">Sustentable y flexible: el futuro de las energ\u00edas renovables en Chile. Se refiere Eduardo \u00c1lvarez Miranda, acad\u00e9mico de la Facultad de Econom\u00eda y Negocios (FEN).<\/a><\/p><p>\u00a0<\/p><p><strong>PODERY LIDERAZGO.CL<\/strong><\/p><p><a href=\"https:\/\/www.poderyliderazgo.cl\/sustentable-y-flexible-el-futuro-de-las-energias-renovables-en-chile\/\">Sustentable y flexible: el futuro de las energ\u00edas renovables en Chile. Se refiere Eduardo \u00c1lvarez Miranda, acad\u00e9mico de la Facultad de Econom\u00eda y Negocios (FEN).<\/a><\/p><p>\u00a0<\/p><p><strong>RADIO INFINITA<\/strong><\/p><p><a href=\"https:\/\/www.litoralpress.cl\/sitio\/RadioTV_Detalles.cshtml?LPKey=4W2NBDY5DXUE4FRE7DEJHKSAXPWHGB37GK4RCVNSN6YAYISOPYNSQY6Y67C6SHDDFIREOTL5KC2K4\">Comentario de Mauricio Morales Quiroga, director del Centro de An\u00e1lisis Pol\u00edtico (CAP).<\/a><\/p><p>\u00a0<\/p><p><strong>RADIO FUTURO<\/strong><\/p><p><a href=\"https:\/\/www.litoralpress.cl\/sitio\/RadioTV_Detalles.cshtml?LPKey=YMIQVJ43SC4X3ZNQWG6UZTR4INF4WB2BJ5TISUNYURINH6JFPQHVDYMDQGZ2D3E25YS43ZIEHFVV4\">Entrevista a Mario Herrera, acad\u00e9mico del Centro de An\u00e1lisis Pol\u00edtico (CAP).<\/a><\/p><p>\u00a0<\/p><p><strong>FUTURO.CL<\/strong><\/p><p><a href=\"https:\/\/www.futuro.cl\/2023\/01\/analista-politico-la-aprobacion-presidencial-si-se-compara-con-antiguos-presidentes-es-lejos-la-mas-baja\/\">Analista pol\u00edtico: \u00abLa aprobaci\u00f3n presidencial si se compara con antiguos Presidentes es lejos la m\u00e1s baja\u00bb. Se refiere Mario Herrera, acad\u00e9mico del Centro de An\u00e1lisis Pol\u00edtico (CAP).<\/a><\/p><p>\u00a0<\/p><p><strong>MUNDOAGRO.CL<\/strong><\/p><p><a href=\"https:\/\/mundoagro.cl\/realizaran-seminario-online-sobre-plasticos-en-la-agricultura\/\">Realizar\u00e1n seminario online sobre Pl\u00e1sticos en la Agricultura. Se menciona a la UTalca.<\/a><\/p><p>\u00a0<\/p>\t\t\t\t\t\t<\/div>\n\t\t\t\t<\/div>\n\t\t\t\t\t<\/div>\n\t\t<\/div>\n\t\t\t\t\t\t\t<\/div>\n\t\t<\/section>\n\t\t\t\t\t\t<\/div>\n\t\t\t\t\t<\/div>\n\t\t","protected":false},"excerpt":{"rendered":"<p>ADPRENSA.CL Premio Nobel de la Paz se presenta en el Congreso Futuro 2023 Maule. Se refiere Carlos Torres Fuschlocher, rector de la UTalca. \u00a0 MEDIABANCO.COM Premio Nobel de la Paz se presenta en el Congreso Futuro 2023 Maule. Se refiere Carlos Torres Fuschlocher, rector de la UTalca. \u00a0 LA PRENSA Premio Nobel de la Paz &hellip;<\/p>\n<p class=\"read-more\"> <a class=\"\" href=\"https:\/\/www.reportedeprensa.utalca.cl\/?p=6278\"> <span class=\"screen-reader-text\">06 de enero de 2023<\/span> Read More &raquo;<\/a><\/p>\n","protected":false},"author":1,"featured_media":0,"comment_status":"closed","ping_status":"open","sticky":false,"template":"","format":"standard","meta":{"_monsterinsights_skip_tracking":false,"_monsterinsights_sitenote_active":false,"_monsterinsights_sitenote_note":"","_monsterinsights_sitenote_category":0},"categories":[29],"tags":[],"_links":{"self":[{"href":"https:\/\/www.reportedeprensa.utalca.cl\/index.php?rest_route=\/wp\/v2\/posts\/6278"}],"collection":[{"href":"https:\/\/www.reportedeprensa.utalca.cl\/index.php?rest_route=\/wp\/v2\/posts"}],"about":[{"href":"https:\/\/www.reportedeprensa.utalca.cl\/index.php?rest_route=\/wp\/v2\/types\/post"}],"author":[{"embeddable":true,"href":"https:\/\/www.reportedeprensa.utalca.cl\/index.php?rest_route=\/wp\/v2\/users\/1"}],"replies":[{"embeddable":true,"href":"https:\/\/www.reportedeprensa.utalca.cl\/index.php?rest_route=%2Fwp%2Fv2%2Fcomments&post=6278"}],"version-history":[{"count":4,"href":"https:\/\/www.reportedeprensa.utalca.cl\/index.php?rest_route=\/wp\/v2\/posts\/6278\/revisions"}],"predecessor-version":[{"id":6282,"href":"https:\/\/www.reportedeprensa.utalca.cl\/index.php?rest_route=\/wp\/v2\/posts\/6278\/revisions\/6282"}],"wp:attachment":[{"href":"https:\/\/www.reportedeprensa.utalca.cl\/index.php?rest_route=%2Fwp%2Fv2%2Fmedia&parent=6278"}],"wp:term":[{"taxonomy":"category","embeddable":true,"href":"https:\/\/www.reportedeprensa.utalca.cl\/index.php?rest_route=%2Fwp%2Fv2%2Fcategories&post=6278"},{"taxonomy":"post_tag","embeddable":true,"href":"https:\/\/www.reportedeprensa.utalca.cl\/index.php?rest_route=%2Fwp%2Fv2%2Ftags&post=6278"}],"curies":[{"name":"wp","href":"https:\/\/api.w.org\/{rel}","templated":true}]}}