{"id":6293,"date":"2023-01-09T09:41:40","date_gmt":"2023-01-09T12:41:40","guid":{"rendered":"https:\/\/www.reportedeprensa.utalca.cl\/?p=6293"},"modified":"2023-01-09T10:27:08","modified_gmt":"2023-01-09T13:27:08","slug":"09-de-enero-de-2023","status":"publish","type":"post","link":"https:\/\/www.reportedeprensa.utalca.cl\/?p=6293","title":{"rendered":"09 de enero de 2023"},"content":{"rendered":"\t\t<div data-elementor-type=\"wp-post\" data-elementor-id=\"6293\" class=\"elementor elementor-6293\" data-elementor-settings=\"[]\">\n\t\t\t\t\t\t\t<div class=\"elementor-section-wrap\">\n\t\t\t\t\t\t\t<section class=\"elementor-section elementor-top-section elementor-element elementor-element-2a4b4b83 elementor-section-boxed elementor-section-height-default elementor-section-height-default\" data-id=\"2a4b4b83\" data-element_type=\"section\">\n\t\t\t\t\t\t<div class=\"elementor-container elementor-column-gap-default\">\n\t\t\t\t\t<div class=\"elementor-column elementor-col-100 elementor-top-column elementor-element elementor-element-24a78540\" data-id=\"24a78540\" data-element_type=\"column\">\n\t\t\t<div class=\"elementor-widget-wrap elementor-element-populated\">\n\t\t\t\t\t\t\t\t<div class=\"elementor-element elementor-element-55b07e54 elementor-widget elementor-widget-text-editor\" data-id=\"55b07e54\" data-element_type=\"widget\" data-widget_type=\"text-editor.default\">\n\t\t\t\t<div class=\"elementor-widget-container\">\n\t\t\t\t\t\t\t\t<p><strong>EL LECTOR<\/strong><\/p><p><a href=\"https:\/\/www.litoralpress.cl\/sitio\/Prensa_PaginaCompleta.cshtml?LPKey=2ZNLXVDGKAWM5NKFLHFFQ7ZPFIJKVH2VQWGSZSBMN2GK7RH3L3TA\">Premio Nobel de la Paz se presentar\u00e1 en el Congreso Futuro 2023 Maule. Se refiere Carlos Torres Fuschlocher, rector de la UTalca.<\/a><\/p><p>\u00a0<\/p><p><strong>PORTALEDUCA.CL<\/strong><\/p><p><a href=\"https:\/\/portaleduca.cl\/premio-nobel-de-la-paz-se-presenta-en-el-congreso-futuro-2023-maule\/\">Premio Nobel de la Paz se presentar\u00e1 en el Congreso Futuro 2023 Maule. Se refiere Carlos Torres Fuschlocher, rector de la UTalca.<\/a><\/p><p>\u00a0<\/p><p><strong>TVMAULE.CL<\/strong><\/p><p><a href=\"https:\/\/www.tvmaule.cl\/premio-nobel-de-la-paz-se-presentara-en-el-congreso-futuro-2023-maule\/\">Premio Nobel de la Paz se presentar\u00e1 en el Congreso Futuro 2023 Maule. Se refiere Carlos Torres Fuschlocher, rector de la UTalca.<\/a><\/p><p>\u00a0<\/p><p><strong>MAULENEWS.COM<\/strong><\/p><p><a href=\"https:\/\/www.maulenews.com\/2023\/01\/premio-nobel-de-la-paz-se-presentara-en.html\">Premio Nobel de la Paz se presentar\u00e1 en el Congreso Futuro 2023 Maule. Se refiere Carlos Torres Fuschlocher, rector de la UTalca.<\/a><\/p><p>\u00a0<\/p><p><strong>EL LECTOR<\/strong><\/p><p><a href=\"https:\/\/www.litoralpress.cl\/paginaconsultas\/Servicios_NClipSitio\/Get_Imagen_Nota.aspx?LPKey=QM256TMGJEEBWX3L56G2HOFSIQY6ZOX73VWBDO7RFAYZ6ISXMVNUFMEP7N4L4D3R4N252E6YWJJFG\">Desde Linares al mundo: profesores egresados de la UTalca ense\u00f1an en el extranjero. Se refieren Mauricio V\u00e9liz Campos, decano de la Facultad de Ciencias de la Educaci\u00f3n y Valentina Salinas Carter, egresada de dicha unidad.<\/a><\/p><p>\u00a0<\/p><p><strong>LA PRENSA<\/strong><\/p><p><a href=\"https:\/\/www.litoralpress.cl\/paginaconsultas\/Servicios_NClipSitio\/Get_Imagen_Nota.aspx?LPKey=VFNO5NN6IAM24X273G2I6MZU7VPULDUX46FMT67OYD4Y32PMPXP3OQSQIKQFBHQFWEE5WEMLNSCK4\">Profesores egresados de UTalca ense\u00f1an en el extranjero. Se refieren Mauricio V\u00e9liz Campos, decano de la Facultad de Ciencias de la Educaci\u00f3n y Valentina Salinas Carter, egresada de dicha unidad.<\/a><\/p><p>\u00a0<\/p><p><strong>ADPRENSA.CL<\/strong><\/p><p><a href=\"https:\/\/www.adprensa.cl\/cronica\/desde-linares-al-mundo-profesores-egresados-de-la-utalca-ensenan-en-el-extranjero\/\">Desde Linares al mundo: profesores egresados de la UTalca ense\u00f1an en el extranjero. Se refieren Mauricio V\u00e9liz Campos, decano de la Facultad de Ciencias de la Educaci\u00f3n y Valentina Salinas Carter, egresada de dicha unidad.<\/a><\/p><p>\u00a0<\/p><p><strong>MEDIABANCO.COM<\/strong><\/p><p><a href=\"https:\/\/www.mediabanco.com\/desde-linares-al-mundo-profesores-egresados-de-la-utalca-ensenan-en-el-extranjero\/\">Desde Linares al mundo: profesores egresados de la UTalca ense\u00f1an en el extranjero. Se refieren Mauricio V\u00e9liz Campos, decano de la Facultad de Ciencias de la Educaci\u00f3n y Valentina Salinas Carter, egresada de dicha unidad.<\/a><\/p><p>\u00a0<\/p><p><strong>MAULENEWS.COM<\/strong><\/p><p><a href=\"https:\/\/www.maulenews.com\/2023\/01\/desde-linares-al-mundo-profesores.html\">Desde Linares al mundo: profesores egresados de la UTalca ense\u00f1an en el extranjero. Se refieren Mauricio V\u00e9liz Campos, decano de la Facultad de Ciencias de la Educaci\u00f3n y Valentina Salinas Carter, egresada de dicha unidad.<\/a><\/p><p>\u00a0<\/p><p><strong>SEPTIMAPAGINANOTICIAS.CL<\/strong><\/p><p><a href=\"https:\/\/www.septimapaginanoticias.cl\/desde-linares-al-mundo-profesores-egresados-de-la-utalca-ensenan-en-el-extranjero\">Desde Linares al mundo: profesores egresados de la UTalca ense\u00f1an en el extranjero. Se refieren Mauricio V\u00e9liz Campos, decano de la Facultad de Ciencias de la Educaci\u00f3n y Valentina Salinas Carter, egresada de dicha unidad.<\/a><\/p><p>\u00a0<\/p><p><strong>CANAL CONTIVISI\u00d3N<\/strong><\/p><p><a href=\"https:\/\/www.litoralpress.cl\/sitio\/RadioTV_Detalles.cshtml?LPKey=VHMWSK3FKWBNXVDW3RFCSPVE2VC4XCOCZ4Y3NK4VC55URG2ORKBLQNPKWSARJAKQZBH2R6TSYJ522\">En la Regi\u00f3n del Maule once alumnos y alumnas fueron distinguidos por las autoridades tras los resultados de la prueba PAES. Se menciona la UTalca.<\/a><\/p><p>\u00a0<\/p><p><strong>RADIO FUTURA<\/strong><\/p><p><a href=\"https:\/\/www.litoralpress.cl\/sitio\/RadioTV_Detalles.cshtml?LPKey=A3ZYZF27MEDXEKKYWSYCW6WEYDYPCXUQ4DWSDUFFMAMFWZKMC5KIFYJKLJEJUYXDZI3VB73ILZ5BS\">Entrevista a Miguel V\u00e1squez, director de la Escuela de Fonoaudiolog\u00eda.<\/a><\/p><p>\u00a0<\/p><p><strong>MEDIABANCO.COM<\/strong><\/p><p><a href=\"https:\/\/www.mediabanco.com\/estudiantes-de-kinesiologia-utalca-evaluaron-habitos-de-ninos-talquinos\/\">Estudiantes de Kinesiolog\u00eda UTalca evaluaron h\u00e1bitos de ni\u00f1os talquinos. Se refiere Viviana Estrada, acad\u00e9mica de la Facultad de Ciencias de la Salud.<\/a><\/p><p>\u00a0<\/p><p><strong>EL TIP\u00d3GRAFO<\/strong><\/p><p><a href=\"https:\/\/www.litoralpress.cl\/paginaconsultas\/Servicios_NClipSitio\/Get_Imagen_Nota.aspx?LPKey=IXTAQ3R3NB4KMEIZXRPED6YHBDSQNYRS3DZXZJKY5RIO634UZLDPEEUAX2RCTVJUQ5JXRU6NK6KYE\">C\u00f3mo enfrentar el proceso de postulaci\u00f3n a la educaci\u00f3n superior. Se refieren Felipe Figueroa y Osjaimar Torrealba, profesionales del Programa PACE UTalca.<\/a><\/p><p>\u00a0<\/p><p><strong>G5NOTICIAS.CL<\/strong><\/p><p><a href=\"https:\/\/g5noticias.cl\/2023\/01\/07\/utalca-entregara-becas-y-fondos-para-promover-la-igualdad-de-genero\/\">UTalca entregar\u00e1 becas y fondos para promover la igualdad de g\u00e9nero. Se refieren Se refieren Carlos Torres Fuschlocher, rector de la UTalca; Isabel Hern\u00e1ndez Fern\u00e1ndez, secretaria General; Karin Saavedra, directora General de Vinculaci\u00f3n con el Medio; \u00c9rika Retamal, directora del Departamento de Salud P\u00fablica; y Vaitiare de la Fuente, estudiante de Psicolog\u00eda.<\/a><\/p><p>\u00a0<\/p><p><strong>DIARIOTALCA.CL<\/strong><\/p><p><a href=\"https:\/\/diariotalca.cl\/video-un-pequeno-paraiso-en-medio-de-la-ciudad\/\">Un peque\u00f1o para\u00edso en medio de la ciudad. Se refiere Karin Saavedra Redlich, directora General de Vinculaci\u00f3n con el Medio.<\/a><\/p><p>\u00a0<\/p><p><strong>MAULENEWS.COM<\/strong><\/p><p><a href=\"https:\/\/www.maulenews.com\/2023\/01\/experta-preve-aumento-de-casos-de-virus.html\">Experta prev\u00e9 aumento de casos de virus Hanta para este verano. Se refiere Barbra Fern\u00e1ndez Tapia, acad\u00e9mica de la Facultad de Ciencias de la Salud.<\/a><\/p><p>\u00a0<\/p><p><strong>EL HERALDO<\/strong><\/p><p><a href=\"https:\/\/www.litoralpress.cl\/paginaconsultas\/Servicios_NClipSitio\/Get_Imagen_Nota.aspx?LPKey=J7RICXT47UZC2XOZ2U4MJDORV5OB5HQWCOYXUSWPPOX3JBS44DQQBBFENGQDMTSCEFGUHST3RXTO4\">Crean laboratorio para monitorear material particulado de empresas. Se refieren Mar\u00eda Luisa del Campo Hitchfeld, directora del Centro Tecnol\u00f3gico Kipus y Felipe Varas Concha, acad\u00e9mico de la Facultad de Ingenier\u00eda.<\/a><\/p><p>\u00a0<\/p><p><strong>DIARIOELHERALDO.CL<\/strong><\/p><p><a href=\"https:\/\/www.diarioelheraldo.cl\/noticia\/crean-laboratorio-para-monitorear-material-particulado-de-empresas-\">Crean laboratorio para monitorear material particulado de empresas. Se refieren Mar\u00eda Luisa del Campo Hitchfeld, directora del Centro Tecnol\u00f3gico Kipus y Felipe Varas Concha, acad\u00e9mico de la Facultad de Ingenier\u00eda.<\/a><\/p><p>\u00a0<\/p><p><strong>MAULENEWS<\/strong><\/p><p><a href=\"https:\/\/www.maulenews.com\/2023\/01\/crean-laboratorio-para-monitorear.html\">Crean laboratorio para monitorear material particulado de empresas. Se refieren Mar\u00eda Luisa del Campo Hitchfeld, directora del Centro Tecnol\u00f3gico Kipus y Felipe Varas Concha, acad\u00e9mico de la Facultad de Ingenier\u00eda.<\/a><\/p><p>\u00a0<\/p><p><strong>G5NOTICIAS.CL<\/strong><\/p><p><a href=\"https:\/\/g5noticias.cl\/2023\/01\/08\/crean-laboratorio-para-monitorear-material-particulado-de-empresas\/\">Crean laboratorio para monitorear material particulado de empresas. Se refieren Mar\u00eda Luisa del Campo Hitchfeld, directora del Centro Tecnol\u00f3gico Kipus y Felipe Varas Concha, acad\u00e9mico de la Facultad de Ingenier\u00eda.<\/a><\/p><p>\u00a0<\/p><p><strong>EL LECTOR<\/strong><\/p><p><a href=\"https:\/\/www.litoralpress.cl\/paginaconsultas\/Servicios_NClipSitio\/Get_Imagen_Nota.aspx?LPKey=DH7BGN3I2FGE7IUU3U6O5MPR4R2JAR5XSB7RC6Z5DVN2GM252MNQOVRPCLCNVWNCMJS5OYZIUXTSW\">Cooperativas campesinas recibir\u00e1n apoyo para el desarrollo de iniciativas de innovaci\u00f3n. Se refiere Pablo Villalobos Mateluna, acad\u00e9mico de la Facultad de Ciencias Agrarias.<\/a><\/p><p>\u00a0<\/p><p><strong>ELCENTRO.CL<\/strong><\/p><p><a href=\"https:\/\/elcentro.cl\/2023\/01\/06\/sequia-junta-de-vigilancia-del-rio-maule-reclama-estado-critico\/\">Sequ\u00eda: Junta de Vigilancia del R\u00edo Maule reclama estado cr\u00edtico. Se refiere Patricio Gonz\u00e1lez, acad\u00e9mico del Centro de Investigaci\u00f3n y Transferencia en Riego y Agroclimatolog\u00eda (CITRA).<\/a><\/p><p>\u00a0<\/p><p><strong>LA TERCERA<\/strong><\/p><p><a href=\"https:\/\/www.litoralpress.cl\/paginaconsultas\/Servicios_NClipSitio\/Get_Imagen_Nota.aspx?LPKey=PNY5XZZM5PA4SJY3SEVXHDZ5KR3QJRS6JBJEPQXT7ESYZKBTQXT6AAPB5FY7TQBJUZ3Q65NV76522\">\u00bfLa tercera es la vencida? Carta al director de Diego Palomo V\u00e9lez, acad\u00e9mico de la Facultad de Ciencias Jur\u00eddicas y Sociales.<\/a><\/p><p>\u00a0<\/p><p><strong>LA SEGUNDA<\/strong><\/p><p><a href=\"https:\/\/www.litoralpress.cl\/paginaconsultas\/Servicios_NClipSitio\/Get_Imagen_Nota.aspx?LPKey=PGRRKPDV2ZH7DOCPSQJ5FAEUWWMD22RJ6AW2YTSNFV26BT534J4RW33AF2NWHLOU432FQIOUF3OBM\">Supina ignorancia. Carta al director de Diego Palomo V\u00e9lez, acad\u00e9mico de la Facultad de Ciencias Jur\u00eddicas y Sociales.<\/a><\/p><p>\u00a0<\/p><p><strong>LATERCERA.COM<\/strong><\/p><p><a href=\"https:\/\/www.latercera.com\/opinion\/noticia\/la-tercera-es-la-vencida\/LQFDNP4NWRAXZBEBTDKLKBXV54\/\">\u00bfLa tercera es la vencida? Carta al director de Diego Palomo V\u00e9lez, acad\u00e9mico de la Facultad de Ciencias Jur\u00eddicas y Sociales.<\/a><\/p><p>\u00a0<\/p><p><strong>LA DISCUSI\u00d3N DE CHILL\u00c1N<\/strong><\/p><p><a href=\"https:\/\/www.litoralpress.cl\/paginaconsultas\/Servicios_NClipSitio\/Get_Imagen_Nota.aspx?LPKey=MVW2U5BY2F3S7V3NCFGVAIMHVYW63IJ623OORUTOLQ4UZV6V35TAQTSGSYGZQRX6ARR4LYJLLFDHK\">\u00bfLa tercera es la vencida? Carta al director de Diego Palomo V\u00e9lez, acad\u00e9mico de la Facultad de Ciencias Jur\u00eddicas y Sociales.<\/a><\/p><p>\u00a0<\/p><p><strong>CANAL MEGA<\/strong><\/p><p><a href=\"https:\/\/www.litoralpress.cl\/sitio\/RadioTV_Detalles.cshtml?LPKey=NEOJ3NHTW22TOPIDJFN4MWQQAOKEGX6GPGMYVGD5KKUSQMOUWP5ZRW4AZQBSD3E5LID2T4OQYIGSI\">Panel sobre actualidad pol\u00edtica. Se refiere Mauricio Morales Quiroga, director del Centro de An\u00e1lisis Pol\u00edtico (CAP).<\/a><\/p><p>\u00a0<\/p><p><strong>CANAL MEGA<\/strong><\/p><p><a href=\"https:\/\/www.litoralpress.cl\/sitio\/RadioTV_Detalles.cshtml?LPKey=XUGCOHZIPAQOF4COP5UELAOQTL37TIKFCOGJY27GQMUQDCWFSUHZ5EUND6MKICQH4VZ5EOFDC7JRC\">Diversas reacciones en el mundo pol\u00edtico gener\u00f3 la renuncia de la exministra de Justicia Marcela R\u00edos tras 10 meses en el cargo. Se refiere Mauricio Morales Quiroga, director del Centro de An\u00e1lisis Pol\u00edtico (CAP).<\/a><\/p><p>\u00a0<\/p><p><strong>RADIO INFINITA<\/strong><\/p><p><a href=\"https:\/\/www.litoralpress.cl\/sitio\/RadioTV_Detalles.cshtml?LPKey=6TQ4MA2XNNXRWXYYCWCDLZ4XGYKKF7MZ62H6ZFK2F7IQ6RQIMHKFU6QBRJRUDIOSMFFFSFQ2QESKK\">Comentario de Mauricio Morales Quiroga, director del Centro de An\u00e1lisis Pol\u00edtico (CAP).<\/a><\/p><p>\u00a0<\/p><p><strong>EL MERCURIO DE VALPARA\u00cdSO<\/strong><\/p><p><a href=\"https:\/\/www.litoralpress.cl\/sitio\/Prensa_PaginaCompleta.cshtml?LPKey=AR3CKEJEVNDNI4XDYZV5CLRFJM3H6B3UXL6WWMPVD55KE6YUZ4TA\">La tormenta de fin de a\u00f1o y el complejo 2023 del Presidente. Se refiere Mauricio Morales Quiroga, director del Centro de An\u00e1lisis Pol\u00edtico (CAP).<\/a><\/p><p>\u00a0<\/p><p><strong>MEGANOTICIAS.CL<\/strong><\/p><p><a href=\"https:\/\/www.meganoticias.cl\/nacional\/401795-mauricio-morales-academico-encuesta-cadem-desaprobacion-mas-alta-del-presidente-boric-gobernar-con-miedo-08-01-2023.html\">Mauricio Morales y an\u00e1lisis de encuesta Cadem por hist\u00f3rica desaprobaci\u00f3n del Presidente Boric: &#8220;Gobernar con miedo&#8221;. Se refiere el director del Centro de An\u00e1lisis Pol\u00edtico (CAP).<\/a><\/p><p>\u00a0<\/p><p><strong>PJUD.CL<\/strong><\/p><p><a href=\"https:\/\/www.pjud.cl\/prensa-y-comunicaciones\/noticias-del-poder-judicial\/85249\">Corte Suprema realiza seminario de cierre de curso de capacitaci\u00f3n sobre ley de garant\u00edas y derechos de la ni\u00f1ez y adolescencia. Se menciona a Isaac Ravetllat, acad\u00e9mico de la Facultad de Ciencias Jur\u00eddicas y Sociales.<\/a><\/p><p>\u00a0<\/p><p><strong>G5NOTICIAS.CL<\/strong><\/p><p><a href=\"https:\/\/g5noticias.cl\/2023\/01\/06\/con-exito-se-llevo-a-cabo-la-segunda-mesa-tecnica-de-productores-de-uva-en-la-region-de-valparaiso\/\">Con \u00e9xito se llev\u00f3 a cabo la segunda mesa t\u00e9cnica de productores de uva en la regi\u00f3n de Valpara\u00edso. Se menciona a Eduardo Fuentes, acad\u00e9mico de la UTalca.<\/a><\/p><p>\u00a0<\/p><p><strong>LATERCERA.COM<\/strong><\/p><p><a href=\"https:\/\/www.latercera.com\/pulso\/noticia\/matias-belmonte-asume-como-subjefe-de-la-division-anticarteles-de-la-fiscalia-nacional-economica\/ON525UWOZBCMVBUQNBMPHVWVYQ\/\">Mat\u00edas Belmonte asume como subjefe de la Divisi\u00f3n Anticarteles de la Fiscal\u00eda Nacional Econ\u00f3mica. Se menciona al Mag\u00edster en Derecho Penal.<\/a><\/p><p>\u00a0<\/p><p><strong>ELCENTRO.CL<\/strong><\/p><p><a href=\"https:\/\/elcentro.cl\/2023\/01\/08\/claudia-soto-inaugura-escultura-rayun-en-centro-de-extension-utalca\/\">Claudia Soto inaugura Escultura Rayun en Centro de Extensi\u00f3n UTalca.<\/a><\/p><p>\u00a0<\/p><p><strong>EL LECTOR<\/strong><\/p><p><a href=\"https:\/\/www.litoralpress.cl\/paginaconsultas\/Servicios_NClipSitio\/Get_Imagen_Nota.aspx?LPKey=JH7PQIS7CCBHTTNHGHKUHUJPDOVEZZSJIKMFM3WH5AM7ZP2LPOZCSRABFHKRXSQ5J7MOAKVYFRRNW\">UTalca invita a participar en sus Talleres de Verano. Se refiere Marcela Albornoz Dachelet, directora de Extensi\u00f3n Cultural-Art\u00edstica.<\/a><\/p><p>\u00a0<\/p><p><strong>ADPRENSA.CL<\/strong><\/p><p><a href=\"https:\/\/www.adprensa.cl\/cronica\/utalca-invita-a-participar-en-sus-talleres-de-verano\/\">UTalca invita a participar en sus Talleres de Verano. Se refiere Marcela Albornoz Dachelet, directora de Extensi\u00f3n Cultural-Art\u00edstica.<\/a><\/p><p>\u00a0<\/p><p><strong>MEDIABANCO.COM<\/strong><\/p><p><a href=\"https:\/\/www.mediabanco.com\/utalca-invita-a-participar-en-sus-talleres-de-verano\/\">UTalca invita a participar en sus Talleres de Verano. Se refiere Marcela Albornoz Dachelet, directora de Extensi\u00f3n Cultural-Art\u00edstica.<\/a><\/p><p>\u00a0<\/p><p><strong>DIARIOTALCA.CL<\/strong><\/p><p><a href=\"https:\/\/diariotalca.cl\/quiere-aprender-algo-nuevo-utalca-invita-a-sus-talleres-de-verano\/\">\u00bfQuiere aprender algo nuevo? UTalca invita a sus Talleres de Verano. Se refiere Marcela Albornoz Dachelet, directora de Extensi\u00f3n Cultural-Art\u00edstica.<\/a><\/p><p>\u00a0<\/p><p><strong>ELMAULEINFORMA.CL<\/strong><\/p><p><a href=\"https:\/\/elmauleinforma.cl\/utalca-invita-a-participar-en-sus-talleres-gratuitos-de-verano\/\">UTalca invita a participar en sus Talleres de Verano en Curic\u00f3 y Talca. Se refiere Marcela Albornoz Dachelet, directora de Extensi\u00f3n Cultural-Art\u00edstica.<\/a><\/p><p>\u00a0<\/p><p><strong>MAULENEWS.COM<\/strong><\/p><p><a href=\"https:\/\/www.maulenews.com\/2023\/01\/utalca-invita-participar-en-sus.html\">UTalca invita a participar en sus Talleres de Verano en Curic\u00f3 y Talca. Se refiere Marcela Albornoz Dachelet, directora de Extensi\u00f3n Cultural-Art\u00edstica.<\/a><\/p><p>\u00a0<\/p><p><strong>PUBLIMICRO.CL<\/strong><\/p><p><a href=\"https:\/\/publimicro.cl\/atractivo-panorama-para-los-maulinos-ofrece-la-universidad-de-talca-con-sus-talleres-de-verano\/\">Atractivo panorama para los maulinos ofrece la Universidad de Talca con sus Talleres de Verano. Se refiere Marcela Albornoz Dachelet, directora de Extensi\u00f3n Cultural-Art\u00edstica.<\/a><\/p><p>\u00a0<\/p><p><strong>MAULENEWS.COM<\/strong><\/p><p><a href=\"https:\/\/www.maulenews.com\/2023\/01\/escuela-padre-hurtado-de-curico-gano.html\">Escuela Padre Hurtado de Curic\u00f3 gan\u00f3 Concurso Descubriendo Talentos Cient\u00edficos de la UTalca. Se refieren Karin Saavedra, directora General de Vinculaci\u00f3n con el Medio y C\u00e9sar Retamal, acad\u00e9mico de la Facultad de Ingenier\u00eda.<\/a><\/p><p>\u00a0<\/p>\t\t\t\t\t\t<\/div>\n\t\t\t\t<\/div>\n\t\t\t\t\t<\/div>\n\t\t<\/div>\n\t\t\t\t\t\t\t<\/div>\n\t\t<\/section>\n\t\t\t\t\t\t<\/div>\n\t\t\t\t\t<\/div>\n\t\t","protected":false},"excerpt":{"rendered":"<p>EL LECTOR Premio Nobel de la Paz se presentar\u00e1 en el Congreso Futuro 2023 Maule. Se refiere Carlos Torres Fuschlocher, rector de la UTalca. \u00a0 PORTALEDUCA.CL Premio Nobel de la Paz se presentar\u00e1 en el Congreso Futuro 2023 Maule. Se refiere Carlos Torres Fuschlocher, rector de la UTalca. \u00a0 TVMAULE.CL Premio Nobel de la Paz &hellip;<\/p>\n<p class=\"read-more\"> <a class=\"\" href=\"https:\/\/www.reportedeprensa.utalca.cl\/?p=6293\"> <span class=\"screen-reader-text\">09 de enero de 2023<\/span> Read More &raquo;<\/a><\/p>\n","protected":false},"author":1,"featured_media":0,"comment_status":"closed","ping_status":"open","sticky":false,"template":"","format":"standard","meta":{"_monsterinsights_skip_tracking":false,"_monsterinsights_sitenote_active":false,"_monsterinsights_sitenote_note":"","_monsterinsights_sitenote_category":0},"categories":[29],"tags":[],"_links":{"self":[{"href":"https:\/\/www.reportedeprensa.utalca.cl\/index.php?rest_route=\/wp\/v2\/posts\/6293"}],"collection":[{"href":"https:\/\/www.reportedeprensa.utalca.cl\/index.php?rest_route=\/wp\/v2\/posts"}],"about":[{"href":"https:\/\/www.reportedeprensa.utalca.cl\/index.php?rest_route=\/wp\/v2\/types\/post"}],"author":[{"embeddable":true,"href":"https:\/\/www.reportedeprensa.utalca.cl\/index.php?rest_route=\/wp\/v2\/users\/1"}],"replies":[{"embeddable":true,"href":"https:\/\/www.reportedeprensa.utalca.cl\/index.php?rest_route=%2Fwp%2Fv2%2Fcomments&post=6293"}],"version-history":[{"count":4,"href":"https:\/\/www.reportedeprensa.utalca.cl\/index.php?rest_route=\/wp\/v2\/posts\/6293\/revisions"}],"predecessor-version":[{"id":6297,"href":"https:\/\/www.reportedeprensa.utalca.cl\/index.php?rest_route=\/wp\/v2\/posts\/6293\/revisions\/6297"}],"wp:attachment":[{"href":"https:\/\/www.reportedeprensa.utalca.cl\/index.php?rest_route=%2Fwp%2Fv2%2Fmedia&parent=6293"}],"wp:term":[{"taxonomy":"category","embeddable":true,"href":"https:\/\/www.reportedeprensa.utalca.cl\/index.php?rest_route=%2Fwp%2Fv2%2Fcategories&post=6293"},{"taxonomy":"post_tag","embeddable":true,"href":"https:\/\/www.reportedeprensa.utalca.cl\/index.php?rest_route=%2Fwp%2Fv2%2Ftags&post=6293"}],"curies":[{"name":"wp","href":"https:\/\/api.w.org\/{rel}","templated":true}]}}