{"id":6308,"date":"2023-01-10T08:14:41","date_gmt":"2023-01-10T11:14:41","guid":{"rendered":"https:\/\/www.reportedeprensa.utalca.cl\/?p=6308"},"modified":"2023-01-10T08:19:59","modified_gmt":"2023-01-10T11:19:59","slug":"10-de-enero-de-2023","status":"publish","type":"post","link":"https:\/\/www.reportedeprensa.utalca.cl\/?p=6308","title":{"rendered":"10 de enero de 2023"},"content":{"rendered":"\t\t<div data-elementor-type=\"wp-post\" data-elementor-id=\"6308\" class=\"elementor elementor-6308\" data-elementor-settings=\"[]\">\n\t\t\t\t\t\t\t<div class=\"elementor-section-wrap\">\n\t\t\t\t\t\t\t<section class=\"elementor-section elementor-top-section elementor-element elementor-element-2a4b4b83 elementor-section-boxed elementor-section-height-default elementor-section-height-default\" data-id=\"2a4b4b83\" data-element_type=\"section\">\n\t\t\t\t\t\t<div class=\"elementor-container elementor-column-gap-default\">\n\t\t\t\t\t<div class=\"elementor-column elementor-col-100 elementor-top-column elementor-element elementor-element-24a78540\" data-id=\"24a78540\" data-element_type=\"column\">\n\t\t\t<div class=\"elementor-widget-wrap elementor-element-populated\">\n\t\t\t\t\t\t\t\t<div class=\"elementor-element elementor-element-55b07e54 elementor-widget elementor-widget-text-editor\" data-id=\"55b07e54\" data-element_type=\"widget\" data-widget_type=\"text-editor.default\">\n\t\t\t\t<div class=\"elementor-widget-container\">\n\t\t\t\t\t\t\t\t<p><strong>TALCACAPITAL.CL<\/strong><\/p><p><a href=\"https:\/\/talcacapital.cl\/utalca-entregara-becas-y-fondos-para-promover-la-igualdad-de-genero\/\">UTalca entregar\u00e1 becas y fondos para promover la igualdad de g\u00e9nero. Se refieren Carlos Torres Fuschlocher, rector de la UTalca; Isabel Hern\u00e1ndez Fern\u00e1ndez, secretaria General; Karin Saavedra, directora General de Vinculaci\u00f3n con el Medio; \u00c9rika Retamal, directora del Departamento de Salud P\u00fablica; y Vaitiare de la Fuente, estudiante de Psicolog\u00eda.<\/a><\/p><p>\u00a0<\/p><p><strong>CANAL TV5 LINARES<\/strong><\/p><p><a href=\"https:\/\/www.litoralpress.cl\/sitio\/RadioTV_Detalles.cshtml?LPKey=ML565AJ4N3JOIIPIXFSEMJ35EECX2TVODROA2BEZTXTNXVLSFT4OYCMYFQ5LE6SIBZ4NOJ2YFMCNS\">Balance 2022 de la pandemia del Covid-19. Se refiere Daniel Jim\u00e9nez Acu\u00f1a, director de Salud del Estudiante.<\/a><\/p><p>\u00a0<\/p><p><strong>LA PRENSA<\/strong><\/p><p><a href=\"https:\/\/www.litoralpress.cl\/paginaconsultas\/Servicios_NClipSitio\/Get_Imagen_Nota.aspx?LPKey=LUT7IN7H4B44I5MRRMPEYQ2TTMKTOUPPXAMNITXA2ZWWIS4OWPRANDISUZLFJFU535P5NQ66ZCLJG\">Estudiantes de Kinesiolog\u00eda eval\u00faan h\u00e1bitos de ni\u00f1os. Se refiere Viviana Estrada, acad\u00e9mica de la Facultad de Ciencias de la Salud.<\/a><\/p><p>\u00a0<\/p><p><strong>MAULENEWS.COM<\/strong><\/p><p><a href=\"https:\/\/www.maulenews.com\/2023\/01\/estudiantes-de-kinesiologia-utalca.html\">Estudiantes de Kinesiolog\u00eda UTalca evaluaron h\u00e1bitos de ni\u00f1os talquinos. Se refiere Viviana Estrada, acad\u00e9mica de la Facultad de Ciencias de la Salud.<\/a><\/p><p>\u00a0<\/p><p><strong>CANAL CNN CHILE<\/strong><\/p><p><a href=\"https:\/\/www.litoralpress.cl\/sitio\/RadioTV_Detalles.cshtml?LPKey=7I463NWITNXL5NRX6TNHMZJXJ3HSKR6K7IEBW3PNEIQGE6WGJ7DJU3QC5WEWI4EBPC2QFEGTXUBKA\">Materiales de construcci\u00f3n \u00bfSe ajustan precios? Se refiere Armando Dur\u00e1n Bustamante, acad\u00e9mico de la Facultad de Ingenier\u00eda.<\/a><\/p><p>\u00a0<\/p><p><strong>MEDIABANCO.COM<\/strong><\/p><p><a href=\"https:\/\/www.mediabanco.com\/el-espacio-sera-el-protagonista-en-divulgacion-cientifica-en-el-maule\/\">El espacio ser\u00e1 el protagonista en divulgaci\u00f3n cient\u00edfica en el Maule. Se refieren Karin Saavedra Redlich, directora General de Vinculaci\u00f3n con el Medio y Daniela Olave Rojas, acad\u00e9mica de la Facultad de Ingenier\u00eda.<\/a><\/p><p>\u00a0<\/p><p><strong>G5NOTICIAS.CL<\/strong><\/p><p><a href=\"https:\/\/g5noticias.cl\/2023\/01\/10\/el-espacio-sera-el-protagonista-en-divulgacion-cientifica-en-el-maule\/\">El espacio ser\u00e1 el protagonista en divulgaci\u00f3n cient\u00edfica en el Maule. Se refieren Karin Saavedra Redlich, directora General de Vinculaci\u00f3n con el Medio y Daniela Olave Rojas, acad\u00e9mica de la Facultad de Ingenier\u00eda.<\/a><\/p><p>\u00a0<\/p><p><strong>APROXIMACIONALFUTURO.WORDPRESS.COM<\/strong><\/p><p><a href=\"https:\/\/aproximacionalfuturo.wordpress.com\/2023\/01\/09\/cuales-son-las-novedades-en-el-social-media-marketing-del-comercio-moderno\/\">\u00bfCu\u00e1les son las novedades en el Social Media Marketing del comercio moderno? Se menciona a Cristian Vidal Silva, acad\u00e9mico de la Escuela de Ingenier\u00eda en Desarrollo de Videojuegos y Realidad Virtual.<\/a><\/p><p>\u00a0<\/p><p><strong>CANAL MEGA<\/strong><\/p><p><a href=\"https:\/\/www.litoralpress.cl\/sitio\/RadioTV_Detalles.cshtml?LPKey=SM2IN3KDSVTUYKAUTFJCC4UCRR5XCFYMJ57TQ5Q4BWTJQ7YB5HHN3ESI7SOEN3HZQ5GKMQ4CRRJZA\">Controversia tras la renuncia de la ministra de Justicia por caso indultos. Se refiere Mauricio Morales Quiroga, director del Centro de An\u00e1lisis Pol\u00edtico (CAP).<\/a><\/p><p>\u00a0<\/p><p><strong>CANAL MEGA PLUS<\/strong><\/p><p><a href=\"https:\/\/www.litoralpress.cl\/sitio\/RadioTV_Detalles.cshtml?LPKey=RJLQRP7SMYQJK3T2QRID6BKKVOXSEOX2C2NCI6TBA5YMWPIEGH2MSDPGJ5LC3AUMTDKGOV4XUYELK\">Entrevista a Mauricio Morales Quiroga, director del Centro de An\u00e1lisis Pol\u00edtico (CAP).<\/a><\/p><p>\u00a0<\/p><p><strong>RADIO INFINITA<\/strong><\/p><p><a href=\"https:\/\/www.litoralpress.cl\/sitio\/RadioTV_Detalles.cshtml?LPKey=E6U3MZI5BDLE4RG7GJJD3S7CVKWSWXUMSWNP5M354NQA24MWA6IYLYNS6WI2HJSPUQIFTRULGR3VM\">Comentario de Mauricio Morales Quiroga, director del Centro de An\u00e1lisis Pol\u00edtico (CAP).<\/a><\/p><p>\u00a0<\/p><p><strong>ELMOSTRADOR.CL<\/strong><\/p><p><a href=\"https:\/\/www.elmostrador.cl\/noticias\/pais\/2023\/01\/10\/cronica-de-una-designacion-anunciada-abogado-angel-valencia-vasquez-es-el-nuevo-fiscal-nacional\/\">Cr\u00f3nica de una designaci\u00f3n anunciada: abogado \u00c1ngel Valencia V\u00e1squez es el nuevo Fiscal Nacional. Se refiere Mauricio Morales Quiroga, director del Centro de An\u00e1lisis Pol\u00edtico (CAP).<\/a><\/p><p>\u00a0<\/p><p><strong>REDAGRICOLA.COM<\/strong><\/p><p><a href=\"https:\/\/www.redagricola.com\/cl\/exportadores-de-manzanas-buscan-en-brasil-el-mercado-perdido-en-europa\/\">Exportadores de manzanas buscan en Brasil el mercado perdido en Europa. Se menciona al Centro de Pom\u00e1ceas.<\/a><\/p><p>\u00a0<\/p><p><strong>DIARIOSENRED.COM<\/strong><\/p><p><a href=\"https:\/\/diariosenred.com\/regional\/utalca-invita-a-participar-en-sus-talleres-de-verano\">UTalca invita a participar en sus talleres de verano. Se refiere Marcela Albornoz Dachelet, directora de Extensi\u00f3n Cultural-Art\u00edstica.<\/a><\/p><p>\u00a0<\/p><p><strong>REDMAULE.COM<\/strong><\/p><p><a href=\"https:\/\/www.redmaule.com\/regional\/utalca-invita-a-participar-en-sus-talleres-de-verano\">UTalca invita a participar en sus talleres de verano. Se refiere Marcela Albornoz Dachelet, directora de Extensi\u00f3n Cultural-Art\u00edstica.<\/a><\/p><p>\u00a0<\/p><p><strong>REDOHIGGINS.COM<\/strong><\/p><p><a href=\"https:\/\/redohiggins.com\/regional\/utalca-invita-a-participar-en-sus-talleres-de-verano\">UTalca invita a participar en sus talleres de verano. Se refiere Marcela Albornoz Dachelet, directora de Extensi\u00f3n Cultural-Art\u00edstica.<\/a><\/p><p>\u00a0<\/p><p><strong>MAULENEWS.COM<\/strong><\/p><p><a href=\"https:\/\/www.maulenews.com\/2023\/01\/universidad-de-talca-suma-nueva-obra-su.html\">Universidad de Talca suma nueva obra a su Parque de las Esculturas.<\/a><\/p><p>\u00a0<\/p>\t\t\t\t\t\t<\/div>\n\t\t\t\t<\/div>\n\t\t\t\t\t<\/div>\n\t\t<\/div>\n\t\t\t\t\t\t\t<\/div>\n\t\t<\/section>\n\t\t\t\t\t\t<\/div>\n\t\t\t\t\t<\/div>\n\t\t","protected":false},"excerpt":{"rendered":"<p>TALCACAPITAL.CL UTalca entregar\u00e1 becas y fondos para promover la igualdad de g\u00e9nero. Se refieren Carlos Torres Fuschlocher, rector de la UTalca; Isabel Hern\u00e1ndez Fern\u00e1ndez, secretaria General; Karin Saavedra, directora General de Vinculaci\u00f3n con el Medio; \u00c9rika Retamal, directora del Departamento de Salud P\u00fablica; y Vaitiare de la Fuente, estudiante de Psicolog\u00eda. \u00a0 CANAL TV5 LINARES &hellip;<\/p>\n<p class=\"read-more\"> <a class=\"\" href=\"https:\/\/www.reportedeprensa.utalca.cl\/?p=6308\"> <span class=\"screen-reader-text\">10 de enero de 2023<\/span> Read More &raquo;<\/a><\/p>\n","protected":false},"author":1,"featured_media":0,"comment_status":"closed","ping_status":"open","sticky":false,"template":"","format":"standard","meta":{"_monsterinsights_skip_tracking":false,"_monsterinsights_sitenote_active":false,"_monsterinsights_sitenote_note":"","_monsterinsights_sitenote_category":0},"categories":[29],"tags":[],"_links":{"self":[{"href":"https:\/\/www.reportedeprensa.utalca.cl\/index.php?rest_route=\/wp\/v2\/posts\/6308"}],"collection":[{"href":"https:\/\/www.reportedeprensa.utalca.cl\/index.php?rest_route=\/wp\/v2\/posts"}],"about":[{"href":"https:\/\/www.reportedeprensa.utalca.cl\/index.php?rest_route=\/wp\/v2\/types\/post"}],"author":[{"embeddable":true,"href":"https:\/\/www.reportedeprensa.utalca.cl\/index.php?rest_route=\/wp\/v2\/users\/1"}],"replies":[{"embeddable":true,"href":"https:\/\/www.reportedeprensa.utalca.cl\/index.php?rest_route=%2Fwp%2Fv2%2Fcomments&post=6308"}],"version-history":[{"count":4,"href":"https:\/\/www.reportedeprensa.utalca.cl\/index.php?rest_route=\/wp\/v2\/posts\/6308\/revisions"}],"predecessor-version":[{"id":6312,"href":"https:\/\/www.reportedeprensa.utalca.cl\/index.php?rest_route=\/wp\/v2\/posts\/6308\/revisions\/6312"}],"wp:attachment":[{"href":"https:\/\/www.reportedeprensa.utalca.cl\/index.php?rest_route=%2Fwp%2Fv2%2Fmedia&parent=6308"}],"wp:term":[{"taxonomy":"category","embeddable":true,"href":"https:\/\/www.reportedeprensa.utalca.cl\/index.php?rest_route=%2Fwp%2Fv2%2Fcategories&post=6308"},{"taxonomy":"post_tag","embeddable":true,"href":"https:\/\/www.reportedeprensa.utalca.cl\/index.php?rest_route=%2Fwp%2Fv2%2Ftags&post=6308"}],"curies":[{"name":"wp","href":"https:\/\/api.w.org\/{rel}","templated":true}]}}