{"id":6323,"date":"2023-01-11T11:12:44","date_gmt":"2023-01-11T14:12:44","guid":{"rendered":"https:\/\/www.reportedeprensa.utalca.cl\/?p=6323"},"modified":"2023-01-11T11:16:21","modified_gmt":"2023-01-11T14:16:21","slug":"11-de-enero-de-2023","status":"publish","type":"post","link":"https:\/\/www.reportedeprensa.utalca.cl\/?p=6323","title":{"rendered":"11 de enero de 2023"},"content":{"rendered":"\t\t<div data-elementor-type=\"wp-post\" data-elementor-id=\"6323\" class=\"elementor elementor-6323\" data-elementor-settings=\"[]\">\n\t\t\t\t\t\t\t<div class=\"elementor-section-wrap\">\n\t\t\t\t\t\t\t<section class=\"elementor-section elementor-top-section elementor-element elementor-element-2a4b4b83 elementor-section-boxed elementor-section-height-default elementor-section-height-default\" data-id=\"2a4b4b83\" data-element_type=\"section\">\n\t\t\t\t\t\t<div class=\"elementor-container elementor-column-gap-default\">\n\t\t\t\t\t<div class=\"elementor-column elementor-col-100 elementor-top-column elementor-element elementor-element-24a78540\" data-id=\"24a78540\" data-element_type=\"column\">\n\t\t\t<div class=\"elementor-widget-wrap elementor-element-populated\">\n\t\t\t\t\t\t\t\t<div class=\"elementor-element elementor-element-55b07e54 elementor-widget elementor-widget-text-editor\" data-id=\"55b07e54\" data-element_type=\"widget\" data-widget_type=\"text-editor.default\">\n\t\t\t\t<div class=\"elementor-widget-container\">\n\t\t\t\t\t\t\t\t<p><strong>CANAL TVN RED MAULE<\/strong><\/p><p><a href=\"https:\/\/www.litoralpress.cl\/sitio\/RadioTV_Detalles.cshtml?LPKey=UY3NZTLLSTTUX5YJIMFOVYEUAC4ZKSNZT672IWAVJTCCIOT3HPABRDJDHKP623HGK7P54GO2MRSSG\">Se sum\u00f3 nueva obra al parque de esculturas de la Universidad de Talca.<\/a><\/p><p>\u00a0<\/p><p><strong>24HORAS.CL<\/strong><\/p><p><a href=\"https:\/\/www.24horas.cl\/regiones\/zona-centro\/maule\/se-sumo-nueva-obra-al-parque-de-esculturas-de-la-universidad-de-talca\">Se sum\u00f3 nueva obra al parque de esculturas de la Universidad de Talca.<\/a><\/p><p>\u00a0<\/p><p><strong>MEDIABANCO.COM<\/strong><\/p><p><a href=\"https:\/\/www.mediabanco.com\/universidad-de-talca-suma-nueva-obra-a-su-parque-de-las-esculturas\/\">Universidad de Talca suma nueva obra a su Parque de las Esculturas. Se refieren Carlos Torres Fuschlocher, rector de la UTalca y Marcela Albornoz Dachelet, directora de Extensi\u00f3n Cultural-Art\u00edstica.<\/a><\/p><p>\u00a0<\/p><p><strong>TVMAULE.CL<\/strong><\/p><p><a href=\"https:\/\/www.tvmaule.cl\/universidad-de-talca-suma-nueva-obra-a-su-parque-de-las-esculturas\/\">Universidad de Talca suma nueva obra a su Parque de las Esculturas. Se refieren Carlos Torres Fuschlocher, rector de la UTalca y Marcela Albornoz Dachelet, directora de Extensi\u00f3n Cultural-Art\u00edstica.<\/a><\/p><p>\u00a0<\/p><p><strong>RADIONUEVOMUNDO.CL<\/strong><\/p><p><a href=\"https:\/\/radionuevomundo.cl\/2023\/01\/10\/congreso-futuro-se-expande-a-regiones-con-tematicas-de-interes-local\/\">Congreso Futuro se expande a regiones con tem\u00e1ticas de inter\u00e9s local. Se refiere Roberto Jara Rojas, director de Investigaci\u00f3n.<\/a><\/p><p>\u00a0<\/p><p><strong>TOURINNOVACION.CL<\/strong><\/p><p><a href=\"https:\/\/www.tourinnovacion.cl\/eventos\/premio-nobel-de-la-paz-se-presenta-en-el-congreso-futuro-2023-maule\/\">Premio Nobel de la Paz se presenta en el Congreso Futuro 2023 Maule. Se refiere Carlos Torres Fuschlocher, rector de la UTalca.\u00a0<\/a><\/p><p>\u00a0<\/p><p><strong>ADPRENSA.CL<\/strong><\/p><p><a href=\"https:\/\/www.adprensa.cl\/cronica\/universidad-de-talca-se-adjudica-ocho-nuevos-proyectos-de-investigadores-jovenes\/\">Universidad de Talca se adjudica ocho nuevos proyectos de investigadores j\u00f3venes. Se refiere Cristian Rojas Barahona, vicerrector Acad\u00e9mico.<\/a><\/p><p>\u00a0<\/p><p><strong>MEDIABANCO.COM<\/strong><\/p><p><a href=\"https:\/\/www.mediabanco.com\/universidad-de-talca-se-adjudica-ocho-nuevos-proyectos-de-investigadores-jovenes\/\">Universidad de Talca se adjudica ocho nuevos proyectos de investigadores j\u00f3venes. Se refiere Cristian Rojas Barahona, vicerrector Acad\u00e9mico.<\/a><\/p><p>\u00a0<\/p><p><strong>MASQUENOTICIAS.CL<\/strong><\/p><p><a href=\"https:\/\/masquenoticias.cl\/2023\/01\/10\/universidad-de-talca-se-adjudica-ocho-nuevos-proyectos-de-investigadores-jovenes\/\">Universidad de Talca se adjudica ocho nuevos proyectos de investigadores j\u00f3venes. Se refiere Cristian Rojas Barahona, vicerrector Acad\u00e9mico.<\/a><\/p><p>\u00a0<\/p><p><strong>REDGOL.CL<\/strong><\/p><p><a href=\"https:\/\/redgol.cl\/tendencias\/Cuando-publican-los-resultados-de-la-postulacion-a-universidades-20230109-0119.html\">Admisi\u00f3n 2023 \u00bfCu\u00e1ndo se publican los resultados de la postulaci\u00f3n a universidades? Se menciona a la UTalca.<\/a><\/p><p>\u00a0<\/p><p><strong>LAS \u00daLTIMAS NOTICIAS<\/strong><\/p><p><a href=\"https:\/\/www.litoralpress.cl\/sitio\/Prensa_Detalles.cshtml?LPKey=72DGKJF2K6WCEID33GZ57TW2MXHXLFKOCHWACRSQP5A4GYSR7UQQ\">\u00bfAburrido de mirar por la ventana en el auto? Audi mostr\u00f3 sistema de realidad virtual que entretiene a los pasajeros. Se refiere Felipe Besoa\u00edn Pino, director del Departamento de Visualizaci\u00f3n Interactiva y Realidad Virtual.<\/a><\/p><p>\u00a0<\/p><p><strong>BIOBIOCHILE.CL<\/strong><\/p><p><a href=\"https:\/\/www.biobiochile.cl\/especial\/aqui-tierra\/noticias\/2023\/01\/10\/estudio-matematico-elige-mejor-opcion-de-energia-para-instalar-y-flexibilizar-red-electrica-chilena.shtml\">Estudio matem\u00e1tico elige mejor opci\u00f3n energ\u00e9tica para instalar y flexibilizar red el\u00e9ctrica chilena. Se refiere Eduardo \u00c1lvarez Miranda, acad\u00e9mico de la Facultad de Econom\u00eda y Negocios (FEN).<\/a><\/p><p>\u00a0<\/p><p><strong>EL LECTOR<\/strong><\/p><p><a href=\"https:\/\/www.litoralpress.cl\/paginaconsultas\/Servicios_NClipSitio\/Get_Imagen_Nota.aspx?LPKey=MLRQII4XDBZRDXAUDQ6BVNGJBQGSGJDYLSBBYU3HM35FTI65OOLAQTXSTXTFUYQC2ILCK7SH3OOLY\">Estudiantes de Kinesiolog\u00eda UTalca evaluaron h\u00e1bitos de ni\u00f1os talquinos. Se refiere Viviana Estrada, acad\u00e9mica de la Facultad de Ciencias de la Salud. \u00a0<\/a><\/p><p>\u00a0<\/p><p><strong>RADIO LAUTARO<\/strong><\/p><p><a href=\"https:\/\/www.litoralpress.cl\/sitio\/RadioTV_Detalles.cshtml?LPKey=QDTCCGWSP34BILCGZFPQDNXL3XXH36N5S2ULMRVKT5K7NQBTSJ4XI2DA67CMUUUSJEHZVI4JNHXPK\">Cuidado de la piel durante el verano. Entrevista a Mar\u00eda Ester Mu\u00f1oz S\u00e1nchez, acad\u00e9mica de la Escuela de Enfermer\u00eda.<\/a><\/p><p>\u00a0<\/p><p><strong>LA SEGUNDA<\/strong><\/p><p><a href=\"https:\/\/www.litoralpress.cl\/sitio\/Prensa_PaginaCompleta.cshtml?LPKey=GRACG4SK2MCVWOYXP4G3QLVPC3A34C23CJ2L75BLH5NOEWGVIZOA\">R\u00edos bajo \u00abfuego amigo\u00bb: C\u00f3mo defenderse en la acusaci\u00f3n constitucional. Se refiere Mauricio Morales Quiroga, director del Centro de An\u00e1lisis Pol\u00edtico (CAP).<\/a><\/p><p>\u00a0<\/p><p><strong>ELCENTRO.CL<\/strong><\/p><p><a href=\"https:\/\/elcentro.cl\/2023\/01\/10\/ecosistemas-innovadores-mas-oportunidades-de-emprender\/\">Ecosistemas innovadores, m\u00e1s oportunidades de emprender. Columna de opini\u00f3n de Carlos Sanhueza V\u00e1squez, jefe del \u00c1rea de Emprendimiento de la Vicerrector\u00eda de Innovaci\u00f3n.<\/a><\/p><p>\u00a0<\/p><p><strong>RADIO INFINITA<\/strong><\/p><p><a href=\"https:\/\/www.litoralpress.cl\/sitio\/RadioTV_Detalles.cshtml?LPKey=T4P6JBGOLJZ4MP4SVXXR73N7EKRHM7O3RH4V2WDVJGYOI5LE3ARQQCTTIWDQZIMPIWCI7OFP547XU\">Comentario de Mauricio Morales Quiroga, director del Centro de An\u00e1lisis Pol\u00edtico (CAP).<\/a><\/p><p>\u00a0<\/p><p><strong>CHILEESNOTICIA.COM<\/strong><\/p><p><a href=\"https:\/\/chileesnoticia.com\/2023\/01\/10\/cronica-de-una-designacion-anunciada-abogado-angel-valencia-vasquez-es-el-nuevo-fiscal-nacional\/\">Cr\u00f3nica de una designaci\u00f3n anunciada: abogado \u00c1ngel Valencia V\u00e1squez es el nuevo Fiscal Nacional. Se refiere Mauricio Morales Quiroga, director del Centro de An\u00e1lisis Pol\u00edtico (CAP).<\/a><\/p><p>\u00a0<\/p><p><strong>NINAFM.CL<\/strong><\/p><p><a href=\"https:\/\/ninafm.cl\/2023\/01\/10\/cronica-de-una-designacion-anunciada-abogado-angel-valencia-vasquez-es-el-nuevo-fiscal-nacional\/\">Cr\u00f3nica de una designaci\u00f3n anunciada: abogado \u00c1ngel Valencia V\u00e1squez es el nuevo Fiscal Nacional. Se refiere Mauricio Morales Quiroga, director del Centro de An\u00e1lisis Pol\u00edtico (CAP).<\/a><\/p><p>\u00a0<\/p>\t\t\t\t\t\t<\/div>\n\t\t\t\t<\/div>\n\t\t\t\t\t<\/div>\n\t\t<\/div>\n\t\t\t\t\t\t\t<\/div>\n\t\t<\/section>\n\t\t\t\t\t\t<\/div>\n\t\t\t\t\t<\/div>\n\t\t","protected":false},"excerpt":{"rendered":"<p>CANAL TVN RED MAULE Se sum\u00f3 nueva obra al parque de esculturas de la Universidad de Talca. \u00a0 24HORAS.CL Se sum\u00f3 nueva obra al parque de esculturas de la Universidad de Talca. \u00a0 MEDIABANCO.COM Universidad de Talca suma nueva obra a su Parque de las Esculturas. Se refieren Carlos Torres Fuschlocher, rector de la UTalca &hellip;<\/p>\n<p class=\"read-more\"> <a class=\"\" href=\"https:\/\/www.reportedeprensa.utalca.cl\/?p=6323\"> <span class=\"screen-reader-text\">11 de enero de 2023<\/span> Read More &raquo;<\/a><\/p>\n","protected":false},"author":1,"featured_media":0,"comment_status":"closed","ping_status":"open","sticky":false,"template":"","format":"standard","meta":{"_monsterinsights_skip_tracking":false,"_monsterinsights_sitenote_active":false,"_monsterinsights_sitenote_note":"","_monsterinsights_sitenote_category":0},"categories":[29],"tags":[],"_links":{"self":[{"href":"https:\/\/www.reportedeprensa.utalca.cl\/index.php?rest_route=\/wp\/v2\/posts\/6323"}],"collection":[{"href":"https:\/\/www.reportedeprensa.utalca.cl\/index.php?rest_route=\/wp\/v2\/posts"}],"about":[{"href":"https:\/\/www.reportedeprensa.utalca.cl\/index.php?rest_route=\/wp\/v2\/types\/post"}],"author":[{"embeddable":true,"href":"https:\/\/www.reportedeprensa.utalca.cl\/index.php?rest_route=\/wp\/v2\/users\/1"}],"replies":[{"embeddable":true,"href":"https:\/\/www.reportedeprensa.utalca.cl\/index.php?rest_route=%2Fwp%2Fv2%2Fcomments&post=6323"}],"version-history":[{"count":4,"href":"https:\/\/www.reportedeprensa.utalca.cl\/index.php?rest_route=\/wp\/v2\/posts\/6323\/revisions"}],"predecessor-version":[{"id":6327,"href":"https:\/\/www.reportedeprensa.utalca.cl\/index.php?rest_route=\/wp\/v2\/posts\/6323\/revisions\/6327"}],"wp:attachment":[{"href":"https:\/\/www.reportedeprensa.utalca.cl\/index.php?rest_route=%2Fwp%2Fv2%2Fmedia&parent=6323"}],"wp:term":[{"taxonomy":"category","embeddable":true,"href":"https:\/\/www.reportedeprensa.utalca.cl\/index.php?rest_route=%2Fwp%2Fv2%2Fcategories&post=6323"},{"taxonomy":"post_tag","embeddable":true,"href":"https:\/\/www.reportedeprensa.utalca.cl\/index.php?rest_route=%2Fwp%2Fv2%2Ftags&post=6323"}],"curies":[{"name":"wp","href":"https:\/\/api.w.org\/{rel}","templated":true}]}}