{"id":6339,"date":"2023-01-12T10:38:04","date_gmt":"2023-01-12T13:38:04","guid":{"rendered":"https:\/\/www.reportedeprensa.utalca.cl\/?p=6339"},"modified":"2023-01-12T10:51:21","modified_gmt":"2023-01-12T13:51:21","slug":"12-de-enero-de-2023","status":"publish","type":"post","link":"https:\/\/www.reportedeprensa.utalca.cl\/?p=6339","title":{"rendered":"12 de enero de 2023"},"content":{"rendered":"\t\t<div data-elementor-type=\"wp-post\" data-elementor-id=\"6339\" class=\"elementor elementor-6339\" data-elementor-settings=\"[]\">\n\t\t\t\t\t\t\t<div class=\"elementor-section-wrap\">\n\t\t\t\t\t\t\t<section class=\"elementor-section elementor-top-section elementor-element elementor-element-2a4b4b83 elementor-section-boxed elementor-section-height-default elementor-section-height-default\" data-id=\"2a4b4b83\" data-element_type=\"section\">\n\t\t\t\t\t\t<div class=\"elementor-container elementor-column-gap-default\">\n\t\t\t\t\t<div class=\"elementor-column elementor-col-100 elementor-top-column elementor-element elementor-element-24a78540\" data-id=\"24a78540\" data-element_type=\"column\">\n\t\t\t<div class=\"elementor-widget-wrap elementor-element-populated\">\n\t\t\t\t\t\t\t\t<div class=\"elementor-element elementor-element-55b07e54 elementor-widget elementor-widget-text-editor\" data-id=\"55b07e54\" data-element_type=\"widget\" data-widget_type=\"text-editor.default\">\n\t\t\t\t<div class=\"elementor-widget-container\">\n\t\t\t\t\t\t\t\t<p><strong>DIARIOTALCA.CL<\/strong><\/p><p><a href=\"https:\/\/diariotalca.cl\/rector-utalca-la-prueba-paes-logro-resolver-problemas-historicos\/\">Rector UTalca: \u00abLa prueba PAES logr\u00f3 resolver problemas hist\u00f3ricos\u00bb.<\/a><\/p><p>\u00a0<\/p><p><strong>ADPRENSA.CL<\/strong><\/p><p><a href=\"https:\/\/www.adprensa.cl\/cronica\/universidad-de-talca-suma-nueva-obra-a-su-parque-de-las-esculturas\/\">Universidad de Talca suma nueva obra a su Parque de las Esculturas. Se refieren Carlos Torres Fuschlocher, rector de la UTalca y Marcela Albornoz Dachelet, directora de Extensi\u00f3n Cultural-Art\u00edstica.<\/a><\/p><p>\u00a0<\/p><p><strong>DIARIOTALCA.CL<\/strong><\/p><p><a href=\"https:\/\/diariotalca.cl\/utalca-suma-nueva-obra-a-su-parque-de-las-esculturas-en-campus-lircay\/\">UTalca suma nueva obra a su Parque de las Esculturas en Campus Lircay. Se refiere Carlos Torres Fuschlocher, rector de la UTalca.<\/a><\/p><p>\u00a0<\/p><p><strong>ELCENTRO.CL<\/strong><\/p><p><a href=\"https:\/\/elcentro.cl\/2023\/01\/11\/universidad-de-talca-suma-nueva-obra-a-su-parque-de-las-esculturas-la-creacion-de-gran-formato-de-la-artista-claudia-soto-rojas-pasa-a-formar-parte-del-museo-nacional-que-se-emplaza-en-el-campus-talc\/\">Universidad de Talca suma nueva obra a su Parque de las Esculturas. Se refieren Carlos Torres Fuschlocher, rector de la UTalca y Marcela Albornoz Dachelet, directora de Extensi\u00f3n Cultural-Art\u00edstica.<\/a><\/p><p>\u00a0<\/p><p><strong>MAULENEWS.CL<\/strong><\/p><p><a href=\"https:\/\/www.maulenews.com\/2023\/01\/universidad-de-talca-suma-nueva-obra-su_0869199222.html\">Universidad de Talca suma nueva obra a su Parque de las Esculturas. Se refieren Carlos Torres Fuschlocher, rector de la UTalca y Marcela Albornoz Dachelet, directora de Extensi\u00f3n Cultural-Art\u00edstica.<\/a><\/p><p>\u00a0<\/p><p><strong>LADIRECTALONGAVIANA.CL<\/strong><\/p><p><a href=\"https:\/\/www.ladirectalongaviana.cl\/2023\/01\/11\/universidad-de-talca-suma-nueva-obra-a-su-parque-de-las-esculturas\/\">Universidad de Talca suma nueva obra a su Parque de las Esculturas. Se refieren Carlos Torres Fuschlocher, rector de la UTalca y Marcela Albornoz Dachelet, directora de Extensi\u00f3n Cultural-Art\u00edstica.<\/a><\/p><p>\u00a0<\/p><p><strong>MEDIABANCO.COM<\/strong><\/p><p><a href=\"https:\/\/www.mediabanco.com\/congreso-futuro-2023-en-el-maule-la-importancia-de-conversar-sobre-el-cambio-climatico-y-rol-de-la-agricultura\/\">Congreso Futuro 2023 en el Maule: la importancia de conversar sobre el cambio clim\u00e1tico y rol de la agricultura. Columna de opini\u00f3n de Roberto Jara Rojas, director de Investigaci\u00f3n y Samuel Ortega Far\u00edas, director del Centro de Investigaci\u00f3n y Transferencia en Riego y Agroclimatolog\u00eda (CITRA).<\/a><\/p><p>\u00a0<\/p><p><strong>CAUQUENESNET.CL<\/strong><\/p><p><a href=\"https:\/\/cauquenesnet.cl\/2023\/01\/11\/congreso-futuro-2023-en-el-maule-la-importancia-de-conversar-sobre-el-cambio-climatico-y-rol-de-la-agricultura\/\">Congreso Futuro 2023 en el Maule: la importancia de conversar sobre el cambio clim\u00e1tico y rol de la agricultura. Columna de opini\u00f3n de Roberto Jara Rojas, director de Investigaci\u00f3n y Samuel Ortega Far\u00edas, director del Centro de Investigaci\u00f3n y Transferencia en Riego y Agroclimatolog\u00eda (CITRA).<\/a><\/p><p>\u00a0<\/p><p><strong>EL HERALDO<\/strong><\/p><p><a href=\"https:\/\/www.litoralpress.cl\/paginaconsultas\/Servicios_NClipSitio\/Get_Imagen_Nota.aspx?LPKey=3HUPJAXKJ6NMWTUW4ESUYZKQAUDWZD5EFJZYGEVPLEL7JEL3SSAWB5ZRWJYW5O6Y3ZDUIGJWYOE2Q\">Universidad de Talca se adjudica ocho nuevos proyectos de investigadores j\u00f3venes. Se refiere Cristian Rojas Barahona, vicerrector Acad\u00e9mico.<\/a><\/p><p>\u00a0<\/p><p><strong>DIARIOELHERALDO.CL<\/strong><\/p><p><a href=\"https:\/\/www.diarioelheraldo.cl\/noticia\/universidad-de-talca-se-adjudica-ocho-nuevos-proyectos-de-investigadores-jovenes\">Universidad de Talca se adjudica ocho nuevos proyectos de investigadores j\u00f3venes. Se refiere Cristian Rojas Barahona, vicerrector Acad\u00e9mico.<\/a><\/p><p>\u00a0<\/p><p><strong>G5NOTICIAS.CL<\/strong><\/p><p><a href=\"https:\/\/g5noticias.cl\/2023\/01\/11\/universidad-de-talca-se-adjudica-ocho-nuevos-proyectos-de-investigadores-jovenes\/\">Universidad de Talca se adjudica ocho nuevos proyectos de investigadores j\u00f3venes. Se refiere Cristian Rojas Barahona, vicerrector Acad\u00e9mico.<\/a><\/p><p>\u00a0<\/p><p><strong>LAS \u00daLTIMAS NOTICIAS<\/strong><\/p><p><a href=\"https:\/\/www.litoralpress.cl\/paginaconsultas\/Servicios_NClipSitio\/Get_Imagen_Nota.aspx?LPKey=ZC6OTU5ASINCGH4VZT33LDIHCBNRR2OM3ZSSVWER7E4MMEKKX2WXOIFVDS6CUKRGLV7FEXKGLGS2E\">26 programas para estudiar Pedagog\u00eda sin puntaje. Se menciona a la UTalca.<\/a><\/p><p>\u00a0<\/p><p><strong>RADIO GUAYAC\u00c1N<\/strong><\/p><p><a href=\"https:\/\/www.litoralpress.cl\/sitio\/RadioTV_Detalles.cshtml?LPKey=EONUUBVMRIAAONMPOTZUS7YFX22F6RDIMJU6LIG43CBPCCGSEQYNE4DKBETZ7R52WVSV2OVGN27QU\">\u00bfQu\u00e9 es la fibromialgia? Entrevista a Rodrigo Moore Carrasco, director del Doctorado en Ciencias Biom\u00e9dicas.<\/a><\/p><p>\u00a0<\/p><p><strong>ELCIUDADANO.COM<\/strong><\/p><p><a href=\"https:\/\/www.elciudadano.com\/salud\/advierten-que-vacunas-existentes-serian-menos-efectivas-contra-nueva-variante-del-covid-19\/01\/11\/\">Advierten que vacunas existentes ser\u00edan menos efectivas contra nueva variante del COVID-19. Se refiere \u00c9rika Retamal Contreras, directora del Departamento de Salud P\u00fablica.\u00a0<\/a><\/p><p>\u00a0<\/p><p><strong>ELPERIODISTA.CL<\/strong><\/p><p><a href=\"https:\/\/www.elperiodista.cl\/2023\/01\/vacunas-existentes-serian-menos-efectivas-contra-nueva-variante-kraken-del-sars-cov-2\/\">Vacunas existentes ser\u00edan menos efectivas contra nueva variante Kraken del Sars-CoV-2. Se refiere \u00c9rika Retamal Contreras, directora del Departamento de Salud P\u00fablica.\u00a0<\/a><\/p><p>\u00a0<\/p><p><strong>ADPRENSA.CL<\/strong><\/p><p><a href=\"https:\/\/www.adprensa.cl\/cronica\/vacunas-existentes-serian-menos-efectivas-contra-nueva-variante-kraken-del-sars-cov-2\/\">Vacunas existentes ser\u00edan menos efectivas contra nueva variante Kraken del Sars-CoV-2. Se refiere \u00c9rika Retamal Contreras, directora del Departamento de Salud P\u00fablica.<\/a>\u00a0<\/p><p>\u00a0<\/p><p><strong>MEDIABANCO.COM<\/strong><\/p><p><a href=\"https:\/\/www.mediabanco.com\/vacunas-existentes-serian-menos-efectivas-contra-nueva-variante-kraken-del-sars-cov-2\/\">Vacunas existentes ser\u00edan menos efectivas contra nueva variante Kraken del Sars-CoV-2. Se refiere \u00c9rika Retamal Contreras, directora del Departamento de Salud P\u00fablica.\u00a0<\/a><\/p><p>\u00a0<\/p><p><strong>MASQUENOTICIAS.CL<\/strong><\/p><p><a href=\"https:\/\/masquenoticias.cl\/2023\/01\/11\/vacunas-existentes-serian-menos-efectivas-contra-nueva-variante-kraken-del-sars-cov-2\/\">Vacunas existentes ser\u00edan menos efectivas contra nueva variante Kraken del Sars-CoV-2. Se refiere \u00c9rika Retamal Contreras, directora del Departamento de Salud P\u00fablica.\u00a0<\/a><\/p><p>\u00a0<\/p><p><strong>ELMAULEINFORMA.CL<\/strong><\/p><p><a href=\"https:\/\/elmauleinforma.cl\/vacunas-existentes-serian-menos-efectivas-contra-nueva-variante-kraken-del-sars-cov-2\/\">Vacunas existentes ser\u00edan menos efectivas contra nueva variante Kraken del Sars-CoV-2. Se refiere \u00c9rika Retamal Contreras, directora del Departamento de Salud P\u00fablica.\u00a0<\/a><\/p><p>\u00a0<\/p><p><strong>MAULENEWS.COM<\/strong><\/p><p><a href=\"https:\/\/www.maulenews.com\/2023\/01\/vacunas-existentes-serian-menos.html\">Vacunas existentes ser\u00edan menos efectivas contra nueva variante Kraken del Sars-CoV-2. Se refiere \u00c9rika Retamal Contreras, directora del Departamento de Salud P\u00fablica.\u00a0<\/a><\/p><p>\u00a0<\/p><p><strong>SEPTIMAPAGINANOTICIAS.CL<\/strong><\/p><p><a href=\"https:\/\/www.septimapaginanoticias.cl\/vacunas-existentes-serian-menos-efectivas-contra-nueva-variante-kraken-del-sars-cov-2\">Vacunas existentes ser\u00edan menos efectivas contra nueva variante Kraken del Sars-CoV-2. Se refiere \u00c9rika Retamal Contreras, directora del Departamento de Salud P\u00fablica.\u00a0\u00a0<\/a><\/p><p>\u00a0<\/p><p><strong>G5NOTICIAS.CL<\/strong><\/p><p><a href=\"https:\/\/g5noticias.cl\/2023\/01\/11\/vacunas-existentes-serian-menos-efectivas-contra-nueva-variante-kraken-del-sars-cov-2\/\">Vacunas existentes ser\u00edan menos efectivas contra nueva variante Kraken del Sars-CoV-2. Se refiere \u00c9rika Retamal Contreras, directora del Departamento de Salud P\u00fablica.<\/a>\u00a0<\/p><p>\u00a0<\/p><p><strong>LA PRENSA<\/strong><\/p><p><a href=\"https:\/\/www.litoralpress.cl\/paginaconsultas\/Servicios_NClipSitio\/Get_Imagen_Nota.aspx?LPKey=Z55CIXTCBI4YTO4T7URZ3LLEWDWPUL5TKZ2NSNFDDBKO47MB2URGQTJ3ADVVNVPZQVWI7OGZGCQR4\">UTalca participa en plataforma digital que permitir\u00e1 cuidar salud mental de estudiantes.<\/a><\/p><p>\u00a0<\/p><p><strong>CANAL TVN RED MAULE<\/strong><\/p><p><a href=\"https:\/\/www.litoralpress.cl\/sitio\/RadioTV_Detalles.cshtml?LPKey=NYV3C6KBQQM6N4PODBB2DVHIWHGTB7YFP3YIMPFVDEYACRZ74EF4QCIDDNYWZL5J2XFEC5WJLAU5Y\">Experto espa\u00f1ol dar\u00e1 conferencia en Universidad de Talca.<\/a><\/p><p>\u00a0<\/p><p><strong>EL LECTOR<\/strong><\/p><p><a href=\"https:\/\/www.litoralpress.cl\/paginaconsultas\/Servicios_NClipSitio\/Get_Imagen_Nota.aspx?LPKey=6WZLKIG2SCDWX2FEIVL5XWJDMGG53PFNJLT7RQZLUUUZDUI45ZMJ7YFOSBLYZTRZWVGV44YV4QJHK\">El espacio ser\u00e1 el protagonista en divulgaci\u00f3n cient\u00edfica en el Maule. Se refieren Karin Saavedra Redlich, directora General de Vinculaci\u00f3n con el Medio y Daniela Olave Rojas, acad\u00e9mica de la Facultad de Ingenier\u00eda.<\/a><\/p><p>\u00a0<\/p><p><strong>ELMOSTRADOR.CL<\/strong><\/p><p><a href=\"https:\/\/www.elmostrador.cl\/revista-jengibre\/2023\/01\/11\/tag-y-peajes-como-se-regula-el-precio-y-cuales-son-los-sistemas-usados-en-el-mundo\/\">TAG y peajes: C\u00f3mo se regula el precio y cu\u00e1les son los sistemas usados en el mundo. Se refiere V\u00edctor Iturra Rivera, acad\u00e9mico de la Facultad de Econom\u00eda y Negocios (FEN)<\/a><\/p><p>\u00a0<\/p><p><strong>INFRAESTRUCTURAPUBLICA.CL<\/strong><\/p><p><a href=\"https:\/\/www.infraestructurapublica.cl\/tag-y-peajes-como-se-regula-el-precio-y-cuales-son-los-sistemas-usados-en-el-mundo\/\">TAG y peajes: C\u00f3mo se regula el precio y cu\u00e1les son los sistemas usados en el mundo. Se refiere V\u00edctor Iturra Rivera, acad\u00e9mico de la Facultad de Econom\u00eda y Negocios (FEN).<\/a><\/p><p>\u00a0<\/p><p><strong>CANAL TVN RED MAULE<\/strong><\/p><p><a href=\"https:\/\/www.litoralpress.cl\/sitio\/RadioTV_Detalles.cshtml?LPKey=F6YLBYUXIRG4FLMLJI3SURGVIG2JEOWKP6L3HQ6G4MGCWMYRFHN7QAOKSCTVU7OKDIX7KV3FOQFD6\">Incendio afect\u00f3 a 8 locales de Talca. Se refiere Javier Mu\u00f1oz Vidal, decano de la Facultad de Ingenier\u00eda.<\/a><\/p><p>\u00a0<\/p><p><strong>DFMAS.DF.CL<\/strong><\/p><p><a href=\"https:\/\/dfmas.df.cl\/df-mas\/como-cuido-mis-lucas\/zoom-a-los-dineros-que-el-gobierno-busca-depositar-en-el-bolsillo-de-los\">Zoom a los dineros que el Gobierno busca depositar en el bolsillo de los chilenos en 2023. Se refiere Rodrigo Saens Navarrete, acad\u00e9mico de la Facultad de Econom\u00eda y Negocios (FEN).<\/a><\/p><p>\u00a0<\/p><p><strong>CANAL TV5 LINARES<\/strong><\/p><p><a href=\"https:\/\/www.litoralpress.cl\/sitio\/RadioTV_Detalles.cshtml?LPKey=JOJD2JX7IG4AEDDJDGV5I76JFQ7QMQAVVY36K6OYSGXLCGQU66XO6LAA3I34B2I77HZBA552UACUE\">Escenario econ\u00f3mico. Se refiere Arcadio Cerda Urrutia, acad\u00e9mico de la Facultad de Econom\u00eda y Negocios (FEN).<\/a><\/p><p>\u00a0<\/p><p><strong>RADIO INFINITA<\/strong><\/p><p><a href=\"https:\/\/www.litoralpress.cl\/sitio\/RadioTV_Detalles.cshtml?LPKey=6ELCNGIAQWPNIH3DNFQFYOC2PKU46IYOTVU2KBGHEJRO6K3JZOCVCEMGATEJQ2TQ7VIEK6BG4TJU4\">Comentario de Mauricio Morales Quiroga, director del Centro de An\u00e1lisis Pol\u00edtico (CAP).<\/a><\/p><p>\u00a0<\/p><p><strong>SINTESISCHILE.CL<\/strong><\/p><p><a href=\"https:\/\/sintesischile.cl\/publirreportaje\/analisis-boric-culmino-2020-con-record-de-rechazo-y-se-transforma-en-el-mandatario-con-menos-respaldo-de-los-ultimos-tres-gobiernos\/\">An\u00e1lisis: Boric culmin\u00f3 2022 con r\u00e9cord de rechazo y se transforma en el mandatario con menos respaldo de los \u00faltimos tres Gobiernos. Se refiere Mauricio Morales Quiroga, director del Centro de An\u00e1lisis Pol\u00edtico (CAP)<\/a>.<\/p><p>\u00a0<\/p>\t\t\t\t\t\t<\/div>\n\t\t\t\t<\/div>\n\t\t\t\t\t<\/div>\n\t\t<\/div>\n\t\t\t\t\t\t\t<\/div>\n\t\t<\/section>\n\t\t\t\t\t\t<\/div>\n\t\t\t\t\t<\/div>\n\t\t","protected":false},"excerpt":{"rendered":"<p>DIARIOTALCA.CL Rector UTalca: \u00abLa prueba PAES logr\u00f3 resolver problemas hist\u00f3ricos\u00bb. \u00a0 ADPRENSA.CL Universidad de Talca suma nueva obra a su Parque de las Esculturas. Se refieren Carlos Torres Fuschlocher, rector de la UTalca y Marcela Albornoz Dachelet, directora de Extensi\u00f3n Cultural-Art\u00edstica. \u00a0 DIARIOTALCA.CL UTalca suma nueva obra a su Parque de las Esculturas en Campus &hellip;<\/p>\n<p class=\"read-more\"> <a class=\"\" href=\"https:\/\/www.reportedeprensa.utalca.cl\/?p=6339\"> <span class=\"screen-reader-text\">12 de enero de 2023<\/span> Read More &raquo;<\/a><\/p>\n","protected":false},"author":1,"featured_media":0,"comment_status":"closed","ping_status":"open","sticky":false,"template":"","format":"standard","meta":{"_monsterinsights_skip_tracking":false,"_monsterinsights_sitenote_active":false,"_monsterinsights_sitenote_note":"","_monsterinsights_sitenote_category":0},"categories":[29],"tags":[],"_links":{"self":[{"href":"https:\/\/www.reportedeprensa.utalca.cl\/index.php?rest_route=\/wp\/v2\/posts\/6339"}],"collection":[{"href":"https:\/\/www.reportedeprensa.utalca.cl\/index.php?rest_route=\/wp\/v2\/posts"}],"about":[{"href":"https:\/\/www.reportedeprensa.utalca.cl\/index.php?rest_route=\/wp\/v2\/types\/post"}],"author":[{"embeddable":true,"href":"https:\/\/www.reportedeprensa.utalca.cl\/index.php?rest_route=\/wp\/v2\/users\/1"}],"replies":[{"embeddable":true,"href":"https:\/\/www.reportedeprensa.utalca.cl\/index.php?rest_route=%2Fwp%2Fv2%2Fcomments&post=6339"}],"version-history":[{"count":4,"href":"https:\/\/www.reportedeprensa.utalca.cl\/index.php?rest_route=\/wp\/v2\/posts\/6339\/revisions"}],"predecessor-version":[{"id":6343,"href":"https:\/\/www.reportedeprensa.utalca.cl\/index.php?rest_route=\/wp\/v2\/posts\/6339\/revisions\/6343"}],"wp:attachment":[{"href":"https:\/\/www.reportedeprensa.utalca.cl\/index.php?rest_route=%2Fwp%2Fv2%2Fmedia&parent=6339"}],"wp:term":[{"taxonomy":"category","embeddable":true,"href":"https:\/\/www.reportedeprensa.utalca.cl\/index.php?rest_route=%2Fwp%2Fv2%2Fcategories&post=6339"},{"taxonomy":"post_tag","embeddable":true,"href":"https:\/\/www.reportedeprensa.utalca.cl\/index.php?rest_route=%2Fwp%2Fv2%2Ftags&post=6339"}],"curies":[{"name":"wp","href":"https:\/\/api.w.org\/{rel}","templated":true}]}}