{"id":6357,"date":"2023-01-13T10:47:01","date_gmt":"2023-01-13T13:47:01","guid":{"rendered":"https:\/\/www.reportedeprensa.utalca.cl\/?p=6357"},"modified":"2023-01-13T10:59:50","modified_gmt":"2023-01-13T13:59:50","slug":"13-de-enero-de-2023","status":"publish","type":"post","link":"https:\/\/www.reportedeprensa.utalca.cl\/?p=6357","title":{"rendered":"13 de enero de 2023"},"content":{"rendered":"\t\t<div data-elementor-type=\"wp-post\" data-elementor-id=\"6357\" class=\"elementor elementor-6357\" data-elementor-settings=\"[]\">\n\t\t\t\t\t\t\t<div class=\"elementor-section-wrap\">\n\t\t\t\t\t\t\t<section class=\"elementor-section elementor-top-section elementor-element elementor-element-2a4b4b83 elementor-section-boxed elementor-section-height-default elementor-section-height-default\" data-id=\"2a4b4b83\" data-element_type=\"section\">\n\t\t\t\t\t\t<div class=\"elementor-container elementor-column-gap-default\">\n\t\t\t\t\t<div class=\"elementor-column elementor-col-100 elementor-top-column elementor-element elementor-element-24a78540\" data-id=\"24a78540\" data-element_type=\"column\">\n\t\t\t<div class=\"elementor-widget-wrap elementor-element-populated\">\n\t\t\t\t\t\t\t\t<div class=\"elementor-element elementor-element-55b07e54 elementor-widget elementor-widget-text-editor\" data-id=\"55b07e54\" data-element_type=\"widget\" data-widget_type=\"text-editor.default\">\n\t\t\t\t<div class=\"elementor-widget-container\">\n\t\t\t\t\t\t\t\t<p><strong>CANAL CONTIVISION<\/strong><\/p><p><a href=\"https:\/\/www.litoralpress.cl\/sitio\/RadioTV_Detalles.cshtml?LPKey=G6WJVQRZXMHVLPTFSTUGLFXFCLNTASJ6AAC6GMDEMKUS5WHCBVCDMWIHZKKA5O4XP35HKVHJDS2EG\">Creaci\u00f3n de artista Claudia Soto Rojas desde esta semana pas\u00f3 a formar parte del Museo Nacional en el Campus Talca de la Universidad de Talca. Se refieren Carlos Torres Fuschlocher, rector y Marcela Albornoz Dachelet, directora de Extensi\u00f3n Cultural-Art\u00edstica.<\/a><\/p><p>\u00a0<\/p><p><strong>LA PRENSA<\/strong><\/p><p><a href=\"https:\/\/www.litoralpress.cl\/paginaconsultas\/Servicios_NClipSitio\/Get_Imagen_Nota.aspx?LPKey=UFPC5HNYTNWV7TMK6QRDP24JEGBOUIT3DXDFE7ZU76MBU6AVWQNUXF35RZHWJPVSCJDSOK73UL5SM\">Suman nueva obra al Parque de las Esculturas de la UTalca. Se refieren Carlos Torres Fuschlocher, rector de la UTalca y Marcela Albornoz Dachelet, directora de Extensi\u00f3n Cultural-Art\u00edstica.<\/a><\/p><p>\u00a0<\/p><p><strong>ELDINAMO.CL<\/strong><\/p><p><a href=\"https:\/\/www.eldinamo.cl\/educacion\/2023\/01\/12\/las-universidades-institutos-profesionales-y-cft-adscritos-a-la-gratuidad-en-2023\/\">Las universidades, institutos profesionales y CFT adscritos a la gratuidad en 2023. Se menciona a la UTalca.<\/a><\/p><p>\u00a0<\/p><p><strong>T13.CL<\/strong><\/p><p><a href=\"https:\/\/www.t13.cl\/noticia\/nacional\/universidad-central-tendra-gratuidad-revisa-instituciones-educacion-superior-adscritas-12-01-2023\">Revisa las instituciones adscritas en 2023. Se menciona a la UTalca.<\/a><\/p><p>\u00a0<\/p><p><strong>LAHORA.CL<\/strong><\/p><p><a href=\"https:\/\/lahora.cl\/cronica\/2023\/01\/12\/que-universidades-estan-adscritas-a-gratuidad-conoce-el-listado-de-este-ano\/\">\u00bfQu\u00e9 universidades est\u00e1n adscritas a gratuidad?: conoce el listado de este a\u00f1o y sus requisitos. Se menciona a la UTalca.<\/a><\/p><p>\u00a0<\/p><p><strong>ELCIUDADANO.COM<\/strong><\/p><p><a href=\"https:\/\/www.elciudadano.com\/chile\/investigacion-demostro-alta-resiliencia-de-bosques-australes-a-efectos-del-cambio-climatico\/01\/12\/\">Investigaci\u00f3n demostr\u00f3 alta resiliencia de bosques australes a efectos del cambio clim\u00e1tico. Se refiere Frida Piper Busico, acad\u00e9mica del Instituto de Ciencias Biol\u00f3gicas.<\/a><\/p><p>\u00a0<\/p><p><strong>FUTURO360.COM<\/strong><\/p><p><a href=\"https:\/\/www.futuro360.com\/desafiotierra\/bosques-sur-de-chile_20230112\/\">Estudio se\u00f1ala que los bosques del Sur de Chile son los m\u00e1s resilientes ante el cambio clim\u00e1tico. Se refiere Frida Piper Busico, acad\u00e9mica del Instituto de Ciencias Biol\u00f3gicas.<\/a><\/p><p>\u00a0<\/p><p><strong>ADPRENSA.CL<\/strong><\/p><p><a href=\"https:\/\/www.adprensa.cl\/cronica\/investigacion-demuestra-alta-resiliencia-de-bosques-australes-a-efectos-del-cambio-climatico\/\">Investigaci\u00f3n demuestra alta resiliencia de bosques australes a efectos del cambio clim\u00e1tico. Se refiere Frida Piper Busico, acad\u00e9mica del Instituto de Ciencias Biol\u00f3gicas.<\/a><\/p><p>\u00a0<\/p><p><strong>MEDIABANCO.COM<\/strong><\/p><p><a href=\"https:\/\/www.mediabanco.com\/investigacion-demuestra-alta-resiliencia-de-bosques-australes-a-efectos-del-cambio-climatico\/\">Investigaci\u00f3n demuestra alta resiliencia de bosques australes a efectos del cambio clim\u00e1tico. Se refiere Frida Piper Busico, acad\u00e9mica del Instituto de Ciencias Biol\u00f3gicas.<\/a><\/p><p>\u00a0<\/p><p><strong>MASQUENOTICIAS.CL<\/strong><\/p><p><a href=\"https:\/\/masquenoticias.cl\/2023\/01\/12\/investigacion-demuestra-alta-resiliencia-de-bosques-australes-a-efectos-del-cambio-climatico\/\">Investigaci\u00f3n demuestra alta resiliencia de bosques australes a efectos del cambio clim\u00e1tico. Se refiere Frida Piper Busico, acad\u00e9mica del Instituto de Ciencias Biol\u00f3gicas.<\/a><\/p><p>\u00a0<\/p><p><strong>NOVACIENCIA.ES<\/strong><\/p><p><a href=\"https:\/\/www.litoralpress.cl\/sitio\/Prensa_PaginaCompleta.cshtml?LPKey=6GGSVAYNJ23VE6QNALOUGJRDTFSZH4BEIB3UYGQSCYEWD7M6222A\">Los bosques australes resisten al cambio clim\u00e1tico. Se refiere Frida Piper Busico, acad\u00e9mica del Instituto de Ciencias Biol\u00f3gicas.<\/a><\/p><p>\u00a0<\/p><p><strong>LATRIBUNA.CL<\/strong><\/p><p><a href=\"https:\/\/www.latribuna.cl\/medio-ambiente\/2023\/01\/12\/investigacion-demuestra-que-bosques-australes-son-altamente-resistentes-al-cambio-climatico.html\">Investigaci\u00f3n demuestra que bosques australes son altamente resistentes al cambio clim\u00e1tico. Se refiere Frida Piper Busico, acad\u00e9mica del Instituto de Ciencias Biol\u00f3gicas.<\/a><\/p><p>\u00a0<\/p><p><strong>LA PRENSA<\/strong><\/p><p><a href=\"https:\/\/www.litoralpress.cl\/paginaconsultas\/Servicios_NClipSitio\/Get_Imagen_Nota.aspx?LPKey=ZGXOVYA7Z5R2JMSF5RRMSC6ZWIGI2FDKTATJ26ARBUOGYLSRZ2VFP7LUA4COS4BRMQJQFN62ZCS6I\">Las actuales vacunas ser\u00edan menos efectivas contra nueva variante &#8220;Kraken&#8221; del Covid-19. Se refiere \u00c9rika Retamal Contreras, directora del Departamento de Salud P\u00fablica.<\/a><\/p><p>\u00a0<\/p><p><strong>EL LECTOR<\/strong><\/p><p><a href=\"https:\/\/www.litoralpress.cl\/paginaconsultas\/Servicios_NClipSitio\/Get_Imagen_Nota.aspx?LPKey=6LJILZBUPSYVWWFKZOLRDZBP6E2QHWV4U2VACI3YPYOALXXSW3DWVNLGVP6P5W3TLR5G7LCA2UHFM\">Vacunas existentes ser\u00edan menos efectivas contra nueva variante Kraken del Sars-CoV-2. Se refiere \u00c9rika Retamal Contreras, directora del Departamento de Salud P\u00fablica.<\/a><\/p><p>\u00a0<\/p><p><strong>RADIO LAUTARO<\/strong><\/p><p><a href=\"https:\/\/www.litoralpress.cl\/sitio\/RadioTV_Detalles.cshtml?LPKey=MVFOJDFSP7373JHBYEBJD5GLNCBQ5NVTXTGK7HSYGWLQQLHBHKQX44R6EHEWXZFEESPNQN4H7OJPO\">Entrevista a \u00c9rika Retamal Contreras, directora del Departamento de Salud P\u00fablica.<\/a><\/p><p>\u00a0<\/p><p><strong>MAULEHOY.CL<\/strong><\/p><p><a href=\"https:\/\/maulehoy.cl\/2023\/01\/12\/vacunas-existentes-serian-menos-efectivas-contra-nueva-variante-kraken-del-sars-cov-2\/\">Vacunas existentes ser\u00edan menos efectivas contra nueva variante Kraken del Sars-CoV-2. Se refiere \u00c9rika Retamal Contreras, directora del Departamento de Salud P\u00fablica.<\/a><\/p><p>\u00a0<\/p><p><strong>ELTIPOGRAFO.CL<\/strong><\/p><p><a href=\"https:\/\/eltipografo.cl\/2023\/01\/covid-19-vacunas-existentes-serian-menos-efectivas-contranueva-variante-kraken\">Covid -19: Vacunas existentes ser\u00edan menos efectivas contra nueva variante Kraken. Se refiere \u00c9rika Retamal Contreras, directora del Departamento de Salud P\u00fablica.<\/a><\/p><p>\u00a0<\/p><p><strong>PUBLIMICRO.CL<\/strong><\/p><p><a href=\"https:\/\/publimicro.cl\/erika-retamal-epidemiologa-utalina-senala-que-actuales-vacunas-serian-menos-efectivas-contra-nueva-variante-kraken-del-covid-19\/\">Epidemi\u00f3loga utalina se\u00f1ala que actuales vacunas, ser\u00edan menos efectivas contra nueva variante Kraken del Covid-19. Se refiere \u00c9rika Retamal Contreras, directora del Departamento de Salud P\u00fablica.<\/a><\/p><p>\u00a0<\/p><p><strong>CANAL ANTOFAGASTA TV<\/strong><\/p><p><a href=\"https:\/\/www.litoralpress.cl\/sitio\/RadioTV_Detalles.cshtml?LPKey=LLSNXSKKZF67AQQMT45EGM4FLJK6M5PT7VVTE3JGE6ZZTKTCH67PUUW5JXXYEN5JYOF5XAA6CFX5U\">IPC de diciembre fue de 0.3% la menor inflaci\u00f3n desde febrero del 2022. Se refiere Arcadio Cerda, acad\u00e9mico de la Facultad de Econom\u00eda y Negocios (FEN).<\/a><\/p><p>\u00a0<\/p><p><strong>CAMARA.CL<\/strong><\/p><p><a href=\"https:\/\/www.camara.cl\/cms\/noticias\/2023\/01\/12\/nuevo-codigo-penal-camara-comenzo-ciclo-de-seminarios\/\">\u201cNuevo C\u00f3digo Penal\u201d: C\u00e1mara comenz\u00f3 ciclo de seminarios. Se menciona a Ra\u00fal Carnevali Rodr\u00edguez, acad\u00e9mico de la Facultad de Ciencias Jur\u00eddicas y Sociales.<\/a><\/p><p>\u00a0<\/p><p><strong>EL MERCURIO<\/strong><\/p><p><a href=\"https:\/\/www.litoralpress.cl\/paginaconsultas\/Servicios_NClipSitio\/Get_Imagen_Nota.aspx?LPKey=ABC27VZ7Q6E3LCYSJKHOGGW2Z7HQQP5QHAA2YFZELIKF7C3N2QG6PWX7VKYDOYPE7WCLNQJNL62PE\">Invitaci\u00f3n de alcalde de Concepci\u00f3n a iniciativa \u201cRutas de la Memoria\u201d, a 50 a\u00f1os del golpe, abre pol\u00e9mica. Se refiere Mauricio Morales Quiroga, director del Centro de An\u00e1lisis Pol\u00edtico (CAP).<\/a><\/p><p>\u00a0<\/p><p><strong>CANAL MEGA<\/strong><\/p><p><a href=\"https:\/\/www.litoralpress.cl\/sitio\/RadioTV_Detalles.cshtml?LPKey=WQVWRGRJC3K7KA3QGNQOULA5JIKDRWC7LJBJSVIXBLMICM3DSUZZH47D7UE45SAP7VTXXQTU6R23Q\">Partidos pol\u00edticos buscan candidatos para el consejo constitucional. Se refiere Mauricio Morales Quiroga, director del Centro de An\u00e1lisis Pol\u00edtico (CAP).<\/a><\/p><p>\u00a0<\/p><p><strong>CANAL MEGA PLUS<\/strong><\/p><p><a href=\"https:\/\/www.litoralpress.cl\/sitio\/RadioTV_Detalles.cshtml?LPKey=3CL67TRXEMLTRVI632OJD3HBECCVPJMIPKP2WBDMDOXMPA3ZCYENT2LIM3MLTIIFVXVVBAI5Z5JKE\">Partidos pol\u00edticos buscan candidatos para el consejo constitucional. Se refiere Mauricio Morales Quiroga, director del Centro de An\u00e1lisis Pol\u00edtico (CAP).<\/a><\/p><p>\u00a0<\/p><p><strong>CANAL 24 HORAS<\/strong><\/p><p><a href=\"https:\/\/www.litoralpress.cl\/sitio\/RadioTV_Detalles.cshtml?LPKey=43II5SNVXA7GXWSVJSGJEYIGLHUPPHSQQ6SJJBOSESE2K477F2RM4TUDZ7QH7CPZ5OQIUCMWKOLZ4\">Balance de gesti\u00f3n de gobierno. Entrevista a Mario Herrera, acad\u00e9mico del Centro de An\u00e1lisis Pol\u00edtico (CAP).<\/a><\/p><p>\u00a0<\/p><p><strong>RADIO INFINITA<\/strong><\/p><p><a href=\"https:\/\/www.litoralpress.cl\/sitio\/RadioTV_Detalles.cshtml?LPKey=VG7TONG4ES3C2JWHCLE2FFKKC2M7BE6NYAFHDY7DIA446XID2ZHNN6MH7GQZ4EKAVRC76C2VUZJKQ\">Comentario de Mauricio Morales Quiroga, director del Centro de An\u00e1lisis Pol\u00edtico (CAP).<\/a><\/p><p>\u00a0<\/p><p><strong>24HORAS.CL<\/strong><\/p><p><a href=\"https:\/\/www.24horas.cl\/programas\/manana-informativa\/academico-momento-politico-del-gobierno-no-logra-encontrar-conexion-ciudadania\">Acad\u00e9mico por momento pol\u00edtico del Gobierno: &#8220;No logra encontrar la conexi\u00f3n necesaria con la ciudadan\u00eda&#8221;. Se refiere Mario Herrera, profesor del Centro de An\u00e1lisis Pol\u00edtico (CAP).<\/a><\/p><p>\u00a0<\/p><p><strong>ELCENTRO.CL<\/strong><\/p><p><a href=\"https:\/\/elcentro.cl\/2023\/01\/12\/crisis-politica-en-peru-escalada-de-violencia-a-lo-largo-del-pais\/\">Crisis Pol\u00edtica en Per\u00fa: escalada de violencia a lo largo del pa\u00eds. Se refiere Alejandra M\u00e1rquez, acad\u00e9mica del Centro de An\u00e1lisis Pol\u00edtico (CAP).<\/a><\/p><p>\u00a0<\/p>\t\t\t\t\t\t<\/div>\n\t\t\t\t<\/div>\n\t\t\t\t\t<\/div>\n\t\t<\/div>\n\t\t\t\t\t\t\t<\/div>\n\t\t<\/section>\n\t\t\t\t\t\t<\/div>\n\t\t\t\t\t<\/div>\n\t\t","protected":false},"excerpt":{"rendered":"<p>CANAL CONTIVISION Creaci\u00f3n de artista Claudia Soto Rojas desde esta semana pas\u00f3 a formar parte del Museo Nacional en el Campus Talca de la Universidad de Talca. Se refieren Carlos Torres Fuschlocher, rector y Marcela Albornoz Dachelet, directora de Extensi\u00f3n Cultural-Art\u00edstica. \u00a0 LA PRENSA Suman nueva obra al Parque de las Esculturas de la UTalca. &hellip;<\/p>\n<p class=\"read-more\"> <a class=\"\" href=\"https:\/\/www.reportedeprensa.utalca.cl\/?p=6357\"> <span class=\"screen-reader-text\">13 de enero de 2023<\/span> Read More &raquo;<\/a><\/p>\n","protected":false},"author":1,"featured_media":0,"comment_status":"closed","ping_status":"open","sticky":false,"template":"","format":"standard","meta":{"_monsterinsights_skip_tracking":false,"_monsterinsights_sitenote_active":false,"_monsterinsights_sitenote_note":"","_monsterinsights_sitenote_category":0},"categories":[29],"tags":[],"_links":{"self":[{"href":"https:\/\/www.reportedeprensa.utalca.cl\/index.php?rest_route=\/wp\/v2\/posts\/6357"}],"collection":[{"href":"https:\/\/www.reportedeprensa.utalca.cl\/index.php?rest_route=\/wp\/v2\/posts"}],"about":[{"href":"https:\/\/www.reportedeprensa.utalca.cl\/index.php?rest_route=\/wp\/v2\/types\/post"}],"author":[{"embeddable":true,"href":"https:\/\/www.reportedeprensa.utalca.cl\/index.php?rest_route=\/wp\/v2\/users\/1"}],"replies":[{"embeddable":true,"href":"https:\/\/www.reportedeprensa.utalca.cl\/index.php?rest_route=%2Fwp%2Fv2%2Fcomments&post=6357"}],"version-history":[{"count":4,"href":"https:\/\/www.reportedeprensa.utalca.cl\/index.php?rest_route=\/wp\/v2\/posts\/6357\/revisions"}],"predecessor-version":[{"id":6361,"href":"https:\/\/www.reportedeprensa.utalca.cl\/index.php?rest_route=\/wp\/v2\/posts\/6357\/revisions\/6361"}],"wp:attachment":[{"href":"https:\/\/www.reportedeprensa.utalca.cl\/index.php?rest_route=%2Fwp%2Fv2%2Fmedia&parent=6357"}],"wp:term":[{"taxonomy":"category","embeddable":true,"href":"https:\/\/www.reportedeprensa.utalca.cl\/index.php?rest_route=%2Fwp%2Fv2%2Fcategories&post=6357"},{"taxonomy":"post_tag","embeddable":true,"href":"https:\/\/www.reportedeprensa.utalca.cl\/index.php?rest_route=%2Fwp%2Fv2%2Ftags&post=6357"}],"curies":[{"name":"wp","href":"https:\/\/api.w.org\/{rel}","templated":true}]}}