{"id":637,"date":"2021-04-06T09:43:22","date_gmt":"2021-04-06T12:43:22","guid":{"rendered":"https:\/\/www.reportedeprensa.utalca.cl\/?p=637"},"modified":"2021-04-06T09:52:29","modified_gmt":"2021-04-06T12:52:29","slug":"06-de-abril-de-2021","status":"publish","type":"post","link":"https:\/\/www.reportedeprensa.utalca.cl\/?p=637","title":{"rendered":"06 de abril de 2021"},"content":{"rendered":"\t\t<div data-elementor-type=\"wp-post\" data-elementor-id=\"637\" class=\"elementor elementor-637\" data-elementor-settings=\"[]\">\n\t\t\t\t\t\t\t<div class=\"elementor-section-wrap\">\n\t\t\t\t\t\t\t<section class=\"elementor-section elementor-top-section elementor-element elementor-element-a06ca45 elementor-section-boxed elementor-section-height-default elementor-section-height-default\" data-id=\"a06ca45\" data-element_type=\"section\">\n\t\t\t\t\t\t<div class=\"elementor-container elementor-column-gap-default\">\n\t\t\t\t\t<div class=\"elementor-column elementor-col-100 elementor-top-column elementor-element elementor-element-1486c35\" data-id=\"1486c35\" data-element_type=\"column\">\n\t\t\t<div class=\"elementor-widget-wrap elementor-element-populated\">\n\t\t\t\t\t\t\t\t<div class=\"elementor-element elementor-element-42b145e elementor-widget elementor-widget-text-editor\" data-id=\"42b145e\" data-element_type=\"widget\" data-widget_type=\"text-editor.default\">\n\t\t\t\t<div class=\"elementor-widget-container\">\n\t\t\t\t\t\t\t\t<p><b>ADPRENSA.CL<\/b><\/p><p><a style=\"font-style: inherit; font-weight: inherit; background-color: #ffffff; font-family: -apple-system, BlinkMacSystemFont,;\" href=\"https:\/\/www.adprensa.cl\/cronica\/escuela-de-medicina-de-la-utalca-recibio-a-estudiante-puntaje-nacional-en-ciencias\/\" target=\"_blank\" rel=\"noopener\">Escuela de Medicina de la UTalca recibi\u00f3 a estudiante Puntaje Nacional en Ciencias.<\/a><\/p>\t\t\t\t\t\t<\/div>\n\t\t\t\t<\/div>\n\t\t\t\t<div class=\"elementor-element elementor-element-5eabc62 elementor-widget elementor-widget-text-editor\" data-id=\"5eabc62\" data-element_type=\"widget\" data-widget_type=\"text-editor.default\">\n\t\t\t\t<div class=\"elementor-widget-container\">\n\t\t\t\t\t\t\t\t<p><b>UNIVERSIDADESESTATALES.CL<\/b><\/p><p><a style=\"font-style: inherit; font-weight: inherit; background-color: #ffffff; font-family: -apple-system, BlinkMacSystemFont,;\" href=\"http:\/\/www.universidadesestatales.cl\/cue\/?q=node\/8570\" target=\"_blank\" rel=\"noopener\">Escuela de Medicina de la UTalca recibi\u00f3 a estudiante Puntaje Nacional en Ciencias.<\/a><\/p>\t\t\t\t\t\t<\/div>\n\t\t\t\t<\/div>\n\t\t\t\t<div class=\"elementor-element elementor-element-045657e elementor-widget elementor-widget-text-editor\" data-id=\"045657e\" data-element_type=\"widget\" data-widget_type=\"text-editor.default\">\n\t\t\t\t<div class=\"elementor-widget-container\">\n\t\t\t\t\t\t\t\t<p><b>EL HERALDO<\/b><\/p><p><a style=\"font-style: inherit; font-weight: inherit; background-color: #ffffff; font-family: -apple-system, BlinkMacSystemFont,;\" href=\"https:\/\/www.litoralpress.cl\/paginaconsultas\/Servicios_NClip\/Get_Imagen_Nota.aspx?LPKey=sa.Te.N.Ixln.Mu.Sv.Hqd.Chj9yrf.S4p.Zg.L6.Y3ck.E.I0.D.J.Cny.Z.I.Ig.Qswm.V.D2.W.P.H.L.L.O1x.Ecz\" target=\"_blank\" rel=\"noopener\">Escuela de Medicina de la UTalca recibi\u00f3 a estudiante Puntaje Nacional en Ciencias.<\/a><\/p>\t\t\t\t\t\t<\/div>\n\t\t\t\t<\/div>\n\t\t\t\t<div class=\"elementor-element elementor-element-939bcef elementor-widget elementor-widget-text-editor\" data-id=\"939bcef\" data-element_type=\"widget\" data-widget_type=\"text-editor.default\">\n\t\t\t\t<div class=\"elementor-widget-container\">\n\t\t\t\t\t\t\t\t<p><b>DIARIOELHERALDO.CL<\/b><\/p><p><a style=\"font-style: inherit; font-weight: inherit; background-color: #ffffff; font-family: -apple-system, BlinkMacSystemFont,;\" href=\"http:\/\/www.diarioelheraldo.cl\/noticia\/-escuela-de-medicina-de-la-utalca-recibio-a-estudiante-puntaje-nacional-en-ciencias\" target=\"_blank\" rel=\"noopener\">Escuela de Medicina de la UTalca recibi\u00f3 a estudiante Puntaje Nacional en Ciencias.<\/a><\/p>\t\t\t\t\t\t<\/div>\n\t\t\t\t<\/div>\n\t\t\t\t<div class=\"elementor-element elementor-element-e3c4f00 elementor-widget elementor-widget-text-editor\" data-id=\"e3c4f00\" data-element_type=\"widget\" data-widget_type=\"text-editor.default\">\n\t\t\t\t<div class=\"elementor-widget-container\">\n\t\t\t\t\t\t\t\t<p><b>PORTALEDUCACION.CL<\/b><\/p><p><a style=\"font-style: inherit; font-weight: inherit; background-color: #ffffff; font-family: -apple-system, BlinkMacSystemFont,;\" href=\"https:\/\/portaleducacion.cl\/index.php\/2021\/04\/05\/escuela-de-medicina-de-la-utalca-recibio-a-estudiante-puntaje-nacional-en-ciencias\/\" target=\"_blank\" rel=\"noopener\">Escuela de Medicina de la UTalca recibi\u00f3 a estudiante Puntaje Nacional en Ciencias.<\/a><\/p>\t\t\t\t\t\t<\/div>\n\t\t\t\t<\/div>\n\t\t\t\t<div class=\"elementor-element elementor-element-f9b9344 elementor-widget elementor-widget-text-editor\" data-id=\"f9b9344\" data-element_type=\"widget\" data-widget_type=\"text-editor.default\">\n\t\t\t\t<div class=\"elementor-widget-container\">\n\t\t\t\t\t\t\t\t<p><b>MAULEE.CL<\/b><\/p><p><a style=\"font-style: inherit; font-weight: inherit; background-color: #ffffff; font-family: -apple-system, BlinkMacSystemFont,;\" href=\"https:\/\/www.maulee.cl\/escuela-de-medicina-de-la-utalca-recibio-a-estudiante-puntaje-nacional-en-ciencias\/\" target=\"_blank\" rel=\"noopener\">Escuela de Medicina de la UTalca recibi\u00f3 a estudiante Puntaje Nacional en Ciencias.<\/a><\/p>\t\t\t\t\t\t<\/div>\n\t\t\t\t<\/div>\n\t\t\t\t<div class=\"elementor-element elementor-element-9adf346 elementor-widget elementor-widget-text-editor\" data-id=\"9adf346\" data-element_type=\"widget\" data-widget_type=\"text-editor.default\">\n\t\t\t\t<div class=\"elementor-widget-container\">\n\t\t\t\t\t\t\t\t<p><b>REDMAULE.COM<\/b><\/p><p><a style=\"font-style: inherit; font-weight: inherit; background-color: #ffffff; font-family: -apple-system, BlinkMacSystemFont,;\" href=\"https:\/\/www.redmaule.com\/regional\/talquino-que-fue-puntaje-nacional-en-ciencias-ingreso-a-la-carrera-de\" target=\"_blank\" rel=\"noopener\">Talquino que fue puntaje nacional en Ciencias ingres\u00f3 a la carrera de Medicina en la Universidad de Talca.<\/a><\/p>\t\t\t\t\t\t<\/div>\n\t\t\t\t<\/div>\n\t\t\t\t<div class=\"elementor-element elementor-element-a92cc36 elementor-widget elementor-widget-text-editor\" data-id=\"a92cc36\" data-element_type=\"widget\" data-widget_type=\"text-editor.default\">\n\t\t\t\t<div class=\"elementor-widget-container\">\n\t\t\t\t\t\t\t\t<p><b>SEXTANOTICIAS.CL<\/b><\/p><p><a style=\"font-style: inherit; font-weight: inherit; background-color: #ffffff; font-family: -apple-system, BlinkMacSystemFont,;\" href=\"https:\/\/www.sextanoticias.cl\/escuela-de-medicina-de-la-utalca-recibio-a-estudiante-puntaje-nacional-en-ciencias\/\" target=\"_blank\" rel=\"noopener\">Escuela de Medicina de la UTalca recibi\u00f3 a estudiante Puntaje Nacional en Ciencias.<\/a><\/p>\t\t\t\t\t\t<\/div>\n\t\t\t\t<\/div>\n\t\t\t\t<div class=\"elementor-element elementor-element-3786521 elementor-widget elementor-widget-text-editor\" data-id=\"3786521\" data-element_type=\"widget\" data-widget_type=\"text-editor.default\">\n\t\t\t\t<div class=\"elementor-widget-container\">\n\t\t\t\t\t\t\t\t<p><b>ADPRENSA.CL<\/b><\/p><p><a style=\"font-style: inherit; font-weight: inherit; background-color: #ffffff; font-family: -apple-system, BlinkMacSystemFont,;\" href=\"https:\/\/www.adprensa.cl\/cronica\/magister-en-ciencias-biomedicas-de-la-utalca-es-acreditado-por-5-anos\/\" target=\"_blank\" rel=\"noopener\">Mag\u00edster en Ciencias Biom\u00e9dicas de la UTalca es acreditado por 5 a\u00f1os.<\/a><\/p>\t\t\t\t\t\t<\/div>\n\t\t\t\t<\/div>\n\t\t\t\t<div class=\"elementor-element elementor-element-a38deab elementor-widget elementor-widget-text-editor\" data-id=\"a38deab\" data-element_type=\"widget\" data-widget_type=\"text-editor.default\">\n\t\t\t\t<div class=\"elementor-widget-container\">\n\t\t\t\t\t\t\t\t<p><b>RADIO ADN<\/b><\/p><p><a style=\"font-style: inherit; font-weight: inherit; background-color: #ffffff; font-family: -apple-system, BlinkMacSystemFont,;\" href=\"https:\/\/www.litoralpress.cl\/Archivos\/l3.S36.De.W.N.Xs.K2o.Da.Mg5.D8w.%c3%96.%c3%96.mp3\" target=\"_blank\" rel=\"noopener\">Pensemos Chile (Bloque 1): Panel de conversaci\u00f3n en la que participa Isaac Ravetllat, director del Centro de Estudios Sobre los Derechos de la Infancia y Adolescencia (CEDIA) de la UTalca.<\/a><\/p>\t\t\t\t\t\t<\/div>\n\t\t\t\t<\/div>\n\t\t\t\t<div class=\"elementor-element elementor-element-a7771f9 elementor-widget elementor-widget-text-editor\" data-id=\"a7771f9\" data-element_type=\"widget\" data-widget_type=\"text-editor.default\">\n\t\t\t\t<div class=\"elementor-widget-container\">\n\t\t\t\t\t\t\t\t<p><b>RADIO ADN (Pensemos Chile, Bloque 2)<\/b><\/p><p><a style=\"font-style: inherit; font-weight: inherit; background-color: #ffffff; font-family: -apple-system, BlinkMacSystemFont,;\" href=\"https:\/\/www.litoralpress.cl\/Archivos\/mppxsap.Imv.K2wz.Tumdy.P6w.%c3%96.%c3%96.mp3\" target=\"_blank\" rel=\"noopener\">Pensemos Chile (Bloque 2): Panel de conversaci\u00f3n en la que participa Isaac Ravetllat, director del Centro de Estudios Sobre los Derechos de la Infancia y Adolescencia (CEDIA) de la UTalca.<\/a><\/p>\t\t\t\t\t\t<\/div>\n\t\t\t\t<\/div>\n\t\t\t\t<div class=\"elementor-element elementor-element-7679ac9 elementor-widget elementor-widget-text-editor\" data-id=\"7679ac9\" data-element_type=\"widget\" data-widget_type=\"text-editor.default\">\n\t\t\t\t<div class=\"elementor-widget-container\">\n\t\t\t\t\t\t\t\t<p><b>ADNRADIO.CL<\/b><\/p><p><a style=\"font-style: inherit; font-weight: inherit; background-color: #ffffff; font-family: -apple-system, BlinkMacSystemFont,;\" href=\"https:\/\/www.adnradio.cl\/nacional\/2021\/04\/05\/pensemos-chile-la-violencia-como-amenaza-a-la-sociedad-las-instituciones-y-la-democracia.html\" target=\"_blank\" rel=\"noopener\">Pensemos Chile: La violencia como amenaza a la sociedad, las instituciones y la democracia. Se refiere Isaac Ravetllat, director del Centro de Estudios Sobre los Derechos de la Infancia y Adolescencia (CEDIA) de la UTalca.<\/a><\/p>\t\t\t\t\t\t<\/div>\n\t\t\t\t<\/div>\n\t\t\t\t<div class=\"elementor-element elementor-element-f1325ff elementor-widget elementor-widget-text-editor\" data-id=\"f1325ff\" data-element_type=\"widget\" data-widget_type=\"text-editor.default\">\n\t\t\t\t<div class=\"elementor-widget-container\">\n\t\t\t\t\t\t\t\t<p><b>ELMOSTRADOR.CL<\/b><\/p><p><a style=\"font-style: inherit; font-weight: inherit; background-color: #ffffff; font-family: -apple-system, BlinkMacSystemFont,;\" href=\"https:\/\/www.elmostrador.cl\/noticias\/opinion\/2021\/04\/04\/descenso-de-matriculados-en-pedagogia\/\" target=\"_blank\" rel=\"noopener\">Descenso de matriculados en pedagog\u00eda: \u00bfuna crisis evitable? Columna de Sebasti\u00e1n Donoso, director del Instituto de Investigaci\u00f3n y Desarrollo Educacional (IIDE) de la UTalca.<\/a><\/p>\t\t\t\t\t\t<\/div>\n\t\t\t\t<\/div>\n\t\t\t\t<div class=\"elementor-element elementor-element-0c885f9 elementor-widget elementor-widget-text-editor\" data-id=\"0c885f9\" data-element_type=\"widget\" data-widget_type=\"text-editor.default\">\n\t\t\t\t<div class=\"elementor-widget-container\">\n\t\t\t\t\t\t\t\t<p><b>ITVPATAGONIA.COM<\/b><\/p><p><a style=\"font-style: inherit; font-weight: inherit; background-color: #ffffff; font-family: -apple-system, BlinkMacSystemFont,;\" href=\"https:\/\/www.itvpatagonia.com\/noticia\/a-un-ano-de-la-ley-de-teletrabajo-conoce-las-virtudes-y-negativas-que-trajo-consigo-en-medio-de-la-pandemia\/6068b93ab03f64272a03e9ed\" target=\"_blank\" rel=\"noopener\">A un a\u00f1o de la ley de Teletrabajo: conoce las virtudes y negativas que trajo consigo en medio de la pandemia. Se refiere Rodrigo Palomo, decano de la Facultad de Ciencias Jur\u00eddicas y Sociales de la UTalca.<\/a><\/p>\t\t\t\t\t\t<\/div>\n\t\t\t\t<\/div>\n\t\t\t\t<div class=\"elementor-element elementor-element-11faa96 elementor-widget elementor-widget-text-editor\" data-id=\"11faa96\" data-element_type=\"widget\" data-widget_type=\"text-editor.default\">\n\t\t\t\t<div class=\"elementor-widget-container\">\n\t\t\t\t\t\t\t\t<p><b>LATERCERA.COM<\/b><\/p><p><a style=\"font-style: inherit; font-weight: inherit; background-color: #ffffff; font-family: -apple-system, BlinkMacSystemFont,;\" href=\"https:\/\/www.latercera.com\/que-pasa\/noticia\/estudio-revela-un-inesperado-impacto-de-las-plantaciones-forestales-en-la-cuenca-del-rio-purapel-en-la-region-del-maule\/H63KESAVNFDSPJPEAYRGV7Y4TA\/\" target=\"_blank\" rel=\"noopener\">Estudio revela un inesperado impacto de las plantaciones forestales en la cuenca del r\u00edo Purapel, en la Regi\u00f3n del Maule. Se refiere Roberto Pizarro, acad\u00e9mico de la Escuela de Ingenier\u00eda Forestal de la UTalca.<\/a><\/p>\t\t\t\t\t\t<\/div>\n\t\t\t\t<\/div>\n\t\t\t\t<div class=\"elementor-element elementor-element-fcdafe1 elementor-widget elementor-widget-text-editor\" data-id=\"fcdafe1\" data-element_type=\"widget\" data-widget_type=\"text-editor.default\">\n\t\t\t\t<div class=\"elementor-widget-container\">\n\t\t\t\t\t\t\t\t<p><b>CLINICASDECHILE.CL<\/b><\/p><p><a style=\"font-style: inherit; font-weight: inherit; background-color: #ffffff; font-family: -apple-system, BlinkMacSystemFont,;\" href=\"https:\/\/www.clinicasdechile.cl\/noticias\/contagios-se-aceleran-en-grupos-de-personas-mas-jovenes-por-nuevas-cepas-y-movilidad\/\" target=\"_blank\" rel=\"noopener\">Contagios se aceleran en grupos de personas m\u00e1s j\u00f3venes por nuevas cepas y movilidad. Se refiere Marcelo Alarc\u00f3n, acad\u00e9mico del Departamento de Bioqu\u00edmica Cl\u00ednica e inmunohematolog\u00eda de la UTalca.<\/a><\/p>\t\t\t\t\t\t<\/div>\n\t\t\t\t<\/div>\n\t\t\t\t<div class=\"elementor-element elementor-element-f2d5ee7 elementor-widget elementor-widget-text-editor\" data-id=\"f2d5ee7\" data-element_type=\"widget\" data-widget_type=\"text-editor.default\">\n\t\t\t\t<div class=\"elementor-widget-container\">\n\t\t\t\t\t\t\t\t<p><b>TVMAULE.CL<\/b><\/p><p><a style=\"font-style: inherit; font-weight: inherit; background-color: #ffffff; font-family: -apple-system, BlinkMacSystemFont,;\" href=\"https:\/\/www.tvmaule.cl\/conoce-medidas-de-prevencion-contra-el-cancer-cervicouterino\/\" target=\"_blank\" rel=\"noopener\">Conoce medidas de prevenci\u00f3n contra el c\u00e1ncer cervicouterino. Se refiere Mar\u00eda Pilar Garc\u00eda, acad\u00e9mica de la Escuela de Obstetricia de la UTalca.<\/a><\/p>\t\t\t\t\t\t<\/div>\n\t\t\t\t<\/div>\n\t\t\t\t<div class=\"elementor-element elementor-element-62b97f8 elementor-widget elementor-widget-text-editor\" data-id=\"62b97f8\" data-element_type=\"widget\" data-widget_type=\"text-editor.default\">\n\t\t\t\t<div class=\"elementor-widget-container\">\n\t\t\t\t\t\t\t\t<p><b>RADIOMAGALLANES.CL<\/b><\/p><p><a style=\"font-style: inherit; font-weight: inherit; background-color: #ffffff; font-family: -apple-system, BlinkMacSystemFont,;\" href=\"https:\/\/www.radiomagallanes.cl\/noticia.php?id_not=95456\" target=\"_blank\" rel=\"noopener\">Inmun\u00f3loga pedi\u00e1trica refuerza importancia de la consulta temprana ante sospechas de PIMS. Se refiere Silvia Arredondo, acad\u00e9mica de la Escuela de Medicina de la UTalca.<\/a><\/p>\t\t\t\t\t\t<\/div>\n\t\t\t\t<\/div>\n\t\t\t\t<div class=\"elementor-element elementor-element-3d00c15 elementor-widget elementor-widget-text-editor\" data-id=\"3d00c15\" data-element_type=\"widget\" data-widget_type=\"text-editor.default\">\n\t\t\t\t<div class=\"elementor-widget-container\">\n\t\t\t\t\t\t\t\t<p><b>PORTALEDUCACION.CL<\/b><\/p><p><a style=\"font-style: inherit; font-weight: inherit; background-color: #ffffff; font-family: -apple-system, BlinkMacSystemFont,;\" href=\"https:\/\/portaleducacion.cl\/index.php\/2021\/04\/05\/estudiantes-de-ingenieria-comercial-cuentan-como-fue-pasar-del-aula-a-trabajar-en-una-multinacional\/\" target=\"_blank\" rel=\"noopener\">Estudiantes de Ingenier\u00eda Comercial cuentan c\u00f3mo fue pasar del aula a trabajar en una multinacional. Se refiere Diego Rodr\u00edguez, director de la Escuela de Ingenier\u00eda Comercial Campus Santiago de la UTalca.<\/a><\/p>\t\t\t\t\t\t<\/div>\n\t\t\t\t<\/div>\n\t\t\t\t<div class=\"elementor-element elementor-element-168b196 elementor-widget elementor-widget-text-editor\" data-id=\"168b196\" data-element_type=\"widget\" data-widget_type=\"text-editor.default\">\n\t\t\t\t<div class=\"elementor-widget-container\">\n\t\t\t\t\t\t\t\t<p><b>MAULEE.CL<\/b><\/p><p><a style=\"font-style: inherit; font-weight: inherit; background-color: #ffffff; font-family: -apple-system, BlinkMacSystemFont,;\" href=\"https:\/\/www.maulee.cl\/estudiantes-de-ingenieria-comercial-cuentan-como-fue-pasar-del-aula-a-trabajar-en-una-multinacional\/\" target=\"_blank\" rel=\"noopener\">Estudiantes de Ingenier\u00eda Comercial cuentan c\u00f3mo fue pasar del aula a trabajar en una multinacional. Se refiere Diego Rodr\u00edguez, director de la Escuela de Ingenier\u00eda Comercial Campus Santiago de la UTalca.<\/a><\/p>\t\t\t\t\t\t<\/div>\n\t\t\t\t<\/div>\n\t\t\t\t<div class=\"elementor-element elementor-element-1ea6078 elementor-widget elementor-widget-text-editor\" data-id=\"1ea6078\" data-element_type=\"widget\" data-widget_type=\"text-editor.default\">\n\t\t\t\t<div class=\"elementor-widget-container\">\n\t\t\t\t\t\t\t\t<p><b>SEXTANOTICIAS.CL<\/b><\/p><p><a style=\"font-style: inherit; font-weight: inherit; background-color: #ffffff; font-family: -apple-system, BlinkMacSystemFont,;\" href=\"https:\/\/www.sextanoticias.cl\/estudiantes-de-ingenieria-comercial-cuentan-como-fue-pasar-del-aula-a-trabajar-en-una-multinacional\/\" target=\"_blank\" rel=\"noopener\">Estudiantes de Ingenier\u00eda Comercial cuentan c\u00f3mo fue pasar del aula a trabajar en una multinacional. Se refiere Diego Rodr\u00edguez, director de la Escuela de Ingenier\u00eda Comercial Campus Santiago de la UTalca.<\/a><\/p>\t\t\t\t\t\t<\/div>\n\t\t\t\t<\/div>\n\t\t\t\t<div class=\"elementor-element elementor-element-922d785 elementor-widget elementor-widget-text-editor\" data-id=\"922d785\" data-element_type=\"widget\" data-widget_type=\"text-editor.default\">\n\t\t\t\t<div class=\"elementor-widget-container\">\n\t\t\t\t\t\t\t\t<p><b>EMOL.COM<\/b><\/p><p><a style=\"font-style: inherit; font-weight: inherit; background-color: #ffffff; font-family: -apple-system, BlinkMacSystemFont,;\" href=\"https:\/\/www.emol.com\/noticias\/Nacional\/2021\/04\/05\/1016887\/Programacion-EmolTV-semana-5-abril.html\" target=\"_blank\" rel=\"noopener\">Streaming y entrevistas: La programaci\u00f3n de este lunes 5 de abril en EmolTV. Se menciona a Mauricio Morales, acad\u00e9mico del Centro de An\u00e1lisis Pol\u00edtico (CAP) de la UTalca<\/a><\/p>\t\t\t\t\t\t<\/div>\n\t\t\t\t<\/div>\n\t\t\t\t<div class=\"elementor-element elementor-element-bee48cd elementor-widget elementor-widget-text-editor\" data-id=\"bee48cd\" data-element_type=\"widget\" data-widget_type=\"text-editor.default\">\n\t\t\t\t<div class=\"elementor-widget-container\">\n\t\t\t\t\t\t\t\t<p><b>CAMPO SURE\u00d1O<\/b><\/p><p><a style=\"font-style: inherit; font-weight: inherit; background-color: #ffffff; font-family: -apple-system, BlinkMacSystemFont,;\" href=\"https:\/\/www.litoralpress.cl\/sitio\/Prensa_PaginaCompleta.cshtml?LPKey=\/1ba.V9x.C.O.Oy.Lo.B6lu.Nk4b.Jj0.Zt8.J.G3.Tp.Ip4.Hz.Tbado4.%C3%96\" target=\"_blank\" rel=\"noopener\">La Araucan\u00eda ingresa de lleno al mapa frut\u00edcola de Chile. Se menciona a la UTalca.<\/a><\/p>\t\t\t\t\t\t<\/div>\n\t\t\t\t<\/div>\n\t\t\t\t\t<\/div>\n\t\t<\/div>\n\t\t\t\t\t\t\t<\/div>\n\t\t<\/section>\n\t\t\t\t\t\t<\/div>\n\t\t\t\t\t<\/div>\n\t\t","protected":false},"excerpt":{"rendered":"<p>ADPRENSA.CL Escuela de Medicina de la UTalca recibi\u00f3 a estudiante Puntaje Nacional en Ciencias. UNIVERSIDADESESTATALES.CL Escuela de Medicina de la UTalca recibi\u00f3 a estudiante Puntaje Nacional en Ciencias. EL HERALDO Escuela de Medicina de la UTalca recibi\u00f3 a estudiante Puntaje Nacional en Ciencias. DIARIOELHERALDO.CL Escuela de Medicina de la UTalca recibi\u00f3 a estudiante Puntaje Nacional &hellip;<\/p>\n<p class=\"read-more\"> <a class=\"\" href=\"https:\/\/www.reportedeprensa.utalca.cl\/?p=637\"> <span class=\"screen-reader-text\">06 de abril de 2021<\/span> Read More &raquo;<\/a><\/p>\n","protected":false},"author":1,"featured_media":0,"comment_status":"closed","ping_status":"open","sticky":false,"template":"elementor_theme","format":"standard","meta":{"_monsterinsights_skip_tracking":false,"_monsterinsights_sitenote_active":false,"_monsterinsights_sitenote_note":"","_monsterinsights_sitenote_category":0},"categories":[7],"tags":[],"_links":{"self":[{"href":"https:\/\/www.reportedeprensa.utalca.cl\/index.php?rest_route=\/wp\/v2\/posts\/637"}],"collection":[{"href":"https:\/\/www.reportedeprensa.utalca.cl\/index.php?rest_route=\/wp\/v2\/posts"}],"about":[{"href":"https:\/\/www.reportedeprensa.utalca.cl\/index.php?rest_route=\/wp\/v2\/types\/post"}],"author":[{"embeddable":true,"href":"https:\/\/www.reportedeprensa.utalca.cl\/index.php?rest_route=\/wp\/v2\/users\/1"}],"replies":[{"embeddable":true,"href":"https:\/\/www.reportedeprensa.utalca.cl\/index.php?rest_route=%2Fwp%2Fv2%2Fcomments&post=637"}],"version-history":[{"count":4,"href":"https:\/\/www.reportedeprensa.utalca.cl\/index.php?rest_route=\/wp\/v2\/posts\/637\/revisions"}],"predecessor-version":[{"id":641,"href":"https:\/\/www.reportedeprensa.utalca.cl\/index.php?rest_route=\/wp\/v2\/posts\/637\/revisions\/641"}],"wp:attachment":[{"href":"https:\/\/www.reportedeprensa.utalca.cl\/index.php?rest_route=%2Fwp%2Fv2%2Fmedia&parent=637"}],"wp:term":[{"taxonomy":"category","embeddable":true,"href":"https:\/\/www.reportedeprensa.utalca.cl\/index.php?rest_route=%2Fwp%2Fv2%2Fcategories&post=637"},{"taxonomy":"post_tag","embeddable":true,"href":"https:\/\/www.reportedeprensa.utalca.cl\/index.php?rest_route=%2Fwp%2Fv2%2Ftags&post=637"}],"curies":[{"name":"wp","href":"https:\/\/api.w.org\/{rel}","templated":true}]}}