{"id":6372,"date":"2023-01-16T09:56:51","date_gmt":"2023-01-16T12:56:51","guid":{"rendered":"https:\/\/www.reportedeprensa.utalca.cl\/?p=6372"},"modified":"2023-01-16T10:10:12","modified_gmt":"2023-01-16T13:10:12","slug":"16-de-enero-de-2023","status":"publish","type":"post","link":"https:\/\/www.reportedeprensa.utalca.cl\/?p=6372","title":{"rendered":"16 de enero de 2023"},"content":{"rendered":"\t\t<div data-elementor-type=\"wp-post\" data-elementor-id=\"6372\" class=\"elementor elementor-6372\" data-elementor-settings=\"[]\">\n\t\t\t\t\t\t\t<div class=\"elementor-section-wrap\">\n\t\t\t\t\t\t\t<section class=\"elementor-section elementor-top-section elementor-element elementor-element-2a4b4b83 elementor-section-boxed elementor-section-height-default elementor-section-height-default\" data-id=\"2a4b4b83\" data-element_type=\"section\">\n\t\t\t\t\t\t<div class=\"elementor-container elementor-column-gap-default\">\n\t\t\t\t\t<div class=\"elementor-column elementor-col-100 elementor-top-column elementor-element elementor-element-24a78540\" data-id=\"24a78540\" data-element_type=\"column\">\n\t\t\t<div class=\"elementor-widget-wrap elementor-element-populated\">\n\t\t\t\t\t\t\t\t<div class=\"elementor-element elementor-element-55b07e54 elementor-widget elementor-widget-text-editor\" data-id=\"55b07e54\" data-element_type=\"widget\" data-widget_type=\"text-editor.default\">\n\t\t\t\t<div class=\"elementor-widget-container\">\n\t\t\t\t\t\t\t\t<p><strong>ADPRENSA.CL<\/strong><\/p><p><a href=\"https:\/\/www.adprensa.cl\/cronica\/ranking-nacional-destaca-a-la-utalca-entre-las-mejores-del-pais\/\">Ranking nacional destaca a la UTalca entre las mejores del pa\u00eds. Se refiere Cristian Rojas Barahona, vicerrector Acad\u00e9mico.<\/a><\/p><p>\u00a0<\/p><p><strong>MEDIABANCO.COM<\/strong><\/p><p><a href=\"https:\/\/www.mediabanco.com\/ranking-nacional-destaca-a-la-utalca-entre-las-mejores-del-pais\/\">Ranking nacional destaca a la UTalca entre las mejores del pa\u00eds. Se refiere Cristian Rojas Barahona, vicerrector Acad\u00e9mico.<\/a><\/p><p>\u00a0<\/p><p><strong>DIARIOTALCA.CL<\/strong><\/p><p><a href=\"https:\/\/diariotalca.cl\/ranking-nacional-destaca-a-utalca-entre-las-mejores-universidades\/\">Ranking nacional destaca a UTalca entre las mejores universidades. Se refiere Cristian Rojas Barahona, vicerrector Acad\u00e9mico.<\/a><\/p><p>\u00a0<\/p><p><strong>MASQUENOTICIAS.CL<\/strong><\/p><p><a href=\"https:\/\/masquenoticias.cl\/2023\/01\/13\/ranking-nacional-destaca-a-la-utalca-entre-las-mejores-del-pais\/\">Ranking nacional destaca a la UTalca entre las mejores del pa\u00eds. Se refiere Cristian Rojas Barahona, vicerrector Acad\u00e9mico.<\/a><\/p><p>\u00a0<\/p><p><strong>PUBLIMICRO.CL<\/strong><\/p><p><a href=\"https:\/\/publimicro.cl\/ranking-nacional-destaca-a-la-universidad-de-talca-entre-las-mejores-del-pais\/\">Ranking nacional destaca a la universidad de Talca entre las mejores del pa\u00eds. Se refiere Cristian Rojas Barahona, vicerrector Acad\u00e9mico.<\/a><\/p><p>\u00a0<\/p><p><strong>DIARIOTALCA.CL<\/strong><\/p><p><a href=\"https:\/\/diariotalca.cl\/que-estudiar-hablan-jovenes-que-destacaron-en-la-paes-2023\/\">\u00bfQu\u00e9 estudiar? Hablan j\u00f3venes que destacaron en la PAES 2023. Se menciona a la UTalca.<\/a><\/p><p>\u00a0<\/p><p><strong>LAS \u00daLTIMAS NOTICIAS<\/strong><\/p><p><a href=\"https:\/\/www.litoralpress.cl\/sitio\/Prensa_PaginaCompleta.cshtml?LPKey=GJGNZ2YJHP6MZJ663VHLJO4KXWE3EHWS55LU77NAGXAOIUNLCGNA\">Ranking: las instituciones con m\u00e1s alumnos de la educaci\u00f3n superior. Se menciona a la UTalca.<\/a><\/p><p>\u00a0<\/p><p><strong>REDGOL.CL<\/strong><\/p><p><a href=\"https:\/\/redgol.cl\/tendencias\/Cuanto-ganan-en-promedio-los-doctores-segun-cada-universidad-20230113-0046.html\">Este es el sueldo de los titulados en medicina seg\u00fan la universidad en la que estudiaron. Se menciona a la UTalca.<\/a><\/p><p>\u00a0<\/p><p><strong>CANAL CNN CHILE<\/strong><\/p><p><a href=\"https:\/\/www.litoralpress.cl\/sitio\/RadioTV_Detalles.cshtml?LPKey=5CTLJNZ4HLA4X3AWMFEYU26JSSFWFVTEBRNRZEYGQGAXEOWPSMS747WERJKXDGHDDTQK36U2AHQB6\">La U. de Talca presenta la App &#8220;Cuid\u00e1ndome&#8221; para mejorar la calidad de la salud mental de las personas.<\/a><\/p><p>\u00a0<\/p><p><strong>ADPRENSA.CL<\/strong><\/p><p><a href=\"https:\/\/www.adprensa.cl\/cronica\/utalca-especialista-entrego-consejos-para-un-rejuvenecimiento-metabolico\/\">UTalca: Especialista entreg\u00f3 consejos para un rejuvenecimiento metab\u00f3lico. Se refiere Iv\u00e1n Palomo Gonz\u00e1lez, director del Centro de Investigaci\u00f3n en Trombosis (CIT).<\/a><\/p><p>\u00a0<\/p><p><strong>EL HERALDO<\/strong><\/p><p><a href=\"https:\/\/www.litoralpress.cl\/paginaconsultas\/Servicios_NClipSitio\/Get_Imagen_Nota.aspx?LPKey=KH6YT65BSLYL5MA6BEVTH4JNKCV5U4PE5V7NSNGDVDXKCSQWKL5IUEEBC7CJRR23BINUK7A6IKK46\">Especialista entreg\u00f3 consejos para un rejuvenecimiento metab\u00f3lico. Se menciona al Centro del Centro de Investigaci\u00f3n en Trombosis (CIT).\u00a0<\/a><\/p><p>\u00a0<\/p><p><strong>EL LECTOR<\/strong><\/p><p><a href=\"https:\/\/www.litoralpress.cl\/paginaconsultas\/Servicios_NClipSitio\/Get_Imagen_Nota.aspx?LPKey=D4SZ2M52OUC3YZ4CEKMO5S6TP2OQTO3YZTTT5JFNG3W4ZISYZTXVU4FOQCJRVPK35CWJTYI6K6G7W\">Especialista entreg\u00f3 consejos para un rejuvenecimiento metab\u00f3lico. Se menciona al Centro del Centro de Investigaci\u00f3n en Trombosis (CIT).<\/a><\/p><p>\u00a0<\/p><p><strong>DIARIOELHERALDO.CL<\/strong><\/p><p><a href=\"https:\/\/www.diarioelheraldo.cl\/noticia\/especialista-entrego-consejos-para-un-rejuvenecimiento-metabolico\">Especialista entreg\u00f3 consejos para un rejuvenecimiento metab\u00f3lico. Se refiere Iv\u00e1n Palomo Gonz\u00e1lez, director del Centro de Investigaci\u00f3n en Trombosis (CIT).<\/a><\/p><p>\u00a0<\/p><p><strong>ELTIPOGRAFO.CL<\/strong><\/p><p><a href=\"https:\/\/eltipografo.cl\/2023\/01\/como-prevenir-el-envejecimiento-anticipado\">\u00bfC\u00f3mo prevenir el envejecimiento anticipado? Se menciona al Centro de Investigaci\u00f3n en Trombosis (CIT).<\/a><\/p><p>\u00a0<\/p><p><strong>MUSICAYNOTICIAS.CL<\/strong><\/p><p><a href=\"https:\/\/www.musicaynoticias.cl\/claves-para-rejuvenecer-en-la-adultez\/\">Claves para rejuvenecer en la adultez. Se menciona al Centro de Investigaci\u00f3n en Trombosis (CIT).<\/a><\/p><p>\u00a0<\/p><p><strong>G5NOTICIAS.CL<\/strong><\/p><p><a href=\"https:\/\/g5noticias.cl\/2023\/01\/14\/especialista-entrego-consejos-para-un-rejuvenecimiento-metabolico\/\">Especialista entreg\u00f3 consejos para un rejuvenecimiento metab\u00f3lico. Se refiere Iv\u00e1n Palomo Gonz\u00e1lez, director del Centro de Investigaci\u00f3n en Trombosis (CIT).<\/a><\/p><p>\u00a0<\/p><p><strong>CANAL MEGA<\/strong><\/p><p><a href=\"https:\/\/www.litoralpress.cl\/sitio\/RadioTV_Detalles.cshtml?LPKey=XCMHPRMYHWWSLQ3LWVRTGM66UE6IDI66E3GRQVWTGUH6K53PG3EIV2AOFRJYTLTVBGRQFNRSHTOXS\">Entrevista a Diputada Mercedes Bulnes. Se mencionan programas relacionados a adultos mayores pertenecientes a la UTalca.<\/a><\/p><p>\u00a0<\/p><p><strong>EMOL.COM<\/strong><\/p><p><a href=\"https:\/\/www.emol.com\/noticias\/Nacional\/2023\/01\/14\/1083719\/variantes-bf7-xbb-omicron-chile.html\">M\u00e1s contagiosas y capaces de reinfectar: Las caracter\u00edsticas de las subvariantes de \u00d3micron que ya est\u00e1n en Chile. Se refiere \u00c9rika Retamal Contreras, directora del Departamento de Salud P\u00fablica.<\/a><\/p><p>\u00a0<\/p><p><strong>EL MERCURIO<\/strong><\/p><p><a href=\"https:\/\/www.litoralpress.cl\/sitio\/Prensa_PaginaCompleta.cshtml?LPKey=QOZME3RASFEGFYOX6VIGQFMGWQ4W637HTNSY7NERUOOUHAMIFGXA\">Expertos revisar\u00e1n el Censo Agropecuario. Se menciona a Roberto Jara Rojas, director de Investigaci\u00f3n.<\/a><\/p><p>\u00a0<\/p><p><strong>MEDIABANCO.COM<\/strong><\/p><p><a href=\"https:\/\/www.mediabanco.com\/pasion-por-el-agro-es-el-nuevo-programa-de-campustv\/\">\u201cPasi\u00f3n por el Agro\u201d es el nuevo programa de CampusTV. Se refieren Hermine Vogel, decana de la Facultad de Ciencias Agrarias y Marcela Barros Morales, directora de Comunicaciones Corporativas.<\/a><\/p><p>\u00a0<\/p><p><strong>ROMANTICA.CL<\/strong><\/p><p><a href=\"https:\/\/www.romantica.cl\/noticias\/2023\/01\/13\/vuelven-a-un-estado-de-recuperacion-total-estudio-indica-que-los-bosques-del-sur-de-chile-son-los-mas-resilientes.html\">\u201cVuelven a un estado de recuperaci\u00f3n total\u201d: Estudio indica que los bosques del sur de Chile son los m\u00e1s resilientes. Se refiere Frida Piper Busico, acad\u00e9mica del Instituto de Ciencias Biol\u00f3gicas.<\/a><\/p><p>\u00a0<\/p><p><strong>G5NOTICIAS.CL<\/strong><\/p><p><a href=\"https:\/\/g5noticias.cl\/2023\/01\/15\/investigacion-demuestra-alta-resiliencia-de-bosques-australes-a-efectos-del-cambio-climatico\/\">Investigaci\u00f3n demuestra alta resiliencia de bosques australes a efectos del cambio clim\u00e1tico. Se refiere Frida Piper Busico, acad\u00e9mica del Instituto de Ciencias Biol\u00f3gicas.<\/a><\/p><p>\u00a0<\/p><p><strong>EL L\u00cdDER<\/strong><\/p><p><a href=\"https:\/\/www.litoralpress.cl\/sitio\/Prensa_PaginaCompleta.cshtml?LPKey=53LLPLJ3PUR54VFT7VI2OKHCNVNOQ4FOB7ZYOLJCC5BFI3PV2SSA\">Decretan agr\u00edcola para 285 comunas: se incluye a toda la provincia. Se refiere Patricio Gonz\u00e1lez Colville, acad\u00e9mico del Centro de Investigaci\u00f3n y Transferencia en Riego y Agroclimatolog\u00eda (CITRA).<\/a><\/p><p>\u00a0<\/p><p><strong>LA DISCUSI\u00d3N<\/strong><\/p><p><a href=\"https:\/\/www.litoralpress.cl\/sitio\/Prensa_PaginaCompleta.cshtml?LPKey=O3WVU3JLOPYUZMOGNNT4KC7UH7T2767LYPVABWR4N6QFXJBMEVEA\">J\u00f3venes investigadores de Ciencias Agron\u00f3micas presentan innovadoras iniciativas. Se menciona a Alejandro del Pozo Lira, acad\u00e9mico de la Facultad de Ciencias Agrarias.<\/a><\/p><p>\u00a0<\/p><p><strong>LADISCUSI\u00d3N.CL<\/strong><\/p><p><a href=\"https:\/\/www.ladiscusion.cl\/jovenes-de-ciencias-agronomicas-presentan-innovadoras-iniciativas\/\">Jo\u0301venes de Ciencias Agron\u00f3micas presentan innovadoras iniciativas. Se menciona a Alejandro del Pozo Lira, acad\u00e9mico de la Facultad de Ciencias Agrarias.<\/a><\/p><p>\u00a0<\/p><p><strong>PORTALDELCAMPO.CL<\/strong><\/p><p><a href=\"https:\/\/portaldelcampo.cl\/Noticias\/91174_Innovadoras-iniciativas-fueron-presentadas-en-el-III-Workshop-de-j%C3%B3venes-investigadores-de-Ciencias-Agron%C3%B3micas.html\">Innovadoras iniciativas fueron presentadas en el III Workshop de j\u00f3venes investigadores de Ciencias Agron\u00f3micas. Se menciona a Alejandro del Pozo Lira, acad\u00e9mico de la Facultad de Ciencias Agrarias.<\/a><\/p><p>\u00a0<\/p><p><strong>CANAL TVR<\/strong><\/p><p><a href=\"https:\/\/www.litoralpress.cl\/sitio\/RadioTV_Detalles.cshtml?LPKey=V3GTGHGZS2ZLWKQ3XJAU3VZKEX62QNKUQT7RQOD7SDRTMJCCKEXOHUMLDIQD4IVASCBJCYCRMJCYG\">La Universidad de Talca cre\u00f3 laboratorio para monitorear el material particulado que emiten industrias. Se refiere Felipe Varas Concha, acad\u00e9mico de la Facultad de Ingenier\u00eda.<\/a><\/p><p>\u00a0<\/p><p><strong>MEDIODIRECTO.CL<\/strong><\/p><p><a href=\"https:\/\/mediodirecto.cl\/2023\/01\/13\/crean-laboratorio-para-monitorear-material-particulado-que-producen-empresas-maulinas\/\">Crean laboratorio para monitorear material particulado que producen empresas maulinas. Se refieren Mar\u00eda Luisa del Campo Hitchfeld, directora del Centro Tecnol\u00f3gico Kipus y Felipe Varas Concha, acad\u00e9mico de la Facultad de Ingenier\u00eda.<\/a><\/p><p>\u00a0<\/p><p><strong>DIARIO FINANCIERO<\/strong><\/p><p><a href=\"https:\/\/www.litoralpress.cl\/sitio\/Prensa_PaginaCompleta.cshtml?LPKey=LI27EBTNTZ5CEVSUIRU43T3YCMCT66HAF4AOGKBTDKC2WB36IQQQ\">Cambios en el bono Marzo y el subsidio \u00fanico familia: \u00bfCu\u00e1les son las claves? Se refiere Rodrigo Saens, acad\u00e9mico de la Facultad de Econom\u00eda y Negocios (FEN).<\/a><\/p><p>\u00a0<\/p><p><strong>T13.CL<\/strong><\/p><p><a href=\"https:\/\/www.t13.cl\/noticia\/diario-financiero\/negocios\/zoom-dineros-gobierno-busca-depositar-bolsillo-chilenos-2023\">Zoom a los dineros que el Gobierno busca depositar en el bolsillo de los chilenos en 2023. Se refiere Rodrigo Saens, acad\u00e9mico de la Facultad de Econom\u00eda y Negocios (FEN).<\/a><\/p><p>\u00a0<\/p><p><strong>PUBLIMETRO<\/strong><\/p><p><a href=\"https:\/\/www.litoralpress.cl\/sitio\/Prensa_PaginaCompleta.cshtml?LPKey=ADAT2QRIGJ2Z34O6D5PZFXHHDQCFVFJU3JQNGJNWAXSIMG2NHG4Q\">Nueva Constituci\u00f3n: \u00bfQui\u00e9nes integrar\u00e1n la Comisi\u00f3n de Expertos? Se refiere Mauricio Morales Quiroga, director del Centro de An\u00e1lisis Pol\u00edtico (CAP).<\/a><\/p><p>\u00a0<\/p><p><strong>MEGANOTICIAS.CL<\/strong><\/p><p><a href=\"https:\/\/www.meganoticias.cl\/nacional\/402536-mauricio-morales-academico-analisis-encuesta-cadem-trabajo-gobierno-presidente-boric-gobernar-es-fracasar-15-01-2023.html\">&#8220;Gobernar es fracasar&#8221;: Mauricio Morales y su an\u00e1lisis de la encuesta Cadem por labor del Gobierno y el presidente Boric. Se refiere el director del Centro de An\u00e1lisis Pol\u00edtico (CAP).<\/a><\/p><p>\u00a0<\/p><p><strong>LAS \u00daLTIMAS NOTICIAS<\/strong><\/p><p><a href=\"https:\/\/www.litoralpress.cl\/paginaconsultas\/Servicios_NClipSitio\/Get_Imagen_Nota.aspx?LPKey=SOMZWJXWEYY4LIOQBNY5JVEBLBKDWSZLA3PFYTEDG3WAAQF7PNZPV26PZPPBD6I74XTS6FW6T3M5A\">Ingeniero invent\u00f3 una tela a partir de los desechos del ma\u00edz. Se refiere Nicol\u00e1s Salinas Lara, exalumno de Ingenier\u00eda Civil de Minas.<\/a><\/p><p>\u00a0<\/p><p><strong>LA PRENSA<\/strong><\/p><p><a href=\"https:\/\/www.litoralpress.cl\/paginaconsultas\/Servicios_NClipSitio\/Get_Imagen_Nota.aspx?LPKey=5B5TF6X6AUROCHYEGDPROSYTUYB4PHCGURM2J6PUENECJQXDNRUX7GF467UUH5VA6W27EYHOUUYYC\">Asociaci\u00f3n Provincial de Atletismo Curic\u00f3 premi\u00f3 a los mejores 2022.<\/a><\/p><p>\u00a0<\/p>\t\t\t\t\t\t<\/div>\n\t\t\t\t<\/div>\n\t\t\t\t\t<\/div>\n\t\t<\/div>\n\t\t\t\t\t\t\t<\/div>\n\t\t<\/section>\n\t\t\t\t\t\t<\/div>\n\t\t\t\t\t<\/div>\n\t\t","protected":false},"excerpt":{"rendered":"<p>ADPRENSA.CL Ranking nacional destaca a la UTalca entre las mejores del pa\u00eds. Se refiere Cristian Rojas Barahona, vicerrector Acad\u00e9mico. \u00a0 MEDIABANCO.COM Ranking nacional destaca a la UTalca entre las mejores del pa\u00eds. Se refiere Cristian Rojas Barahona, vicerrector Acad\u00e9mico. \u00a0 DIARIOTALCA.CL Ranking nacional destaca a UTalca entre las mejores universidades. Se refiere Cristian Rojas Barahona, &hellip;<\/p>\n<p class=\"read-more\"> <a class=\"\" href=\"https:\/\/www.reportedeprensa.utalca.cl\/?p=6372\"> <span class=\"screen-reader-text\">16 de enero de 2023<\/span> Read More &raquo;<\/a><\/p>\n","protected":false},"author":1,"featured_media":0,"comment_status":"closed","ping_status":"open","sticky":false,"template":"","format":"standard","meta":{"_monsterinsights_skip_tracking":false,"_monsterinsights_sitenote_active":false,"_monsterinsights_sitenote_note":"","_monsterinsights_sitenote_category":0},"categories":[29],"tags":[],"_links":{"self":[{"href":"https:\/\/www.reportedeprensa.utalca.cl\/index.php?rest_route=\/wp\/v2\/posts\/6372"}],"collection":[{"href":"https:\/\/www.reportedeprensa.utalca.cl\/index.php?rest_route=\/wp\/v2\/posts"}],"about":[{"href":"https:\/\/www.reportedeprensa.utalca.cl\/index.php?rest_route=\/wp\/v2\/types\/post"}],"author":[{"embeddable":true,"href":"https:\/\/www.reportedeprensa.utalca.cl\/index.php?rest_route=\/wp\/v2\/users\/1"}],"replies":[{"embeddable":true,"href":"https:\/\/www.reportedeprensa.utalca.cl\/index.php?rest_route=%2Fwp%2Fv2%2Fcomments&post=6372"}],"version-history":[{"count":4,"href":"https:\/\/www.reportedeprensa.utalca.cl\/index.php?rest_route=\/wp\/v2\/posts\/6372\/revisions"}],"predecessor-version":[{"id":6376,"href":"https:\/\/www.reportedeprensa.utalca.cl\/index.php?rest_route=\/wp\/v2\/posts\/6372\/revisions\/6376"}],"wp:attachment":[{"href":"https:\/\/www.reportedeprensa.utalca.cl\/index.php?rest_route=%2Fwp%2Fv2%2Fmedia&parent=6372"}],"wp:term":[{"taxonomy":"category","embeddable":true,"href":"https:\/\/www.reportedeprensa.utalca.cl\/index.php?rest_route=%2Fwp%2Fv2%2Fcategories&post=6372"},{"taxonomy":"post_tag","embeddable":true,"href":"https:\/\/www.reportedeprensa.utalca.cl\/index.php?rest_route=%2Fwp%2Fv2%2Ftags&post=6372"}],"curies":[{"name":"wp","href":"https:\/\/api.w.org\/{rel}","templated":true}]}}