{"id":6387,"date":"2023-01-17T07:52:36","date_gmt":"2023-01-17T10:52:36","guid":{"rendered":"https:\/\/www.reportedeprensa.utalca.cl\/?p=6387"},"modified":"2023-01-17T08:03:37","modified_gmt":"2023-01-17T11:03:37","slug":"17-de-enero-de-2023","status":"publish","type":"post","link":"https:\/\/www.reportedeprensa.utalca.cl\/?p=6387","title":{"rendered":"17 de enero de 2023"},"content":{"rendered":"\t\t<div data-elementor-type=\"wp-post\" data-elementor-id=\"6387\" class=\"elementor elementor-6387\" data-elementor-settings=\"[]\">\n\t\t\t\t\t\t\t<div class=\"elementor-section-wrap\">\n\t\t\t\t\t\t\t<section class=\"elementor-section elementor-top-section elementor-element elementor-element-2a4b4b83 elementor-section-boxed elementor-section-height-default elementor-section-height-default\" data-id=\"2a4b4b83\" data-element_type=\"section\">\n\t\t\t\t\t\t<div class=\"elementor-container elementor-column-gap-default\">\n\t\t\t\t\t<div class=\"elementor-column elementor-col-100 elementor-top-column elementor-element elementor-element-24a78540\" data-id=\"24a78540\" data-element_type=\"column\">\n\t\t\t<div class=\"elementor-widget-wrap elementor-element-populated\">\n\t\t\t\t\t\t\t\t<div class=\"elementor-element elementor-element-55b07e54 elementor-widget elementor-widget-text-editor\" data-id=\"55b07e54\" data-element_type=\"widget\" data-widget_type=\"text-editor.default\">\n\t\t\t\t<div class=\"elementor-widget-container\">\n\t\t\t\t\t\t\t\t<p><strong>DIARIOTALCA.CL<\/strong><\/p><p><a href=\"https:\/\/diariotalca.cl\/ranking-nacional-destaca-a-utalca-entre-las-mejores-universidades\/#respond\">Ranking nacional destaca a UTalca entre las mejores universidades. Se refiere Cristian Rojas Barahona, vicerrector Acad\u00e9mico.<\/a><\/p><p>\u00a0<\/p><p><strong>DIARIO TALCA<\/strong><\/p><p><a href=\"https:\/\/www.litoralpress.cl\/paginaconsultas\/Servicios_NClipSitio\/Get_Imagen_Nota.aspx?LPKey=2CR42OL75QLGOVF56YYSFTSHYKESA4JG43XWPX4FNX6HDNKWIFFE4UNL76WFGRAQO6QXUDSDZRFG6\">\u00bfQu\u00e9 estudiar? Hablan j\u00f3venes que destacaron en trayectoria educativa.<\/a><\/p><p>\u00a0<\/p><p><strong>RADIO ANCOA<\/strong><\/p><p><a href=\"https:\/\/www.litoralpress.cl\/sitio\/RadioTV_Detalles.cshtml?LPKey=LSHG2235YSGJ5FWBENAZNHH4WX6FRKURP72662BSWKFVD2QEHI4BUCX7PMPJVU3EVNKKJE6GQMHDY\">Admisi\u00f3n en la Facultad de Ciencias de la Educaci\u00f3n. Entrevista a Carolina Bravo Tobar, coordinadora Unidad de Atracci\u00f3n Acceso y Permanencia de las carreras de Educaci\u00f3n.<\/a><\/p><p>\u00a0<\/p><p><strong>RADIO COOPERATIVA<\/strong><\/p><p><a href=\"https:\/\/www.litoralpress.cl\/sitio\/RadioTV_Detalles.cshtml?LPKey=CU4V6SGEXK7427OMIOX2YRTBBZ3LHBBCNCTU3WW53JGTTYOMHPUBWYJGSVVDP4J35PYMG2LKWE4CG\">Resultados de la postulaci\u00f3n a las universidades. Se refiere Tania Mascar\u00f3 Espinoza, coordinadora de Vinculaci\u00f3n con el Sistema Escolar.<\/a><\/p><p>\u00a0<\/p><p><strong>LATERCERA.COM<\/strong><\/p><p><a href=\"https:\/\/www.latercera.com\/servicios\/noticia\/admision-2023-estas-son-las-fechas-de-matriculas-a-la-educacion-superior\/CCIUK5IIL5HKZFMNEFGA55QEZA\/\">Admisi\u00f3n 2023: estas son las fechas de matr\u00edculas a la Educaci\u00f3n Superior.<\/a><\/p><p>\u00a0<\/p><p><strong>24HORAS.CL<\/strong><\/p><p><a href=\"https:\/\/www.24horas.cl\/te-sirve\/como-saber-preseleccion-gratuidad\">\u00bfC\u00f3mo saber si fui preseleccionado para gratuidad? Se menciona a la UTalca.<\/a><\/p><p>\u00a0<\/p><p><strong>CANAL CONTIVISI\u00d3N<\/strong><\/p><p><a href=\"https:\/\/www.litoralpress.cl\/sitio\/RadioTV_Detalles.cshtml?LPKey=KMGERCUEA5JCFHTHTFZYG7MIUWBBJFLPJ7OZPN23BR2VIE2R65H44FRQZCEZUBGJXNSYPN3ZDQDLC\">Universidad de Talca suma nueva obra a su Parque de las Esculturas. Se refiere Carlos Torres Fuschlocher, rector y Marcela Albornoz Dachelet, directora de Extensi\u00f3n Cultural-Art\u00edstica.<\/a><\/p><p>\u00a0<\/p><p><strong>PORTALINNOVA.CL<\/strong><\/p><p><a href=\"https:\/\/portalinnova.cl\/centro-sur-lidera-a-nivel-macrozonal-la-adjudicacion-de-fondos-para-vinculacion-internacional-de-anid\/\">Centro Sur lidera a nivel macrozonal la adjudicaci\u00f3n de fondos para vinculaci\u00f3n internacional de ANID. Se refiere Roberto Jara Rojas, director de Investigaci\u00f3n.<\/a><\/p><p>\u00a0<\/p><p><strong>RADIOCAMILATV.CL<\/strong><\/p><p><a href=\"https:\/\/www.radiocamilatv.cl\/portal\/views\/noticia.php?codNoticia=ODE0OA==\">Centro Sur lidera a nivel macrozonal la adjudicaci\u00f3n de fondos para vinculaci\u00f3n internacional de ANID. Se refiere Roberto Jara Rojas, director de Investigaci\u00f3n.<\/a><\/p><p>\u00a0<\/p><p><strong>LATERCERA.COM<\/strong><\/p><p><a href=\"https:\/\/www.latercera.com\/que-pasa\/noticia\/un-nobel-en-la-region-del-maule-rattan-lal-encabezara-cartel-del-congreso-futuro-en-talca\/VSCATNG7EJG6HGKCG5BZDSZRNI\/\">Un Nobel en la Regi\u00f3n del Maule: Rattan Lal encabezar\u00e1 cartel del Congreso Futuro en Talca. Se menciona a la UTalca.<\/a><\/p><p>\u00a0<\/p><p><strong>ELDINAMO.CL<\/strong><\/p><p><a href=\"https:\/\/especiales.eldinamo.cl\/wellness\/2023\/01\/16\/especialista-entrego-consejos-para-un-rejuvenecimiento-metabolico\/\">Especialista entreg\u00f3 consejos para un rejuvenecimiento metab\u00f3lico. Se refiere Iv\u00e1n Palomo Gonz\u00e1lez, director del Centro de Investigaci\u00f3n en Trombosis (CIT).<\/a><\/p><p>\u00a0<\/p><p><strong>MASQUENOTICIAS.CL<\/strong><\/p><p><a href=\"https:\/\/masquenoticias.cl\/2023\/01\/16\/especialista-entrego-consejos-para-un-rejuvenecimiento-metabolico\/\">Especialista entreg\u00f3 consejos para un rejuvenecimiento metab\u00f3lico. Se refiere Iv\u00e1n Palomo Gonz\u00e1lez, director del Centro de Investigaci\u00f3n en Trombosis (CIT).<\/a><\/p><p>\u00a0<\/p><p><strong>ELCENTRO.CL<\/strong><\/p><p><a href=\"https:\/\/elcentro.cl\/2023\/01\/16\/que-es-el-rejuvenecimiento-metabolico-y-como-conseguirlo\/\">\u00bfQu\u00e9 es el rejuvenecimiento metab\u00f3lico y c\u00f3mo conseguirlo? Se refiere Iv\u00e1n Palomo Gonz\u00e1lez, director del Centro de Investigaci\u00f3n en Trombosis (CIT).<\/a><\/p><p>\u00a0<\/p><p><strong>COOPERATIVA.CL<\/strong><\/p><p><a href=\"https:\/\/www.cooperativa.cl\/noticias\/sociedad\/salud\/coronavirus\/especialista-advierte-alza-de-contagios-de-covid-19-durante-el-verano\/2023-01-16\/204640.html\">Especialista advierte alza de contagios de Covid-19 durante el verano. Se refiere \u00c9rika Retamal Contreras, directora del Departamento de Salud P\u00fablica.\u00a0<\/a><\/p><p>\u00a0<\/p><p><strong>ELPERIODISTA.CL<\/strong><\/p><p><a href=\"https:\/\/www.elperiodista.cl\/2023\/01\/advierten-alza-de-contagios-por-covid-19-durante-el-verano\/\">Advierten alza de contagios por Covid-19 durante el verano. Se refiere \u00c9rika Retamal Contreras, directora del Departamento de Salud P\u00fablica.\u00a0<\/a><\/p><p>\u00a0<\/p><p><strong>ADPRENSA.CL<\/strong><\/p><p><a href=\"https:\/\/www.adprensa.cl\/cronica\/advierten-alza-de-contagios-por-covid-19-durante-el-verano\/\">Advierten alza de contagios por Covid-19 durante el verano. Se refiere \u00c9rika Retamal Contreras, directora del Departamento de Salud P\u00fablica.\u00a0<\/a><\/p><p>\u00a0<\/p><p><strong>MEDIABANCO.COM<\/strong><\/p><p><a href=\"https:\/\/www.mediabanco.com\/advierten-alza-de-contagios-por-covid-19-durante-el-verano\/\">Advierten alza de contagios por Covid-19 durante el verano. Se refiere \u00c9rika Retamal Contreras, directora del Departamento de Salud P\u00fablica.\u00a0<\/a><\/p><p>\u00a0<\/p><p><strong>MASQUENOTICIAS.CL<\/strong><\/p><p><a href=\"https:\/\/masquenoticias.cl\/2023\/01\/16\/advierten-alza-de-contagios-por-covid-19-durante-el-verano\/\">Advierten alza de contagios por Covid-19 durante el verano. Se refiere \u00c9rika Retamal Contreras, directora del Departamento de Salud P\u00fablica.\u00a0<\/a><\/p><p>\u00a0<\/p><p><strong>CANAL TV5 LINARES<\/strong><\/p><p><a href=\"https:\/\/www.litoralpress.cl\/sitio\/RadioTV_Detalles.cshtml?LPKey=WYR6H5KCHCL4R7BONT3EZAWNTJDN4YGNBS2GH5UYM6WQE4Z3CWP4ZVEWGJ46PWQ4CJND2YOZJESYU\">Explican subvariante Kraken del Covid-19. Se refiere \u00c9rika Retamal Contreras, directora del Departamento de Salud P\u00fablica.\u00a0<\/a><\/p><p>\u00a0<\/p><p><strong>RADIO \u00d1U\u00d1OA<\/strong><\/p><p><a href=\"https:\/\/www.litoralpress.cl\/sitio\/RadioTV_Detalles.cshtml?LPKey=AXX4DFEOCVP7ML4E4Y7YRIOAU3EG4P4WZ6CDA6QMLE6E5D35NMX6I6REETDTDCMYWAW4FMECNXMF4\">Entrevista a \u00c9rika Retamal Contreras, directora del Departamento de Salud P\u00fablica.\u00a0<\/a><\/p><p>\u00a0<\/p><p><strong>ELCENTRO.CL<\/strong><\/p><p><a href=\"https:\/\/elcentro.cl\/2023\/01\/16\/advierten-alza-de-contagios-por-covid-19-durante-el-verano\/\">Advierten alza de contagios por Covid-19 durante el verano. Se refiere \u00c9rika Retamal Contreras, directora del Departamento de Salud P\u00fablica.\u00a0<\/a><\/p><p>\u00a0<\/p><p><strong>TVMAULE.CL<\/strong><\/p><p><a href=\"https:\/\/www.tvmaule.cl\/advierten-alza-de-contagios-por-covid-19-durante-el-verano\/\">Advierten alza de contagios por Covid-19 durante el verano. Se refiere \u00c9rika Retamal Contreras, directora del Departamento de Salud P\u00fablica.\u00a0<\/a><\/p><p>\u00a0<\/p><p><strong>MALAESPINACHECK.CL<\/strong><\/p><p><a href=\"https:\/\/www.malaespinacheck.cl\/explicativo\/2023\/01\/15\/kraken-la-nueva-variante-que-no-es-tan-monstruosa-como-parece\/\">Kraken, la nueva variante que no es tan monstruosa como parece. Se refiere \u00c9rika Retamal Contreras, directora del Departamento de Salud P\u00fablica.\u00a0<\/a><\/p><p>\u00a0<\/p><p><strong>G5NOTICIAS.CL<\/strong><\/p><p><a href=\"https:\/\/g5noticias.cl\/2023\/01\/16\/advierten-alza-de-contagios-por-covid-19-durante-el-verano\/\">Advierten alza de contagios por Covid-19 durante el verano. Se refiere \u00c9rika Retamal Contreras, directora del Departamento de Salud P\u00fablica.\u00a0<\/a><\/p><p>\u00a0<\/p><p><strong>DIARIOTALCA.CL<\/strong><\/p><p><a href=\"https:\/\/diariotalca.cl\/pasion-por-el-agro-es-el-nuevo-programa-de-campustv-de-utalca\/\">\u201cPasi\u00f3n por el Agro\u201d es el nuevo programa de CampusTV de UTalca. Se refieren Hermine Vogel, decana de la Facultad de Ciencias Agrarias y Marcela Barros Morales, directora de Comunicaciones Corporativas.<\/a><\/p><p>\u00a0<\/p><p><strong>ELMAULEINFORMA.CL<\/strong><\/p><p><a href=\"https:\/\/elmauleinforma.cl\/pasion-por-el-agro-es-el-nuevo-programa-de-campustv\/\">\u201cPasi\u00f3n por el Agro\u201d es el nuevo programa de CampusTV de UTalca. Se refieren Hermine Vogel, decana de la Facultad de Ciencias Agrarias y Marcela Barros Morales, directora de Comunicaciones Corporativas.<\/a><\/p><p>\u00a0<\/p><p><strong>ELMERCURIO.CL<\/strong><\/p><p><a href=\"https:\/\/www.litoralpress.cl\/paginaconsultas\/Documentos\/Get_Imagen.aspx?lpkey=7DRORTPBBKDGJP33Z7AG5E3ATOQPQOAEAPE5S6JOI7WYHNCBJ2N56XRDHKTAGAQTUKRB5BTFWZCBG\">Expertos revisar\u00e1n el censo agropecuario. Se menciona Roberto Jara Rojas, director de Investigaci\u00f3n.<\/a><\/p><p>\u00a0<\/p><p><strong>LATRIBUNA.CL<\/strong><\/p><p><a href=\"https:\/\/www.latribuna.cl\/noticias\/2023\/01\/16\/grupo-de-expertos-revisara-el-censo-agropecuario.html\">Grupo de expertos revisar\u00e1 el Censo Agropecuario. Se menciona Roberto Jara Rojas, director de Investigaci\u00f3n.<\/a><\/p><p>\u00a0<\/p><p><strong>CANAL MEGA PLUS<\/strong><\/p><p><a href=\"https:\/\/www.litoralpress.cl\/sitio\/RadioTV_Detalles.cshtml?LPKey=AN3IGWV6J5OOMFLCTUD5PV47Y6GKDUNJJBLTZ6HTQLKSKR3FUQMGVWT5RRDEACGW2LGHFSGRTQY3K\">Entrevista a Mauricio Morales Quiroga, director del Centro de An\u00e1lisis Pol\u00edtico (CAP).<\/a><\/p><p>\u00a0<\/p><p><strong>RADIO INFINITA<\/strong><\/p><p><a href=\"https:\/\/www.litoralpress.cl\/sitio\/RadioTV_Detalles.cshtml?LPKey=3H4BO5RKBUHNDBQCJZBTL5I77IM2YOA4PQQKDOYQPHB6GOPEROIFHITXCP4YBDDDKN4G37EQQGWWI\">Comentario de Mauricio Morales Quiroga, director del Centro de An\u00e1lisis Pol\u00edtico (CAP).<\/a><\/p><p>\u00a0<\/p><p><strong>PUBLIMETRO.CL<\/strong><\/p><p><a href=\"https:\/\/www.publimetro.cl\/noticias\/2023\/01\/16\/quienes-suenan-como-posibles-expertos-y-expertas-en-los-partidos-politicos\/\">Qui\u00e9nes suenan como posibles expertos y expertas en los partidos pol\u00edticos. Se refiere Mauricio Morales Quiroga, director del Centro de An\u00e1lisis Pol\u00edtico (CAP).<\/a><\/p><p>\u00a0<\/p><p><strong>CULTURIZARTE.CL<\/strong><\/p><p><a href=\"https:\/\/culturizarte.cl\/concentricos-implosion-de-liliana-iturriaga-en-centro-de-extension-universidad-de-talca\/\">Conc\u00e9ntricos + Implosi\u00f3n de Liliana Iturriaga en Centro de Extensi\u00f3n, Universidad de Talca.<\/a><\/p><p>\u00a0<\/p>\t\t\t\t\t\t<\/div>\n\t\t\t\t<\/div>\n\t\t\t\t\t<\/div>\n\t\t<\/div>\n\t\t\t\t\t\t\t<\/div>\n\t\t<\/section>\n\t\t\t\t\t\t<\/div>\n\t\t\t\t\t<\/div>\n\t\t","protected":false},"excerpt":{"rendered":"<p>DIARIOTALCA.CL Ranking nacional destaca a UTalca entre las mejores universidades. Se refiere Cristian Rojas Barahona, vicerrector Acad\u00e9mico. \u00a0 DIARIO TALCA \u00bfQu\u00e9 estudiar? Hablan j\u00f3venes que destacaron en trayectoria educativa. \u00a0 RADIO ANCOA Admisi\u00f3n en la Facultad de Ciencias de la Educaci\u00f3n. Entrevista a Carolina Bravo Tobar, coordinadora Unidad de Atracci\u00f3n Acceso y Permanencia de las &hellip;<\/p>\n<p class=\"read-more\"> <a class=\"\" href=\"https:\/\/www.reportedeprensa.utalca.cl\/?p=6387\"> <span class=\"screen-reader-text\">17 de enero de 2023<\/span> Read More &raquo;<\/a><\/p>\n","protected":false},"author":1,"featured_media":0,"comment_status":"closed","ping_status":"open","sticky":false,"template":"","format":"standard","meta":{"_monsterinsights_skip_tracking":false,"_monsterinsights_sitenote_active":false,"_monsterinsights_sitenote_note":"","_monsterinsights_sitenote_category":0},"categories":[29],"tags":[],"_links":{"self":[{"href":"https:\/\/www.reportedeprensa.utalca.cl\/index.php?rest_route=\/wp\/v2\/posts\/6387"}],"collection":[{"href":"https:\/\/www.reportedeprensa.utalca.cl\/index.php?rest_route=\/wp\/v2\/posts"}],"about":[{"href":"https:\/\/www.reportedeprensa.utalca.cl\/index.php?rest_route=\/wp\/v2\/types\/post"}],"author":[{"embeddable":true,"href":"https:\/\/www.reportedeprensa.utalca.cl\/index.php?rest_route=\/wp\/v2\/users\/1"}],"replies":[{"embeddable":true,"href":"https:\/\/www.reportedeprensa.utalca.cl\/index.php?rest_route=%2Fwp%2Fv2%2Fcomments&post=6387"}],"version-history":[{"count":4,"href":"https:\/\/www.reportedeprensa.utalca.cl\/index.php?rest_route=\/wp\/v2\/posts\/6387\/revisions"}],"predecessor-version":[{"id":6394,"href":"https:\/\/www.reportedeprensa.utalca.cl\/index.php?rest_route=\/wp\/v2\/posts\/6387\/revisions\/6394"}],"wp:attachment":[{"href":"https:\/\/www.reportedeprensa.utalca.cl\/index.php?rest_route=%2Fwp%2Fv2%2Fmedia&parent=6387"}],"wp:term":[{"taxonomy":"category","embeddable":true,"href":"https:\/\/www.reportedeprensa.utalca.cl\/index.php?rest_route=%2Fwp%2Fv2%2Fcategories&post=6387"},{"taxonomy":"post_tag","embeddable":true,"href":"https:\/\/www.reportedeprensa.utalca.cl\/index.php?rest_route=%2Fwp%2Fv2%2Ftags&post=6387"}],"curies":[{"name":"wp","href":"https:\/\/api.w.org\/{rel}","templated":true}]}}