{"id":6405,"date":"2023-01-18T15:47:53","date_gmt":"2023-01-18T18:47:53","guid":{"rendered":"https:\/\/www.reportedeprensa.utalca.cl\/?p=6405"},"modified":"2023-01-18T16:00:44","modified_gmt":"2023-01-18T19:00:44","slug":"18-de-enero-de-2023","status":"publish","type":"post","link":"https:\/\/www.reportedeprensa.utalca.cl\/?p=6405","title":{"rendered":"18 de enero de 2023"},"content":{"rendered":"\t\t<div data-elementor-type=\"wp-post\" data-elementor-id=\"6405\" class=\"elementor elementor-6405\" data-elementor-settings=\"[]\">\n\t\t\t\t\t\t\t<div class=\"elementor-section-wrap\">\n\t\t\t\t\t\t\t<section class=\"elementor-section elementor-top-section elementor-element elementor-element-2a4b4b83 elementor-section-boxed elementor-section-height-default elementor-section-height-default\" data-id=\"2a4b4b83\" data-element_type=\"section\">\n\t\t\t\t\t\t<div class=\"elementor-container elementor-column-gap-default\">\n\t\t\t\t\t<div class=\"elementor-column elementor-col-100 elementor-top-column elementor-element elementor-element-24a78540\" data-id=\"24a78540\" data-element_type=\"column\">\n\t\t\t<div class=\"elementor-widget-wrap elementor-element-populated\">\n\t\t\t\t\t\t\t\t<div class=\"elementor-element elementor-element-55b07e54 elementor-widget elementor-widget-text-editor\" data-id=\"55b07e54\" data-element_type=\"widget\" data-widget_type=\"text-editor.default\">\n\t\t\t\t<div class=\"elementor-widget-container\">\n\t\t\t\t\t\t\t\t<p><strong>LA TERCERA<\/strong><\/p><p><a href=\"https:\/\/www.litoralpress.cl\/sitio\/Prensa_PaginaCompleta.cshtml?LPKey=47AXOPMEP6LI265TJNLZXN42DATQJGEZKKXTT7NYOIOL74PIS5VA\">Admisi\u00f3n 2023: Medicina y carreras de la salud se consolidan como las m\u00e1s demandadas tras la pandemia. Se menciona a la UTalca.<\/a><\/p><p>\u00a0<\/p><p><strong>LATERCERA.COM<\/strong><\/p><p><a href=\"https:\/\/www.latercera.com\/nacional\/noticia\/admision-2023-medicina-y-carreras-de-la-salud-se-consolidan-como-las-mas-demandadas-tras-la-pandemia\/FERSRZJE6VBPVGW5SYLJNFCOZM\/\">Admisi\u00f3n 2023: Medicina y carreras de la salud se consolidan como las m\u00e1s demandadas tras la pandemia. Se menciona a la UTalca.<\/a><\/p><p>\u00a0<\/p><p><strong>COOPERATIVA.CL<\/strong><\/p><p><a href=\"https:\/\/www.cooperativa.cl\/noticias\/pais\/educacion\/admision-universitaria\/este-martes-se-dan-a-conocer-los-resultados-de-las-postulaciones-a-la\/2023-01-17\/085801.html\">Este martes se dan a conocer los resultados de las postulaciones a la educaci\u00f3n superior. Se refiere Tania Mascar\u00f3, coordinadora de Vinculaci\u00f3n con el Sistema Escolar.<\/a><\/p><p>\u00a0<\/p><p><strong>LAMEGA.CL<\/strong><\/p><p><a href=\"https:\/\/www.lamega.cl\/este-martes-se-dan-a-conocer-los-resultados-de-las-postulaciones-a-la-educacion-superior\/\">Este martes se dan a conocer los resultados de las postulaciones a la educaci\u00f3n superior. Se refiere Tania Mascar\u00f3, coordinadora de Vinculaci\u00f3n con el Sistema Escolar.<\/a><\/p><p>\u00a0<\/p><p><strong>RADIOSAGO.CL<\/strong><\/p><p><a href=\"https:\/\/www.radiosago.cl\/este-martes-se-dan-a-conocer-los-resultados-de-las-postulaciones-a-la-educacion-superior\/\">Este martes se dan a conocer los resultados de las postulaciones a la educaci\u00f3n superior. Se refiere Tania Mascar\u00f3, coordinadora de Vinculaci\u00f3n con el Sistema Escolar.<\/a><\/p><p>\u00a0<\/p><p><strong>RADIOAMIGAVALLENAR.CL<\/strong><\/p><p><a href=\"https:\/\/www.radioamigavallenar.cl\/?p=64502\">Este martes se dan a conocer los resultados de las postulaciones a la educaci\u00f3n superior. Se refiere Tania Mascar\u00f3, coordinadora de Vinculaci\u00f3n con el Sistema Escolar.<\/a><\/p><p>\u00a0<\/p><p><strong>NINAFM.CL<\/strong><\/p><p><a href=\"https:\/\/ninafm.cl\/2023\/01\/17\/donde-ver-mis-resultados-de-postulaciones-a-la-universidad-consulta-aqui-con-tus-datos\/\">\u00bfD\u00f3nde ver mis resultados de postulaciones a la universidad? Se menciona la UTalca.<\/a><\/p><p>\u00a0<\/p><p><strong>REDGOL.CL<\/strong><\/p><p><a href=\"https:\/\/redgol.cl\/tendencias\/Revisa-los-resultados-de-postulacion-a-las-universidades-para-la-Admision-2023-Demre.cl-20230117-0001.html\">\u00bfD\u00f3nde ver mis resultados de postulaciones a la universidad? Se menciona la UTalca.<\/a><\/p><p>\u00a0<\/p><p><strong>REDGOL.CL<\/strong><\/p><p><a href=\"https:\/\/redgol.cl\/tendencias\/Resultados-postulacion-universidades-Hasta-cuando-me-puedo-matricular-Lista-de-espera-20230117-0031.html\">Resultados de postulaci\u00f3n a las universidades: \u00bfHasta cu\u00e1ndo me puedo matricular? Se menciona a la UTalca.<\/a><\/p><p>\u00a0<\/p><p><strong>LA PRENSA<\/strong><\/p><p><a href=\"https:\/\/www.litoralpress.cl\/paginaconsultas\/Servicios_NClipSitio\/Get_Imagen_Nota.aspx?LPKey=FZWVTDHR4MFOX5S4TOXMJ4L4RVL3HPEYYM6A2MDCGNLNSEIHVVL7FSRM22VLEKAK635SEDLZRAXE2\">Editorial Congreso Futuro. Se menciona a la UTalca.<\/a><\/p><p>\u00a0<\/p><p><strong>MEDIABANCO.COM<\/strong><\/p><p><a href=\"https:\/\/www.mediabanco.com\/nuevo-centro-de-la-utalca-aborda-derechos-de-las-minorias-y-gestion-de-la-diversidad\/\">Nuevo Centro de la UTalca aborda Derechos de las Minor\u00edas y Gesti\u00f3n de la Diversidad. Se refieren Rodrigo Palomo V\u00e9lez, decano de la Facultad de Ciencias Jur\u00eddicas y Sociales y Jorge del Pic\u00f3, director del Centro.<\/a><\/p><p>\u00a0<\/p><p><strong>MASQUENOTICIAS.CL<\/strong><\/p><p><a href=\"https:\/\/masquenoticias.cl\/2023\/01\/17\/nuevo-centro-de-la-utalca-aborda-derechos-de-las-minorias-y-gestion-de-la-diversidad\/\">Nuevo Centro de la UTalca aborda Derechos de las Minor\u00edas y Gesti\u00f3n de la Diversidad. Se refieren Rodrigo Palomo V\u00e9lez, decano de la Facultad de Ciencias Jur\u00eddicas y Sociales y Jorge del Pic\u00f3, director del Centro.<\/a><\/p><p>\u00a0<\/p><p><strong>LA PRENSA<\/strong><\/p><p><a href=\"https:\/\/www.litoralpress.cl\/paginaconsultas\/Servicios_NClipSitio\/Get_Imagen_Nota.aspx?LPKey=XA3GKJTGTGUDIPTMWMSYKYUYQAUBXTXJML6SHCUMV62N4X5VMUACP6IO4AVU6VQNYPRIF3VQLG6X2\">Advierten aumento de casos Covid. Se refiere \u00c9rika Retamal Contreras, directora del Departamento de Salud P\u00fablica.\u00a0<\/a><\/p><p>\u00a0<\/p><p><strong>EL LECTOR<\/strong><\/p><p><a href=\"https:\/\/www.litoralpress.cl\/paginaconsultas\/Servicios_NClipSitio\/Get_Imagen_Nota.aspx?LPKey=4R2KJM3PWR7QV625BWIY2EFXDQHM2EZXUWWPYSH5JJRHMBEZT2OWBRH5GDEGMCG3S3RSUI6M5YHPW\">Advierten alza de contagios por Covid-19 durante el verano. Se refiere \u00c9rika Retamal Contreras, directora del Departamento de Salud P\u00fablica.\u00a0<\/a><\/p><p>\u00a0<\/p><p><strong>CANAL CONTIVISI\u00d3N<\/strong><\/p><p><a href=\"https:\/\/www.litoralpress.cl\/sitio\/RadioTV_Detalles.cshtml?LPKey=RSZEMA4HJAMV4EIGRRCPYZQ2XD5IWADNNNNAY37ZNS7STNIAELLBXUAXBGI3H3WJOSS7TDEFY7DWI\">Aumentan las cifras de casaos de Covid. Se refiere \u00c9rika Retamal Contreras, directora del Departamento de Salud P\u00fablica.\u00a0<\/a><\/p><p>\u00a0<\/p><p><strong>DIARIOTALCA.CL<\/strong><\/p><p><a href=\"https:\/\/diariotalca.cl\/preocupa-advertencia-por-alza-de-contagios-covid-durante-el-verano\/\">Preocupa advertencia por alza de contagios COVID durante el verano. Se refiere \u00c9rika Retamal Contreras, directora del Departamento de Salud P\u00fablica.\u00a0<\/a><\/p><p>\u00a0<\/p><p><strong>ENLINEAMAULE.CL<\/strong><\/p><p><a href=\"https:\/\/enlineamaule.cl\/archivo\/51064\">La Epidemi\u00f3loga de la Universidad de Talca, Erika Retamal, recomend\u00f3 prepararse por el alza de contagios por Covid-19 durante el verano.<\/a><\/p><p>\u00a0<\/p><p><strong>PUBLIMICRO.CL<\/strong><\/p><p><a href=\"https:\/\/publimicro.cl\/erika-retamal-epidemiologa-de-la-universidad-de-talca-advierte-por-potencial-alza-de-contagios-por-covid-19-durante-el-verano\/\">Erika Retamal: Epidemi\u00f3loga de la Universidad de Talca, advierte por potencial alza de contagios por Covid-19 durante el verano. Se refiere la directora del Departamento de Salud P\u00fablica.<\/a><\/p><p>\u00a0<\/p><p><strong>LADIRECTALONGAVIANA.CL<\/strong><\/p><p><a href=\"https:\/\/www.ladirectalongaviana.cl\/2023\/01\/17\/advierten-alza-de-contagios-por-covid-19-durante-el-verano\/\">Advierten alza de contagios por Covid-19 durante el verano. Se refiere \u00c9rika Retamal Contreras, directora del Departamento de Salud P\u00fablica. \u00a0<\/a><\/p><p>\u00a0<\/p><p><strong>RADIO INFINITA<\/strong><\/p><p><a href=\"https:\/\/www.litoralpress.cl\/sitio\/RadioTV_Detalles.cshtml?LPKey=IHSU4P3AKX625LP2ZLMSR3F42INJ6F27LYDTDZUJDFIDQINIO2CRDSCZS7KWG7N7FK7MEZDSZOK7I\">Comentario de Mauricio Morales Quiroga, director del Centro de An\u00e1lisis Pol\u00edtico (CAP).<\/a><\/p><p>\u00a0<\/p><p><strong>EMOL.COM<\/strong><\/p><p><a href=\"https:\/\/www.emol.com\/noticias\/Nacional\/2023\/01\/17\/1084129\/apruebo-dignidad-busqueda-candidatos-consejo.html\">&#8220;No llueven candidatos&#8221;: La b\u00fasqueda de Apruebo Dignidad para la elecci\u00f3n de consejeros en medio de incertidumbre por listas. Se refiere Mauricio Morales Quiroga, director del Centro de An\u00e1lisis Pol\u00edtico (CAP).<\/a><\/p><p>\u00a0<\/p><p><strong>EMOL.COM<\/strong><\/p><p><a href=\"https:\/\/www.emol.com\/noticias\/Nacional\/2023\/01\/17\/1084025\/lista-consejeros-constitucionales-oficialismo.html\">&#8220;Lista del indulto&#8221;: C\u00f3mo impactan los dichos de Girardi y los motivos de La Moneda para empujar una sola n\u00f3mina. Se refiere Mauricio Morales Quiroga, director del Centro de An\u00e1lisis Pol\u00edtico (CAP).<\/a><\/p><p>\u00a0<\/p><p><strong>ELCENTRO.CL<\/strong><\/p><p><a href=\"https:\/\/elcentro.cl\/2023\/01\/17\/acuarelista-ofrece-taller-para-principiantes\/\">Acuarelista ofrece taller para principiantes en Talca. Se menciona al Centro de Extensi\u00f3n.<\/a><\/p><p>\u00a0<\/p><p><strong>ELCENTRO.CL<\/strong><\/p><p><a href=\"https:\/\/elcentro.cl\/2023\/01\/17\/colectivo-de-curico-ofrece-taller-de-grabado-en-capas\/\">Colectivo de Curic\u00f3 ofrece taller de grabado en capas. Se menciona al Centro de Extensi\u00f3n Curic\u00f3.<\/a><\/p><p>\u00a0<\/p>\t\t\t\t\t\t<\/div>\n\t\t\t\t<\/div>\n\t\t\t\t\t<\/div>\n\t\t<\/div>\n\t\t\t\t\t\t\t<\/div>\n\t\t<\/section>\n\t\t\t\t\t\t<\/div>\n\t\t\t\t\t<\/div>\n\t\t","protected":false},"excerpt":{"rendered":"<p>LA TERCERA Admisi\u00f3n 2023: Medicina y carreras de la salud se consolidan como las m\u00e1s demandadas tras la pandemia. Se menciona a la UTalca. \u00a0 LATERCERA.COM Admisi\u00f3n 2023: Medicina y carreras de la salud se consolidan como las m\u00e1s demandadas tras la pandemia. Se menciona a la UTalca. \u00a0 COOPERATIVA.CL Este martes se dan a &hellip;<\/p>\n<p class=\"read-more\"> <a class=\"\" href=\"https:\/\/www.reportedeprensa.utalca.cl\/?p=6405\"> <span class=\"screen-reader-text\">18 de enero de 2023<\/span> Read More &raquo;<\/a><\/p>\n","protected":false},"author":1,"featured_media":0,"comment_status":"closed","ping_status":"open","sticky":false,"template":"","format":"standard","meta":{"_monsterinsights_skip_tracking":false,"_monsterinsights_sitenote_active":false,"_monsterinsights_sitenote_note":"","_monsterinsights_sitenote_category":0},"categories":[29],"tags":[],"_links":{"self":[{"href":"https:\/\/www.reportedeprensa.utalca.cl\/index.php?rest_route=\/wp\/v2\/posts\/6405"}],"collection":[{"href":"https:\/\/www.reportedeprensa.utalca.cl\/index.php?rest_route=\/wp\/v2\/posts"}],"about":[{"href":"https:\/\/www.reportedeprensa.utalca.cl\/index.php?rest_route=\/wp\/v2\/types\/post"}],"author":[{"embeddable":true,"href":"https:\/\/www.reportedeprensa.utalca.cl\/index.php?rest_route=\/wp\/v2\/users\/1"}],"replies":[{"embeddable":true,"href":"https:\/\/www.reportedeprensa.utalca.cl\/index.php?rest_route=%2Fwp%2Fv2%2Fcomments&post=6405"}],"version-history":[{"count":4,"href":"https:\/\/www.reportedeprensa.utalca.cl\/index.php?rest_route=\/wp\/v2\/posts\/6405\/revisions"}],"predecessor-version":[{"id":6409,"href":"https:\/\/www.reportedeprensa.utalca.cl\/index.php?rest_route=\/wp\/v2\/posts\/6405\/revisions\/6409"}],"wp:attachment":[{"href":"https:\/\/www.reportedeprensa.utalca.cl\/index.php?rest_route=%2Fwp%2Fv2%2Fmedia&parent=6405"}],"wp:term":[{"taxonomy":"category","embeddable":true,"href":"https:\/\/www.reportedeprensa.utalca.cl\/index.php?rest_route=%2Fwp%2Fv2%2Fcategories&post=6405"},{"taxonomy":"post_tag","embeddable":true,"href":"https:\/\/www.reportedeprensa.utalca.cl\/index.php?rest_route=%2Fwp%2Fv2%2Ftags&post=6405"}],"curies":[{"name":"wp","href":"https:\/\/api.w.org\/{rel}","templated":true}]}}