{"id":6421,"date":"2023-01-19T11:17:02","date_gmt":"2023-01-19T14:17:02","guid":{"rendered":"https:\/\/www.reportedeprensa.utalca.cl\/?p=6421"},"modified":"2023-01-19T11:31:59","modified_gmt":"2023-01-19T14:31:59","slug":"19-de-enero-de-2023","status":"publish","type":"post","link":"https:\/\/www.reportedeprensa.utalca.cl\/?p=6421","title":{"rendered":"19 de enero de 2023"},"content":{"rendered":"\t\t<div data-elementor-type=\"wp-post\" data-elementor-id=\"6421\" class=\"elementor elementor-6421\" data-elementor-settings=\"[]\">\n\t\t\t\t\t\t\t<div class=\"elementor-section-wrap\">\n\t\t\t\t\t\t\t<section class=\"elementor-section elementor-top-section elementor-element elementor-element-2a4b4b83 elementor-section-boxed elementor-section-height-default elementor-section-height-default\" data-id=\"2a4b4b83\" data-element_type=\"section\">\n\t\t\t\t\t\t<div class=\"elementor-container elementor-column-gap-default\">\n\t\t\t\t\t<div class=\"elementor-column elementor-col-100 elementor-top-column elementor-element elementor-element-24a78540\" data-id=\"24a78540\" data-element_type=\"column\">\n\t\t\t<div class=\"elementor-widget-wrap elementor-element-populated\">\n\t\t\t\t\t\t\t\t<div class=\"elementor-element elementor-element-55b07e54 elementor-widget elementor-widget-text-editor\" data-id=\"55b07e54\" data-element_type=\"widget\" data-widget_type=\"text-editor.default\">\n\t\t\t\t<div class=\"elementor-widget-container\">\n\t\t\t\t\t\t\t\t<p><strong>MASQUENOTICIAS.CL<\/strong><\/p><p><a href=\"https:\/\/masquenoticias.cl\/2023\/01\/18\/congreso-futuro-especialistas-reflexionaron-sobre-la-urgencia-de-la-crisis-climatica\/\">Congreso Futuro: Especialistas reflexionaron sobre la urgencia de la crisis clim\u00e1tica. Se refiere Carlos Torres Fuschlocher, rector de la UTalca.<\/a><\/p><p>\u00a0<\/p><p><strong>DIARIOELHERALDO.CL<\/strong><\/p><p><a href=\"https:\/\/www.diarioelheraldo.cl\/noticia\/congreso-futuro-2023-maule-especialistas-reflexionaron-sobre-la-urgencia-de-la-crisis-climatica\">Congreso Futuro 2023 Maule: Especialistas reflexionaron sobre la urgencia de la crisis clim\u00e1tica. Se refiere Carlos Torres Fuschlocher, rector de la UTalca.<\/a><\/p><p>\u00a0<\/p><p><strong>TVMAULE.CL<\/strong><\/p><p><a href=\"https:\/\/www.tvmaule.cl\/congreso-futuro-2023-maule-especialistas-reflexionaron-sobre-la-urgencia-de-la-crisis-climatica\/\">Congreso Futuro 2023 Maule: Especialistas reflexionaron sobre la urgencia de la crisis clim\u00e1tica. Se refiere Carlos Torres Fuschlocher, rector de la UTalca.<\/a><\/p><p>\u00a0<\/p><p><strong>CAUQUENESNET.CL<\/strong><\/p><p><a href=\"https:\/\/cauquenesnet.cl\/2023\/01\/18\/congreso-futuro-2023-maule-especialistas-reflexionaron-sobre-la-urgencia-de-la-crisis-climatica\/\">Congreso Futuro 2023 Maule: Especialistas reflexionaron sobre la urgencia de la crisis clim\u00e1tica. Se refiere Carlos Torres Fuschlocher, rector de la UTalca.<\/a><\/p><p>\u00a0<\/p><p><strong>RADIO COOPERATIVA<\/strong><\/p><p><a href=\"https:\/\/www.litoralpress.cl\/sitio\/RadioTV_Detalles.cshtml?LPKey=Z6M2AJKCGBYCXI4OORTF2U3YYMMLUMG2DWTQO26RJEF5DMGRVV3UGV7OTHSX6W4MBHQNFDSFTMCFU\">Hoy se realiza la tercera jornada del Congreso Futuro en el Maule. Se refiere Samuel Ortega Far\u00edas, director del Centro de Investigaci\u00f3n y Transferencia en Riego y Agroclimatolog\u00eda (CITRA).<\/a><\/p><p>\u00a0<\/p><p><strong>COOPERATIVA.CL<\/strong><\/p><p><a href=\"https:\/\/www.cooperativa.cl\/noticias\/sociedad\/ciencia\/congreso-futuro\/congreso-futuro-en-talca-hizo-hincapie-en-llevar-la-ciencia-a-los\/2023-01-18\/160717.html\">Congreso Futuro en Talca hizo hincapi\u00e9 en llevar la ciencia a los estudiantes. Se refiere Samuel Ortega Far\u00edas, director del Centro de Investigaci\u00f3n y Transferencia en Riego y Agroclimatolog\u00eda (CITRA).<\/a><\/p><p>\u00a0<\/p><p><strong>LA PRENSA<\/strong><\/p><p><a href=\"https:\/\/www.litoralpress.cl\/paginaconsultas\/Servicios_NClipSitio\/Get_Imagen_Nota.aspx?LPKey=PMBUPQR3K4SNXVWZHWWGF5ZTUPDL76CM36K73ZTCREHBCVVJAR4DU63XKVXFXUYQKGIDVVZAZP7TC\">Congreso Futuro 2023 en el Maule: la importancia de conversar sobre el cambio clim\u00e1tico y rol de la agricultura. Columna de opini\u00f3n de Roberto Jara Rojas, director de Investigaci\u00f3n y Samuel Ortega Far\u00edas, director del Centro de Investigaci\u00f3n y Transferencia en Riego y Agroclimatolog\u00eda (CITRA).<\/a><\/p><p>\u00a0<\/p><p><strong>DIARIOTALCA.CL<\/strong><\/p><p><a href=\"https:\/\/diariotalca.cl\/premio-novel-de-la-paz-y-mundial-de-agricultura-lidero-congreso-futuro-maule\/\">Premio Novel de la Paz y Mundial de Agricultura lider\u00f3 Congreso Futuro Maule. Se menciona a la UTalca.<\/a><\/p><p>\u00a0<\/p><p><strong>ADPRENSA.CL<\/strong><\/p><p><a href=\"https:\/\/www.adprensa.cl\/cronica\/utalca-triplica-cifra-de-postulaciones-y-comienza-su-proceso-de-matriculas-online\/\">UTalca triplica cifra de postulaciones y comienza su proceso de matr\u00edculas online. Se refiere Paula Manr\u00edquez Novoa, vicerrectora de Pregrado.<\/a><\/p><p>\u00a0<\/p><p><strong>MEDIABANCO.COM<\/strong><\/p><p><a href=\"https:\/\/www.mediabanco.com\/utalca-triplica-cifra-de-postulaciones-y-comienza-su-proceso-de-matriculas-online\/\">UTalca triplica cifra de postulaciones y comienza su proceso de matr\u00edculas online. Se refiere Paula Manr\u00edquez Novoa, vicerrectora de Pregrado.<\/a><\/p><p>\u00a0<\/p><p><strong>G5NOTICIAS.CL<\/strong><\/p><p><a href=\"https:\/\/g5noticias.cl\/2023\/01\/18\/utalca-triplica-cifra-de-postulaciones-y-comienza-su-proceso-de-matriculas-online\/\">UTalca triplica cifra de postulaciones y comienza su proceso de matr\u00edculas online. Se refiere Paula Manr\u00edquez Novoa, vicerrectora de Pregrado.<\/a><\/p><p>\u00a0<\/p><p><strong>LA TERCERA<\/strong><\/p><p><a href=\"https:\/\/www.latercera.com\/nacional\/noticia\/en-numero-y-proporcion-universidades-reportan-alza-en-ingreso-de-mujeres-a-carreras-cientificas-tecnologicas-ingenieriles-y-matematicas\/KEQHZP3WPFF6ZNL64HQEKEDEK4\/\">En n\u00famero y proporci\u00f3n: universidades reportan alza en ingreso de mujeres a carreras cient\u00edficas, tecnol\u00f3gicas, ingenieriles y matem\u00e1ticas. Se menciona a la UTalca.<\/a><\/p><p>\u00a0<\/p><p><strong>LATERCERA.COM<\/strong><\/p><p><a href=\"https:\/\/www.litoralpress.cl\/sitio\/Prensa_PaginaCompleta.cshtml?LPKey=GIZBC2OAZERMF6U3H7YOQTHYOMSNNZBYWWFBXPNASX4Q2ELNLAIQ\">Universidades reportan alza en ingreso de mujeres a carreras cient\u00edficas, tecnol\u00f3gicas, ingenieriles y matem\u00e1ticas. Se menciona a la UTalca.<\/a><\/p><p>\u00a0<\/p><p><strong>CHILEESNOTICIA.COM<\/strong><\/p><p><a href=\"https:\/\/chileesnoticia.com\/2023\/01\/19\/en-numero-y-proporcion-universidades-reportan-alza-en-ingreso-de-mujeres-a-carreras-cientificas-tecnologicas-ingenieriles-y-matematicas\/\">En n\u00famero y proporci\u00f3n: universidades reportan alza en ingreso de mujeres a carreras cient\u00edficas, tecnol\u00f3gicas, ingenieriles y matem\u00e1ticas. Se menciona a la UTalca.<\/a><\/p><p>\u00a0<\/p><p><strong>ENCANCHA.CL<\/strong><\/p><p><a href=\"https:\/\/www.encancha.cl\/enlahora\/servicios\/2023\/1\/19\/carrera-de-derecho-cual-es-el-nivel-de-empleabilidad-en-los-primeros-anos-de-egreso-199230.html\">Carrera de Derecho: \u00bfCu\u00e1l es el nivel de empleabilidad en los primeros a\u00f1os de egreso? Se menciona a la UTalca.<\/a><\/p><p>\u00a0<\/p><p><strong>G5NOTICIAS.CL<\/strong><\/p><p><a href=\"https:\/\/g5noticias.cl\/2023\/01\/18\/nuevo-centro-de-la-utalca-aborda-derechos-de-las-minorias-y-gestion-de-la-diversidad\/\">Nuevo Centro de la UTalca aborda Derechos de las Minor\u00edas y Gesti\u00f3n de la Diversidad. Se refieren Rodrigo Palomo V\u00e9lez, decano de la Facultad de Ciencias Jur\u00eddicas y Sociales y Jorge del Pic\u00f3, director del Centro.<\/a><\/p><p>\u00a0<\/p><p><strong>CANAL ANTOFAGASTA TV<\/strong><\/p><p><a href=\"https:\/\/www.litoralpress.cl\/sitio\/RadioTV_Detalles.cshtml?LPKey=6DPAQKDO2R74J5R4UKJNJNQ5A5T6HXF6IHAUGRBW3RIYUFJOVZB3FCOHKFNDV5ZV44AENIWPNG3D6\">Talca: S\u00f3lo el 41% de las personas mayores se aplic\u00f3 la vacuna bivalente contra el Covid-19. Se refiere \u00c9rika Retamal Contreras, directora del Departamento de Salud P\u00fablica.<\/a><\/p><p>\u00a0<\/p><p><strong>CANAL TVN RED MAULE<\/strong><\/p><p><a href=\"https:\/\/www.litoralpress.cl\/sitio\/RadioTV_Detalles.cshtml?LPKey=XT7WZCZDGGT6MHLGVMPP6WJQR2TH4DVCCVIOM72PRWGCMQAEJ4UBIZBBTECWFXAY4VAODQING4RGW\">Trescientos siete casos activos de Covid-19 se registran en la zona, mientras que los fallecidos llegan a 3.294 personas. Se menciona a \u00c9rika Retamal Contreras, directora del Departamento de Salud P\u00fablica.<\/a><\/p><p>\u00a0<\/p><p><strong>DIARIOCURICO.CL<\/strong><\/p><p><a href=\"https:\/\/diariocurico.cl\/advierten-alza-de-contagios-por-covid-19-durante-el-verano\/\">Advierten alza de contagios por Covid-19 durante el verano. Se refiere \u00c9rika Retamal Contreras, directora del Departamento de Salud P\u00fablica.<\/a><\/p><p>\u00a0<\/p><p><strong>DIARIOCAUQUENES.CL<\/strong><\/p><p><a href=\"https:\/\/diariocauquenes.cl\/subvariante-kraken-preocupa-alza-de-contagios-covid-en-verano\/\">Subvariante Kraken: Preocupa alza de contagios Covid en verano. Se refiere \u00c9rika Retamal Contreras, directora del Departamento de Salud P\u00fablica.<\/a><\/p><p>\u00a0<\/p><p><strong>CENTROSURNOTICIAS.CL<\/strong><\/p><p><a href=\"https:\/\/centrosurnoticias.cl\/investigacion-demuestra-alta-resiliencia-de-bosques-australes-a-efectos-del-cambio-climatico\/\">Investigaci\u00f3n demuestra que bosques australes son altamente resistentes al cambio clim\u00e1tico. Se refiere Frida Piper Busico, acad\u00e9mica del Instituto de Ciencias Biol\u00f3gicas.<\/a><\/p><p>\u00a0<\/p><p><strong>SUSTENTABLE.CL<\/strong><\/p><p><a href=\"https:\/\/www.sustentable.cl\/investigacion-demuestra-que-bosques-australes-son-altamente-resistentes-al-cambio-climatico\/\">Investigaci\u00f3n demuestra que bosques australes son altamente resistentes al cambio clim\u00e1tico. Se refiere Frida Piper Busico, acad\u00e9mica del Instituto de Ciencias Biol\u00f3gicas.<\/a><\/p><p>\u00a0<\/p><p><strong>CANAL TVN RED MAULE<\/strong><\/p><p><a href=\"https:\/\/www.litoralpress.cl\/sitio\/RadioTV_Detalles.cshtml?LPKey=Q4ITNURZX3TYMVMBGPZZHRSKI7C4NLYZDDGBQ44TNROA6X6LCOSZPWBAR7XDKLECH6O77NDX2WYYK\">Vecinos de Alto Pangue molestos por derrame de l\u00edquidos percolados. Se refiere Di\u00f3genes Hern\u00e1ndez Espinoza, acad\u00e9mico del Instituto de Qu\u00edmica de los Recursos Naturales.<\/a><\/p><p>\u00a0<\/p><p><strong>PORTALFRUTICOLA.COM<\/strong><\/p><p><a href=\"https:\/\/www.portalfruticola.com\/noticias\/2023\/01\/18\/agrononomia-jovenes-investigadores-chilenos-presentan-innovadoras-iniciativas\/\">Agronom\u00eda: J\u00f3venes investigadores chilenos presentan innovadoras iniciativas. Se menciona a Alejandro del Pozo Lira, acad\u00e9mico de la Facultad de Ciencias Agrarias.<\/a><\/p><p>\u00a0<\/p><p><strong>LA SEGUNDA<\/strong><\/p><p><a href=\"https:\/\/www.litoralpress.cl\/paginaconsultas\/Servicios_NClipSitio\/Get_Imagen_Nota.aspx?LPKey=TDXDFP4QD4IEZPUCSBNSJ2H3UY35MXGENKGZG3DOTCCFOKZ4SM3BFA2CARZRIPY2QUYTJ43BRS5XE\">Estrellas. Carta al director de Diego Palomo V\u00e9lez, acad\u00e9mico de la Facultad de Ciencias Jur\u00eddicas y Sociales.<\/a><\/p><p>\u00a0<\/p><p><strong>LA SEGUNDA<\/strong><\/p><p><a href=\"https:\/\/www.litoralpress.cl\/sitio\/Prensa_PaginaCompleta.cshtml?LPKey=66WDK32DUY6EYYDRFLIF5GI2KHQJSMAOPYDG7JIGOMEFL3OX4RIA\">Movimiento feminista en alerta con el gobierno. Se refiere Mauricio Morales Quiroga, director del Centro de An\u00e1lisis Pol\u00edtico (CAP).<\/a><\/p><p>\u00a0<\/p><p><strong>RADIO INFINITA <\/strong><\/p><p><a href=\"https:\/\/www.litoralpress.cl\/sitio\/RadioTV_Detalles.cshtml?LPKey=OHZH6LMYLUAUCK3Q3J43BRA2WIXRB2CXJY2R22KYZK5YPIFCQPKM4JZVLFP3LG3YSHDXAG4FDKLOS\">Comentario de Mauricio Morales Quiroga, director del Centro de An\u00e1lisis Pol\u00edtico (CAP).<\/a><\/p><p>\u00a0<\/p><p><strong>EMOL.COM<\/strong><\/p><p><a href=\"https:\/\/www.emol.com\/noticias\/Nacional\/2023\/01\/18\/1084164\/jackson-acusacion-constitucional-personalidad-criticas.html\">&#8220;Puede ser arrogante, pero no es argumento&#8221;: Cu\u00e1nto puede influir la personalidad de Jackson en el futuro de la AC. Se refiere Mauricio Morales Quiroga, director del Centro de An\u00e1lisis Pol\u00edtico (CAP).<\/a><\/p><p>\u00a0<\/p><p><strong>IMPACTOREGIONAL.CL<\/strong><\/p><p><a href=\"http:\/\/www.impactoregional.cl\/?p=5326\">Comentario de Mario Herrera, acad\u00e9mico del Centro de An\u00e1lisis Pol\u00edtico (CAP).<\/a><\/p><p>\u00a0<\/p>\t\t\t\t\t\t<\/div>\n\t\t\t\t<\/div>\n\t\t\t\t\t<\/div>\n\t\t<\/div>\n\t\t\t\t\t\t\t<\/div>\n\t\t<\/section>\n\t\t\t\t\t\t<\/div>\n\t\t\t\t\t<\/div>\n\t\t","protected":false},"excerpt":{"rendered":"<p>MASQUENOTICIAS.CL Congreso Futuro: Especialistas reflexionaron sobre la urgencia de la crisis clim\u00e1tica. Se refiere Carlos Torres Fuschlocher, rector de la UTalca. \u00a0 DIARIOELHERALDO.CL Congreso Futuro 2023 Maule: Especialistas reflexionaron sobre la urgencia de la crisis clim\u00e1tica. Se refiere Carlos Torres Fuschlocher, rector de la UTalca. \u00a0 TVMAULE.CL Congreso Futuro 2023 Maule: Especialistas reflexionaron sobre la &hellip;<\/p>\n<p class=\"read-more\"> <a class=\"\" href=\"https:\/\/www.reportedeprensa.utalca.cl\/?p=6421\"> <span class=\"screen-reader-text\">19 de enero de 2023<\/span> Read More &raquo;<\/a><\/p>\n","protected":false},"author":1,"featured_media":0,"comment_status":"closed","ping_status":"open","sticky":false,"template":"","format":"standard","meta":{"_monsterinsights_skip_tracking":false,"_monsterinsights_sitenote_active":false,"_monsterinsights_sitenote_note":"","_monsterinsights_sitenote_category":0},"categories":[29],"tags":[],"_links":{"self":[{"href":"https:\/\/www.reportedeprensa.utalca.cl\/index.php?rest_route=\/wp\/v2\/posts\/6421"}],"collection":[{"href":"https:\/\/www.reportedeprensa.utalca.cl\/index.php?rest_route=\/wp\/v2\/posts"}],"about":[{"href":"https:\/\/www.reportedeprensa.utalca.cl\/index.php?rest_route=\/wp\/v2\/types\/post"}],"author":[{"embeddable":true,"href":"https:\/\/www.reportedeprensa.utalca.cl\/index.php?rest_route=\/wp\/v2\/users\/1"}],"replies":[{"embeddable":true,"href":"https:\/\/www.reportedeprensa.utalca.cl\/index.php?rest_route=%2Fwp%2Fv2%2Fcomments&post=6421"}],"version-history":[{"count":4,"href":"https:\/\/www.reportedeprensa.utalca.cl\/index.php?rest_route=\/wp\/v2\/posts\/6421\/revisions"}],"predecessor-version":[{"id":6425,"href":"https:\/\/www.reportedeprensa.utalca.cl\/index.php?rest_route=\/wp\/v2\/posts\/6421\/revisions\/6425"}],"wp:attachment":[{"href":"https:\/\/www.reportedeprensa.utalca.cl\/index.php?rest_route=%2Fwp%2Fv2%2Fmedia&parent=6421"}],"wp:term":[{"taxonomy":"category","embeddable":true,"href":"https:\/\/www.reportedeprensa.utalca.cl\/index.php?rest_route=%2Fwp%2Fv2%2Fcategories&post=6421"},{"taxonomy":"post_tag","embeddable":true,"href":"https:\/\/www.reportedeprensa.utalca.cl\/index.php?rest_route=%2Fwp%2Fv2%2Ftags&post=6421"}],"curies":[{"name":"wp","href":"https:\/\/api.w.org\/{rel}","templated":true}]}}