{"id":6436,"date":"2023-01-20T09:28:51","date_gmt":"2023-01-20T12:28:51","guid":{"rendered":"https:\/\/www.reportedeprensa.utalca.cl\/?p=6436"},"modified":"2023-01-20T09:39:14","modified_gmt":"2023-01-20T12:39:14","slug":"20-de-enero-de-2023","status":"publish","type":"post","link":"https:\/\/www.reportedeprensa.utalca.cl\/?p=6436","title":{"rendered":"20 de enero de 2023"},"content":{"rendered":"\t\t<div data-elementor-type=\"wp-post\" data-elementor-id=\"6436\" class=\"elementor elementor-6436\" data-elementor-settings=\"[]\">\n\t\t\t\t\t\t\t<div class=\"elementor-section-wrap\">\n\t\t\t\t\t\t\t<section class=\"elementor-section elementor-top-section elementor-element elementor-element-2a4b4b83 elementor-section-boxed elementor-section-height-default elementor-section-height-default\" data-id=\"2a4b4b83\" data-element_type=\"section\">\n\t\t\t\t\t\t<div class=\"elementor-container elementor-column-gap-default\">\n\t\t\t\t\t<div class=\"elementor-column elementor-col-100 elementor-top-column elementor-element elementor-element-24a78540\" data-id=\"24a78540\" data-element_type=\"column\">\n\t\t\t<div class=\"elementor-widget-wrap elementor-element-populated\">\n\t\t\t\t\t\t\t\t<div class=\"elementor-element elementor-element-55b07e54 elementor-widget elementor-widget-text-editor\" data-id=\"55b07e54\" data-element_type=\"widget\" data-widget_type=\"text-editor.default\">\n\t\t\t\t<div class=\"elementor-widget-container\">\n\t\t\t\t\t\t\t\t<p><strong>LA PRENSA<\/strong><\/p><p><a href=\"https:\/\/www.litoralpress.cl\/sitio\/Prensa_PaginaCompleta.cshtml?LPKey=S4PBKPAQQZGTHRIK56MKLYUNNTZGHI76YOIEX6ATS2NI2P7MAY2Q\">Premio Nobel de la Paz plantea necesidad que pa\u00edses promulguen una ley de salud del suelo. Se refiere Carlos Torres Fuschlocher, rector de la UTalca.<\/a><\/p><p>\u00a0<\/p><p><strong>EL HERALDO<\/strong><\/p><p><a href=\"https:\/\/www.litoralpress.cl\/sitio\/Prensa_PaginaCompleta.cshtml?LPKey=RSV5XWCULT7AGJ2NATTUWZPXOL5TMU2PNCA3SVCW2ARGEWA4AXXQ\">Congreso Futuro 2023 Maule: Especialistas reflexionaron sobre la urgencia de la crisis clim\u00e1tica. Se refiere Carlos Torres Fuschlocher, rector de la UTalca.<\/a><\/p><p>\u00a0<\/p><p><strong>EL LECTOR<\/strong><\/p><p><a href=\"https:\/\/www.litoralpress.cl\/sitio\/Prensa_PaginaCompleta.cshtml?LPKey=ETFGZNBSOPWU4EONAGQ3SIM5NCZ4NQZB6NIHUNZYFGALVKVSCYBA\">Especialistas reflexionaron sobre la urgencia de la crisis clim\u00e1tica. Se menciona a la UTalca.<\/a><\/p><p>\u00a0<\/p><p><strong>CANAL TVN RED MAULE<\/strong><\/p><p><a href=\"https:\/\/www.litoralpress.cl\/sitio\/RadioTV_Detalles.cshtml?LPKey=4F3P2PHXJXRH2P7UJ2CHEYUTWM3I5MP4TIR4L2BGQRXT5FPOHMMJTLABFJA2FQAZRHUF7RH2AG7LI\">Congreso del Futuro llega a la zona y aborda la crisis h\u00eddrica. Se refiere Carlos Torres Fuschlocher, rector de la UTalca.<\/a><\/p><p>\u00a0<\/p><p><strong>ADPRENSA.CL<\/strong><\/p><p><a href=\"https:\/\/www.adprensa.cl\/cronica\/especialistas-reflexionaron-sobre-la-urgencia-de-la-crisis-climatica\/\">Especialistas reflexionaron sobre la urgencia de la crisis clim\u00e1tica. Se refiere Carlos Torres Fuschlocher, rector de la UTalca.<\/a><\/p><p>\u00a0<\/p><p><strong>MEDIABANCO.COM<\/strong><\/p><p><a href=\"https:\/\/www.mediabanco.com\/congreso-futuro-en-el-maule-especialistas-reflexionaron-sobre-la-urgencia-de-la-crisis-climatica\/\">Congreso Futuro en el Maule: Especialistas reflexionaron sobre la urgencia de la crisis clim\u00e1tica. Se refiere Carlos Torres Fuschlocher, rector de la UTalca.<\/a><\/p><p>\u00a0<\/p><p><strong>ELCENTRO.CL<\/strong><\/p><p><a href=\"https:\/\/elcentro.cl\/2023\/01\/19\/congreso-futuro-en-el-maule-especialistas-reflexionaron-sobre-la-urgencia-de-la-crisis-climatica\/\">Congreso Futuro en el Maule: Especialistas reflexionaron sobre la urgencia de la crisis clim\u00e1tica. Se refiere Carlos Torres Fuschlocher, rector de la UTalca.<\/a><\/p><p>\u00a0<\/p><p><strong>DIARIOTALCA.CL<\/strong><\/p><p><a href=\"https:\/\/diariotalca.cl\/premio-novel-de-la-paz-y-mundial-de-agricultura-lidero-congreso-futuro-maule\/\">Premio Nobel de la Paz y Mundial de Agricultura lider\u00f3 Congreso Futuro Maule. Se menciona a la UTalca.<\/a><\/p><p>\u00a0<\/p><p><strong>CANAL CONTIVISI\u00d3N<\/strong><\/p><p><a href=\"https:\/\/www.litoralpress.cl\/sitio\/RadioTV_Detalles.cshtml?LPKey=27F3KAYA2IDN6DMR47ZCLSWZ4OOLBAMQVPD3HISX7NQMD5ZWGTIFPOVZQUBY4GTQX43T5IOIKIZLS\">Un 300% de aumento en las postulaciones respecto al a\u00f1o anterior alcanz\u00f3 la U de Talca en este nuevo proceso de admisi\u00f3n 2023. Se refiere Paula Manr\u00edquez Novoa, vicerrectora de Pregrado.<\/a><\/p><p>\u00a0<\/p><p><strong>RADIO FM+<\/strong><\/p><p><a href=\"https:\/\/www.litoralpress.cl\/sitio\/RadioTV_Detalles.cshtml?LPKey=WDI2TAD56PHDGFP42VSX3FR34WMZSEQZRCAXKLXUGPVX6E6CPLO75FDISW3C5BG35JCKEBELQ6JEO\">Matr\u00edculas en la UTalca. Entrevista a Paola Morales Norambuena, directora de Ciclo de Vida Estudiantil.<\/a><\/p><p>\u00a0<\/p><p><strong>ADPRENSA.CL<\/strong><\/p><p><a href=\"https:\/\/www.adprensa.cl\/cronica\/utalca-triplica-cifra-de-postulaciones-y-comienza-su-proceso-de-matriculas-online\/\">UTalca triplica cifra de postulaciones y comienza su proceso de matr\u00edculas online. Se refiere Paula Manr\u00edquez Novoa, vicerrectora de Pregrado.<\/a><\/p><p>\u00a0<\/p><p><strong>ELMOSTRADOR.CL<\/strong><\/p><p><a href=\"https:\/\/www.elmostrador.cl\/braga\/2023\/01\/19\/proceso-de-admision-universitario-2023-reportan-alza-de-mujeres-en-carreras-cientificas-tecnologicas-y-matematicas\/\">Proceso de admisi\u00f3n universitario 2023: reportan alza de mujeres en carreras cient\u00edficas, tecnol\u00f3gicas y matem\u00e1ticas. Se menciona a la UTalca.<\/a><\/p><p>\u00a0<\/p><p><strong>CHILEESNOTICIA.COM<\/strong><\/p><p><a href=\"https:\/\/chileesnoticia.com\/2023\/01\/19\/proceso-de-admision-universitario-2023-reportan-alza-de-mujeres-en-carreras-cientificas-tecnologicas-y-matematicas\/\">Proceso de admisi\u00f3n universitario 2023: reportan alza de mujeres en carreras cient\u00edficas, tecnol\u00f3gicas y matem\u00e1ticas. Se menciona a la UTalca.<\/a><\/p><p>\u00a0<\/p><p><strong>LA PRENSA<\/strong><\/p><p><a href=\"https:\/\/www.litoralpress.cl\/paginaconsultas\/Servicios_NClipSitio\/Get_Imagen_Nota.aspx?LPKey=2I4CMVD3DVMDL4QGFB3EPPPWZFGMH2K4JK3DVJE3BIFHRZRRJUCR56L3QZ6SWGONE2U4O4HVAPUSM\">Editorial: Gran inter\u00e9s por carreras de Pedagog\u00eda. Se menciona a la UTalca.<\/a><\/p><p>\u00a0<\/p><p><strong>LA PRENSA<\/strong><\/p><p><a href=\"https:\/\/www.litoralpress.cl\/paginaconsultas\/Servicios_NClipSitio\/Get_Imagen_Nota.aspx?LPKey=Z5UUNOYDKKO3ETJ3JQQMHJBPOI73LFON2APYH2GKXZKYAFOOW53BA4YP6NAMLISO5R6PC7NWKBFTK\">Adjudican proyectos a j\u00f3venes investigadores. Se refiere Cristian Rojas Barahona, vicerrector Acad\u00e9mico.<\/a><\/p><p>\u00a0<\/p><p><strong>EL C\u00d3NDOR<\/strong><\/p><p><a href=\"https:\/\/www.litoralpress.cl\/paginaconsultas\/Servicios_NClipSitio\/Get_Imagen_Nota.aspx?LPKey=NX2QNRCW4ACIUH6FY3OZGFVS3TXK6C7U6O7SW5ACDF7B4K2AOTBSQHZKNSW7II77K2XXPW3XIBXKW\">Advierten alza de contagios por Covid-19 durante el verano. Se refiere \u00c9rika Retamal Contreras, directora del Departamento de Salud P\u00fablica.\u00a0<\/a><\/p><p>\u00a0<\/p><p><strong>RADIO LAUTARO<\/strong><\/p><p><a href=\"https:\/\/www.litoralpress.cl\/sitio\/RadioTV_Detalles.cshtml?LPKey=VP6QMVEOJITHQMZI4IKEU2B7NZKLQJOTLONXNOUWLYW5RYMKT7RJXMUNEBMEBAH2RQUQFAXF2ZKXE\">Entrevista a Daniel Jim\u00e9nez, director de Salud del Estudiante.<\/a><\/p><p>\u00a0<\/p><p><strong>RADIO AMIGA<\/strong><\/p><p><a href=\"https:\/\/www.litoralpress.cl\/sitio\/RadioTV_Detalles.cshtml?LPKey=4YCY3FZHQ7P4FJGGITTCXJJAP4QUHF2KMJVCA2Q3OOGGFUL3TUBT2X2R4F4AHCQFODQO2I5L3APEO\">Advierten un alza en las cifras de contagio de Covid-19 en los pr\u00f3ximos meses. Se refiere \u00c9rika Retamal Contreras, directora del Departamento de Salud P\u00fablica.<\/a><\/p><p>\u00a0<\/p><p><strong>RADIO INFINITA<\/strong><\/p><p><a href=\"https:\/\/www.litoralpress.cl\/sitio\/RadioTV_Detalles.cshtml?LPKey=Z72UH4URBXFJOT7OKTX4UTWZYLEI5562WZ22CFFB7UQT6L4AAKDBTPJ2DYIF22Q3S7EO2YHJJIL7O\">Comentario de Mauricio Morales Quiroga, director del Centro de An\u00e1lisis Pol\u00edtico (CAP).<\/a><\/p><p>\u00a0<\/p><p><strong>BLOOMBERGLINEA.COM<\/strong><\/p><p><a href=\"https:\/\/www.bloomberglinea.com\/2023\/01\/19\/convulsion-politica-en-latinoamerica-como-afectara-a-las-economias-de-la-region\/\">Convulsi\u00f3n pol\u00edtica en Latinoam\u00e9rica: \u00bfC\u00f3mo afectar\u00e1 a las econom\u00edas de la regi\u00f3n? Se refiere Alejandra M\u00e1rquez, investigadora del Centro de An\u00e1lisis Pol\u00edtico (CAP).<\/a><\/p><p>\u00a0<\/p><p><strong>BLOOMBERGLINEA.COM<\/strong><\/p><p><a href=\"https:\/\/www.bloomberglinea.com\/2023\/01\/19\/caos-politico-y-social-en-peru-y-latam-que-riesgos-enfrentan-las-economias\/\">Caos pol\u00edtico y social en Per\u00fa y LatAm: \u00bfQu\u00e9 riesgos enfrentan las econom\u00edas? Se refiere Alejandra M\u00e1rquez, investigadora del Centro de An\u00e1lisis Pol\u00edtico (CAP).<\/a><\/p><p>\u00a0<\/p>\t\t\t\t\t\t<\/div>\n\t\t\t\t<\/div>\n\t\t\t\t\t<\/div>\n\t\t<\/div>\n\t\t\t\t\t\t\t<\/div>\n\t\t<\/section>\n\t\t\t\t\t\t<\/div>\n\t\t\t\t\t<\/div>\n\t\t","protected":false},"excerpt":{"rendered":"<p>LA PRENSA Premio Nobel de la Paz plantea necesidad que pa\u00edses promulguen una ley de salud del suelo. Se refiere Carlos Torres Fuschlocher, rector de la UTalca. \u00a0 EL HERALDO Congreso Futuro 2023 Maule: Especialistas reflexionaron sobre la urgencia de la crisis clim\u00e1tica. Se refiere Carlos Torres Fuschlocher, rector de la UTalca. \u00a0 EL LECTOR &hellip;<\/p>\n<p class=\"read-more\"> <a class=\"\" href=\"https:\/\/www.reportedeprensa.utalca.cl\/?p=6436\"> <span class=\"screen-reader-text\">20 de enero de 2023<\/span> Read More &raquo;<\/a><\/p>\n","protected":false},"author":1,"featured_media":0,"comment_status":"closed","ping_status":"open","sticky":false,"template":"","format":"standard","meta":{"_monsterinsights_skip_tracking":false,"_monsterinsights_sitenote_active":false,"_monsterinsights_sitenote_note":"","_monsterinsights_sitenote_category":0},"categories":[29],"tags":[],"_links":{"self":[{"href":"https:\/\/www.reportedeprensa.utalca.cl\/index.php?rest_route=\/wp\/v2\/posts\/6436"}],"collection":[{"href":"https:\/\/www.reportedeprensa.utalca.cl\/index.php?rest_route=\/wp\/v2\/posts"}],"about":[{"href":"https:\/\/www.reportedeprensa.utalca.cl\/index.php?rest_route=\/wp\/v2\/types\/post"}],"author":[{"embeddable":true,"href":"https:\/\/www.reportedeprensa.utalca.cl\/index.php?rest_route=\/wp\/v2\/users\/1"}],"replies":[{"embeddable":true,"href":"https:\/\/www.reportedeprensa.utalca.cl\/index.php?rest_route=%2Fwp%2Fv2%2Fcomments&post=6436"}],"version-history":[{"count":4,"href":"https:\/\/www.reportedeprensa.utalca.cl\/index.php?rest_route=\/wp\/v2\/posts\/6436\/revisions"}],"predecessor-version":[{"id":6440,"href":"https:\/\/www.reportedeprensa.utalca.cl\/index.php?rest_route=\/wp\/v2\/posts\/6436\/revisions\/6440"}],"wp:attachment":[{"href":"https:\/\/www.reportedeprensa.utalca.cl\/index.php?rest_route=%2Fwp%2Fv2%2Fmedia&parent=6436"}],"wp:term":[{"taxonomy":"category","embeddable":true,"href":"https:\/\/www.reportedeprensa.utalca.cl\/index.php?rest_route=%2Fwp%2Fv2%2Fcategories&post=6436"},{"taxonomy":"post_tag","embeddable":true,"href":"https:\/\/www.reportedeprensa.utalca.cl\/index.php?rest_route=%2Fwp%2Fv2%2Ftags&post=6436"}],"curies":[{"name":"wp","href":"https:\/\/api.w.org\/{rel}","templated":true}]}}